{"id":21176,"date":"2021-09-16T06:00:48","date_gmt":"2021-09-16T04:00:48","guid":{"rendered":"https:\/\/www.sabine-seyffert.de\/blog\/?p=21176"},"modified":"2021-09-13T15:15:17","modified_gmt":"2021-09-13T13:15:17","slug":"coole-bastelidee-fuer-kinder-herbstbilder-mit-eicheln-malen-basteln","status":"publish","type":"post","link":"https:\/\/www.sabine-seyffert.de\/blog\/coole-bastelidee-fuer-kinder-herbstbilder-mit-eicheln-malen-basteln\/","title":{"rendered":"Coole Bastelidee f\u00fcr Kinder: Herbstbilder mit Eicheln malen &#038; basteln"},"content":{"rendered":"<p style=\"text-align: justify;\"><img loading=\"lazy\" decoding=\"async\" src=\"https:\/\/vg06.met.vgwort.de\/na\/06107155a5234a848982868c19c0f669\" alt=\"\" width=\"1\" height=\"1\" \/>Erinnert ihr euch noch an <a href=\"https:\/\/www.sabine-seyffert.de\/blog\/?p=17569\" target=\"_blank\" rel=\"noopener noreferrer\">diese pfiffige Do-it-Yourself Ideen<\/a> aus dem letzten Herbst? Die Kinder aus meiner Kunst AG fanden die so toll, dass es in diesem Jahr ein kleines Pendant dazu gibt. Die selbst gemachten Herbstbilder eignen sich ganz wunderbar als farbenfrohe Deko im Kinderzimmer und nat\u00fcrlich auch als kleines Geschenk &amp; Mitbringsel f\u00fcr die Gro\u00dfeltern, Freunde oder jemanden, den ihr gern habt. Die Idee ist eine richtige easypeasy Idee, die nur wenig Bastelmaterial und kaum Zeit braucht. Und das Beste daran \u2013 es gelingt einfach immer! Wollt ihr wissen, wie auch ihr im Handumdrehen ein solches Kunstwerk Selbermachen k\u00f6nnt? Dann schnappt euch eine Handvoll Eicheln, den Malkittel und dann kann es auch schon losgehen!<\/p>\n<p style=\"text-align: center;\"><a href=\"https:\/\/www.sabine-seyffert.de\/blog\/wp-content\/uploads\/2021\/09\/Eichel-Malen-Anh\u00e4nger-Sabine-Seyffert.de-3.jpg\"><img loading=\"lazy\" decoding=\"async\" class=\"alignnone size-full wp-image-21177\" src=\"https:\/\/www.sabine-seyffert.de\/blog\/wp-content\/uploads\/2021\/09\/Eichel-Malen-Anh\u00e4nger-Sabine-Seyffert.de-3.jpg\" alt=\"\" width=\"800\" height=\"600\" srcset=\"https:\/\/www.sabine-seyffert.de\/blog\/wp-content\/uploads\/2021\/09\/Eichel-Malen-Anh\u00e4nger-Sabine-Seyffert.de-3.jpg 800w, https:\/\/www.sabine-seyffert.de\/blog\/wp-content\/uploads\/2021\/09\/Eichel-Malen-Anh\u00e4nger-Sabine-Seyffert.de-3-300x225.jpg 300w, https:\/\/www.sabine-seyffert.de\/blog\/wp-content\/uploads\/2021\/09\/Eichel-Malen-Anh\u00e4nger-Sabine-Seyffert.de-3-768x576.jpg 768w\" sizes=\"auto, (max-width: 800px) 100vw, 800px\" \/><\/a><\/p>\n<p style=\"text-align: justify;\"><strong>Das wird gebraucht:<\/strong><br \/>\nWei\u00dfes Papier, Tonkarton \/ Fotokarton in den Farben eurer Wahl (oder alternativ einen Kreis aus Pappe bunt bemalen), einen Zirkel (Alternativ zwei kleine Teller und einen Bleistift), eine Lochzange, Kordel (oder Wolle), eine runde Plastikschale, eine Bastelschere, Bastelkleber \/ Klebestift, einen Wasserfarbkasten, Pinsel und Eicheln<\/p>\n<p style=\"text-align: center;\"><a href=\"https:\/\/www.sabine-seyffert.de\/blog\/wp-content\/uploads\/2021\/09\/Eichel-Malen-Anh\u00e4nger-Sabine-Seyffert.de-10.jpg\"><img loading=\"lazy\" decoding=\"async\" class=\"alignnone size-full wp-image-21180\" src=\"https:\/\/www.sabine-seyffert.de\/blog\/wp-content\/uploads\/2021\/09\/Eichel-Malen-Anh\u00e4nger-Sabine-Seyffert.de-10.jpg\" alt=\"\" width=\"800\" height=\"600\" srcset=\"https:\/\/www.sabine-seyffert.de\/blog\/wp-content\/uploads\/2021\/09\/Eichel-Malen-Anh\u00e4nger-Sabine-Seyffert.de-10.jpg 800w, https:\/\/www.sabine-seyffert.de\/blog\/wp-content\/uploads\/2021\/09\/Eichel-Malen-Anh\u00e4nger-Sabine-Seyffert.de-10-300x225.jpg 300w, https:\/\/www.sabine-seyffert.de\/blog\/wp-content\/uploads\/2021\/09\/Eichel-Malen-Anh\u00e4nger-Sabine-Seyffert.de-10-768x576.jpg 768w\" sizes=\"auto, (max-width: 800px) 100vw, 800px\" \/><\/a><\/p>\n<p style=\"text-align: justify;\"><strong>So wird\u2019s gemacht:<\/strong><br \/>\nZum Basteln habe ich einen ganzen Schwung an leeren Plastikschalen geschenkt bekommen. Die kann man f\u00fcr diese Idee wunderbar nutzen. Alternativ gehen auch runde Keksdosen oder gro\u00dfe Deckel.<\/p>\n<p style=\"text-align: center;\"><a href=\"https:\/\/www.sabine-seyffert.de\/blog\/wp-content\/uploads\/2021\/09\/Eichel-Malen-Anh\u00e4nger-Sabine-Seyffert.de-9.jpg\"><img loading=\"lazy\" decoding=\"async\" class=\"alignnone size-full wp-image-21183\" src=\"https:\/\/www.sabine-seyffert.de\/blog\/wp-content\/uploads\/2021\/09\/Eichel-Malen-Anh\u00e4nger-Sabine-Seyffert.de-9.jpg\" alt=\"\" width=\"800\" height=\"600\" srcset=\"https:\/\/www.sabine-seyffert.de\/blog\/wp-content\/uploads\/2021\/09\/Eichel-Malen-Anh\u00e4nger-Sabine-Seyffert.de-9.jpg 800w, https:\/\/www.sabine-seyffert.de\/blog\/wp-content\/uploads\/2021\/09\/Eichel-Malen-Anh\u00e4nger-Sabine-Seyffert.de-9-300x225.jpg 300w, https:\/\/www.sabine-seyffert.de\/blog\/wp-content\/uploads\/2021\/09\/Eichel-Malen-Anh\u00e4nger-Sabine-Seyffert.de-9-768x576.jpg 768w\" sizes=\"auto, (max-width: 800px) 100vw, 800px\" \/><\/a><\/p>\n<p style=\"text-align: justify;\">Nun deckt den Tisch ab, zieht euch <a href=\"https:\/\/www.sabine-seyffert.de\/blog\/?p=12310\" target=\"_blank\" rel=\"noopener noreferrer\">einen Malkittel<\/a> an und schneidet euch aus dem wei\u00dfen Papier kleinere Kreise.<\/p>\n<p style=\"text-align: center;\"><a href=\"https:\/\/www.sabine-seyffert.de\/blog\/wp-content\/uploads\/2021\/09\/Eichel-Malen-Anh\u00e4nger-Sabine-Seyffert.de-8.jpg\"><img loading=\"lazy\" decoding=\"async\" class=\"alignnone size-full wp-image-21184\" src=\"https:\/\/www.sabine-seyffert.de\/blog\/wp-content\/uploads\/2021\/09\/Eichel-Malen-Anh\u00e4nger-Sabine-Seyffert.de-8.jpg\" alt=\"\" width=\"800\" height=\"600\" srcset=\"https:\/\/www.sabine-seyffert.de\/blog\/wp-content\/uploads\/2021\/09\/Eichel-Malen-Anh\u00e4nger-Sabine-Seyffert.de-8.jpg 800w, https:\/\/www.sabine-seyffert.de\/blog\/wp-content\/uploads\/2021\/09\/Eichel-Malen-Anh\u00e4nger-Sabine-Seyffert.de-8-300x225.jpg 300w, https:\/\/www.sabine-seyffert.de\/blog\/wp-content\/uploads\/2021\/09\/Eichel-Malen-Anh\u00e4nger-Sabine-Seyffert.de-8-768x576.jpg 768w\" sizes=\"auto, (max-width: 800px) 100vw, 800px\" \/><\/a><\/p>\n<p style=\"text-align: justify;\">Unsere haben in etwa den Durchmesser von 12 cm. Die Kreise kann man sich mit einem Zirkel oder umgedrehten Teller und Bleistift aufmalen.<\/p>\n<p style=\"text-align: center;\"><a href=\"https:\/\/www.sabine-seyffert.de\/blog\/wp-content\/uploads\/2021\/09\/Eichel-Malen-Anh\u00e4nger-Sabine-Seyffert.de-7.jpg\"><img loading=\"lazy\" decoding=\"async\" class=\"alignnone size-full wp-image-21185\" src=\"https:\/\/www.sabine-seyffert.de\/blog\/wp-content\/uploads\/2021\/09\/Eichel-Malen-Anh\u00e4nger-Sabine-Seyffert.de-7.jpg\" alt=\"\" width=\"800\" height=\"600\" srcset=\"https:\/\/www.sabine-seyffert.de\/blog\/wp-content\/uploads\/2021\/09\/Eichel-Malen-Anh\u00e4nger-Sabine-Seyffert.de-7.jpg 800w, https:\/\/www.sabine-seyffert.de\/blog\/wp-content\/uploads\/2021\/09\/Eichel-Malen-Anh\u00e4nger-Sabine-Seyffert.de-7-300x225.jpg 300w, https:\/\/www.sabine-seyffert.de\/blog\/wp-content\/uploads\/2021\/09\/Eichel-Malen-Anh\u00e4nger-Sabine-Seyffert.de-7-768x576.jpg 768w\" sizes=\"auto, (max-width: 800px) 100vw, 800px\" \/><\/a><\/p>\n<p style=\"text-align: justify;\">Den wei\u00dfen Kreis legt ihr nun in die Schale. Macht euren Pinsel nass und bemalt dann eine Eichel rundum mit der Farbe eurer Wahl, die ihr im Farbkasten findet. Dann legt ihr die Eichel auf das wei\u00dfe Papier und bewegt die Schale mit den H\u00e4nden hin und her.<\/p>\n<p style=\"text-align: center;\"><a href=\"https:\/\/www.sabine-seyffert.de\/blog\/wp-content\/uploads\/2021\/09\/Eichel-Malen-Anh\u00e4nger-Sabine-Seyffert.de-6.jpg\"><img loading=\"lazy\" decoding=\"async\" class=\"alignnone size-full wp-image-21186\" src=\"https:\/\/www.sabine-seyffert.de\/blog\/wp-content\/uploads\/2021\/09\/Eichel-Malen-Anh\u00e4nger-Sabine-Seyffert.de-6.jpg\" alt=\"\" width=\"800\" height=\"600\" srcset=\"https:\/\/www.sabine-seyffert.de\/blog\/wp-content\/uploads\/2021\/09\/Eichel-Malen-Anh\u00e4nger-Sabine-Seyffert.de-6.jpg 800w, https:\/\/www.sabine-seyffert.de\/blog\/wp-content\/uploads\/2021\/09\/Eichel-Malen-Anh\u00e4nger-Sabine-Seyffert.de-6-300x225.jpg 300w, https:\/\/www.sabine-seyffert.de\/blog\/wp-content\/uploads\/2021\/09\/Eichel-Malen-Anh\u00e4nger-Sabine-Seyffert.de-6-768x576.jpg 768w\" sizes=\"auto, (max-width: 800px) 100vw, 800px\" \/><\/a><\/p>\n<p style=\"text-align: justify;\">Dabei hinterl\u00e4sst die Eichel bunte Spuren auf dem Papier. Wenn keine Farbe mehr dran ist, bemalt ihr diese neu. Dabei k\u00f6nnt ihr auch unterschiedliche Farben nehmen. Umso bunter werden eure Bilder.<\/p>\n<p style=\"text-align: center;\"><a href=\"https:\/\/www.sabine-seyffert.de\/blog\/wp-content\/uploads\/2021\/09\/Eichel-Malen-Anh\u00e4nger-Sabine-Seyffert.de-5.jpg\"><img loading=\"lazy\" decoding=\"async\" class=\"alignnone size-full wp-image-21182\" src=\"https:\/\/www.sabine-seyffert.de\/blog\/wp-content\/uploads\/2021\/09\/Eichel-Malen-Anh\u00e4nger-Sabine-Seyffert.de-5.jpg\" alt=\"\" width=\"800\" height=\"600\" srcset=\"https:\/\/www.sabine-seyffert.de\/blog\/wp-content\/uploads\/2021\/09\/Eichel-Malen-Anh\u00e4nger-Sabine-Seyffert.de-5.jpg 800w, https:\/\/www.sabine-seyffert.de\/blog\/wp-content\/uploads\/2021\/09\/Eichel-Malen-Anh\u00e4nger-Sabine-Seyffert.de-5-300x225.jpg 300w, https:\/\/www.sabine-seyffert.de\/blog\/wp-content\/uploads\/2021\/09\/Eichel-Malen-Anh\u00e4nger-Sabine-Seyffert.de-5-768x576.jpg 768w\" sizes=\"auto, (max-width: 800px) 100vw, 800px\" \/><\/a><\/p>\n<p style=\"text-align: justify;\">Sind auf dem wei\u00dfen Kreis schlie\u00dflich genug Spuren zu finden, legt ihr dies zum Trocknen weg. Mit dem Zirkel k\u00f6nnt ihr euch nun aus dem farbigen Tonkarton einen gr\u00f6\u00dferen Kreis schneiden und darunter kleben.<\/p>\n<p style=\"text-align: center;\"><a href=\"https:\/\/www.sabine-seyffert.de\/blog\/wp-content\/uploads\/2021\/09\/Eichel-Malen-Anh\u00e4nger-Sabine-Seyffert.de-4.jpg\"><img loading=\"lazy\" decoding=\"async\" class=\"alignnone size-full wp-image-21181\" src=\"https:\/\/www.sabine-seyffert.de\/blog\/wp-content\/uploads\/2021\/09\/Eichel-Malen-Anh\u00e4nger-Sabine-Seyffert.de-4.jpg\" alt=\"\" width=\"800\" height=\"600\" srcset=\"https:\/\/www.sabine-seyffert.de\/blog\/wp-content\/uploads\/2021\/09\/Eichel-Malen-Anh\u00e4nger-Sabine-Seyffert.de-4.jpg 800w, https:\/\/www.sabine-seyffert.de\/blog\/wp-content\/uploads\/2021\/09\/Eichel-Malen-Anh\u00e4nger-Sabine-Seyffert.de-4-300x225.jpg 300w, https:\/\/www.sabine-seyffert.de\/blog\/wp-content\/uploads\/2021\/09\/Eichel-Malen-Anh\u00e4nger-Sabine-Seyffert.de-4-768x576.jpg 768w\" sizes=\"auto, (max-width: 800px) 100vw, 800px\" \/><\/a><\/p>\n<p style=\"text-align: justify;\">Zum Schluss noch oben mit der Lochzange eine \u00d6ffnung durchstechen und etwas Kordel hindurchziehen und verknoten. Fertig ist eine tolle Herbstdeko!<\/p>\n<p style=\"text-align: center;\"><a href=\"https:\/\/www.sabine-seyffert.de\/blog\/wp-content\/uploads\/2021\/09\/Eichel-Malen-Anh\u00e4nger-Sabine-Seyffert.de-2.jpg\"><img loading=\"lazy\" decoding=\"async\" class=\"alignnone size-full wp-image-21179\" src=\"https:\/\/www.sabine-seyffert.de\/blog\/wp-content\/uploads\/2021\/09\/Eichel-Malen-Anh\u00e4nger-Sabine-Seyffert.de-2.jpg\" alt=\"\" width=\"600\" height=\"800\" srcset=\"https:\/\/www.sabine-seyffert.de\/blog\/wp-content\/uploads\/2021\/09\/Eichel-Malen-Anh\u00e4nger-Sabine-Seyffert.de-2.jpg 600w, https:\/\/www.sabine-seyffert.de\/blog\/wp-content\/uploads\/2021\/09\/Eichel-Malen-Anh\u00e4nger-Sabine-Seyffert.de-2-225x300.jpg 225w\" sizes=\"auto, (max-width: 600px) 100vw, 600px\" \/><\/a><\/p>\n<p style=\"text-align: justify;\">Weitere DIY Bastelideen f\u00fcr Kinder findet ihr \u00fcbrigens in <a href=\"https:\/\/www.sabine-seyffert.de\/blog\/?cat=32\" target=\"_blank\" rel=\"noopener noreferrer\">dieser Blog Kategorie<\/a>, alles zum Thema Upcycling mit detaillierter Bastelanleitung gibt es in <a href=\"https:\/\/www.sabine-seyffert.de\/blog\/?cat=47\" target=\"_blank\" rel=\"noopener noreferrer\">dieser Rubrik<\/a>, alles rund um die Herbstzeit sind in <a href=\"https:\/\/www.sabine-seyffert.de\/blog\/?cat=25\" target=\"_blank\" rel=\"noopener noreferrer\">diesem Blog Ordner<\/a> oder <a href=\"https:\/\/www.pinterest.de\/diysabineseyffert\/\" target=\"_blank\" rel=\"noopener noreferrer\">meiner Pinnwand<\/a> und andere kreative Sachen da.<\/p>\n<p style=\"text-align: center;\"><a href=\"https:\/\/www.sabine-seyffert.de\/blog\/wp-content\/uploads\/2021\/09\/Eichel-Malen-Anh\u00e4nger-Sabine-Seyffert.de-1.jpg\"><img loading=\"lazy\" decoding=\"async\" class=\"alignnone size-full wp-image-21178\" src=\"https:\/\/www.sabine-seyffert.de\/blog\/wp-content\/uploads\/2021\/09\/Eichel-Malen-Anh\u00e4nger-Sabine-Seyffert.de-1.jpg\" alt=\"\" width=\"600\" height=\"800\" srcset=\"https:\/\/www.sabine-seyffert.de\/blog\/wp-content\/uploads\/2021\/09\/Eichel-Malen-Anh\u00e4nger-Sabine-Seyffert.de-1.jpg 600w, https:\/\/www.sabine-seyffert.de\/blog\/wp-content\/uploads\/2021\/09\/Eichel-Malen-Anh\u00e4nger-Sabine-Seyffert.de-1-225x300.jpg 225w\" sizes=\"auto, (max-width: 600px) 100vw, 600px\" \/><\/a><\/p>\n<p style=\"text-align: justify;\"><a href=\"https:\/\/www.sabine-seyffert.de\/blog\/?page_id=32#urheberrecht\">urheberrechtlich gesch\u00fctzt<\/a>, \u00a9 Sabine Seyffert<\/p>\n","protected":false},"excerpt":{"rendered":"<p>Erinnert ihr euch noch an diese pfiffige Do-it-Yourself Ideen aus dem letzten Herbst? Die Kinder aus meiner Kunst AG fanden die so toll, dass es in diesem Jahr ein kleines Pendant dazu gibt. Die selbst gemachten Herbstbilder eignen sich ganz wunderbar als farbenfrohe Deko im Kinderzimmer und nat\u00fcrlich auch als kleines Geschenk &amp; Mitbringsel f\u00fcr&#8230; <a href=\"https:\/\/www.sabine-seyffert.de\/blog\/coole-bastelidee-fuer-kinder-herbstbilder-mit-eicheln-malen-basteln\/\" class=\"more-link\">Read more: Coole Bastelidee f\u00fcr Kinder: Herbstbilder mit Eicheln malen &#038; basteln<\/a><\/p>\n","protected":false},"author":2,"featured_media":0,"comment_status":"open","ping_status":"open","sticky":false,"template":"","format":"standard","meta":{"_metis_text_type":"","_metis_text_length":2676,"_post_count":0,"footnotes":""},"categories":[32,25],"tags":[],"class_list":["post-21176","post","type-post","status-publish","format-standard","hentry","category-kreatives-fur-kleine-kinderhande","category-herbst"],"_links":{"self":[{"href":"https:\/\/www.sabine-seyffert.de\/blog\/wp-json\/wp\/v2\/posts\/21176","targetHints":{"allow":["GET"]}}],"collection":[{"href":"https:\/\/www.sabine-seyffert.de\/blog\/wp-json\/wp\/v2\/posts"}],"about":[{"href":"https:\/\/www.sabine-seyffert.de\/blog\/wp-json\/wp\/v2\/types\/post"}],"author":[{"embeddable":true,"href":"https:\/\/www.sabine-seyffert.de\/blog\/wp-json\/wp\/v2\/users\/2"}],"replies":[{"embeddable":true,"href":"https:\/\/www.sabine-seyffert.de\/blog\/wp-json\/wp\/v2\/comments?post=21176"}],"version-history":[{"count":5,"href":"https:\/\/www.sabine-seyffert.de\/blog\/wp-json\/wp\/v2\/posts\/21176\/revisions"}],"predecessor-version":[{"id":21191,"href":"https:\/\/www.sabine-seyffert.de\/blog\/wp-json\/wp\/v2\/posts\/21176\/revisions\/21191"}],"wp:attachment":[{"href":"https:\/\/www.sabine-seyffert.de\/blog\/wp-json\/wp\/v2\/media?parent=21176"}],"wp:term":[{"taxonomy":"category","embeddable":true,"href":"https:\/\/www.sabine-seyffert.de\/blog\/wp-json\/wp\/v2\/categories?post=21176"},{"taxonomy":"post_tag","embeddable":true,"href":"https:\/\/www.sabine-seyffert.de\/blog\/wp-json\/wp\/v2\/tags?post=21176"}],"curies":[{"name":"wp","href":"https:\/\/api.w.org\/{rel}","templated":true}]}}