{"id":21140,"date":"2021-09-13T08:14:29","date_gmt":"2021-09-13T06:14:29","guid":{"rendered":"https:\/\/www.sabine-seyffert.de\/blog\/?p=21140"},"modified":"2022-09-14T14:27:18","modified_gmt":"2022-09-14T12:27:18","slug":"herbstliche-bastelidee-fuer-kinder-fliegenpilz-aus-eichel-mit-haselnuss-maus","status":"publish","type":"post","link":"https:\/\/www.sabine-seyffert.de\/blog\/herbstliche-bastelidee-fuer-kinder-fliegenpilz-aus-eichel-mit-haselnuss-maus\/","title":{"rendered":"Herbstliche Bastelidee f\u00fcr Kinder: Fliegenpilz aus Eichel mit Haselnuss Maus"},"content":{"rendered":"<p style=\"text-align: justify;\"><img loading=\"lazy\" decoding=\"async\" src=\"https:\/\/vg06.met.vgwort.de\/na\/eb10a60c2d914c9b8482d2a0b006dd81\" alt=\"\" width=\"1\" height=\"1\" \/> Schon als Kind habe ich Fliegenpilze geliebt. F\u00fcr mich sind das echte Gl\u00fccksbringer, die ich als Motiv liebend gerne verbastele. Hier aus dem Blog findet ihr dazu zahlreiche DIY Idee zum Nachmachen &amp; Verschenken: Eine niedliche <a href=\"https:\/\/www.sabine-seyffert.de\/blog\/?p=17726\" target=\"_blank\" rel=\"noopener noreferrer\">Geschenkverpackung mit Papierspitze<\/a>, ein <a href=\"https:\/\/www.sabine-seyffert.de\/blog\/?p=17712\" target=\"_blank\" rel=\"noopener noreferrer\">herbstliches Windlicht<\/a>, eine <a href=\"https:\/\/www.sabine-seyffert.de\/blog\/?p=15318\" target=\"_blank\" rel=\"noopener noreferrer\">leuchtende Fliegenpilz Laterne<\/a>, <a href=\"https:\/\/www.sabine-seyffert.de\/blog\/?p=17390\" target=\"_blank\" rel=\"noopener noreferrer\">Fliegenpilze aus leeren Klorollen<\/a>, ein <a href=\"https:\/\/www.sabine-seyffert.de\/blog\/?p=13388\" target=\"_blank\" rel=\"noopener noreferrer\">Gl\u00fcckspilz zum Geburtstag<\/a>, die selbst gemachte <a href=\"https:\/\/www.sabine-seyffert.de\/blog\/?p=13378\" target=\"_blank\" rel=\"noopener noreferrer\">Fliegenpilz Girlande<\/a> oder gar die den <a href=\"https:\/\/www.sabine-seyffert.de\/blog\/?p=8321\" target=\"_blank\" rel=\"noopener noreferrer\">Pilz aus Herbstbl\u00e4ttern<\/a> f\u00fcr die Herbstpost.<\/p>\n<p style=\"text-align: center;\"><a href=\"https:\/\/www.sabine-seyffert.de\/blog\/wp-content\/uploads\/2021\/09\/Fliegenpilz-Deckel-Sabine-Seyffert.de-5.jpg\"><img loading=\"lazy\" decoding=\"async\" class=\"alignnone size-full wp-image-21141\" src=\"https:\/\/www.sabine-seyffert.de\/blog\/wp-content\/uploads\/2021\/09\/Fliegenpilz-Deckel-Sabine-Seyffert.de-5.jpg\" alt=\"\" width=\"800\" height=\"600\" srcset=\"https:\/\/www.sabine-seyffert.de\/blog\/wp-content\/uploads\/2021\/09\/Fliegenpilz-Deckel-Sabine-Seyffert.de-5.jpg 800w, https:\/\/www.sabine-seyffert.de\/blog\/wp-content\/uploads\/2021\/09\/Fliegenpilz-Deckel-Sabine-Seyffert.de-5-300x225.jpg 300w, https:\/\/www.sabine-seyffert.de\/blog\/wp-content\/uploads\/2021\/09\/Fliegenpilz-Deckel-Sabine-Seyffert.de-5-768x576.jpg 768w\" sizes=\"auto, (max-width: 800px) 100vw, 800px\" \/><\/a><\/p>\n<p style=\"text-align: justify;\"><strong>Das wird gebraucht:<\/strong><br \/>\nEine leeren Deckel (Schraubverschluss von einem leeren Marmeladenglas o.\u00e4.), etwas Knete oder lufttrocknende Modelliermasse, Streichholz, Hei\u00dfklebepistole samt Klebepatrone, Bastelfarbe in Wei\u00df, Rot, Schwarz, Pinsel, etwas Moos, eine Haselnuss, einen Handbohrer, eine Eichel mit Hut \/ Kappe, Bastelfilz (Filzreste reichen aus), etwas d\u00fcnne Kordel, eine Bastelunterlage und <a href=\"https:\/\/www.sabine-seyffert.de\/blog\/?p=12310\" target=\"_blank\" rel=\"noopener noreferrer\">Malkittel<\/a><\/p>\n<p style=\"text-align: center;\"><a href=\"https:\/\/www.sabine-seyffert.de\/blog\/wp-content\/uploads\/2021\/09\/Fliegenpilz-Deckel-Sabine-Seyffert.de-0.jpg\"><img loading=\"lazy\" decoding=\"async\" class=\"alignnone size-full wp-image-21142\" src=\"https:\/\/www.sabine-seyffert.de\/blog\/wp-content\/uploads\/2021\/09\/Fliegenpilz-Deckel-Sabine-Seyffert.de-0.jpg\" alt=\"\" width=\"800\" height=\"600\" srcset=\"https:\/\/www.sabine-seyffert.de\/blog\/wp-content\/uploads\/2021\/09\/Fliegenpilz-Deckel-Sabine-Seyffert.de-0.jpg 800w, https:\/\/www.sabine-seyffert.de\/blog\/wp-content\/uploads\/2021\/09\/Fliegenpilz-Deckel-Sabine-Seyffert.de-0-300x225.jpg 300w, https:\/\/www.sabine-seyffert.de\/blog\/wp-content\/uploads\/2021\/09\/Fliegenpilz-Deckel-Sabine-Seyffert.de-0-768x576.jpg 768w\" sizes=\"auto, (max-width: 800px) 100vw, 800px\" \/><\/a><\/p>\n<p style=\"text-align: justify;\"><strong>So wird\u2019s gemacht:<\/strong><br \/>\nDeckt den Tisch ab und zieht euch alle einen Malkittel \u00fcber. Dann nehmt ein St\u00fcck Knetmasse und dr\u00fcckt dies in dem Deckel fest.<\/p>\n<p style=\"text-align: center;\"><a href=\"https:\/\/www.sabine-seyffert.de\/blog\/wp-content\/uploads\/2021\/09\/Fliegenpilz-Deckel-Sabine-Seyffert.de-10.jpg\"><img loading=\"lazy\" decoding=\"async\" class=\"alignnone size-full wp-image-21147\" src=\"https:\/\/www.sabine-seyffert.de\/blog\/wp-content\/uploads\/2021\/09\/Fliegenpilz-Deckel-Sabine-Seyffert.de-10.jpg\" alt=\"\" width=\"800\" height=\"600\" srcset=\"https:\/\/www.sabine-seyffert.de\/blog\/wp-content\/uploads\/2021\/09\/Fliegenpilz-Deckel-Sabine-Seyffert.de-10.jpg 800w, https:\/\/www.sabine-seyffert.de\/blog\/wp-content\/uploads\/2021\/09\/Fliegenpilz-Deckel-Sabine-Seyffert.de-10-300x225.jpg 300w, https:\/\/www.sabine-seyffert.de\/blog\/wp-content\/uploads\/2021\/09\/Fliegenpilz-Deckel-Sabine-Seyffert.de-10-768x576.jpg 768w\" sizes=\"auto, (max-width: 800px) 100vw, 800px\" \/><\/a><\/p>\n<p style=\"text-align: justify;\">Mit dem Handbohrer, bohrt von unten, in den runden Teil der Eichel eine kleine \u00d6ffnung und steckt ein Streichholz durch. Jetzt l\u00e4sst sich die Eichel gut bemalen \u2013 im unteren Teil in Wei\u00df und den Eichelhut \/ Eichelkappe in rot.<\/p>\n<p style=\"text-align: center;\"><a href=\"https:\/\/www.sabine-seyffert.de\/blog\/wp-content\/uploads\/2021\/09\/Fliegenpilz-Deckel-Sabine-Seyffert.de-9.jpg\"><img loading=\"lazy\" decoding=\"async\" class=\"alignnone size-full wp-image-21148\" src=\"https:\/\/www.sabine-seyffert.de\/blog\/wp-content\/uploads\/2021\/09\/Fliegenpilz-Deckel-Sabine-Seyffert.de-9.jpg\" alt=\"\" width=\"800\" height=\"600\" srcset=\"https:\/\/www.sabine-seyffert.de\/blog\/wp-content\/uploads\/2021\/09\/Fliegenpilz-Deckel-Sabine-Seyffert.de-9.jpg 800w, https:\/\/www.sabine-seyffert.de\/blog\/wp-content\/uploads\/2021\/09\/Fliegenpilz-Deckel-Sabine-Seyffert.de-9-300x225.jpg 300w, https:\/\/www.sabine-seyffert.de\/blog\/wp-content\/uploads\/2021\/09\/Fliegenpilz-Deckel-Sabine-Seyffert.de-9-768x576.jpg 768w\" sizes=\"auto, (max-width: 800px) 100vw, 800px\" \/><\/a><\/p>\n<p style=\"text-align: justify;\">W\u00e4hrend die Farbe trocknet, schneidet ihr aus dem Filz einen Schwanz und zwei Ohren f\u00fcr die Haselnuss Maus und klebt diese an. Aus der Kordel klebt ihr dem M\u00e4uschen eine Nase auf und malt mit einem d\u00fcnnen Pinsel oder Streichholz Augen auf.<\/p>\n<p style=\"text-align: center;\"><a href=\"https:\/\/www.sabine-seyffert.de\/blog\/wp-content\/uploads\/2021\/09\/Fliegenpilz-Deckel-Sabine-Seyffert.de-8.jpg\"><img loading=\"lazy\" decoding=\"async\" class=\"alignnone size-full wp-image-21149\" src=\"https:\/\/www.sabine-seyffert.de\/blog\/wp-content\/uploads\/2021\/09\/Fliegenpilz-Deckel-Sabine-Seyffert.de-8.jpg\" alt=\"\" width=\"800\" height=\"600\" srcset=\"https:\/\/www.sabine-seyffert.de\/blog\/wp-content\/uploads\/2021\/09\/Fliegenpilz-Deckel-Sabine-Seyffert.de-8.jpg 800w, https:\/\/www.sabine-seyffert.de\/blog\/wp-content\/uploads\/2021\/09\/Fliegenpilz-Deckel-Sabine-Seyffert.de-8-300x225.jpg 300w, https:\/\/www.sabine-seyffert.de\/blog\/wp-content\/uploads\/2021\/09\/Fliegenpilz-Deckel-Sabine-Seyffert.de-8-768x576.jpg 768w\" sizes=\"auto, (max-width: 800px) 100vw, 800px\" \/><\/a><\/p>\n<p style=\"text-align: justify;\">Der Fliegenpilz bekommt ebenfalls noch ein Gesicht aufgetupft sowie am roten Pilz Hut kleine wei\u00dfe P\u00fcnktchen, wie es sich f\u00fcr einen waschechten Gl\u00fcckspilz auch geh\u00f6rt.<\/p>\n<p style=\"text-align: center;\"><a href=\"https:\/\/www.sabine-seyffert.de\/blog\/wp-content\/uploads\/2021\/09\/Fliegenpilz-Deckel-Sabine-Seyffert.de-7.jpg\"><img loading=\"lazy\" decoding=\"async\" class=\"alignnone size-full wp-image-21150\" src=\"https:\/\/www.sabine-seyffert.de\/blog\/wp-content\/uploads\/2021\/09\/Fliegenpilz-Deckel-Sabine-Seyffert.de-7.jpg\" alt=\"\" width=\"800\" height=\"600\" srcset=\"https:\/\/www.sabine-seyffert.de\/blog\/wp-content\/uploads\/2021\/09\/Fliegenpilz-Deckel-Sabine-Seyffert.de-7.jpg 800w, https:\/\/www.sabine-seyffert.de\/blog\/wp-content\/uploads\/2021\/09\/Fliegenpilz-Deckel-Sabine-Seyffert.de-7-300x225.jpg 300w, https:\/\/www.sabine-seyffert.de\/blog\/wp-content\/uploads\/2021\/09\/Fliegenpilz-Deckel-Sabine-Seyffert.de-7-768x576.jpg 768w\" sizes=\"auto, (max-width: 800px) 100vw, 800px\" \/><\/a><\/p>\n<p style=\"text-align: justify;\">Denn piekt ihr den Pilz von oben in die Knetmasse und deckt den Deckelboden sowie die Knete mit einer Schicht Moos ab.<\/p>\n<p style=\"text-align: center;\"><a href=\"https:\/\/www.sabine-seyffert.de\/blog\/wp-content\/uploads\/2021\/09\/Fliegenpilz-Deckel-Sabine-Seyffert.de-6.jpg\"><img loading=\"lazy\" decoding=\"async\" class=\"alignnone size-full wp-image-21151\" src=\"https:\/\/www.sabine-seyffert.de\/blog\/wp-content\/uploads\/2021\/09\/Fliegenpilz-Deckel-Sabine-Seyffert.de-6.jpg\" alt=\"\" width=\"800\" height=\"600\" srcset=\"https:\/\/www.sabine-seyffert.de\/blog\/wp-content\/uploads\/2021\/09\/Fliegenpilz-Deckel-Sabine-Seyffert.de-6.jpg 800w, https:\/\/www.sabine-seyffert.de\/blog\/wp-content\/uploads\/2021\/09\/Fliegenpilz-Deckel-Sabine-Seyffert.de-6-300x225.jpg 300w, https:\/\/www.sabine-seyffert.de\/blog\/wp-content\/uploads\/2021\/09\/Fliegenpilz-Deckel-Sabine-Seyffert.de-6-768x576.jpg 768w\" sizes=\"auto, (max-width: 800px) 100vw, 800px\" \/><\/a><\/p>\n<p style=\"text-align: justify;\">Nun noch die kleine Maus dazu setzen \u2013 fertig ist eine ganz au\u00dfergew\u00f6hnliche, pfiffige Herbstdeko.<\/p>\n<p style=\"text-align: center;\"><a href=\"https:\/\/www.sabine-seyffert.de\/blog\/wp-content\/uploads\/2021\/09\/Fliegenpilz-Deckel-Sabine-Seyffert.de-4.jpg\"><img loading=\"lazy\" decoding=\"async\" class=\"alignnone size-full wp-image-21146\" src=\"https:\/\/www.sabine-seyffert.de\/blog\/wp-content\/uploads\/2021\/09\/Fliegenpilz-Deckel-Sabine-Seyffert.de-4.jpg\" alt=\"\" width=\"800\" height=\"600\" srcset=\"https:\/\/www.sabine-seyffert.de\/blog\/wp-content\/uploads\/2021\/09\/Fliegenpilz-Deckel-Sabine-Seyffert.de-4.jpg 800w, https:\/\/www.sabine-seyffert.de\/blog\/wp-content\/uploads\/2021\/09\/Fliegenpilz-Deckel-Sabine-Seyffert.de-4-300x225.jpg 300w, https:\/\/www.sabine-seyffert.de\/blog\/wp-content\/uploads\/2021\/09\/Fliegenpilz-Deckel-Sabine-Seyffert.de-4-768x576.jpg 768w\" sizes=\"auto, (max-width: 800px) 100vw, 800px\" \/><\/a><\/p>\n<p style=\"text-align: justify;\"><strong>Ein kleiner Tipp:<\/strong><br \/>\nOb als Dekoration auf dem Jahreszeittisch, neben einer Kerze auf dem Esstisch oder als kleines Mitbringsel \u2013 etwas Gl\u00fcck kann jeder gut gebrauchen!<\/p>\n<p style=\"text-align: center;\"><a href=\"https:\/\/www.sabine-seyffert.de\/blog\/wp-content\/uploads\/2021\/09\/Fliegenpilz-Deckel-Sabine-Seyffert.de-3.jpg\"><img loading=\"lazy\" decoding=\"async\" class=\"alignnone size-full wp-image-21145\" src=\"https:\/\/www.sabine-seyffert.de\/blog\/wp-content\/uploads\/2021\/09\/Fliegenpilz-Deckel-Sabine-Seyffert.de-3.jpg\" alt=\"\" width=\"600\" height=\"800\" srcset=\"https:\/\/www.sabine-seyffert.de\/blog\/wp-content\/uploads\/2021\/09\/Fliegenpilz-Deckel-Sabine-Seyffert.de-3.jpg 600w, https:\/\/www.sabine-seyffert.de\/blog\/wp-content\/uploads\/2021\/09\/Fliegenpilz-Deckel-Sabine-Seyffert.de-3-225x300.jpg 225w\" sizes=\"auto, (max-width: 600px) 100vw, 600px\" \/><\/a><\/p>\n<p style=\"text-align: justify;\">Eine weitere Idee mit den Fliegenpilzen aus Eicheln findet ihr <a href=\"https:\/\/www.sabine-seyffert.de\/blog\/?p=15030\" target=\"_blank\" rel=\"noopener noreferrer\">hier<\/a> und dort noch einen <a href=\"https:\/\/www.sabine-seyffert.de\/blog\/?p=13322\" target=\"_blank\" rel=\"noopener noreferrer\">kleinen Herbstkranz aus Naturmaterial<\/a>, bei dem der Pilz nicht fehlen darf.<\/p>\n<p style=\"text-align: center;\"><a href=\"https:\/\/www.sabine-seyffert.de\/blog\/wp-content\/uploads\/2021\/09\/Fliegenpilz-Deckel-Sabine-Seyffert.de-2.jpg\"><img loading=\"lazy\" decoding=\"async\" class=\"alignnone size-full wp-image-21144\" src=\"https:\/\/www.sabine-seyffert.de\/blog\/wp-content\/uploads\/2021\/09\/Fliegenpilz-Deckel-Sabine-Seyffert.de-2.jpg\" alt=\"\" width=\"600\" height=\"800\" srcset=\"https:\/\/www.sabine-seyffert.de\/blog\/wp-content\/uploads\/2021\/09\/Fliegenpilz-Deckel-Sabine-Seyffert.de-2.jpg 600w, https:\/\/www.sabine-seyffert.de\/blog\/wp-content\/uploads\/2021\/09\/Fliegenpilz-Deckel-Sabine-Seyffert.de-2-225x300.jpg 225w\" sizes=\"auto, (max-width: 600px) 100vw, 600px\" \/><\/a><\/p>\n<p style=\"text-align: justify;\">Weitere DIY Bastelideen f\u00fcr Kinder findet ihr \u00fcbrigens in <a href=\"https:\/\/www.sabine-seyffert.de\/blog\/?cat=32\" target=\"_blank\" rel=\"noopener noreferrer\">dieser Blog Kategorie<\/a>, alles zum Thema Upcycling mit detaillierter Bastelanleitung gibt es in <a href=\"https:\/\/www.sabine-seyffert.de\/blog\/?cat=47\" target=\"_blank\" rel=\"noopener noreferrer\">dieser Rubrik<\/a>, alles rund um die Herbstzeit sind in <a href=\"https:\/\/www.sabine-seyffert.de\/blog\/?cat=25\" target=\"_blank\" rel=\"noopener noreferrer\">diesem Blog Ordner<\/a> oder <a href=\"https:\/\/www.pinterest.de\/diysabineseyffert\/\" target=\"_blank\" rel=\"noopener noreferrer\">meiner Pinnwand<\/a> und andere kreative Sachen da.<\/p>\n<p style=\"text-align: center;\"><a href=\"https:\/\/www.sabine-seyffert.de\/blog\/wp-content\/uploads\/2021\/09\/Fliegenpilz-Deckel-Sabine-Seyffert.de-1.jpg\"><img loading=\"lazy\" decoding=\"async\" class=\"alignnone size-full wp-image-21143\" src=\"https:\/\/www.sabine-seyffert.de\/blog\/wp-content\/uploads\/2021\/09\/Fliegenpilz-Deckel-Sabine-Seyffert.de-1.jpg\" alt=\"\" width=\"600\" height=\"800\" srcset=\"https:\/\/www.sabine-seyffert.de\/blog\/wp-content\/uploads\/2021\/09\/Fliegenpilz-Deckel-Sabine-Seyffert.de-1.jpg 600w, https:\/\/www.sabine-seyffert.de\/blog\/wp-content\/uploads\/2021\/09\/Fliegenpilz-Deckel-Sabine-Seyffert.de-1-225x300.jpg 225w\" sizes=\"auto, (max-width: 600px) 100vw, 600px\" \/><\/a><\/p>\n<p style=\"text-align: justify;\"><a href=\"https:\/\/www.sabine-seyffert.de\/blog\/?page_id=32#urheberrecht\">urheberrechtlich gesch\u00fctzt<\/a>, \u00a9 Sabine Seyffert<\/p>\n","protected":false},"excerpt":{"rendered":"<p>Schon als Kind habe ich Fliegenpilze geliebt. F\u00fcr mich sind das echte Gl\u00fccksbringer, die ich als Motiv liebend gerne verbastele. Hier aus dem Blog findet ihr dazu zahlreiche DIY Idee zum Nachmachen &amp; Verschenken: Eine niedliche Geschenkverpackung mit Papierspitze, ein herbstliches Windlicht, eine leuchtende Fliegenpilz Laterne, Fliegenpilze aus leeren Klorollen, ein Gl\u00fcckspilz zum Geburtstag, die&#8230; <a href=\"https:\/\/www.sabine-seyffert.de\/blog\/herbstliche-bastelidee-fuer-kinder-fliegenpilz-aus-eichel-mit-haselnuss-maus\/\" class=\"more-link\">Read more: Herbstliche Bastelidee f\u00fcr Kinder: Fliegenpilz aus Eichel mit Haselnuss Maus<\/a><\/p>\n","protected":false},"author":2,"featured_media":0,"comment_status":"open","ping_status":"open","sticky":false,"template":"","format":"standard","meta":{"_metis_text_type":"","_metis_text_length":2554,"_post_count":0,"footnotes":""},"categories":[32,12,25,47],"tags":[],"class_list":["post-21140","post","type-post","status-publish","format-standard","hentry","category-kreatives-fur-kleine-kinderhande","category-deko-ideen","category-herbst","category-upcyceltes"],"_links":{"self":[{"href":"https:\/\/www.sabine-seyffert.de\/blog\/wp-json\/wp\/v2\/posts\/21140","targetHints":{"allow":["GET"]}}],"collection":[{"href":"https:\/\/www.sabine-seyffert.de\/blog\/wp-json\/wp\/v2\/posts"}],"about":[{"href":"https:\/\/www.sabine-seyffert.de\/blog\/wp-json\/wp\/v2\/types\/post"}],"author":[{"embeddable":true,"href":"https:\/\/www.sabine-seyffert.de\/blog\/wp-json\/wp\/v2\/users\/2"}],"replies":[{"embeddable":true,"href":"https:\/\/www.sabine-seyffert.de\/blog\/wp-json\/wp\/v2\/comments?post=21140"}],"version-history":[{"count":6,"href":"https:\/\/www.sabine-seyffert.de\/blog\/wp-json\/wp\/v2\/posts\/21140\/revisions"}],"predecessor-version":[{"id":23998,"href":"https:\/\/www.sabine-seyffert.de\/blog\/wp-json\/wp\/v2\/posts\/21140\/revisions\/23998"}],"wp:attachment":[{"href":"https:\/\/www.sabine-seyffert.de\/blog\/wp-json\/wp\/v2\/media?parent=21140"}],"wp:term":[{"taxonomy":"category","embeddable":true,"href":"https:\/\/www.sabine-seyffert.de\/blog\/wp-json\/wp\/v2\/categories?post=21140"},{"taxonomy":"post_tag","embeddable":true,"href":"https:\/\/www.sabine-seyffert.de\/blog\/wp-json\/wp\/v2\/tags?post=21140"}],"curies":[{"name":"wp","href":"https:\/\/api.w.org\/{rel}","templated":true}]}}