{"id":21098,"date":"2021-09-08T10:43:04","date_gmt":"2021-09-08T08:43:04","guid":{"rendered":"https:\/\/www.sabine-seyffert.de\/blog\/?p=21098"},"modified":"2021-09-08T10:43:04","modified_gmt":"2021-09-08T08:43:04","slug":"basteln-mit-kindern-bunte-drachen-aus-pappe-bastelidee-fuer-den-herbst","status":"publish","type":"post","link":"https:\/\/www.sabine-seyffert.de\/blog\/basteln-mit-kindern-bunte-drachen-aus-pappe-bastelidee-fuer-den-herbst\/","title":{"rendered":"Basteln mit Kindern: Bunte Drachen aus Pappe  &#8211; Bastelidee f\u00fcr den Herbst"},"content":{"rendered":"<p style=\"text-align: justify;\"><img loading=\"lazy\" decoding=\"async\" src=\"https:\/\/vg06.met.vgwort.de\/na\/10380e740d604d199360ca40e568d258\" alt=\"\" width=\"1\" height=\"1\" \/>Es herbstelt so langsam. Wobei uns das Wetter derzeit mit reichlich Sonne verw\u00f6hnt. Aber die ersten Vorboten des Herbstes sind bereits zu erkennen. Daher gibt es heute eine ganz einfache Bastelidee f\u00fcr euch, mit der ihr das Fenster oder Kinderzimmer passend zur Jahreszeit dekorieren k\u00f6nnt. Macht ihr mit? Das ben\u00f6tigte Bastelmaterial habt ihr ganz sicher Zuhause, so dass ihr euch den Gang zum Bastelladen schenken k\u00f6nnt.<\/p>\n<p><a href=\"https:\/\/www.sabine-seyffert.de\/blog\/wp-content\/uploads\/2021\/09\/Drachen-Pappe-Sabine-Seyffert.de-3.jpg\"><img loading=\"lazy\" decoding=\"async\" class=\"size-full wp-image-21099 aligncenter\" src=\"https:\/\/www.sabine-seyffert.de\/blog\/wp-content\/uploads\/2021\/09\/Drachen-Pappe-Sabine-Seyffert.de-3.jpg\" alt=\"\" width=\"800\" height=\"600\" srcset=\"https:\/\/www.sabine-seyffert.de\/blog\/wp-content\/uploads\/2021\/09\/Drachen-Pappe-Sabine-Seyffert.de-3.jpg 800w, https:\/\/www.sabine-seyffert.de\/blog\/wp-content\/uploads\/2021\/09\/Drachen-Pappe-Sabine-Seyffert.de-3-300x225.jpg 300w, https:\/\/www.sabine-seyffert.de\/blog\/wp-content\/uploads\/2021\/09\/Drachen-Pappe-Sabine-Seyffert.de-3-768x576.jpg 768w\" sizes=\"auto, (max-width: 800px) 100vw, 800px\" \/><\/a><\/p>\n<p style=\"text-align: justify;\"><strong>Das wird gebraucht:<\/strong><br \/>\nStabile Pappe (Beispielsweise einen leeren Karton), optional einen Cutter oder scharfes Bastelmesser, einen Bleistift, eine Bastelschere. Eine alte Tageszeitung, Pinsel, einen Wasserfarbkasten inklusiv Deckwei\u00df, Kordel (Wolle o.\u00e4.), Bastelkleber \/ Klebestift, eine Malunterlage, <a href=\"https:\/\/www.sabine-seyffert.de\/blog\/?p=12310\" target=\"_blank\" rel=\"noopener noreferrer\">einen Malkittel<\/a> sowie optional Pastellkreide und etwas Seidenpapier<\/p>\n<p style=\"text-align: center;\"><a href=\"https:\/\/www.sabine-seyffert.de\/blog\/wp-content\/uploads\/2021\/09\/Drachen-Pappe-Sabine-Seyffert.de-10.jpg\"><img loading=\"lazy\" decoding=\"async\" class=\"alignnone size-full wp-image-21103\" src=\"https:\/\/www.sabine-seyffert.de\/blog\/wp-content\/uploads\/2021\/09\/Drachen-Pappe-Sabine-Seyffert.de-10.jpg\" alt=\"\" width=\"800\" height=\"600\" srcset=\"https:\/\/www.sabine-seyffert.de\/blog\/wp-content\/uploads\/2021\/09\/Drachen-Pappe-Sabine-Seyffert.de-10.jpg 800w, https:\/\/www.sabine-seyffert.de\/blog\/wp-content\/uploads\/2021\/09\/Drachen-Pappe-Sabine-Seyffert.de-10-300x225.jpg 300w, https:\/\/www.sabine-seyffert.de\/blog\/wp-content\/uploads\/2021\/09\/Drachen-Pappe-Sabine-Seyffert.de-10-768x576.jpg 768w\" sizes=\"auto, (max-width: 800px) 100vw, 800px\" \/><\/a><\/p>\n<p style=\"text-align: justify;\"><strong>So wird\u2019s gemacht:<\/strong><br \/>\nAls erstes deckt den Tisch mit einer abwaschbaren Tischdecke, einem Bastelset oder ein paar Bl\u00e4tter Zeitungspapier gut ab und zieht euch den Malkittel \u00fcber. Dann stellt ihr euch aus einer alten Zeitung und Wasserfarben <a href=\"https:\/\/www.sabine-seyffert.de\/blog\/?p=13917\" target=\"_blank\" rel=\"noopener noreferrer\">umweltfreundliches Bastelpapier<\/a> her. Denkt daran nur wenig Wasser und viel Farbe zu verwenden. So weicht das Papier nicht auf, ist schneller trocken und die Farben sind intensiver.<\/p>\n<p style=\"text-align: center;\"><a href=\"https:\/\/www.sabine-seyffert.de\/blog\/wp-content\/uploads\/2021\/09\/Drachen-Pappe-Sabine-Seyffert.de-9.jpg\"><img loading=\"lazy\" decoding=\"async\" class=\"alignnone size-full wp-image-21104\" src=\"https:\/\/www.sabine-seyffert.de\/blog\/wp-content\/uploads\/2021\/09\/Drachen-Pappe-Sabine-Seyffert.de-9.jpg\" alt=\"\" width=\"800\" height=\"600\" srcset=\"https:\/\/www.sabine-seyffert.de\/blog\/wp-content\/uploads\/2021\/09\/Drachen-Pappe-Sabine-Seyffert.de-9.jpg 800w, https:\/\/www.sabine-seyffert.de\/blog\/wp-content\/uploads\/2021\/09\/Drachen-Pappe-Sabine-Seyffert.de-9-300x225.jpg 300w, https:\/\/www.sabine-seyffert.de\/blog\/wp-content\/uploads\/2021\/09\/Drachen-Pappe-Sabine-Seyffert.de-9-768x576.jpg 768w\" sizes=\"auto, (max-width: 800px) 100vw, 800px\" \/><\/a><\/p>\n<p style=\"text-align: justify;\">Auf die Pappe zeichnet ihr euch mit einem Stift einen Drachen samt seiner Einzelteile aus und schneidet diese aus. Die Gr\u00f6\u00dfe k\u00f6nnt ihr selbst ausw\u00e4hlen, so wie es auch am besten gef\u00e4llt. <strong>Hinweis<\/strong>: Je kleiner die Teile sind, desto schwieriger wird es, diese auszuschneiden, zu bekleben etc.<\/p>\n<p style=\"text-align: center;\"><a href=\"https:\/\/www.sabine-seyffert.de\/blog\/wp-content\/uploads\/2021\/09\/Drachen-Pappe-Sabine-Seyffert.de-8.jpg\"><img loading=\"lazy\" decoding=\"async\" class=\"alignnone size-full wp-image-21105\" src=\"https:\/\/www.sabine-seyffert.de\/blog\/wp-content\/uploads\/2021\/09\/Drachen-Pappe-Sabine-Seyffert.de-8.jpg\" alt=\"\" width=\"800\" height=\"600\" srcset=\"https:\/\/www.sabine-seyffert.de\/blog\/wp-content\/uploads\/2021\/09\/Drachen-Pappe-Sabine-Seyffert.de-8.jpg 800w, https:\/\/www.sabine-seyffert.de\/blog\/wp-content\/uploads\/2021\/09\/Drachen-Pappe-Sabine-Seyffert.de-8-300x225.jpg 300w, https:\/\/www.sabine-seyffert.de\/blog\/wp-content\/uploads\/2021\/09\/Drachen-Pappe-Sabine-Seyffert.de-8-768x576.jpg 768w\" sizes=\"auto, (max-width: 800px) 100vw, 800px\" \/><\/a><\/p>\n<p style=\"text-align: justify;\">Dann klebt ihr die Pappteile mit eurem Bastelpapier. Die bunten Fahnen h\u00e4ngen, wie bei einem echten Herbstdrachen, an einer Kordel. Dazu schnippelt ihr aus Papier kleine Streifen und klebt diese von Hinten an die Fahnen.<\/p>\n<p style=\"text-align: center;\"><a href=\"https:\/\/www.sabine-seyffert.de\/blog\/wp-content\/uploads\/2021\/09\/Drachen-Pappe-Sabine-Seyffert.de-7.jpg\"><img loading=\"lazy\" decoding=\"async\" class=\"alignnone size-full wp-image-21106\" src=\"https:\/\/www.sabine-seyffert.de\/blog\/wp-content\/uploads\/2021\/09\/Drachen-Pappe-Sabine-Seyffert.de-7.jpg\" alt=\"\" width=\"800\" height=\"600\" srcset=\"https:\/\/www.sabine-seyffert.de\/blog\/wp-content\/uploads\/2021\/09\/Drachen-Pappe-Sabine-Seyffert.de-7.jpg 800w, https:\/\/www.sabine-seyffert.de\/blog\/wp-content\/uploads\/2021\/09\/Drachen-Pappe-Sabine-Seyffert.de-7-300x225.jpg 300w, https:\/\/www.sabine-seyffert.de\/blog\/wp-content\/uploads\/2021\/09\/Drachen-Pappe-Sabine-Seyffert.de-7-768x576.jpg 768w\" sizes=\"auto, (max-width: 800px) 100vw, 800px\" \/><\/a><\/p>\n<p style=\"text-align: justify;\">Alternativ k\u00f6nnt ihr die Fahnen auch doppellagig basteln, wenn der Drachen frei im Raum h\u00e4ngt. In dem Fall klebt man die beiden Pappfahnen einfach gegeneinander, so dass die Kordel dazwischen verl\u00e4uft.<\/p>\n<p style=\"text-align: center;\"><a href=\"https:\/\/www.sabine-seyffert.de\/blog\/wp-content\/uploads\/2021\/09\/Drachen-Pappe-Sabine-Seyffert.de-5.jpg\"><img loading=\"lazy\" decoding=\"async\" class=\"alignnone size-full wp-image-21107\" src=\"https:\/\/www.sabine-seyffert.de\/blog\/wp-content\/uploads\/2021\/09\/Drachen-Pappe-Sabine-Seyffert.de-5.jpg\" alt=\"\" width=\"800\" height=\"600\" srcset=\"https:\/\/www.sabine-seyffert.de\/blog\/wp-content\/uploads\/2021\/09\/Drachen-Pappe-Sabine-Seyffert.de-5.jpg 800w, https:\/\/www.sabine-seyffert.de\/blog\/wp-content\/uploads\/2021\/09\/Drachen-Pappe-Sabine-Seyffert.de-5-300x225.jpg 300w, https:\/\/www.sabine-seyffert.de\/blog\/wp-content\/uploads\/2021\/09\/Drachen-Pappe-Sabine-Seyffert.de-5-768x576.jpg 768w\" sizes=\"auto, (max-width: 800px) 100vw, 800px\" \/><\/a><\/p>\n<p style=\"text-align: justify;\">Zum Schluss gestaltet ihr dem Drachen noch ein Gesicht. Wir haben aus Seidenpapier eine Knubbel Nase aufgeklebt und Wangen mit Pastellkreide dazu gemalt.<\/p>\n<p style=\"text-align: center;\"><a href=\"https:\/\/www.sabine-seyffert.de\/blog\/wp-content\/uploads\/2021\/09\/Drachen-Pappe-Sabine-Seyffert.de-6.jpg\"><img loading=\"lazy\" decoding=\"async\" class=\"alignnone size-full wp-image-21108\" src=\"https:\/\/www.sabine-seyffert.de\/blog\/wp-content\/uploads\/2021\/09\/Drachen-Pappe-Sabine-Seyffert.de-6.jpg\" alt=\"\" width=\"800\" height=\"600\" srcset=\"https:\/\/www.sabine-seyffert.de\/blog\/wp-content\/uploads\/2021\/09\/Drachen-Pappe-Sabine-Seyffert.de-6.jpg 800w, https:\/\/www.sabine-seyffert.de\/blog\/wp-content\/uploads\/2021\/09\/Drachen-Pappe-Sabine-Seyffert.de-6-300x225.jpg 300w, https:\/\/www.sabine-seyffert.de\/blog\/wp-content\/uploads\/2021\/09\/Drachen-Pappe-Sabine-Seyffert.de-6-768x576.jpg 768w\" sizes=\"auto, (max-width: 800px) 100vw, 800px\" \/><\/a><\/p>\n<p style=\"text-align: justify;\">Das l\u00e4sst sich aber auch mit Stiften aufmalen, mit selbst gemachtem Bastelpapier aufkleben oder mit anderem Material gestalten, je nachdem was ihr zu Hause zur Hand habt (Kn\u00f6pfe, Perlen\u2026)<\/p>\n<p style=\"text-align: center;\"><a href=\"https:\/\/www.sabine-seyffert.de\/blog\/wp-content\/uploads\/2021\/09\/Drachen-Pappe-Sabine-Seyffert.de-4.jpg\"><img loading=\"lazy\" decoding=\"async\" class=\"alignnone size-full wp-image-21102\" src=\"https:\/\/www.sabine-seyffert.de\/blog\/wp-content\/uploads\/2021\/09\/Drachen-Pappe-Sabine-Seyffert.de-4.jpg\" alt=\"\" width=\"800\" height=\"600\" srcset=\"https:\/\/www.sabine-seyffert.de\/blog\/wp-content\/uploads\/2021\/09\/Drachen-Pappe-Sabine-Seyffert.de-4.jpg 800w, https:\/\/www.sabine-seyffert.de\/blog\/wp-content\/uploads\/2021\/09\/Drachen-Pappe-Sabine-Seyffert.de-4-300x225.jpg 300w, https:\/\/www.sabine-seyffert.de\/blog\/wp-content\/uploads\/2021\/09\/Drachen-Pappe-Sabine-Seyffert.de-4-768x576.jpg 768w\" sizes=\"auto, (max-width: 800px) 100vw, 800px\" \/><\/a><\/p>\n<p style=\"text-align: justify;\"><strong>Ein kleiner Tipp:<\/strong><br \/>\nWenn ihr den Drachen sp\u00e4ter aufh\u00e4ngen m\u00f6chte, knipst mit der Lochzange noch eine kleine \u00d6ffnung oben hinein, zieht etwas Kordel hindurch und knotet die Enden zusammen.<\/p>\n<p style=\"text-align: center;\"><a href=\"https:\/\/www.sabine-seyffert.de\/blog\/wp-content\/uploads\/2021\/09\/Drachen-Pappe-Sabine-Seyffert.de-2.jpg\"><img loading=\"lazy\" decoding=\"async\" class=\"alignnone size-full wp-image-21101\" src=\"https:\/\/www.sabine-seyffert.de\/blog\/wp-content\/uploads\/2021\/09\/Drachen-Pappe-Sabine-Seyffert.de-2.jpg\" alt=\"\" width=\"800\" height=\"600\" srcset=\"https:\/\/www.sabine-seyffert.de\/blog\/wp-content\/uploads\/2021\/09\/Drachen-Pappe-Sabine-Seyffert.de-2.jpg 800w, https:\/\/www.sabine-seyffert.de\/blog\/wp-content\/uploads\/2021\/09\/Drachen-Pappe-Sabine-Seyffert.de-2-300x225.jpg 300w, https:\/\/www.sabine-seyffert.de\/blog\/wp-content\/uploads\/2021\/09\/Drachen-Pappe-Sabine-Seyffert.de-2-768x576.jpg 768w\" sizes=\"auto, (max-width: 800px) 100vw, 800px\" \/><\/a><\/p>\n<p style=\"text-align: justify;\">Weitere Do-it-Yourself Bastelideen f\u00fcr Kinder findet ihr \u00fcbrigens in <a href=\"https:\/\/www.sabine-seyffert.de\/blog\/?cat=32\" target=\"_blank\" rel=\"noopener noreferrer\">dieser Blog Kategorie<\/a>, alles zum Thema Upcycling mit detaillierter Bastelanleitung gibt es in <a href=\"https:\/\/www.sabine-seyffert.de\/blog\/?cat=47\" target=\"_blank\" rel=\"noopener noreferrer\">dieser Rubrik<\/a>, alles rund um die Herbstzeit sind in <a href=\"https:\/\/www.sabine-seyffert.de\/blog\/?cat=25\" target=\"_blank\" rel=\"noopener noreferrer\">diesem Blog Ordner<\/a> oder <a href=\"https:\/\/www.pinterest.de\/diysabineseyffert\/\" target=\"_blank\" rel=\"noopener noreferrer\">meiner Pinnwand<\/a> und andere kreative Sachen <a href=\"http:\/\/www.lunaju.de\/2021\/09\/kiddikram-herbst-2021.html\" target=\"_blank\" rel=\"noopener noreferrer\">da<\/a>.<\/p>\n<p style=\"text-align: center;\"><a href=\"https:\/\/www.sabine-seyffert.de\/blog\/wp-content\/uploads\/2021\/09\/Drachen-Pappe-Sabine-Seyffert.de-1.jpg\"><img loading=\"lazy\" decoding=\"async\" class=\"alignnone size-full wp-image-21100\" src=\"https:\/\/www.sabine-seyffert.de\/blog\/wp-content\/uploads\/2021\/09\/Drachen-Pappe-Sabine-Seyffert.de-1.jpg\" alt=\"\" width=\"600\" height=\"800\" srcset=\"https:\/\/www.sabine-seyffert.de\/blog\/wp-content\/uploads\/2021\/09\/Drachen-Pappe-Sabine-Seyffert.de-1.jpg 600w, https:\/\/www.sabine-seyffert.de\/blog\/wp-content\/uploads\/2021\/09\/Drachen-Pappe-Sabine-Seyffert.de-1-225x300.jpg 225w\" sizes=\"auto, (max-width: 600px) 100vw, 600px\" \/><\/a><\/p>\n<p style=\"text-align: justify;\"><a href=\"https:\/\/www.sabine-seyffert.de\/blog\/?page_id=32#urheberrecht\">urheberrechtlich gesch\u00fctzt<\/a>, \u00a9 Sabine Seyffert<\/p>\n","protected":false},"excerpt":{"rendered":"<p>Es herbstelt so langsam. Wobei uns das Wetter derzeit mit reichlich Sonne verw\u00f6hnt. Aber die ersten Vorboten des Herbstes sind bereits zu erkennen. Daher gibt es heute eine ganz einfache Bastelidee f\u00fcr euch, mit der ihr das Fenster oder Kinderzimmer passend zur Jahreszeit dekorieren k\u00f6nnt. Macht ihr mit? Das ben\u00f6tigte Bastelmaterial habt ihr ganz sicher&#8230; <a href=\"https:\/\/www.sabine-seyffert.de\/blog\/basteln-mit-kindern-bunte-drachen-aus-pappe-bastelidee-fuer-den-herbst\/\" class=\"more-link\">Read more: Basteln mit Kindern: Bunte Drachen aus Pappe  &#8211; Bastelidee f\u00fcr den Herbst<\/a><\/p>\n","protected":false},"author":2,"featured_media":0,"comment_status":"open","ping_status":"open","sticky":false,"template":"","format":"standard","meta":{"_metis_text_type":"","_metis_text_length":2780,"_post_count":0,"footnotes":""},"categories":[32,25,37,47],"tags":[],"class_list":["post-21098","post","type-post","status-publish","format-standard","hentry","category-kreatives-fur-kleine-kinderhande","category-herbst","category-himmlisches","category-upcyceltes"],"_links":{"self":[{"href":"https:\/\/www.sabine-seyffert.de\/blog\/wp-json\/wp\/v2\/posts\/21098","targetHints":{"allow":["GET"]}}],"collection":[{"href":"https:\/\/www.sabine-seyffert.de\/blog\/wp-json\/wp\/v2\/posts"}],"about":[{"href":"https:\/\/www.sabine-seyffert.de\/blog\/wp-json\/wp\/v2\/types\/post"}],"author":[{"embeddable":true,"href":"https:\/\/www.sabine-seyffert.de\/blog\/wp-json\/wp\/v2\/users\/2"}],"replies":[{"embeddable":true,"href":"https:\/\/www.sabine-seyffert.de\/blog\/wp-json\/wp\/v2\/comments?post=21098"}],"version-history":[{"count":2,"href":"https:\/\/www.sabine-seyffert.de\/blog\/wp-json\/wp\/v2\/posts\/21098\/revisions"}],"predecessor-version":[{"id":21110,"href":"https:\/\/www.sabine-seyffert.de\/blog\/wp-json\/wp\/v2\/posts\/21098\/revisions\/21110"}],"wp:attachment":[{"href":"https:\/\/www.sabine-seyffert.de\/blog\/wp-json\/wp\/v2\/media?parent=21098"}],"wp:term":[{"taxonomy":"category","embeddable":true,"href":"https:\/\/www.sabine-seyffert.de\/blog\/wp-json\/wp\/v2\/categories?post=21098"},{"taxonomy":"post_tag","embeddable":true,"href":"https:\/\/www.sabine-seyffert.de\/blog\/wp-json\/wp\/v2\/tags?post=21098"}],"curies":[{"name":"wp","href":"https:\/\/api.w.org\/{rel}","templated":true}]}}