{"id":21050,"date":"2021-09-03T06:00:55","date_gmt":"2021-09-03T04:00:55","guid":{"rendered":"https:\/\/www.sabine-seyffert.de\/blog\/?p=21050"},"modified":"2021-08-30T18:35:34","modified_gmt":"2021-08-30T16:35:34","slug":"kreative-bastelidee-fuer-kinder-bunte-voegel-aus-pappe-eis-stielen-papierresten-basteln","status":"publish","type":"post","link":"https:\/\/www.sabine-seyffert.de\/blog\/kreative-bastelidee-fuer-kinder-bunte-voegel-aus-pappe-eis-stielen-papierresten-basteln\/","title":{"rendered":"Kreative Bastelidee f\u00fcr Kinder: Bunte V\u00f6gel aus Pappe, Eis Stielen &#038; Papierresten basteln"},"content":{"rendered":"<p style=\"text-align: justify;\"><img loading=\"lazy\" decoding=\"async\" src=\"https:\/\/vg06.met.vgwort.de\/na\/b401e3026ad94623b8e26457b277dd2a\" alt=\"\" width=\"1\" height=\"1\" \/>Nach der <a href=\"https:\/\/www.sabine-seyffert.de\/blog\/?p=21020\" target=\"_blank\" rel=\"noopener noreferrer\">selbst gemachten Farbpalette<\/a> und <a href=\"https:\/\/www.sabine-seyffert.de\/blog\/?p=21035\" target=\"_blank\" rel=\"noopener noreferrer\">den gestempelten Bonbons<\/a> gibt es heute noch eine weitere Bastelanleitung, bei der es ausgesprochen farbenfroh und lustig zugeht: Schr\u00e4ge V\u00f6gel aus Pappe, Eisstiel und Papierstreifen. Die sind so einfach zu basteln, dass man gleich eine ganze Vogel Familie gestalten kann. Vor allem mag gar nicht mehr aufh\u00f6ren neue V\u00f6gel zu kreieren. Bastelt ihr auch mit? Dann leistet uns doch Gesellschaft und schickt gerne mal ein Foto von euren lustigen Piepm\u00e4tzen!<\/p>\n<p style=\"text-align: center;\"><a href=\"https:\/\/www.sabine-seyffert.de\/blog\/wp-content\/uploads\/2021\/08\/Bunte-V\u00f6gel-Sabine-Seyffert.de-2.jpg\"><img loading=\"lazy\" decoding=\"async\" class=\"alignnone size-full wp-image-21051\" src=\"https:\/\/www.sabine-seyffert.de\/blog\/wp-content\/uploads\/2021\/08\/Bunte-V\u00f6gel-Sabine-Seyffert.de-2.jpg\" alt=\"\" width=\"800\" height=\"600\" srcset=\"https:\/\/www.sabine-seyffert.de\/blog\/wp-content\/uploads\/2021\/08\/Bunte-V\u00f6gel-Sabine-Seyffert.de-2.jpg 800w, https:\/\/www.sabine-seyffert.de\/blog\/wp-content\/uploads\/2021\/08\/Bunte-V\u00f6gel-Sabine-Seyffert.de-2-300x225.jpg 300w, https:\/\/www.sabine-seyffert.de\/blog\/wp-content\/uploads\/2021\/08\/Bunte-V\u00f6gel-Sabine-Seyffert.de-2-768x576.jpg 768w\" sizes=\"auto, (max-width: 800px) 100vw, 800px\" \/><\/a><\/p>\n<p style=\"text-align: justify;\"><strong>Das wird gebraucht:<\/strong><br \/>\nPappe, ggf. ein scharfes Bastelmesser \/ Cutter, bunte Papierreste, eine Bastelschere, Bastelfarbe, einen Locher, Eisstiele \/ Holzspatel, einen schwarzen Filzstift, Schaschlikst\u00e4be aus Holz oder Pinsel mit d\u00fcnnem Holzgriff, Bastelkleber (Klebestift), eine Hei\u00dfklebepistole samt Klebepatrone, eine Bastelunterlage (oder alte Zeitung), Pinsel, <a href=\"https:\/\/www.sabine-seyffert.de\/blog\/?p=12310\" target=\"_blank\" rel=\"noopener noreferrer\">Malkittel<\/a> sowie optional eine Zackenschere<\/p>\n<p style=\"text-align: center;\"><a href=\"https:\/\/www.sabine-seyffert.de\/blog\/wp-content\/uploads\/2021\/08\/Bunte-V\u00f6gel-Sabine-Seyffert.de-10.jpg\"><img loading=\"lazy\" decoding=\"async\" class=\"alignnone size-full wp-image-21052\" src=\"https:\/\/www.sabine-seyffert.de\/blog\/wp-content\/uploads\/2021\/08\/Bunte-V\u00f6gel-Sabine-Seyffert.de-10.jpg\" alt=\"\" width=\"800\" height=\"600\" srcset=\"https:\/\/www.sabine-seyffert.de\/blog\/wp-content\/uploads\/2021\/08\/Bunte-V\u00f6gel-Sabine-Seyffert.de-10.jpg 800w, https:\/\/www.sabine-seyffert.de\/blog\/wp-content\/uploads\/2021\/08\/Bunte-V\u00f6gel-Sabine-Seyffert.de-10-300x225.jpg 300w, https:\/\/www.sabine-seyffert.de\/blog\/wp-content\/uploads\/2021\/08\/Bunte-V\u00f6gel-Sabine-Seyffert.de-10-768x576.jpg 768w\" sizes=\"auto, (max-width: 800px) 100vw, 800px\" \/><\/a><\/p>\n<p style=\"text-align: justify;\"><strong>So wird\u2019s gemacht:<\/strong><br \/>\nSchl\u00fcpft in die Bastelkittel, deckt den Tisch ab und zeichnet euch mit einem Bleistift und einem umgedrehten Glas Kreise auf die unbedruckte Pappe.<\/p>\n<p style=\"text-align: center;\"><a href=\"https:\/\/www.sabine-seyffert.de\/blog\/wp-content\/uploads\/2021\/08\/Bunte-V\u00f6gel-Sabine-Seyffert.de-8.jpg\"><img loading=\"lazy\" decoding=\"async\" class=\"alignnone size-full wp-image-21057\" src=\"https:\/\/www.sabine-seyffert.de\/blog\/wp-content\/uploads\/2021\/08\/Bunte-V\u00f6gel-Sabine-Seyffert.de-8.jpg\" alt=\"\" width=\"800\" height=\"600\" srcset=\"https:\/\/www.sabine-seyffert.de\/blog\/wp-content\/uploads\/2021\/08\/Bunte-V\u00f6gel-Sabine-Seyffert.de-8.jpg 800w, https:\/\/www.sabine-seyffert.de\/blog\/wp-content\/uploads\/2021\/08\/Bunte-V\u00f6gel-Sabine-Seyffert.de-8-300x225.jpg 300w, https:\/\/www.sabine-seyffert.de\/blog\/wp-content\/uploads\/2021\/08\/Bunte-V\u00f6gel-Sabine-Seyffert.de-8-768x576.jpg 768w\" sizes=\"auto, (max-width: 800px) 100vw, 800px\" \/><\/a><\/p>\n<p style=\"text-align: justify;\">Alternativ klappt das nat\u00fcrlich auch mit einem Zirkel. Wer einen Kreisstanzer oder Kreisschneider besitzt, kann nat\u00fcrlich auch diesen verwenden, dann geht es noch schneller.<\/p>\n<p style=\"text-align: center;\"><a href=\"https:\/\/www.sabine-seyffert.de\/blog\/wp-content\/uploads\/2021\/08\/Bunte-V\u00f6gel-Sabine-Seyffert.de-7.jpg\"><img loading=\"lazy\" decoding=\"async\" class=\"alignnone size-full wp-image-21058\" src=\"https:\/\/www.sabine-seyffert.de\/blog\/wp-content\/uploads\/2021\/08\/Bunte-V\u00f6gel-Sabine-Seyffert.de-7.jpg\" alt=\"\" width=\"800\" height=\"600\" srcset=\"https:\/\/www.sabine-seyffert.de\/blog\/wp-content\/uploads\/2021\/08\/Bunte-V\u00f6gel-Sabine-Seyffert.de-7.jpg 800w, https:\/\/www.sabine-seyffert.de\/blog\/wp-content\/uploads\/2021\/08\/Bunte-V\u00f6gel-Sabine-Seyffert.de-7-300x225.jpg 300w, https:\/\/www.sabine-seyffert.de\/blog\/wp-content\/uploads\/2021\/08\/Bunte-V\u00f6gel-Sabine-Seyffert.de-7-768x576.jpg 768w\" sizes=\"auto, (max-width: 800px) 100vw, 800px\" \/><\/a><\/p>\n<p style=\"text-align: justify;\">Die Kreise mal ihr bunt an. W\u00e4hrend die Farbe trocknet, bereitet ihr die bunten Federn vor. Dazu schneidet ihr aus Papierresten l\u00e4ngere Streifen.<\/p>\n<p style=\"text-align: center;\"><a href=\"https:\/\/www.sabine-seyffert.de\/blog\/wp-content\/uploads\/2021\/08\/Bunte-V\u00f6gel-Sabine-Seyffert.de-6.jpg\"><img loading=\"lazy\" decoding=\"async\" class=\"alignnone size-full wp-image-21059\" src=\"https:\/\/www.sabine-seyffert.de\/blog\/wp-content\/uploads\/2021\/08\/Bunte-V\u00f6gel-Sabine-Seyffert.de-6.jpg\" alt=\"\" width=\"800\" height=\"600\" srcset=\"https:\/\/www.sabine-seyffert.de\/blog\/wp-content\/uploads\/2021\/08\/Bunte-V\u00f6gel-Sabine-Seyffert.de-6.jpg 800w, https:\/\/www.sabine-seyffert.de\/blog\/wp-content\/uploads\/2021\/08\/Bunte-V\u00f6gel-Sabine-Seyffert.de-6-300x225.jpg 300w, https:\/\/www.sabine-seyffert.de\/blog\/wp-content\/uploads\/2021\/08\/Bunte-V\u00f6gel-Sabine-Seyffert.de-6-768x576.jpg 768w\" sizes=\"auto, (max-width: 800px) 100vw, 800px\" \/><\/a><\/p>\n<p style=\"text-align: justify;\">Die k\u00f6nnen unterschiedlich breit sein. Falls ihr eine Zackenschere habt, schneidet auch damit den einen oder anderen Streifen zu.<\/p>\n<p style=\"text-align: center;\"><a href=\"https:\/\/www.sabine-seyffert.de\/blog\/wp-content\/uploads\/2021\/08\/Bunte-V\u00f6gel-Sabine-Seyffert.de-5.jpg\"><img loading=\"lazy\" decoding=\"async\" class=\"alignnone size-full wp-image-21060\" src=\"https:\/\/www.sabine-seyffert.de\/blog\/wp-content\/uploads\/2021\/08\/Bunte-V\u00f6gel-Sabine-Seyffert.de-5.jpg\" alt=\"\" width=\"800\" height=\"600\" srcset=\"https:\/\/www.sabine-seyffert.de\/blog\/wp-content\/uploads\/2021\/08\/Bunte-V\u00f6gel-Sabine-Seyffert.de-5.jpg 800w, https:\/\/www.sabine-seyffert.de\/blog\/wp-content\/uploads\/2021\/08\/Bunte-V\u00f6gel-Sabine-Seyffert.de-5-300x225.jpg 300w, https:\/\/www.sabine-seyffert.de\/blog\/wp-content\/uploads\/2021\/08\/Bunte-V\u00f6gel-Sabine-Seyffert.de-5-768x576.jpg 768w\" sizes=\"auto, (max-width: 800px) 100vw, 800px\" \/><\/a><\/p>\n<p style=\"text-align: justify;\">Einfach nur angeklebt, w\u00e4ren die Federn ein bisschen langweilig. Daher haben wir diese teilweise aufgedreht. Das ist kinderleicht. Schaut mal in der Bastelanleitung bei <a href=\"https:\/\/www.sabine-seyffert.de\/blog\/?p=19333\" target=\"_blank\" rel=\"noopener noreferrer\">dem Zauberer<\/a>, <a href=\"https:\/\/www.sabine-seyffert.de\/blog\/?p=20763\" target=\"_blank\" rel=\"noopener noreferrer\">der Sonne<\/a> oder <a href=\"https:\/\/www.sabine-seyffert.de\/blog\/?p=20683\" target=\"_blank\" rel=\"noopener noreferrer\">diesem kleinen L\u00f6wen<\/a>. Dabei hilft ein d\u00fcnner Pinselstiel, Schaschlik St\u00e4bchen oder ein Buntstift.<\/p>\n<p style=\"text-align: center;\"><a href=\"https:\/\/www.sabine-seyffert.de\/blog\/wp-content\/uploads\/2021\/08\/Bunte-V\u00f6gel-Sabine-Seyffert.de-4.jpg\"><img loading=\"lazy\" decoding=\"async\" class=\"alignnone size-full wp-image-21061\" src=\"https:\/\/www.sabine-seyffert.de\/blog\/wp-content\/uploads\/2021\/08\/Bunte-V\u00f6gel-Sabine-Seyffert.de-4.jpg\" alt=\"\" width=\"800\" height=\"600\" srcset=\"https:\/\/www.sabine-seyffert.de\/blog\/wp-content\/uploads\/2021\/08\/Bunte-V\u00f6gel-Sabine-Seyffert.de-4.jpg 800w, https:\/\/www.sabine-seyffert.de\/blog\/wp-content\/uploads\/2021\/08\/Bunte-V\u00f6gel-Sabine-Seyffert.de-4-300x225.jpg 300w, https:\/\/www.sabine-seyffert.de\/blog\/wp-content\/uploads\/2021\/08\/Bunte-V\u00f6gel-Sabine-Seyffert.de-4-768x576.jpg 768w\" sizes=\"auto, (max-width: 800px) 100vw, 800px\" \/><\/a><\/p>\n<p style=\"text-align: justify;\">Jetzt klebt ihr einen bunten Pappkreis an einen Eisstiel (wir sammeln diese nach dem Eis Essen immer und packen die mit in die Sp\u00fclmaschine). An der R\u00fcckseite der Pappe klebt ihr jetzt die vorbereiteten Federn.<\/p>\n<p style=\"text-align: center;\"><a href=\"https:\/\/www.sabine-seyffert.de\/blog\/wp-content\/uploads\/2021\/08\/Bunte-V\u00f6gel-Sabine-Seyffert.de-3.jpg\"><img loading=\"lazy\" decoding=\"async\" class=\"alignnone size-full wp-image-21062\" src=\"https:\/\/www.sabine-seyffert.de\/blog\/wp-content\/uploads\/2021\/08\/Bunte-V\u00f6gel-Sabine-Seyffert.de-3.jpg\" alt=\"\" width=\"800\" height=\"600\" srcset=\"https:\/\/www.sabine-seyffert.de\/blog\/wp-content\/uploads\/2021\/08\/Bunte-V\u00f6gel-Sabine-Seyffert.de-3.jpg 800w, https:\/\/www.sabine-seyffert.de\/blog\/wp-content\/uploads\/2021\/08\/Bunte-V\u00f6gel-Sabine-Seyffert.de-3-300x225.jpg 300w, https:\/\/www.sabine-seyffert.de\/blog\/wp-content\/uploads\/2021\/08\/Bunte-V\u00f6gel-Sabine-Seyffert.de-3-768x576.jpg 768w\" sizes=\"auto, (max-width: 800px) 100vw, 800px\" \/><\/a><\/p>\n<p style=\"text-align: justify;\">Ganz zum Schluss stanzt ihr mit einem B\u00fcrolocher noch wei\u00dfe Kreise aus Papier, die ihr f\u00fcr die Augen braucht. Aufkleben und mit einem Filzstift einen schwarzen Punkt hinein malen. F\u00fcr den Schnabel ein kleines Dreieck aus den Papierresten schneiden und fertig ist der kleine Flattermann!<\/p>\n<p style=\"text-align: center;\"><a href=\"https:\/\/www.sabine-seyffert.de\/blog\/wp-content\/uploads\/2021\/08\/Bunte-V\u00f6gel-Sabine-Seyffert.de-1.jpg\"><img loading=\"lazy\" decoding=\"async\" class=\"alignnone size-full wp-image-21056\" src=\"https:\/\/www.sabine-seyffert.de\/blog\/wp-content\/uploads\/2021\/08\/Bunte-V\u00f6gel-Sabine-Seyffert.de-1.jpg\" alt=\"\" width=\"800\" height=\"600\" srcset=\"https:\/\/www.sabine-seyffert.de\/blog\/wp-content\/uploads\/2021\/08\/Bunte-V\u00f6gel-Sabine-Seyffert.de-1.jpg 800w, https:\/\/www.sabine-seyffert.de\/blog\/wp-content\/uploads\/2021\/08\/Bunte-V\u00f6gel-Sabine-Seyffert.de-1-300x225.jpg 300w, https:\/\/www.sabine-seyffert.de\/blog\/wp-content\/uploads\/2021\/08\/Bunte-V\u00f6gel-Sabine-Seyffert.de-1-768x576.jpg 768w\" sizes=\"auto, (max-width: 800px) 100vw, 800px\" \/><\/a><\/p>\n<p style=\"text-align: justify;\"><strong>Ein kleiner Tipp:<\/strong><br \/>\nDie schr\u00e4gen V\u00f6gel sind super niedlich und sorgen als Deko f\u00fcr reichlich gute Laune. Daher eignen sie sich besonders gut als Tischdeko auf einem <a href=\"https:\/\/www.sabine-seyffert.de\/blog\/?cat=21\" target=\"_blank\" rel=\"noopener noreferrer\">Kindergeburtstag<\/a>, als Kuchentopper oder auch <a href=\"https:\/\/www.sabine-seyffert.de\/blog\/?cat=36\" target=\"_blank\" rel=\"noopener noreferrer\">kleines Mitbringsel<\/a>, was sich gut in einen Blumentopf stecken l\u00e4sst.<\/p>\n<p style=\"text-align: center;\"><a href=\"https:\/\/www.sabine-seyffert.de\/blog\/wp-content\/uploads\/2021\/08\/Bunte-V\u00f6gel-Sabine-Seyffert.de-16.jpg\"><img loading=\"lazy\" decoding=\"async\" class=\"alignnone size-full wp-image-21055\" src=\"https:\/\/www.sabine-seyffert.de\/blog\/wp-content\/uploads\/2021\/08\/Bunte-V\u00f6gel-Sabine-Seyffert.de-16.jpg\" alt=\"\" width=\"800\" height=\"600\" srcset=\"https:\/\/www.sabine-seyffert.de\/blog\/wp-content\/uploads\/2021\/08\/Bunte-V\u00f6gel-Sabine-Seyffert.de-16.jpg 800w, https:\/\/www.sabine-seyffert.de\/blog\/wp-content\/uploads\/2021\/08\/Bunte-V\u00f6gel-Sabine-Seyffert.de-16-300x225.jpg 300w, https:\/\/www.sabine-seyffert.de\/blog\/wp-content\/uploads\/2021\/08\/Bunte-V\u00f6gel-Sabine-Seyffert.de-16-768x576.jpg 768w\" sizes=\"auto, (max-width: 800px) 100vw, 800px\" \/><\/a><\/p>\n<p style=\"text-align: justify;\">Inspiriert hat mich \u00fcbrigens <a href=\"http:\/\/www.housingaforest.com\/silly-bird-puppets\/\" target=\"_blank\" rel=\"noopener noreferrer\">diese Idee<\/a>, die ich jedoch abge\u00e4ndert und f\u00fcr meine Zwecke abgewandelt habe \ud83d\ude42<\/p>\n<p style=\"text-align: center;\"><a href=\"https:\/\/www.sabine-seyffert.de\/blog\/wp-content\/uploads\/2021\/08\/Bunte-V\u00f6gel-Sabine-Seyffert.de-14.jpg\"><img loading=\"lazy\" decoding=\"async\" class=\"alignnone size-full wp-image-21054\" src=\"https:\/\/www.sabine-seyffert.de\/blog\/wp-content\/uploads\/2021\/08\/Bunte-V\u00f6gel-Sabine-Seyffert.de-14.jpg\" alt=\"\" width=\"600\" height=\"800\" srcset=\"https:\/\/www.sabine-seyffert.de\/blog\/wp-content\/uploads\/2021\/08\/Bunte-V\u00f6gel-Sabine-Seyffert.de-14.jpg 600w, https:\/\/www.sabine-seyffert.de\/blog\/wp-content\/uploads\/2021\/08\/Bunte-V\u00f6gel-Sabine-Seyffert.de-14-225x300.jpg 225w\" sizes=\"auto, (max-width: 600px) 100vw, 600px\" \/><\/a><\/p>\n<p style=\"text-align: justify;\">Weitere DIY Bastelideen f\u00fcr Kinder findet ihr \u00fcbrigens in <a href=\"https:\/\/www.sabine-seyffert.de\/blog\/?cat=32\" target=\"_blank\" rel=\"noopener noreferrer\">dieser Blog Kategorie<\/a>, alles zum Thema Upcycling mit detaillierter Bastelanleitung gibt es in <a href=\"https:\/\/www.sabine-seyffert.de\/blog\/?cat=47\" target=\"_blank\" rel=\"noopener noreferrer\">dieser Rubrik<\/a>, alles rund um die Sommerzeit sind in <a href=\"https:\/\/www.sabine-seyffert.de\/blog\/?cat=24\" target=\"_blank\" rel=\"noopener noreferrer\">diesem Blog Ordner<\/a> oder <a href=\"https:\/\/www.pinterest.de\/diysabineseyffert\/\" target=\"_blank\" rel=\"noopener noreferrer\">meiner Pinnwand<\/a> und andere kreative Sachen da.<\/p>\n<p style=\"text-align: center;\"><a href=\"https:\/\/www.sabine-seyffert.de\/blog\/wp-content\/uploads\/2021\/08\/Bunte-V\u00f6gel-Sabine-Seyffert.de-15.jpg\"><img loading=\"lazy\" decoding=\"async\" class=\"alignnone size-full wp-image-21053\" src=\"https:\/\/www.sabine-seyffert.de\/blog\/wp-content\/uploads\/2021\/08\/Bunte-V\u00f6gel-Sabine-Seyffert.de-15.jpg\" alt=\"\" width=\"600\" height=\"800\" srcset=\"https:\/\/www.sabine-seyffert.de\/blog\/wp-content\/uploads\/2021\/08\/Bunte-V\u00f6gel-Sabine-Seyffert.de-15.jpg 600w, https:\/\/www.sabine-seyffert.de\/blog\/wp-content\/uploads\/2021\/08\/Bunte-V\u00f6gel-Sabine-Seyffert.de-15-225x300.jpg 225w\" sizes=\"auto, (max-width: 600px) 100vw, 600px\" \/><\/a><\/p>\n<p style=\"text-align: justify;\"><a href=\"https:\/\/www.sabine-seyffert.de\/blog\/?page_id=32#urheberrecht\">urheberrechtlich gesch\u00fctzt<\/a>, \u00a9 Sabine Seyffert<\/p>\n","protected":false},"excerpt":{"rendered":"<p>Nach der selbst gemachten Farbpalette und den gestempelten Bonbons gibt es heute noch eine weitere Bastelanleitung, bei der es ausgesprochen farbenfroh und lustig zugeht: Schr\u00e4ge V\u00f6gel aus Pappe, Eisstiel und Papierstreifen. Die sind so einfach zu basteln, dass man gleich eine ganze Vogel Familie gestalten kann. Vor allem mag gar nicht mehr aufh\u00f6ren neue V\u00f6gel&#8230; <a href=\"https:\/\/www.sabine-seyffert.de\/blog\/kreative-bastelidee-fuer-kinder-bunte-voegel-aus-pappe-eis-stielen-papierresten-basteln\/\" class=\"more-link\">Read more: Kreative Bastelidee f\u00fcr Kinder: Bunte V\u00f6gel aus Pappe, Eis Stielen &#038; Papierresten basteln<\/a><\/p>\n","protected":false},"author":2,"featured_media":0,"comment_status":"open","ping_status":"open","sticky":false,"template":"","format":"standard","meta":{"_metis_text_type":"","_metis_text_length":3014,"_post_count":0,"footnotes":""},"categories":[32,21,24,47],"tags":[],"class_list":["post-21050","post","type-post","status-publish","format-standard","hentry","category-kreatives-fur-kleine-kinderhande","category-kinderfeste-partys","category-sommer","category-upcyceltes"],"_links":{"self":[{"href":"https:\/\/www.sabine-seyffert.de\/blog\/wp-json\/wp\/v2\/posts\/21050","targetHints":{"allow":["GET"]}}],"collection":[{"href":"https:\/\/www.sabine-seyffert.de\/blog\/wp-json\/wp\/v2\/posts"}],"about":[{"href":"https:\/\/www.sabine-seyffert.de\/blog\/wp-json\/wp\/v2\/types\/post"}],"author":[{"embeddable":true,"href":"https:\/\/www.sabine-seyffert.de\/blog\/wp-json\/wp\/v2\/users\/2"}],"replies":[{"embeddable":true,"href":"https:\/\/www.sabine-seyffert.de\/blog\/wp-json\/wp\/v2\/comments?post=21050"}],"version-history":[{"count":2,"href":"https:\/\/www.sabine-seyffert.de\/blog\/wp-json\/wp\/v2\/posts\/21050\/revisions"}],"predecessor-version":[{"id":21064,"href":"https:\/\/www.sabine-seyffert.de\/blog\/wp-json\/wp\/v2\/posts\/21050\/revisions\/21064"}],"wp:attachment":[{"href":"https:\/\/www.sabine-seyffert.de\/blog\/wp-json\/wp\/v2\/media?parent=21050"}],"wp:term":[{"taxonomy":"category","embeddable":true,"href":"https:\/\/www.sabine-seyffert.de\/blog\/wp-json\/wp\/v2\/categories?post=21050"},{"taxonomy":"post_tag","embeddable":true,"href":"https:\/\/www.sabine-seyffert.de\/blog\/wp-json\/wp\/v2\/tags?post=21050"}],"curies":[{"name":"wp","href":"https:\/\/api.w.org\/{rel}","templated":true}]}}