{"id":2104,"date":"2013-07-13T09:55:46","date_gmt":"2013-07-13T07:55:46","guid":{"rendered":"http:\/\/www.sabine-seyffert.de\/blog\/?p=2104"},"modified":"2017-03-06T12:55:41","modified_gmt":"2017-03-06T10:55:41","slug":"ein-kunterbunter-ballonhimmel","status":"publish","type":"post","link":"https:\/\/www.sabine-seyffert.de\/blog\/ein-kunterbunter-ballonhimmel\/","title":{"rendered":"Ein kunterbunter Ballonhimmel"},"content":{"rendered":"<p style=\"text-align: justify;\"><img loading=\"lazy\" decoding=\"async\" src=\"https:\/\/ssl-vg03.met.vgwort.de\/na\/09c19994f7ad42928c2ff2c06e7ed3ca\" alt=\"\" width=\"1\" height=\"1\" \/>So langsam zieht der Sommer ein. Der Himmel ist blau und nicht nur die Sonne l\u00e4sst sich in den letzten Tagen flei\u00dfig blicken, sondern es ist sommerlich warm. Wo das Wetter am Tag zuvor noch allerhand reges Treiben am Himmel beschehrte, wurden wir Samstag Morgen schon von der Sonne geweckt. Genau das richtige Wetter f\u00fcr ein Sommerfest. Nicht irgendein Sommerfest, sondern das letzte Fest im Kindergarten. Zumindest f\u00fcr unsere j\u00fcngste Tochter. Denn diese wird dort in K\u00fcrze als &#8220;Maxikind&#8221; verabschiedet und darf sich dann auf die Schule freuen.<\/p>\n<p style=\"text-align: center;\"><a href=\"http:\/\/www.sabine-seyffert.de\/blog\/wp-content\/uploads\/2013\/07\/Luftballonhimmel-1.jpg\"><img loading=\"lazy\" decoding=\"async\" class=\"alignnone size-full wp-image-2105\" src=\"http:\/\/www.sabine-seyffert.de\/blog\/wp-content\/uploads\/2013\/07\/Luftballonhimmel-1.jpg\" alt=\"Luftballonhimmel 1\" width=\"800\" height=\"574\" srcset=\"https:\/\/www.sabine-seyffert.de\/blog\/wp-content\/uploads\/2013\/07\/Luftballonhimmel-1.jpg 800w, https:\/\/www.sabine-seyffert.de\/blog\/wp-content\/uploads\/2013\/07\/Luftballonhimmel-1-300x215.jpg 300w\" sizes=\"auto, (max-width: 800px) 100vw, 800px\" \/><\/a><\/p>\n<p style=\"text-align: justify;\">Diesmal gab es auf dem Sommerfest einen Luftballonwettbewerb. Das l\u00e4sst nicht nur alle Kinderherzen h\u00f6her schlagen, sondern in dem Fall auch mein Herz. Ich liebe Luftballons. Besonders sch\u00f6n finde ich, diese am blauen Himmel dahin fliegen zu sehen, \u00fcber ihre wunderbare Leichtigkeit zu staunen und mich mit ihnen f\u00fcr eine Weile davonzutr\u00e4umen: Wohin sie wohl fliegen? Was k\u00f6nnen sie von da hoch oben alles sehen? Kitzelt ihnen der Wind an der Ballonnase oder l\u00e4sst ein leichter Sommerwind sie fr\u00f6hlich tanzen\u2026?<\/p>\n<p style=\"text-align: center;\"><a href=\"http:\/\/www.sabine-seyffert.de\/blog\/wp-content\/uploads\/2013\/07\/Luftballonhimmel-2.jpg\"><img loading=\"lazy\" decoding=\"async\" class=\"alignnone size-full wp-image-2106\" src=\"http:\/\/www.sabine-seyffert.de\/blog\/wp-content\/uploads\/2013\/07\/Luftballonhimmel-2.jpg\" alt=\"Luftballonhimmel 2\" width=\"800\" height=\"536\" srcset=\"https:\/\/www.sabine-seyffert.de\/blog\/wp-content\/uploads\/2013\/07\/Luftballonhimmel-2.jpg 800w, https:\/\/www.sabine-seyffert.de\/blog\/wp-content\/uploads\/2013\/07\/Luftballonhimmel-2-300x201.jpg 300w\" sizes=\"auto, (max-width: 800px) 100vw, 800px\" \/><\/a><\/p>\n<p style=\"text-align: justify;\">Nat\u00fcrlich darf sich auch unsere Tochter einen Ballon kaufen. Bevor ich die gr\u00f6\u00dfere Schwester fragen kann, sch\u00fcttelt diese bereits energisch den Kopf, sie m\u00f6chte keinen. Auf gar keinen Fall! Das braucht sie nicht mal auszusprechen. Und heimlich muss ich sehr schmunzeln, da ich den Grund daf\u00fcr nur zu gut kenne:<\/p>\n<p style=\"text-align: center;\"><a href=\"http:\/\/www.sabine-seyffert.de\/blog\/wp-content\/uploads\/2013\/07\/Luftballonhimmel-6.jpg\"><img loading=\"lazy\" decoding=\"async\" class=\"alignnone size-full wp-image-2107\" src=\"http:\/\/www.sabine-seyffert.de\/blog\/wp-content\/uploads\/2013\/07\/Luftballonhimmel-6.jpg\" alt=\"Luftballonhimmel 6\" width=\"800\" height=\"612\" srcset=\"https:\/\/www.sabine-seyffert.de\/blog\/wp-content\/uploads\/2013\/07\/Luftballonhimmel-6.jpg 800w, https:\/\/www.sabine-seyffert.de\/blog\/wp-content\/uploads\/2013\/07\/Luftballonhimmel-6-300x229.jpg 300w\" sizes=\"auto, (max-width: 800px) 100vw, 800px\" \/><\/a><\/p>\n<p style=\"text-align: justify;\">Vor 2 Jahren waren wir auf einem gro\u00dfen Kinderfest. Dort gab es einen \u00e4hnlichen Luftballonwettbewerb. Nat\u00fcrlich denkt man als Mutter stets an seine Kinder. Und so habe ich seinerzeit in bester Absicht gehandelt und selbstverst\u00e4ndlich gleich 4 Luftballons besorgt um f\u00fcr jedes meiner Kinder einen solchen ins Rennen zu schicken. Mein Motto diesbez\u00fcglich als 4-fache Mutter: Gleiches Recht f\u00fcr alle!<\/p>\n<p style=\"text-align: center;\"><a href=\"http:\/\/www.sabine-seyffert.de\/blog\/wp-content\/uploads\/2013\/07\/Luftballonhimmel-3.jpg\"><img loading=\"lazy\" decoding=\"async\" class=\"alignnone size-full wp-image-2108\" src=\"http:\/\/www.sabine-seyffert.de\/blog\/wp-content\/uploads\/2013\/07\/Luftballonhimmel-3.jpg\" alt=\"Luftballonhimmel 3\" width=\"598\" height=\"801\" srcset=\"https:\/\/www.sabine-seyffert.de\/blog\/wp-content\/uploads\/2013\/07\/Luftballonhimmel-3.jpg 598w, https:\/\/www.sabine-seyffert.de\/blog\/wp-content\/uploads\/2013\/07\/Luftballonhimmel-3-223x300.jpg 223w\" sizes=\"auto, (max-width: 598px) 100vw, 598px\" \/><\/a><\/p>\n<p style=\"text-align: justify;\">Gesagt, getan, die vier Luftballons lie\u00df meine j\u00fcngste Tochter gen Himmel fliegen und schickte noch ein paar Kussh\u00e4ndchen mit guten W\u00fcnschen hinterher. Diese wurden offenbar erh\u00f6rt, denn einer der Ballons gewann prompt den ersten Preis, da dieser am weitesten von all den Ballons geflogen war. Und zwar der Luftballon einer meiner Zwillingst\u00f6chter, die vor lauter Scham fast im Boden versank und meinte, dies sei an Peinlichkeit kaum zu \u00fcberbieten. Aus dem Alter sei sie ja l\u00e4ngst raus. Warum um alles in der Welt ich auf diese Schnapsidee gekommen sei&#8230;<\/p>\n<p style=\"text-align: center;\"><a href=\"http:\/\/www.sabine-seyffert.de\/blog\/wp-content\/uploads\/2013\/07\/Luftballonhimmel-4-quer.jpg\"><img loading=\"lazy\" decoding=\"async\" class=\"alignnone size-full wp-image-2109\" src=\"http:\/\/www.sabine-seyffert.de\/blog\/wp-content\/uploads\/2013\/07\/Luftballonhimmel-4-quer.jpg\" alt=\"Luftballonhimmel 4 quer\" width=\"800\" height=\"601\" srcset=\"https:\/\/www.sabine-seyffert.de\/blog\/wp-content\/uploads\/2013\/07\/Luftballonhimmel-4-quer.jpg 800w, https:\/\/www.sabine-seyffert.de\/blog\/wp-content\/uploads\/2013\/07\/Luftballonhimmel-4-quer-300x225.jpg 300w\" sizes=\"auto, (max-width: 800px) 100vw, 800px\" \/><\/a><\/p>\n<p style=\"text-align: justify;\">Seitdem verkneife ich mir bei solchen Gelegenheiten an meine \u201egro\u00dfen\u201c T\u00f6chter zu denken, die diesem Alter und Anlass nat\u00fcrlich l\u00e4ngst entwachsen sind!? Ich bitte an dieser Stelle herzlich um Verzeihung f\u00fcr das m\u00fctterliche Fauxpas. Auch M\u00fctter lernen noch dazu.<\/p>\n<p style=\"text-align: justify;\">Allen, die ihren Ballon am letzten Samstag gen Himmel geschickt haben, dr\u00fccke ich ganz fest die Daumen! F\u00fcr alle Pubertierenden hoffe ich, da\u00df keine Eltern dabei waren, die den gleichen Fehler begangen haben wie ich \ud83d\ude09<\/p>\n<p style=\"text-align: center;\"><a href=\"http:\/\/www.sabine-seyffert.de\/blog\/wp-content\/uploads\/2013\/07\/Luftballonhimmel-5.jpg\"><img loading=\"lazy\" decoding=\"async\" class=\"alignnone size-full wp-image-2110\" src=\"http:\/\/www.sabine-seyffert.de\/blog\/wp-content\/uploads\/2013\/07\/Luftballonhimmel-5.jpg\" alt=\"Luftballonhimmel 5\" width=\"800\" height=\"675\" srcset=\"https:\/\/www.sabine-seyffert.de\/blog\/wp-content\/uploads\/2013\/07\/Luftballonhimmel-5.jpg 800w, https:\/\/www.sabine-seyffert.de\/blog\/wp-content\/uploads\/2013\/07\/Luftballonhimmel-5-300x253.jpg 300w\" sizes=\"auto, (max-width: 800px) 100vw, 800px\" \/><\/a><\/p>\n<p style=\"text-align: justify;\">Und den bunten Ballonhimmel schicke ich in <a href=\"http:\/\/dieraumfee.blogspot.de\/2013\/07\/in-heaven-no-74-himmelswesen.html\" target=\"_blank\">Katjas<\/a> Samstagssammlung.<br \/>\n<a href=\"http:\/\/www.sabine-seyffert.de\/blog\/?page_id=32#urheberrecht\">urherrechtlich gesch\u00fctzt<\/a>, \u00a9 Sabine Seyffert<\/p>\n","protected":false},"excerpt":{"rendered":"<p>So langsam zieht der Sommer ein. Der Himmel ist blau und nicht nur die Sonne l\u00e4sst sich in den letzten Tagen flei\u00dfig blicken, sondern es ist sommerlich warm. Wo das Wetter am Tag zuvor noch allerhand reges Treiben am Himmel beschehrte, wurden wir Samstag Morgen schon von der Sonne geweckt. Genau das richtige Wetter f\u00fcr&#8230; <a href=\"https:\/\/www.sabine-seyffert.de\/blog\/ein-kunterbunter-ballonhimmel\/\" class=\"more-link\">Read more: Ein kunterbunter Ballonhimmel<\/a><\/p>\n","protected":false},"author":2,"featured_media":0,"comment_status":"open","ping_status":"open","sticky":false,"template":"","format":"standard","meta":{"_metis_text_type":"","_metis_text_length":2927,"_post_count":0,"footnotes":""},"categories":[37],"tags":[],"class_list":["post-2104","post","type-post","status-publish","format-standard","hentry","category-himmlisches"],"_links":{"self":[{"href":"https:\/\/www.sabine-seyffert.de\/blog\/wp-json\/wp\/v2\/posts\/2104","targetHints":{"allow":["GET"]}}],"collection":[{"href":"https:\/\/www.sabine-seyffert.de\/blog\/wp-json\/wp\/v2\/posts"}],"about":[{"href":"https:\/\/www.sabine-seyffert.de\/blog\/wp-json\/wp\/v2\/types\/post"}],"author":[{"embeddable":true,"href":"https:\/\/www.sabine-seyffert.de\/blog\/wp-json\/wp\/v2\/users\/2"}],"replies":[{"embeddable":true,"href":"https:\/\/www.sabine-seyffert.de\/blog\/wp-json\/wp\/v2\/comments?post=2104"}],"version-history":[{"count":22,"href":"https:\/\/www.sabine-seyffert.de\/blog\/wp-json\/wp\/v2\/posts\/2104\/revisions"}],"predecessor-version":[{"id":9838,"href":"https:\/\/www.sabine-seyffert.de\/blog\/wp-json\/wp\/v2\/posts\/2104\/revisions\/9838"}],"wp:attachment":[{"href":"https:\/\/www.sabine-seyffert.de\/blog\/wp-json\/wp\/v2\/media?parent=2104"}],"wp:term":[{"taxonomy":"category","embeddable":true,"href":"https:\/\/www.sabine-seyffert.de\/blog\/wp-json\/wp\/v2\/categories?post=2104"},{"taxonomy":"post_tag","embeddable":true,"href":"https:\/\/www.sabine-seyffert.de\/blog\/wp-json\/wp\/v2\/tags?post=2104"}],"curies":[{"name":"wp","href":"https:\/\/api.w.org\/{rel}","templated":true}]}}