{"id":21013,"date":"2021-08-30T06:00:43","date_gmt":"2021-08-30T04:00:43","guid":{"rendered":"https:\/\/www.sabine-seyffert.de\/blog\/?p=21013"},"modified":"2024-03-01T06:31:39","modified_gmt":"2024-03-01T04:31:39","slug":"ach-wie-bin-ich-muede-mitmachgeschichte-zum-bewegen-entspannen","status":"publish","type":"post","link":"https:\/\/www.sabine-seyffert.de\/blog\/ach-wie-bin-ich-muede-mitmachgeschichte-zum-bewegen-entspannen\/","title":{"rendered":"Ach, wie bin ich m\u00fcde&#8230; \/ Mitmachgeschichte zum Bewegen &#038; Entspannen"},"content":{"rendered":"<p style=\"text-align: justify;\"><img loading=\"lazy\" decoding=\"async\" src=\"https:\/\/vg06.met.vgwort.de\/na\/7823e09b3e9947b2afe27afe6eb8b2e3\" alt=\"\" width=\"1\" height=\"1\" \/>Wie gestern in dem <a href=\"https:\/\/www.sabine-seyffert.de\/blog\/?p=21007\" target=\"_blank\" rel=\"noopener noreferrer\">Blog Artikel \u00fcber Mitmach- und Bewegungsgeschichten f\u00fcr Kinder<\/a> angek\u00fcndigt, stelle ich euch heute eine solche Geschichte vor, wie sie auf meiner neuesten CD \u201eDie 30 besten Mitmachgeschichten zum Bewegen &amp; Entspannen\u201c zu finden sind. Viel Spa\u00df beim Ausprobieren!<\/p>\n<p style=\"text-align: justify;\"><strong>Das wird gebraucht:<\/strong> Pro Kind ein kleines Kissen und eine Decke<\/p>\n<p style=\"text-align: center;\"><a href=\"https:\/\/www.sabine-seyffert.de\/blog\/wp-content\/uploads\/2021\/08\/Mitmachgeschichte-ach-wie-bin-ich-muede-Sabine-Seyffert.de-5.jpg\"><img loading=\"lazy\" decoding=\"async\" class=\"alignnone size-full wp-image-27497\" src=\"https:\/\/www.sabine-seyffert.de\/blog\/wp-content\/uploads\/2021\/08\/Mitmachgeschichte-ach-wie-bin-ich-muede-Sabine-Seyffert.de-5.jpg\" alt=\"\" width=\"600\" height=\"800\" srcset=\"https:\/\/www.sabine-seyffert.de\/blog\/wp-content\/uploads\/2021\/08\/Mitmachgeschichte-ach-wie-bin-ich-muede-Sabine-Seyffert.de-5.jpg 600w, https:\/\/www.sabine-seyffert.de\/blog\/wp-content\/uploads\/2021\/08\/Mitmachgeschichte-ach-wie-bin-ich-muede-Sabine-Seyffert.de-5-225x300.jpg 225w\" sizes=\"auto, (max-width: 600px) 100vw, 600px\" \/><\/a><\/p>\n<p style=\"text-align: justify;\"><strong>So wird\u2019s gemacht:<\/strong><br \/>\nStell dir vor, die Sonne hat dich geweckt. M\u00fcde richtest du dich auf und kletterst aus dem Bett. Aber deine Augen sind noch ganz verschlafen. Du musst sie erst einmal wecken und ihnen den Schlaf auf den Augen reiben. Ganz vorsichtig massierst du mit deinen Fingern die Augenlieder\u2026<\/p>\n<p style=\"text-align: justify;\">Dann ist die Nase an der Reihe. Dazu legst du die Finger beider H\u00e4nde rechts und links an deine Nase und streichst vom Nasenbein an in Richtung Nasenspitze nach unten&#8230; Und mach es noch einmal\u2026 Prima\u2026<\/p>\n<p style=\"text-align: justify;\">Als n\u00e4chstes weckst du deine Wangen&#8230; Balle deine H\u00e4nde zu lockeren F\u00e4usten und klopfe deine Wangen vorsichtig durch\u2026 Ganz toll machst du das\u2026 So, ist es richtig\u2026<\/p>\n<p style=\"text-align: justify;\">Darunter sitzt dein Mund, der auch schon darauf wartet von dir geweckt zu werden\u2026 Er g\u00e4hnt dir lauthals zu&#8230; Als du mit G\u00e4hnen fertig bist, streichst du mit den Fingern \u00fcber deinen Mund\u2026 Von rechts nach links\u2026 Und dann von links nach rechts\u2026 Und wieder zur\u00fcck\u2026 Ist der Mund nun aufgewacht? Klasse, denn deine Ohren warten schon\u2026<\/p>\n<p style=\"text-align: justify;\">Lege die Finger an die Ohren und massiere sie seitlich sanft durch. Fang ganz oben an und arbeite dich auf diese Weise von oben seitlich entlang, bis nach unten in Richtung Ohrl\u00e4ppchen\u2026 Wenn du damit fertig ziehst, kannst die wieder ganz oben an den Ohren anfangen und sie mit leichtem Druck nach au\u00dfen hin ausstreichen\u2026 Dazu setzt du Daumen und Zeigefinger immer wieder innen am Ohr an und ziehst es so nach Au\u00dfen\u2026 H\u00f6r doch mal! Deine Ohren sind nun hell wach. Es kribbelt ganz wunderbar und du kannst richtig gut h\u00f6ren\u2026<\/p>\n<p style=\"text-align: justify;\">Jetzt sind die Schultern dran&#8230; Lege dazu deine rechte Hand auf die linke Schulter und klopfe sanft von der Schulter an abw\u00e4rts den ganzen Arm hinunter, um den Arm zu wecken\u2026 Dann machst du dasselbe mit der linken Hand, die die rechte Schulter bis zur Hand hinunter klopft und alles richtig schon wach macht&#8230;<\/p>\n<p style=\"text-align: justify;\">Den Brustkorb nicht vergessen, vorsichtig kannst du diesen mit den flachen H\u00e4nden gleichm\u00e4\u00dfig abklopfen und ihm einen guten Morgen w\u00fcnschen&#8230;<\/p>\n<p style=\"text-align: justify;\">Nun muss auch der Bauch geweckt werden. Du legst eine flache Hand auf den Bauch. Damit beginnst du um den Bauchnabel herum, im Uhrzeigersinn, kreisend zu massieren\u2026 Die W\u00e4rme tut so gut und der Bauch f\u00e4ngt ganz leicht an zu kribbeln\u2026<\/p>\n<p style=\"text-align: justify;\">Bald hast du es geschafft! Deine Beine m\u00fcssen noch wach werden. Du sch\u00fcttelst sie kraftvoll aus\u2026 Dann h\u00fcpfst du ein paar Mal auf der Stelle&#8230; Hopp, hopp und hopp\u2026 Du h\u00fcpfst dabei auf und ab, wie ein kleiner bunte Flummi\u2026<\/p>\n<p style=\"text-align: justify;\">Die F\u00fc\u00dfe sind zum Gl\u00fcck leicht zu wecken. Stampfe ein paar Mal mit den F\u00fc\u00dfen auf den Boden\u2026 Genau so \u2013 und schon sind die putzmunter! Gut gemacht!<\/p>\n<p style=\"text-align: justify;\">Dein Po guckt noch leicht verschlafen. Offenbar braucht er heute eine kleine Extra-Einladung. Klopfe mit deinen H\u00e4nden ein paar Mal kraftvoll auf den Po\u2026 Super \u2013 so klappt das wunderbar!<\/p>\n<p style=\"text-align: justify;\">Nochmals alles kr\u00e4ftig durchsch\u00fctteln, damit auch wirklich alle M\u00fcdigkeit aus verschwindet&#8230;<br \/>\nErst den Kopf\u2026 Die Schultern\u2026 Beide Arme\u2026 Den Po\u2026 Beine\u2026 und zu guter Letzt die F\u00fc\u00dfe\u2026 Geschafft!<\/p>\n<p style=\"text-align: justify;\">Oje \u2013 das Wecken war so anstrengend, da musst du dich gleich wieder eine Weile ausruhen&#8230; Du legst dich hin und schlie\u00dft die Augen\u2026<\/p>\n<p style=\"text-align: justify;\">Ganz ruhig und entspannt liegst du nun da&#8230; Dein K\u00f6rper f\u00fchlt sich schwer an&#8230; Besonders gut nimmst du die Schwere in deinen Armen und Beinen wahr&#8230; Ganz schwer sind deine Arme und Beine&#8230; Beide Arme und Beine sind schwer&#8230; Und nun sp\u00fcrst du eine wohltuende W\u00e4rme in dir&#8230; Deine Arme und Beine sind warm&#8230; Ganz warm sind deine Arme und Beine&#8230; Sp\u00fcre doch mal, wie die W\u00e4rme in deinen Armen und Beinen flie\u00dft&#8230; Wohlig warm und ganz entspannt liegst du da&#8230; Dabei nimmst du wahr, wie mit der wohltuenden W\u00e4rme auch ganz viel Kraft und neue Energie in dir flie\u00dft\u2026 Ein ganz wunderbares Gef\u00fchl\u2026<\/p>\n<p style=\"text-align: justify;\">Dann atmest du tief ein und aus\u2026 Ballst deine H\u00e4nde zu ganz festen F\u00e4usten\u2026 Reckst und streckst dich\u2026 Und kannst nun fr\u00f6hlich und munter in den neuen Tag starten\u2026<\/p>\n<p style=\"text-align: center;\"><a href=\"https:\/\/www.sabine-seyffert.de\/blog\/wp-content\/uploads\/2021\/08\/Mitmachgeschichte-ach-wie-bin-ich-muede-Sabine-Seyffert.de-2.jpg\"><img loading=\"lazy\" decoding=\"async\" class=\"alignnone size-full wp-image-27498\" src=\"https:\/\/www.sabine-seyffert.de\/blog\/wp-content\/uploads\/2021\/08\/Mitmachgeschichte-ach-wie-bin-ich-muede-Sabine-Seyffert.de-2.jpg\" alt=\"\" width=\"800\" height=\"600\" srcset=\"https:\/\/www.sabine-seyffert.de\/blog\/wp-content\/uploads\/2021\/08\/Mitmachgeschichte-ach-wie-bin-ich-muede-Sabine-Seyffert.de-2.jpg 800w, https:\/\/www.sabine-seyffert.de\/blog\/wp-content\/uploads\/2021\/08\/Mitmachgeschichte-ach-wie-bin-ich-muede-Sabine-Seyffert.de-2-300x225.jpg 300w, https:\/\/www.sabine-seyffert.de\/blog\/wp-content\/uploads\/2021\/08\/Mitmachgeschichte-ach-wie-bin-ich-muede-Sabine-Seyffert.de-2-768x576.jpg 768w\" sizes=\"auto, (max-width: 800px) 100vw, 800px\" \/><\/a><\/p>\n<p style=\"text-align: justify;\"><strong>Ein kleiner Tipp:<\/strong> Gebt den Kindern im Anschluss an die Geschichten die M\u00f6glichkeit \u00fcber das Erlebte zu sprechen oder Zeit um die Erlebnisse kreativ auszudr\u00fccken.<\/p>\n<p style=\"text-align: center;\"><a href=\"https:\/\/www.sabine-seyffert.de\/blog\/wp-content\/uploads\/2021\/08\/Mitmachgeschichte-ach-wie-bin-ich-muede-Sabine-Seyffert.de-1.jpg\"><img loading=\"lazy\" decoding=\"async\" class=\"alignnone size-full wp-image-27499\" src=\"https:\/\/www.sabine-seyffert.de\/blog\/wp-content\/uploads\/2021\/08\/Mitmachgeschichte-ach-wie-bin-ich-muede-Sabine-Seyffert.de-1.jpg\" alt=\"\" width=\"800\" height=\"600\" srcset=\"https:\/\/www.sabine-seyffert.de\/blog\/wp-content\/uploads\/2021\/08\/Mitmachgeschichte-ach-wie-bin-ich-muede-Sabine-Seyffert.de-1.jpg 800w, https:\/\/www.sabine-seyffert.de\/blog\/wp-content\/uploads\/2021\/08\/Mitmachgeschichte-ach-wie-bin-ich-muede-Sabine-Seyffert.de-1-300x225.jpg 300w, https:\/\/www.sabine-seyffert.de\/blog\/wp-content\/uploads\/2021\/08\/Mitmachgeschichte-ach-wie-bin-ich-muede-Sabine-Seyffert.de-1-768x576.jpg 768w\" sizes=\"auto, (max-width: 800px) 100vw, 800px\" \/><\/a><\/p>\n<p style=\"text-align: justify;\">Weitere Fantasiereisen f\u00fcr Kinder findet ihr in <a href=\"https:\/\/www.sabine-seyffert.de\/blog\/?cat=4\" target=\"_blank\" rel=\"noopener noreferrer\">diesem Blog Ordner<\/a>, Entspannungsr\u00e4tsel gibt es in <a href=\"https:\/\/www.sabine-seyffert.de\/blog\/?cat=2\" target=\"_blank\" rel=\"noopener noreferrer\">dieser Rubrik<\/a> und entspannende Massagen f\u00fcr Kinder gibt es an <a href=\"https:\/\/www.sabine-seyffert.de\/blog\/?cat=13\" target=\"_blank\" rel=\"noopener noreferrer\">dieser Stelle<\/a>.<\/p>\n<p style=\"text-align: center;\"><a href=\"https:\/\/www.sabine-seyffert.de\/blog\/wp-content\/uploads\/2021\/08\/Mitmachgeschichte-ach-wie-bin-ich-muede-Sabine-Seyffert.de-3.jpg\"><img loading=\"lazy\" decoding=\"async\" class=\"alignnone size-full wp-image-27501\" src=\"https:\/\/www.sabine-seyffert.de\/blog\/wp-content\/uploads\/2021\/08\/Mitmachgeschichte-ach-wie-bin-ich-muede-Sabine-Seyffert.de-3.jpg\" alt=\"\" width=\"600\" height=\"800\" srcset=\"https:\/\/www.sabine-seyffert.de\/blog\/wp-content\/uploads\/2021\/08\/Mitmachgeschichte-ach-wie-bin-ich-muede-Sabine-Seyffert.de-3.jpg 600w, https:\/\/www.sabine-seyffert.de\/blog\/wp-content\/uploads\/2021\/08\/Mitmachgeschichte-ach-wie-bin-ich-muede-Sabine-Seyffert.de-3-225x300.jpg 225w\" sizes=\"auto, (max-width: 600px) 100vw, 600px\" \/><\/a><\/p>\n<p style=\"text-align: justify;\"><a href=\"https:\/\/www.sabine-seyffert.de\/blog\/?page_id=32#urheberrecht\">urheberrechtlich gesch\u00fctzt<\/a>, \u00a9 Sabine Seyffert<\/p>\n","protected":false},"excerpt":{"rendered":"<p>Wie gestern in dem Blog Artikel \u00fcber Mitmach- und Bewegungsgeschichten f\u00fcr Kinder angek\u00fcndigt, stelle ich euch heute eine solche Geschichte vor, wie sie auf meiner neuesten CD \u201eDie 30 besten Mitmachgeschichten zum Bewegen &amp; Entspannen\u201c zu finden sind. Viel Spa\u00df beim Ausprobieren! Das wird gebraucht: Pro Kind ein kleines Kissen und eine Decke So wird\u2019s&#8230; <a href=\"https:\/\/www.sabine-seyffert.de\/blog\/ach-wie-bin-ich-muede-mitmachgeschichte-zum-bewegen-entspannen\/\" class=\"more-link\">Read more: Ach, wie bin ich m\u00fcde&#8230; \/ Mitmachgeschichte zum Bewegen &#038; Entspannen<\/a><\/p>\n","protected":false},"author":2,"featured_media":0,"comment_status":"open","ping_status":"open","sticky":false,"template":"","format":"standard","meta":{"_metis_text_type":"standard","_metis_text_length":4657,"_post_count":0,"footnotes":""},"categories":[52,56,10],"tags":[],"class_list":["post-21013","post","type-post","status-publish","format-standard","hentry","category-familie","category-mitmachgescichten","category-spiel-spas"],"_links":{"self":[{"href":"https:\/\/www.sabine-seyffert.de\/blog\/wp-json\/wp\/v2\/posts\/21013","targetHints":{"allow":["GET"]}}],"collection":[{"href":"https:\/\/www.sabine-seyffert.de\/blog\/wp-json\/wp\/v2\/posts"}],"about":[{"href":"https:\/\/www.sabine-seyffert.de\/blog\/wp-json\/wp\/v2\/types\/post"}],"author":[{"embeddable":true,"href":"https:\/\/www.sabine-seyffert.de\/blog\/wp-json\/wp\/v2\/users\/2"}],"replies":[{"embeddable":true,"href":"https:\/\/www.sabine-seyffert.de\/blog\/wp-json\/wp\/v2\/comments?post=21013"}],"version-history":[{"count":6,"href":"https:\/\/www.sabine-seyffert.de\/blog\/wp-json\/wp\/v2\/posts\/21013\/revisions"}],"predecessor-version":[{"id":27500,"href":"https:\/\/www.sabine-seyffert.de\/blog\/wp-json\/wp\/v2\/posts\/21013\/revisions\/27500"}],"wp:attachment":[{"href":"https:\/\/www.sabine-seyffert.de\/blog\/wp-json\/wp\/v2\/media?parent=21013"}],"wp:term":[{"taxonomy":"category","embeddable":true,"href":"https:\/\/www.sabine-seyffert.de\/blog\/wp-json\/wp\/v2\/categories?post=21013"},{"taxonomy":"post_tag","embeddable":true,"href":"https:\/\/www.sabine-seyffert.de\/blog\/wp-json\/wp\/v2\/tags?post=21013"}],"curies":[{"name":"wp","href":"https:\/\/api.w.org\/{rel}","templated":true}]}}