{"id":20960,"date":"2021-08-26T06:00:18","date_gmt":"2021-08-26T04:00:18","guid":{"rendered":"https:\/\/www.sabine-seyffert.de\/blog\/?p=20960"},"modified":"2021-08-23T12:13:59","modified_gmt":"2021-08-23T10:13:59","slug":"basteln-mit-kindern-maerchenhafter-apfelzwerg-bastelanleitung-fuer-kinder","status":"publish","type":"post","link":"https:\/\/www.sabine-seyffert.de\/blog\/basteln-mit-kindern-maerchenhafter-apfelzwerg-bastelanleitung-fuer-kinder\/","title":{"rendered":"Basteln mit Kindern: M\u00e4rchenhafter Apfelzwerg \u2013 Bastelanleitung f\u00fcr Kinder"},"content":{"rendered":"<p style=\"text-align: justify;\"><img loading=\"lazy\" decoding=\"async\" src=\"https:\/\/vg06.met.vgwort.de\/na\/f1a15332068d4c319601438aeec7d08b\" alt=\"\" width=\"1\" height=\"1\" \/>Diese Woche dreht sich bei der <a href=\"https:\/\/www.instagram.com\/diy_sabine_seyffert\/\" target=\"_blank\" rel=\"noopener noreferrer\">#DIYchallengederwoche<\/a> Spezial alles rund um das Thema Apfel. Dazu habe ich nicht nur allerhand liebe G\u00e4ste eingeladen, die mich dabei mit kreativen Do-it-Yourself Ideen unterst\u00fctzen, sondern auch schon einen <a href=\"https:\/\/www.sabine-seyffert.de\/blog\/?p=20929\" target=\"_blank\" rel=\"noopener noreferrer\">Upcycling Apfel in XL<\/a> und kleine <a href=\"https:\/\/www.sabine-seyffert.de\/blog\/?p=20944\" target=\"_blank\" rel=\"noopener noreferrer\">Walnuss \u00c4pfel als Geschenkanh\u00e4nger<\/a> gezeigt.<br \/>\nHeute gibt es eine Anleitung f\u00fcr einen kleinen Zwerg, den man aus Zier\u00e4pfeln, Eichelh\u00fctchen, Holzperlen und M\u00e4rchenwolle Selbermachen kann. Perfekt als Deko f\u00fcr den Jahreszeitentisch oder auch zum Spielen. Bastelt ihr mit?<\/p>\n<p style=\"text-align: center;\"><a href=\"https:\/\/www.sabine-seyffert.de\/blog\/wp-content\/uploads\/2021\/08\/Apfelzwerg-Zierapfel-Sabine-Seyffert.de-12.jpg\"><img loading=\"lazy\" decoding=\"async\" class=\"alignnone size-full wp-image-20961\" src=\"https:\/\/www.sabine-seyffert.de\/blog\/wp-content\/uploads\/2021\/08\/Apfelzwerg-Zierapfel-Sabine-Seyffert.de-12.jpg\" alt=\"\" width=\"800\" height=\"600\" srcset=\"https:\/\/www.sabine-seyffert.de\/blog\/wp-content\/uploads\/2021\/08\/Apfelzwerg-Zierapfel-Sabine-Seyffert.de-12.jpg 800w, https:\/\/www.sabine-seyffert.de\/blog\/wp-content\/uploads\/2021\/08\/Apfelzwerg-Zierapfel-Sabine-Seyffert.de-12-300x225.jpg 300w, https:\/\/www.sabine-seyffert.de\/blog\/wp-content\/uploads\/2021\/08\/Apfelzwerg-Zierapfel-Sabine-Seyffert.de-12-768x576.jpg 768w\" sizes=\"auto, (max-width: 800px) 100vw, 800px\" \/><\/a><\/p>\n<p style=\"text-align: justify;\"><strong>Das wird gebraucht:<\/strong><br \/>\nZier\u00e4pfel (<strong><span style=\"color: #ff6600;\">Hinweis:<\/span><\/strong> diese sollten nicht zu klein sein und auf dem Tisch stehen k\u00f6nnen ohne umzufallen), wei\u00dfe oder cremefarbene M\u00e4rchenwolle, Eichelh\u00fctchen, Bastelfarbe und Pinsel (alternativ Lackstifte), Bastelkleber, eine Bastelunterlage und ggf. <a href=\"https:\/\/www.sabine-seyffert.de\/blog\/?p=12310\" target=\"_blank\" rel=\"noopener noreferrer\">Malkittel<\/a> f\u00fcr die Kinder<\/p>\n<p style=\"text-align: center;\"><a href=\"https:\/\/www.sabine-seyffert.de\/blog\/wp-content\/uploads\/2021\/08\/Apfelzwerg-Zierapfel-Sabine-Seyffert.de-5.jpg\"><img loading=\"lazy\" decoding=\"async\" class=\"alignnone size-full wp-image-20966\" src=\"https:\/\/www.sabine-seyffert.de\/blog\/wp-content\/uploads\/2021\/08\/Apfelzwerg-Zierapfel-Sabine-Seyffert.de-5.jpg\" alt=\"\" width=\"800\" height=\"600\" srcset=\"https:\/\/www.sabine-seyffert.de\/blog\/wp-content\/uploads\/2021\/08\/Apfelzwerg-Zierapfel-Sabine-Seyffert.de-5.jpg 800w, https:\/\/www.sabine-seyffert.de\/blog\/wp-content\/uploads\/2021\/08\/Apfelzwerg-Zierapfel-Sabine-Seyffert.de-5-300x225.jpg 300w, https:\/\/www.sabine-seyffert.de\/blog\/wp-content\/uploads\/2021\/08\/Apfelzwerg-Zierapfel-Sabine-Seyffert.de-5-768x576.jpg 768w\" sizes=\"auto, (max-width: 800px) 100vw, 800px\" \/><\/a><\/p>\n<p style=\"text-align: justify;\"><strong>So wird\u2019s gemacht:<\/strong><br \/>\nVielleicht erinnert ihr euch noch an den tollen <a href=\"https:\/\/www.sabine-seyffert.de\/blog\/?p=17282\" target=\"_blank\" rel=\"noopener noreferrer\">Apfelzwerg aus dieser Bastelanleitung<\/a>?<\/p>\n<p style=\"text-align: center;\"><a href=\"https:\/\/www.sabine-seyffert.de\/blog\/wp-content\/uploads\/2021\/08\/Apfelzwerg-Zierapfel-Sabine-Seyffert.de-4.jpg\"><img loading=\"lazy\" decoding=\"async\" class=\"alignnone size-full wp-image-20970\" src=\"https:\/\/www.sabine-seyffert.de\/blog\/wp-content\/uploads\/2021\/08\/Apfelzwerg-Zierapfel-Sabine-Seyffert.de-4.jpg\" alt=\"\" width=\"800\" height=\"600\" srcset=\"https:\/\/www.sabine-seyffert.de\/blog\/wp-content\/uploads\/2021\/08\/Apfelzwerg-Zierapfel-Sabine-Seyffert.de-4.jpg 800w, https:\/\/www.sabine-seyffert.de\/blog\/wp-content\/uploads\/2021\/08\/Apfelzwerg-Zierapfel-Sabine-Seyffert.de-4-300x225.jpg 300w, https:\/\/www.sabine-seyffert.de\/blog\/wp-content\/uploads\/2021\/08\/Apfelzwerg-Zierapfel-Sabine-Seyffert.de-4-768x576.jpg 768w\" sizes=\"auto, (max-width: 800px) 100vw, 800px\" \/><\/a><\/p>\n<p style=\"text-align: justify;\">Heute gibt es ein passendes Pendant im Kleinformat, der noch lustiger zu einem solch kleinen Wichtel passt.<\/p>\n<p style=\"text-align: center;\"><a href=\"https:\/\/www.sabine-seyffert.de\/blog\/wp-content\/uploads\/2021\/08\/Apfelzwerg-Zierapfel-Sabine-Seyffert.de-2.jpg\"><img loading=\"lazy\" decoding=\"async\" class=\"alignnone size-full wp-image-20971\" src=\"https:\/\/www.sabine-seyffert.de\/blog\/wp-content\/uploads\/2021\/08\/Apfelzwerg-Zierapfel-Sabine-Seyffert.de-2.jpg\" alt=\"\" width=\"800\" height=\"600\" srcset=\"https:\/\/www.sabine-seyffert.de\/blog\/wp-content\/uploads\/2021\/08\/Apfelzwerg-Zierapfel-Sabine-Seyffert.de-2.jpg 800w, https:\/\/www.sabine-seyffert.de\/blog\/wp-content\/uploads\/2021\/08\/Apfelzwerg-Zierapfel-Sabine-Seyffert.de-2-300x225.jpg 300w, https:\/\/www.sabine-seyffert.de\/blog\/wp-content\/uploads\/2021\/08\/Apfelzwerg-Zierapfel-Sabine-Seyffert.de-2-768x576.jpg 768w\" sizes=\"auto, (max-width: 800px) 100vw, 800px\" \/><\/a><\/p>\n<p style=\"text-align: justify;\">Deckt den Tisch etwas ab und weg mag, zieht sicherheitshalber einen Malkittel \u00fcber. Dann bemalt die Holzperlen mit freundlichen Gesichtern. Bei solch filigranen Motiven eignen sich Zahnstocher oder Streichholz anstelle eines Pinsels \u2013 oder aber ihr habt d\u00fcnne Lackstifte.<\/p>\n<p style=\"text-align: center;\"><a href=\"https:\/\/www.sabine-seyffert.de\/blog\/wp-content\/uploads\/2021\/08\/Apfelzwerg-Zierapfel-Sabine-Seyffert.de_.jpg\"><img loading=\"lazy\" decoding=\"async\" class=\"alignnone size-full wp-image-20972\" src=\"https:\/\/www.sabine-seyffert.de\/blog\/wp-content\/uploads\/2021\/08\/Apfelzwerg-Zierapfel-Sabine-Seyffert.de_.jpg\" alt=\"\" width=\"800\" height=\"600\" srcset=\"https:\/\/www.sabine-seyffert.de\/blog\/wp-content\/uploads\/2021\/08\/Apfelzwerg-Zierapfel-Sabine-Seyffert.de_.jpg 800w, https:\/\/www.sabine-seyffert.de\/blog\/wp-content\/uploads\/2021\/08\/Apfelzwerg-Zierapfel-Sabine-Seyffert.de_-300x225.jpg 300w, https:\/\/www.sabine-seyffert.de\/blog\/wp-content\/uploads\/2021\/08\/Apfelzwerg-Zierapfel-Sabine-Seyffert.de_-768x576.jpg 768w\" sizes=\"auto, (max-width: 800px) 100vw, 800px\" \/><\/a><\/p>\n<p style=\"text-align: justify;\">Die bemalten Perlen steckt ihr auf den Apfelstiel, zupft ein St\u00fcck M\u00e4rchenwolle ab und klebt es mit einem Tropfen Kleber oben auf Holzperle und steckt dann ein Eichelh\u00fctchen von oben auf den Zwergen Kopf.<\/p>\n<p style=\"text-align: center;\"><a href=\"https:\/\/www.sabine-seyffert.de\/blog\/wp-content\/uploads\/2021\/08\/Apfelzwerg-Zierapfel-Sabine-Seyffert.de-10.jpg\"><img loading=\"lazy\" decoding=\"async\" class=\"alignnone size-full wp-image-20968\" src=\"https:\/\/www.sabine-seyffert.de\/blog\/wp-content\/uploads\/2021\/08\/Apfelzwerg-Zierapfel-Sabine-Seyffert.de-10.jpg\" alt=\"\" width=\"800\" height=\"600\" srcset=\"https:\/\/www.sabine-seyffert.de\/blog\/wp-content\/uploads\/2021\/08\/Apfelzwerg-Zierapfel-Sabine-Seyffert.de-10.jpg 800w, https:\/\/www.sabine-seyffert.de\/blog\/wp-content\/uploads\/2021\/08\/Apfelzwerg-Zierapfel-Sabine-Seyffert.de-10-300x225.jpg 300w, https:\/\/www.sabine-seyffert.de\/blog\/wp-content\/uploads\/2021\/08\/Apfelzwerg-Zierapfel-Sabine-Seyffert.de-10-768x576.jpg 768w\" sizes=\"auto, (max-width: 800px) 100vw, 800px\" \/><\/a><\/p>\n<p style=\"text-align: justify;\">Das solltet ihr zum besseren Halt auch mit etwas Kleber fixieren.<\/p>\n<p style=\"text-align: center;\"><a href=\"https:\/\/www.sabine-seyffert.de\/blog\/wp-content\/uploads\/2021\/08\/Apfelzwerg-Zierapfel-Sabine-Seyffert.de-11.jpg\"><img loading=\"lazy\" decoding=\"async\" class=\"alignnone size-full wp-image-20967\" src=\"https:\/\/www.sabine-seyffert.de\/blog\/wp-content\/uploads\/2021\/08\/Apfelzwerg-Zierapfel-Sabine-Seyffert.de-11.jpg\" alt=\"\" width=\"800\" height=\"600\" srcset=\"https:\/\/www.sabine-seyffert.de\/blog\/wp-content\/uploads\/2021\/08\/Apfelzwerg-Zierapfel-Sabine-Seyffert.de-11.jpg 800w, https:\/\/www.sabine-seyffert.de\/blog\/wp-content\/uploads\/2021\/08\/Apfelzwerg-Zierapfel-Sabine-Seyffert.de-11-300x225.jpg 300w, https:\/\/www.sabine-seyffert.de\/blog\/wp-content\/uploads\/2021\/08\/Apfelzwerg-Zierapfel-Sabine-Seyffert.de-11-768x576.jpg 768w\" sizes=\"auto, (max-width: 800px) 100vw, 800px\" \/><\/a><\/p>\n<p style=\"text-align: justify;\">Wir haben diese in natura verwendet, wenn ihr eure Zwergen Familie lieber farbig wollt, so k\u00f6nnt ihr die Eichelkappen vorab auch von au\u00dfen Anmalen.<\/p>\n<p style=\"text-align: center;\"><a href=\"https:\/\/www.sabine-seyffert.de\/blog\/wp-content\/uploads\/2021\/08\/Apfelzwerg-Zierapfel-Sabine-Seyffert.de-13.jpg\"><img loading=\"lazy\" decoding=\"async\" class=\"alignnone size-full wp-image-20965\" src=\"https:\/\/www.sabine-seyffert.de\/blog\/wp-content\/uploads\/2021\/08\/Apfelzwerg-Zierapfel-Sabine-Seyffert.de-13.jpg\" alt=\"\" width=\"800\" height=\"600\" srcset=\"https:\/\/www.sabine-seyffert.de\/blog\/wp-content\/uploads\/2021\/08\/Apfelzwerg-Zierapfel-Sabine-Seyffert.de-13.jpg 800w, https:\/\/www.sabine-seyffert.de\/blog\/wp-content\/uploads\/2021\/08\/Apfelzwerg-Zierapfel-Sabine-Seyffert.de-13-300x225.jpg 300w, https:\/\/www.sabine-seyffert.de\/blog\/wp-content\/uploads\/2021\/08\/Apfelzwerg-Zierapfel-Sabine-Seyffert.de-13-768x576.jpg 768w\" sizes=\"auto, (max-width: 800px) 100vw, 800px\" \/><\/a><\/p>\n<p style=\"text-align: justify;\"><strong>Ein kleiner Tipp:<\/strong><br \/>\nDie kleinen Apfelzwerge sind super niedlich und eignen sich wunderbar als Tischdeko. Vielleicht plant ihr gerade ein M\u00e4rchenfest oder <a href=\"https:\/\/www.sabine-seyffert.de\/blog\/?cat=21\" target=\"_blank\" rel=\"noopener noreferrer\">Kindergeburtstag<\/a>? Da habt ihr gleich eine stimmungsvolle Partydeko f\u00fcr das Fest.<\/p>\n<p style=\"text-align: center;\"><a href=\"https:\/\/www.sabine-seyffert.de\/blog\/wp-content\/uploads\/2021\/08\/Apfelzwerg-Zierapfel-Sabine-Seyffert.de-9.jpg\"><img loading=\"lazy\" decoding=\"async\" class=\"alignnone size-full wp-image-20964\" src=\"https:\/\/www.sabine-seyffert.de\/blog\/wp-content\/uploads\/2021\/08\/Apfelzwerg-Zierapfel-Sabine-Seyffert.de-9.jpg\" alt=\"\" width=\"600\" height=\"800\" srcset=\"https:\/\/www.sabine-seyffert.de\/blog\/wp-content\/uploads\/2021\/08\/Apfelzwerg-Zierapfel-Sabine-Seyffert.de-9.jpg 600w, https:\/\/www.sabine-seyffert.de\/blog\/wp-content\/uploads\/2021\/08\/Apfelzwerg-Zierapfel-Sabine-Seyffert.de-9-225x300.jpg 225w\" sizes=\"auto, (max-width: 600px) 100vw, 600px\" \/><\/a><\/p>\n<p style=\"text-align: justify;\">Weitere DIY Bastelideen f\u00fcr Kinder findet ihr \u00fcbrigens in <a href=\"https:\/\/www.sabine-seyffert.de\/blog\/?cat=32\" target=\"_blank\" rel=\"noopener noreferrer\">dieser Blog Kategorie<\/a>, alles zum Thema Upcycling mit detaillierter Bastelanleitung gibt es in <a href=\"https:\/\/www.sabine-seyffert.de\/blog\/?cat=47\" target=\"_blank\" rel=\"noopener noreferrer\">dieser Rubrik<\/a>, alles rund um die Herbstzeit sind in <a href=\"https:\/\/www.sabine-seyffert.de\/blog\/?cat=25\" target=\"_blank\" rel=\"noopener noreferrer\">diesem Blog Ordner<\/a> oder <a href=\"https:\/\/www.pinterest.de\/diysabineseyffert\/\" target=\"_blank\" rel=\"noopener noreferrer\">meiner Pinnwand<\/a> und andere kreative Sachen da.<\/p>\n<p style=\"text-align: center;\"><a href=\"https:\/\/www.sabine-seyffert.de\/blog\/wp-content\/uploads\/2021\/08\/Apfelzwerg-Zierapfel-Sabine-Seyffert.de-7.jpg\"><img loading=\"lazy\" decoding=\"async\" class=\"alignnone size-full wp-image-20963\" src=\"https:\/\/www.sabine-seyffert.de\/blog\/wp-content\/uploads\/2021\/08\/Apfelzwerg-Zierapfel-Sabine-Seyffert.de-7.jpg\" alt=\"\" width=\"600\" height=\"800\" srcset=\"https:\/\/www.sabine-seyffert.de\/blog\/wp-content\/uploads\/2021\/08\/Apfelzwerg-Zierapfel-Sabine-Seyffert.de-7.jpg 600w, https:\/\/www.sabine-seyffert.de\/blog\/wp-content\/uploads\/2021\/08\/Apfelzwerg-Zierapfel-Sabine-Seyffert.de-7-225x300.jpg 225w\" sizes=\"auto, (max-width: 600px) 100vw, 600px\" \/><\/a><\/p>\n<p style=\"text-align: justify;\"><a href=\"https:\/\/www.sabine-seyffert.de\/blog\/?page_id=32#urheberrecht\">urheberrechtlich gesch\u00fctzt<\/a>, \u00a9 Sabine Seyffert<\/p>\n","protected":false},"excerpt":{"rendered":"<p>Diese Woche dreht sich bei der #DIYchallengederwoche Spezial alles rund um das Thema Apfel. Dazu habe ich nicht nur allerhand liebe G\u00e4ste eingeladen, die mich dabei mit kreativen Do-it-Yourself Ideen unterst\u00fctzen, sondern auch schon einen Upcycling Apfel in XL und kleine Walnuss \u00c4pfel als Geschenkanh\u00e4nger gezeigt. Heute gibt es eine Anleitung f\u00fcr einen kleinen Zwerg,&#8230; <a href=\"https:\/\/www.sabine-seyffert.de\/blog\/basteln-mit-kindern-maerchenhafter-apfelzwerg-bastelanleitung-fuer-kinder\/\" class=\"more-link\">Read more: Basteln mit Kindern: M\u00e4rchenhafter Apfelzwerg \u2013 Bastelanleitung f\u00fcr Kinder<\/a><\/p>\n","protected":false},"author":2,"featured_media":0,"comment_status":"open","ping_status":"open","sticky":false,"template":"","format":"standard","meta":{"_metis_text_type":"","_metis_text_length":2291,"_post_count":0,"footnotes":""},"categories":[32,12,25,24,10,47],"tags":[],"class_list":["post-20960","post","type-post","status-publish","format-standard","hentry","category-kreatives-fur-kleine-kinderhande","category-deko-ideen","category-herbst","category-sommer","category-spiel-spas","category-upcyceltes"],"_links":{"self":[{"href":"https:\/\/www.sabine-seyffert.de\/blog\/wp-json\/wp\/v2\/posts\/20960","targetHints":{"allow":["GET"]}}],"collection":[{"href":"https:\/\/www.sabine-seyffert.de\/blog\/wp-json\/wp\/v2\/posts"}],"about":[{"href":"https:\/\/www.sabine-seyffert.de\/blog\/wp-json\/wp\/v2\/types\/post"}],"author":[{"embeddable":true,"href":"https:\/\/www.sabine-seyffert.de\/blog\/wp-json\/wp\/v2\/users\/2"}],"replies":[{"embeddable":true,"href":"https:\/\/www.sabine-seyffert.de\/blog\/wp-json\/wp\/v2\/comments?post=20960"}],"version-history":[{"count":2,"href":"https:\/\/www.sabine-seyffert.de\/blog\/wp-json\/wp\/v2\/posts\/20960\/revisions"}],"predecessor-version":[{"id":20974,"href":"https:\/\/www.sabine-seyffert.de\/blog\/wp-json\/wp\/v2\/posts\/20960\/revisions\/20974"}],"wp:attachment":[{"href":"https:\/\/www.sabine-seyffert.de\/blog\/wp-json\/wp\/v2\/media?parent=20960"}],"wp:term":[{"taxonomy":"category","embeddable":true,"href":"https:\/\/www.sabine-seyffert.de\/blog\/wp-json\/wp\/v2\/categories?post=20960"},{"taxonomy":"post_tag","embeddable":true,"href":"https:\/\/www.sabine-seyffert.de\/blog\/wp-json\/wp\/v2\/tags?post=20960"}],"curies":[{"name":"wp","href":"https:\/\/api.w.org\/{rel}","templated":true}]}}