{"id":20929,"date":"2021-08-23T11:07:44","date_gmt":"2021-08-23T09:07:44","guid":{"rendered":"https:\/\/www.sabine-seyffert.de\/blog\/?p=20929"},"modified":"2021-08-23T11:07:44","modified_gmt":"2021-08-23T09:07:44","slug":"diy-bastelidee-fuer-kinder-lustiger-upcycling-apfel-mit-gesicht-basteln","status":"publish","type":"post","link":"https:\/\/www.sabine-seyffert.de\/blog\/diy-bastelidee-fuer-kinder-lustiger-upcycling-apfel-mit-gesicht-basteln\/","title":{"rendered":"DIY Bastelidee f\u00fcr Kinder: Lustiger Upcycling Apfel mit Gesicht basteln"},"content":{"rendered":"<p style=\"text-align: justify;\"><img loading=\"lazy\" decoding=\"async\" src=\"https:\/\/vg06.met.vgwort.de\/na\/b71b56c8ea924b8d9ff546a3d3c98e87\" alt=\"\" width=\"1\" height=\"1\" \/>Hier bei uns im Garten sind langsam die ersten \u00c4pfel reif und daher gibt es eine tolle Upcyclingidee zum Nachmachen: Ein Apfel in XL Format mit lachendem Gesicht, der sich \u00fcber den Sommer freut und f\u00fcr gute Laune sorgt. Der selbst gemachte Apfel ist zudem eine wirklich sch\u00f6ne Deko, mit der man Kinderzimmer, Kindergarten oder den Klassenraum in der Grundschule sommerlich dekorieren und schm\u00fccken kann. Alles Bastelmaterial, was gebraucht wird, hat mit Sicherheit jeder Zuhause. Also worauf wartet ihr noch? Schnell in den Malkittel geschl\u00fcpft und die fr\u00f6hliche Apfelbastelei kann starten!<\/p>\n<p style=\"text-align: center;\"><a href=\"https:\/\/www.sabine-seyffert.de\/blog\/wp-content\/uploads\/2021\/08\/Apfel-XL-gelb-Sabine-Seyffert.de-5.jpg\"><img loading=\"lazy\" decoding=\"async\" class=\"alignnone size-full wp-image-20930\" src=\"https:\/\/www.sabine-seyffert.de\/blog\/wp-content\/uploads\/2021\/08\/Apfel-XL-gelb-Sabine-Seyffert.de-5.jpg\" alt=\"\" width=\"800\" height=\"600\" srcset=\"https:\/\/www.sabine-seyffert.de\/blog\/wp-content\/uploads\/2021\/08\/Apfel-XL-gelb-Sabine-Seyffert.de-5.jpg 800w, https:\/\/www.sabine-seyffert.de\/blog\/wp-content\/uploads\/2021\/08\/Apfel-XL-gelb-Sabine-Seyffert.de-5-300x225.jpg 300w, https:\/\/www.sabine-seyffert.de\/blog\/wp-content\/uploads\/2021\/08\/Apfel-XL-gelb-Sabine-Seyffert.de-5-768x576.jpg 768w\" sizes=\"auto, (max-width: 800px) 100vw, 800px\" \/><\/a><\/p>\n<p style=\"text-align: justify;\"><strong>Das wird gebraucht:<\/strong><br \/>\nPappe \/ Karton, ein scharfes Bastelmesser \/ Cutter, einen Bleistift, eine Bastelschere, eine Tageszeitung, einen Wasserfarbkasten, ein Eichelh\u00fctchen (Haselnuss, Kastanie o.\u00e4.), Pinsel, Bastelkleber, Malunterlage und <a href=\"https:\/\/www.sabine-seyffert.de\/blog\/?p=12310\" target=\"_blank\" rel=\"noopener noreferrer\">Bastelkittel<\/a> sowie optional eine Hei\u00dfklebepistole samt Klebepatrone<\/p>\n<p style=\"text-align: center;\"><a href=\"https:\/\/www.sabine-seyffert.de\/blog\/wp-content\/uploads\/2021\/08\/Apfel-XL-gelb-Sabine-Seyffert.de-.jpg\"><img loading=\"lazy\" decoding=\"async\" class=\"alignnone size-full wp-image-20931\" src=\"https:\/\/www.sabine-seyffert.de\/blog\/wp-content\/uploads\/2021\/08\/Apfel-XL-gelb-Sabine-Seyffert.de-.jpg\" alt=\"\" width=\"800\" height=\"600\" srcset=\"https:\/\/www.sabine-seyffert.de\/blog\/wp-content\/uploads\/2021\/08\/Apfel-XL-gelb-Sabine-Seyffert.de-.jpg 800w, https:\/\/www.sabine-seyffert.de\/blog\/wp-content\/uploads\/2021\/08\/Apfel-XL-gelb-Sabine-Seyffert.de--300x225.jpg 300w, https:\/\/www.sabine-seyffert.de\/blog\/wp-content\/uploads\/2021\/08\/Apfel-XL-gelb-Sabine-Seyffert.de--768x576.jpg 768w\" sizes=\"auto, (max-width: 800px) 100vw, 800px\" \/><\/a><\/p>\n<p style=\"text-align: justify;\"><strong>So wird\u2019s gemacht:<\/strong><br \/>\nAls erstes deckt ihr den Tisch ab. Dann lasst euch am besten von einem Erwachsenen einen leeren Pappkarton mit dem Bastelmesser zerschneiden. Darauf k\u00f6nnt ihr euch mit Bleistift einen gro\u00dfen Apfel malen, den ihr anschlie\u00dfend ausschneidet. Au\u00dferdem braucht ihr noch einen Stiel sowie ein Blatt.<\/p>\n<p style=\"text-align: center;\"><a href=\"https:\/\/www.sabine-seyffert.de\/blog\/wp-content\/uploads\/2021\/08\/Apfel-XL-gelb-Sabine-Seyffert.de-9.jpg\"><img loading=\"lazy\" decoding=\"async\" class=\"alignnone size-full wp-image-20935\" src=\"https:\/\/www.sabine-seyffert.de\/blog\/wp-content\/uploads\/2021\/08\/Apfel-XL-gelb-Sabine-Seyffert.de-9.jpg\" alt=\"\" width=\"800\" height=\"600\" srcset=\"https:\/\/www.sabine-seyffert.de\/blog\/wp-content\/uploads\/2021\/08\/Apfel-XL-gelb-Sabine-Seyffert.de-9.jpg 800w, https:\/\/www.sabine-seyffert.de\/blog\/wp-content\/uploads\/2021\/08\/Apfel-XL-gelb-Sabine-Seyffert.de-9-300x225.jpg 300w, https:\/\/www.sabine-seyffert.de\/blog\/wp-content\/uploads\/2021\/08\/Apfel-XL-gelb-Sabine-Seyffert.de-9-768x576.jpg 768w\" sizes=\"auto, (max-width: 800px) 100vw, 800px\" \/><\/a><\/p>\n<p style=\"text-align: justify;\">F\u00fcr die einzelnen Gesichtspartien wie Mund, Augen, Wange sowie das gr\u00fcne Blatt ben\u00f6tigt ihr <a href=\"https:\/\/www.sabine-seyffert.de\/blog\/?p=13917\" target=\"_blank\" rel=\"noopener noreferrer\">selbst gemachtes Bastelpapier<\/a>, das ihr euch ganz einfach und kostenlos aus alten Zeitungen und Wasserfarbe Selbermachen k\u00f6nnt.<\/p>\n<p style=\"text-align: center;\"><a href=\"https:\/\/www.sabine-seyffert.de\/blog\/wp-content\/uploads\/2021\/08\/Apfel-XL-gelb-Sabine-Seyffert.de-8.jpg\"><img loading=\"lazy\" decoding=\"async\" class=\"alignnone size-full wp-image-20936\" src=\"https:\/\/www.sabine-seyffert.de\/blog\/wp-content\/uploads\/2021\/08\/Apfel-XL-gelb-Sabine-Seyffert.de-8.jpg\" alt=\"\" width=\"800\" height=\"600\" srcset=\"https:\/\/www.sabine-seyffert.de\/blog\/wp-content\/uploads\/2021\/08\/Apfel-XL-gelb-Sabine-Seyffert.de-8.jpg 800w, https:\/\/www.sabine-seyffert.de\/blog\/wp-content\/uploads\/2021\/08\/Apfel-XL-gelb-Sabine-Seyffert.de-8-300x225.jpg 300w, https:\/\/www.sabine-seyffert.de\/blog\/wp-content\/uploads\/2021\/08\/Apfel-XL-gelb-Sabine-Seyffert.de-8-768x576.jpg 768w\" sizes=\"auto, (max-width: 800px) 100vw, 800px\" \/><\/a><\/p>\n<p style=\"text-align: justify;\">W\u00e4hrend das bemalte Papier trocknet, k\u00f6nnt ihr mit Wasserfarben schon den Apfel bemalen. Ob einfarbig oder mit leichten Farbverl\u00e4ufen ist reine Geschmackssache und h\u00e4ngt vom Alter bzw. K\u00f6nnen der Kinder ab.<\/p>\n<p style=\"text-align: center;\"><a href=\"https:\/\/www.sabine-seyffert.de\/blog\/wp-content\/uploads\/2021\/08\/Apfel-XL-gelb-Sabine-Seyffert.de-7.jpg\"><img loading=\"lazy\" decoding=\"async\" class=\"alignnone size-full wp-image-20937\" src=\"https:\/\/www.sabine-seyffert.de\/blog\/wp-content\/uploads\/2021\/08\/Apfel-XL-gelb-Sabine-Seyffert.de-7.jpg\" alt=\"\" width=\"800\" height=\"600\" srcset=\"https:\/\/www.sabine-seyffert.de\/blog\/wp-content\/uploads\/2021\/08\/Apfel-XL-gelb-Sabine-Seyffert.de-7.jpg 800w, https:\/\/www.sabine-seyffert.de\/blog\/wp-content\/uploads\/2021\/08\/Apfel-XL-gelb-Sabine-Seyffert.de-7-300x225.jpg 300w, https:\/\/www.sabine-seyffert.de\/blog\/wp-content\/uploads\/2021\/08\/Apfel-XL-gelb-Sabine-Seyffert.de-7-768x576.jpg 768w\" sizes=\"auto, (max-width: 800px) 100vw, 800px\" \/><\/a><\/p>\n<p style=\"text-align: justify;\">Man kann Motive aufmalen und mit der Schere ausschneiden oder auch ausrei\u00dfen und nach Wunsch kleine Details hinzuf\u00fcgen. Wer mag kann mal auf dem Blog mal nach \u201e<a href=\"https:\/\/www.sabine-seyffert.de\/blog\/?s=apfel\" target=\"_blank\" rel=\"noopener noreferrer\">Apfel<\/a>\u201c suchen, da gibt es schon zahlreiche Do-it-Yourself Ideen, die euch sicher inspirieren.<\/p>\n<p style=\"text-align: center;\"><a href=\"https:\/\/www.sabine-seyffert.de\/blog\/wp-content\/uploads\/2021\/08\/Apfel-XL-gelb-Sabine-Seyffert.de-6.jpg\"><img loading=\"lazy\" decoding=\"async\" class=\"alignnone size-full wp-image-20938\" src=\"https:\/\/www.sabine-seyffert.de\/blog\/wp-content\/uploads\/2021\/08\/Apfel-XL-gelb-Sabine-Seyffert.de-6.jpg\" alt=\"\" width=\"800\" height=\"600\" srcset=\"https:\/\/www.sabine-seyffert.de\/blog\/wp-content\/uploads\/2021\/08\/Apfel-XL-gelb-Sabine-Seyffert.de-6.jpg 800w, https:\/\/www.sabine-seyffert.de\/blog\/wp-content\/uploads\/2021\/08\/Apfel-XL-gelb-Sabine-Seyffert.de-6-300x225.jpg 300w, https:\/\/www.sabine-seyffert.de\/blog\/wp-content\/uploads\/2021\/08\/Apfel-XL-gelb-Sabine-Seyffert.de-6-768x576.jpg 768w\" sizes=\"auto, (max-width: 800px) 100vw, 800px\" \/><\/a><\/p>\n<p style=\"text-align: justify;\">Das Blatt aus Pappe haben wir mit gr\u00fcn bemaltem Zeitungspapier beklebt, damit es stabiler ist.<\/p>\n<p style=\"text-align: center;\"><a href=\"https:\/\/www.sabine-seyffert.de\/blog\/wp-content\/uploads\/2021\/08\/Apfel-XL-gelb-Sabine-Seyffert.de-2.jpg\"><img loading=\"lazy\" decoding=\"async\" class=\"alignnone size-full wp-image-20934\" src=\"https:\/\/www.sabine-seyffert.de\/blog\/wp-content\/uploads\/2021\/08\/Apfel-XL-gelb-Sabine-Seyffert.de-2.jpg\" alt=\"\" width=\"800\" height=\"600\" srcset=\"https:\/\/www.sabine-seyffert.de\/blog\/wp-content\/uploads\/2021\/08\/Apfel-XL-gelb-Sabine-Seyffert.de-2.jpg 800w, https:\/\/www.sabine-seyffert.de\/blog\/wp-content\/uploads\/2021\/08\/Apfel-XL-gelb-Sabine-Seyffert.de-2-300x225.jpg 300w, https:\/\/www.sabine-seyffert.de\/blog\/wp-content\/uploads\/2021\/08\/Apfel-XL-gelb-Sabine-Seyffert.de-2-768x576.jpg 768w\" sizes=\"auto, (max-width: 800px) 100vw, 800px\" \/><\/a><\/p>\n<p style=\"text-align: justify;\">Und f\u00fcr die Nase haben wir ein Eichelh\u00fctchen verwendet, das sich mit fl\u00fcssigem Kleber oder Hei\u00dfkleber fixieren l\u00e4sst. Hilfreich dabei ist es, dieses von Innen mit etwas Zeitungspapier zu f\u00fcllen um eine breite Klebefl\u00e4che als Auflage zu haben.<\/p>\n<p style=\"text-align: center;\"><a href=\"https:\/\/www.sabine-seyffert.de\/blog\/wp-content\/uploads\/2021\/08\/Apfel-XL-gelb-Sabine-Seyffert.de-3.jpg\"><img loading=\"lazy\" decoding=\"async\" class=\"alignnone size-full wp-image-20933\" src=\"https:\/\/www.sabine-seyffert.de\/blog\/wp-content\/uploads\/2021\/08\/Apfel-XL-gelb-Sabine-Seyffert.de-3.jpg\" alt=\"\" width=\"800\" height=\"600\" srcset=\"https:\/\/www.sabine-seyffert.de\/blog\/wp-content\/uploads\/2021\/08\/Apfel-XL-gelb-Sabine-Seyffert.de-3.jpg 800w, https:\/\/www.sabine-seyffert.de\/blog\/wp-content\/uploads\/2021\/08\/Apfel-XL-gelb-Sabine-Seyffert.de-3-300x225.jpg 300w, https:\/\/www.sabine-seyffert.de\/blog\/wp-content\/uploads\/2021\/08\/Apfel-XL-gelb-Sabine-Seyffert.de-3-768x576.jpg 768w\" sizes=\"auto, (max-width: 800px) 100vw, 800px\" \/><\/a><\/p>\n<p style=\"text-align: justify;\">Weitere DIY Bastelideen f\u00fcr Kinder findet ihr \u00fcbrigens in <a href=\"https:\/\/www.sabine-seyffert.de\/blog\/?cat=32\" target=\"_blank\" rel=\"noopener noreferrer\">dieser Blog Kategorie<\/a>, alles zum Thema Upcycling mit detaillierter Bastelanleitung gibt es in <a href=\"https:\/\/www.sabine-seyffert.de\/blog\/?cat=47\" target=\"_blank\" rel=\"noopener noreferrer\">dieser Rubrik<\/a>, alles rund um die Sommerzeit in <a href=\"https:\/\/www.sabine-seyffert.de\/blog\/?cat=24\" target=\"_blank\" rel=\"noopener noreferrer\">diesem Ordner<\/a> oder <a href=\"https:\/\/www.pinterest.de\/diysabineseyffert\/\" target=\"_blank\" rel=\"noopener noreferrer\">meiner Pinnwand<\/a> und andere kreative Sachen da.<\/p>\n<p style=\"text-align: center;\"><a href=\"https:\/\/www.sabine-seyffert.de\/blog\/wp-content\/uploads\/2021\/08\/Apfel-XL-gelb-Sabine-Seyffert.de-1.jpg\"><img loading=\"lazy\" decoding=\"async\" class=\"alignnone size-full wp-image-20932\" src=\"https:\/\/www.sabine-seyffert.de\/blog\/wp-content\/uploads\/2021\/08\/Apfel-XL-gelb-Sabine-Seyffert.de-1.jpg\" alt=\"\" width=\"600\" height=\"800\" srcset=\"https:\/\/www.sabine-seyffert.de\/blog\/wp-content\/uploads\/2021\/08\/Apfel-XL-gelb-Sabine-Seyffert.de-1.jpg 600w, https:\/\/www.sabine-seyffert.de\/blog\/wp-content\/uploads\/2021\/08\/Apfel-XL-gelb-Sabine-Seyffert.de-1-225x300.jpg 225w\" sizes=\"auto, (max-width: 600px) 100vw, 600px\" \/><\/a><\/p>\n<p style=\"text-align: justify;\"><a href=\"https:\/\/www.sabine-seyffert.de\/blog\/?page_id=32#urheberrecht\">urheberrechtlich gesch\u00fctzt<\/a>, \u00a9 Sabine Seyffert<\/p>\n","protected":false},"excerpt":{"rendered":"<p>Hier bei uns im Garten sind langsam die ersten \u00c4pfel reif und daher gibt es eine tolle Upcyclingidee zum Nachmachen: Ein Apfel in XL Format mit lachendem Gesicht, der sich \u00fcber den Sommer freut und f\u00fcr gute Laune sorgt. Der selbst gemachte Apfel ist zudem eine wirklich sch\u00f6ne Deko, mit der man Kinderzimmer, Kindergarten oder&#8230; <a href=\"https:\/\/www.sabine-seyffert.de\/blog\/diy-bastelidee-fuer-kinder-lustiger-upcycling-apfel-mit-gesicht-basteln\/\" class=\"more-link\">Read more: DIY Bastelidee f\u00fcr Kinder: Lustiger Upcycling Apfel mit Gesicht basteln<\/a><\/p>\n","protected":false},"author":2,"featured_media":0,"comment_status":"open","ping_status":"open","sticky":false,"template":"","format":"standard","meta":{"_metis_text_type":"","_metis_text_length":2536,"_post_count":0,"footnotes":""},"categories":[32,24,47],"tags":[],"class_list":["post-20929","post","type-post","status-publish","format-standard","hentry","category-kreatives-fur-kleine-kinderhande","category-sommer","category-upcyceltes"],"_links":{"self":[{"href":"https:\/\/www.sabine-seyffert.de\/blog\/wp-json\/wp\/v2\/posts\/20929","targetHints":{"allow":["GET"]}}],"collection":[{"href":"https:\/\/www.sabine-seyffert.de\/blog\/wp-json\/wp\/v2\/posts"}],"about":[{"href":"https:\/\/www.sabine-seyffert.de\/blog\/wp-json\/wp\/v2\/types\/post"}],"author":[{"embeddable":true,"href":"https:\/\/www.sabine-seyffert.de\/blog\/wp-json\/wp\/v2\/users\/2"}],"replies":[{"embeddable":true,"href":"https:\/\/www.sabine-seyffert.de\/blog\/wp-json\/wp\/v2\/comments?post=20929"}],"version-history":[{"count":5,"href":"https:\/\/www.sabine-seyffert.de\/blog\/wp-json\/wp\/v2\/posts\/20929\/revisions"}],"predecessor-version":[{"id":20943,"href":"https:\/\/www.sabine-seyffert.de\/blog\/wp-json\/wp\/v2\/posts\/20929\/revisions\/20943"}],"wp:attachment":[{"href":"https:\/\/www.sabine-seyffert.de\/blog\/wp-json\/wp\/v2\/media?parent=20929"}],"wp:term":[{"taxonomy":"category","embeddable":true,"href":"https:\/\/www.sabine-seyffert.de\/blog\/wp-json\/wp\/v2\/categories?post=20929"},{"taxonomy":"post_tag","embeddable":true,"href":"https:\/\/www.sabine-seyffert.de\/blog\/wp-json\/wp\/v2\/tags?post=20929"}],"curies":[{"name":"wp","href":"https:\/\/api.w.org\/{rel}","templated":true}]}}