{"id":20750,"date":"2021-08-06T06:00:46","date_gmt":"2021-08-06T04:00:46","guid":{"rendered":"https:\/\/www.sabine-seyffert.de\/blog\/?p=20750"},"modified":"2021-08-03T17:04:07","modified_gmt":"2021-08-03T15:04:07","slug":"diy-tiere-basteln-mit-kindern-flamingo-upcycling-idee-aus-deckel-feder-pfeifenreiniger-papier","status":"publish","type":"post","link":"https:\/\/www.sabine-seyffert.de\/blog\/diy-tiere-basteln-mit-kindern-flamingo-upcycling-idee-aus-deckel-feder-pfeifenreiniger-papier\/","title":{"rendered":"DIY Tiere basteln mit Kindern: Flamingo &#8211; Upcycling Idee aus Deckel, Feder, Pfeifenreiniger &#038; Papier"},"content":{"rendered":"<p style=\"text-align: justify;\"><img loading=\"lazy\" decoding=\"async\" src=\"https:\/\/vg06.met.vgwort.de\/na\/c2e0efb3fdb84799a325e1935e74cab9\" alt=\"\" width=\"1\" height=\"1\" \/>Habt ihr Lust auf eine neue Bastelidee mit Joghurtdeckeln? Die sind zum Basteln einfach immer wieder klasse, daher lasse ich diese auch gerne f\u00fcr mich sammeln. Einige Bastelideen mit diesem kostenlosem Bastelmaterial habe ich euch auf dem Blog schon gezeigt: Ein <a href=\"https:\/\/www.sabine-seyffert.de\/blog\/?p=16891\" target=\"_blank\" rel=\"noopener noreferrer\">maritimer Fisch<\/a>, ein <a href=\"https:\/\/www.sabine-seyffert.de\/blog\/?p=16405\" target=\"_blank\" rel=\"noopener noreferrer\">toller L\u00f6we<\/a>, <a href=\"https:\/\/www.sabine-seyffert.de\/blog\/?p=17697\" target=\"_blank\" rel=\"noopener noreferrer\">herbstliche Fensterbilder<\/a>, einen s\u00fc\u00dfen <a href=\"https:\/\/www.sabine-seyffert.de\/blog\/?p=18444\" target=\"_blank\" rel=\"noopener noreferrer\">Panda B\u00e4ren<\/a>, einen <a href=\"https:\/\/www.sabine-seyffert.de\/blog\/?p=15717\" target=\"_blank\" rel=\"noopener noreferrer\">Pinguin<\/a>, ein <a href=\"https:\/\/www.sabine-seyffert.de\/blog\/?p=20103\" target=\"_blank\" rel=\"noopener noreferrer\">Schwein<\/a>, ein <a href=\"https:\/\/www.sabine-seyffert.de\/blog\/?p=16599\" target=\"_blank\" rel=\"noopener noreferrer\">summendes Bienchen<\/a> und <a href=\"https:\/\/www.sabine-seyffert.de\/blog\/?p=15179\" target=\"_blank\" rel=\"noopener noreferrer\">ein leuchtender Fuchs<\/a>. Da sich inzwischen ein kleiner Stapel davon angesammelt hat, wurde dieser zu Flamingos verarbeitet. Mit buschigen Federn und langen, d\u00fcnnen Beinen\u2026<br \/>\nWie man diese Upcyclingidee nachbastelt, verrate ich euch nun.<\/p>\n<p style=\"text-align: center;\"><a href=\"https:\/\/www.sabine-seyffert.de\/blog\/wp-content\/uploads\/2021\/08\/Flamingo-Upcycling-Sabine-Seyffert.de-4.jpg\"><img loading=\"lazy\" decoding=\"async\" class=\"alignnone size-full wp-image-20751\" src=\"https:\/\/www.sabine-seyffert.de\/blog\/wp-content\/uploads\/2021\/08\/Flamingo-Upcycling-Sabine-Seyffert.de-4.jpg\" alt=\"\" width=\"800\" height=\"600\" srcset=\"https:\/\/www.sabine-seyffert.de\/blog\/wp-content\/uploads\/2021\/08\/Flamingo-Upcycling-Sabine-Seyffert.de-4.jpg 800w, https:\/\/www.sabine-seyffert.de\/blog\/wp-content\/uploads\/2021\/08\/Flamingo-Upcycling-Sabine-Seyffert.de-4-300x225.jpg 300w, https:\/\/www.sabine-seyffert.de\/blog\/wp-content\/uploads\/2021\/08\/Flamingo-Upcycling-Sabine-Seyffert.de-4-768x576.jpg 768w\" sizes=\"auto, (max-width: 800px) 100vw, 800px\" \/><\/a><\/p>\n<p style=\"text-align: justify;\"><strong>Das wird gebraucht:<\/strong><br \/>\nLeere, saubere Joghurtdeckel (durchsichtig), pinkes Seidenpapier oder Transparentpapier, Pfeifenputzer in Pink, rosa farbene Federn, Tonkarton in Pink sowie kleine Papierreste in Wei\u00df, Beige und Rosa, eine Schere, eine Hei\u00dfklebepistole samt Klebepatrone, Tapetenkleister, <a href=\"https:\/\/www.sabine-seyffert.de\/blog\/?p=12310\" target=\"_blank\" rel=\"noopener noreferrer\">Malkittel<\/a>, eine abwaschbare Tischdecke oder Malunterlage, Nadel, Nylongarn<\/p>\n<p style=\"text-align: center;\"><a href=\"https:\/\/www.sabine-seyffert.de\/blog\/wp-content\/uploads\/2021\/08\/Flamingo-Upcycling-Sabine-Seyffert.de-10.jpg\"><img loading=\"lazy\" decoding=\"async\" class=\"alignnone size-full wp-image-20752\" src=\"https:\/\/www.sabine-seyffert.de\/blog\/wp-content\/uploads\/2021\/08\/Flamingo-Upcycling-Sabine-Seyffert.de-10.jpg\" alt=\"\" width=\"800\" height=\"600\" srcset=\"https:\/\/www.sabine-seyffert.de\/blog\/wp-content\/uploads\/2021\/08\/Flamingo-Upcycling-Sabine-Seyffert.de-10.jpg 800w, https:\/\/www.sabine-seyffert.de\/blog\/wp-content\/uploads\/2021\/08\/Flamingo-Upcycling-Sabine-Seyffert.de-10-300x225.jpg 300w, https:\/\/www.sabine-seyffert.de\/blog\/wp-content\/uploads\/2021\/08\/Flamingo-Upcycling-Sabine-Seyffert.de-10-768x576.jpg 768w\" sizes=\"auto, (max-width: 800px) 100vw, 800px\" \/><\/a><\/p>\n<p style=\"text-align: justify;\"><strong>So wird\u2019s gemacht:<\/strong><br \/>\nZuerst deckt ihr am besten den Tisch gut ab und r\u00fchrt in einer kleinen Sch\u00fcssel etwas Tapetenkleisterpulver mit warmem Wasser an.<\/p>\n<p style=\"text-align: center;\"><a href=\"https:\/\/www.sabine-seyffert.de\/blog\/wp-content\/uploads\/2021\/08\/Flamingo-Upcycling-Sabine-Seyffert.de-9.jpg\"><img loading=\"lazy\" decoding=\"async\" class=\"alignnone size-full wp-image-20756\" src=\"https:\/\/www.sabine-seyffert.de\/blog\/wp-content\/uploads\/2021\/08\/Flamingo-Upcycling-Sabine-Seyffert.de-9.jpg\" alt=\"\" width=\"800\" height=\"600\" srcset=\"https:\/\/www.sabine-seyffert.de\/blog\/wp-content\/uploads\/2021\/08\/Flamingo-Upcycling-Sabine-Seyffert.de-9.jpg 800w, https:\/\/www.sabine-seyffert.de\/blog\/wp-content\/uploads\/2021\/08\/Flamingo-Upcycling-Sabine-Seyffert.de-9-300x225.jpg 300w, https:\/\/www.sabine-seyffert.de\/blog\/wp-content\/uploads\/2021\/08\/Flamingo-Upcycling-Sabine-Seyffert.de-9-768x576.jpg 768w\" sizes=\"auto, (max-width: 800px) 100vw, 800px\" \/><\/a><\/p>\n<p style=\"text-align: justify;\"><strong><span style=\"color: #ff0000;\">Achtung<\/span><\/strong>: Der Kleister braucht ein paar Minuten um zu ziehen und sollte f\u00fcr diese Bastelei nicht zu fl\u00fcssig sein.<\/p>\n<p style=\"text-align: center;\"><a href=\"https:\/\/www.sabine-seyffert.de\/blog\/wp-content\/uploads\/2021\/08\/Flamingo-Upcycling-Sabine-Seyffert.de-8.jpg\"><img loading=\"lazy\" decoding=\"async\" class=\"alignnone size-full wp-image-20757\" src=\"https:\/\/www.sabine-seyffert.de\/blog\/wp-content\/uploads\/2021\/08\/Flamingo-Upcycling-Sabine-Seyffert.de-8.jpg\" alt=\"\" width=\"800\" height=\"600\" srcset=\"https:\/\/www.sabine-seyffert.de\/blog\/wp-content\/uploads\/2021\/08\/Flamingo-Upcycling-Sabine-Seyffert.de-8.jpg 800w, https:\/\/www.sabine-seyffert.de\/blog\/wp-content\/uploads\/2021\/08\/Flamingo-Upcycling-Sabine-Seyffert.de-8-300x225.jpg 300w, https:\/\/www.sabine-seyffert.de\/blog\/wp-content\/uploads\/2021\/08\/Flamingo-Upcycling-Sabine-Seyffert.de-8-768x576.jpg 768w\" sizes=\"auto, (max-width: 800px) 100vw, 800px\" \/><\/a><\/p>\n<p style=\"text-align: justify;\">Dann rei\u00dft oder schneidet man das Seidenpapier in kleinere St\u00fccke. Hinweis: Das Papier blutet leider aus, wenn es mit dem feuchten Kleister in Verbindung gebracht wird und f\u00e4rbt die Haut an den H\u00e4nden ein. Alternativ kann man auch Transparentpapier verwenden, was allerdings nicht ganz so hohe Leuchtkraft besitzt.<\/p>\n<p style=\"text-align: center;\"><a href=\"https:\/\/www.sabine-seyffert.de\/blog\/wp-content\/uploads\/2021\/08\/Flamingo-Upcycling-Sabine-Seyffert.de-7.jpg\"><img loading=\"lazy\" decoding=\"async\" class=\"alignnone size-full wp-image-20758\" src=\"https:\/\/www.sabine-seyffert.de\/blog\/wp-content\/uploads\/2021\/08\/Flamingo-Upcycling-Sabine-Seyffert.de-7.jpg\" alt=\"\" width=\"800\" height=\"600\" srcset=\"https:\/\/www.sabine-seyffert.de\/blog\/wp-content\/uploads\/2021\/08\/Flamingo-Upcycling-Sabine-Seyffert.de-7.jpg 800w, https:\/\/www.sabine-seyffert.de\/blog\/wp-content\/uploads\/2021\/08\/Flamingo-Upcycling-Sabine-Seyffert.de-7-300x225.jpg 300w, https:\/\/www.sabine-seyffert.de\/blog\/wp-content\/uploads\/2021\/08\/Flamingo-Upcycling-Sabine-Seyffert.de-7-768x576.jpg 768w\" sizes=\"auto, (max-width: 800px) 100vw, 800px\" \/><\/a><\/p>\n<p style=\"text-align: justify;\">Den Deckel bestreicht man nun d\u00fcnn mit Kleister und deckt diesen mit dem pinken Papier ab. Da der Deckel recht stabil ist und das Pink recht kr\u00e4ftig ist, reichen 2 Schichten vollkommen aus. Achtet darauf, die Papierecken und R\u00e4nder sch\u00f6n glattzustreichen.<\/p>\n<p style=\"text-align: center;\"><a href=\"https:\/\/www.sabine-seyffert.de\/blog\/wp-content\/uploads\/2021\/08\/Flamingo-Upcycling-Sabine-Seyffert.de-6.jpg\"><img loading=\"lazy\" decoding=\"async\" class=\"alignnone size-full wp-image-20759\" src=\"https:\/\/www.sabine-seyffert.de\/blog\/wp-content\/uploads\/2021\/08\/Flamingo-Upcycling-Sabine-Seyffert.de-6.jpg\" alt=\"\" width=\"800\" height=\"600\" srcset=\"https:\/\/www.sabine-seyffert.de\/blog\/wp-content\/uploads\/2021\/08\/Flamingo-Upcycling-Sabine-Seyffert.de-6.jpg 800w, https:\/\/www.sabine-seyffert.de\/blog\/wp-content\/uploads\/2021\/08\/Flamingo-Upcycling-Sabine-Seyffert.de-6-300x225.jpg 300w, https:\/\/www.sabine-seyffert.de\/blog\/wp-content\/uploads\/2021\/08\/Flamingo-Upcycling-Sabine-Seyffert.de-6-768x576.jpg 768w\" sizes=\"auto, (max-width: 800px) 100vw, 800px\" \/><\/a><\/p>\n<p style=\"text-align: justify;\">Sobald das Papier trocken ist (an warmen Tagen in der Sonne geht das ratzfatz!), k\u00f6nnt ihr aus den Pfeifenreinigern lange Beine formen und ankleben. Ein paar rosa Federn bilden den Schwanz.<\/p>\n<p style=\"text-align: center;\"><a href=\"https:\/\/www.sabine-seyffert.de\/blog\/wp-content\/uploads\/2021\/08\/Flamingo-Upcycling-Sabine-Seyffert.de-5.jpg\"><img loading=\"lazy\" decoding=\"async\" class=\"alignnone size-full wp-image-20760\" src=\"https:\/\/www.sabine-seyffert.de\/blog\/wp-content\/uploads\/2021\/08\/Flamingo-Upcycling-Sabine-Seyffert.de-5.jpg\" alt=\"\" width=\"800\" height=\"600\" srcset=\"https:\/\/www.sabine-seyffert.de\/blog\/wp-content\/uploads\/2021\/08\/Flamingo-Upcycling-Sabine-Seyffert.de-5.jpg 800w, https:\/\/www.sabine-seyffert.de\/blog\/wp-content\/uploads\/2021\/08\/Flamingo-Upcycling-Sabine-Seyffert.de-5-300x225.jpg 300w, https:\/\/www.sabine-seyffert.de\/blog\/wp-content\/uploads\/2021\/08\/Flamingo-Upcycling-Sabine-Seyffert.de-5-768x576.jpg 768w\" sizes=\"auto, (max-width: 800px) 100vw, 800px\" \/><\/a><\/p>\n<p style=\"text-align: justify;\">Und aus dem Tonkarton schneidet oder rei\u00dft man einen Fl\u00fcgel und den langen Hals samt Kopf. Aus den kleinen Papierresten lassen sich Schnabel und Auge schneiden und aufkleben.<\/p>\n<p style=\"text-align: center;\"><a href=\"https:\/\/www.sabine-seyffert.de\/blog\/wp-content\/uploads\/2021\/08\/Flamingo-Upcycling-Sabine-Seyffert.de-3.jpg\"><img loading=\"lazy\" decoding=\"async\" class=\"alignnone size-full wp-image-20755\" src=\"https:\/\/www.sabine-seyffert.de\/blog\/wp-content\/uploads\/2021\/08\/Flamingo-Upcycling-Sabine-Seyffert.de-3.jpg\" alt=\"\" width=\"800\" height=\"600\" srcset=\"https:\/\/www.sabine-seyffert.de\/blog\/wp-content\/uploads\/2021\/08\/Flamingo-Upcycling-Sabine-Seyffert.de-3.jpg 800w, https:\/\/www.sabine-seyffert.de\/blog\/wp-content\/uploads\/2021\/08\/Flamingo-Upcycling-Sabine-Seyffert.de-3-300x225.jpg 300w, https:\/\/www.sabine-seyffert.de\/blog\/wp-content\/uploads\/2021\/08\/Flamingo-Upcycling-Sabine-Seyffert.de-3-768x576.jpg 768w\" sizes=\"auto, (max-width: 800px) 100vw, 800px\" \/><\/a><\/p>\n<p style=\"text-align: justify;\">Ganz zum Schluss mit der Nadel ein St\u00fcck Nylongarn durch den Deckel ziehen und verknoten.<\/p>\n<p style=\"text-align: center;\"><a href=\"https:\/\/www.sabine-seyffert.de\/blog\/wp-content\/uploads\/2021\/08\/Flamingo-Upcycling-Sabine-Seyffert.de-1-1.jpg\"><img loading=\"lazy\" decoding=\"async\" class=\"alignnone size-full wp-image-20754\" src=\"https:\/\/www.sabine-seyffert.de\/blog\/wp-content\/uploads\/2021\/08\/Flamingo-Upcycling-Sabine-Seyffert.de-1-1.jpg\" alt=\"\" width=\"600\" height=\"800\" srcset=\"https:\/\/www.sabine-seyffert.de\/blog\/wp-content\/uploads\/2021\/08\/Flamingo-Upcycling-Sabine-Seyffert.de-1-1.jpg 600w, https:\/\/www.sabine-seyffert.de\/blog\/wp-content\/uploads\/2021\/08\/Flamingo-Upcycling-Sabine-Seyffert.de-1-1-225x300.jpg 225w\" sizes=\"auto, (max-width: 600px) 100vw, 600px\" \/><\/a><\/p>\n<p style=\"text-align: justify;\">Weitere Bastelanleitungen f\u00fcr Kinder findet ihr \u00fcbrigens in <a href=\"https:\/\/www.sabine-seyffert.de\/blog\/?cat=32\" target=\"_blank\" rel=\"noopener noreferrer\">dieser Blog Kategorie<\/a>, Do-it-Yourself Deko Ideen zum Selbermachen gibt es in <a href=\"https:\/\/www.sabine-seyffert.de\/blog\/?cat=12\" target=\"_blank\" rel=\"noopener noreferrer\">diesem Ordner<\/a>, alle Ideen zum Thema Sommer in <a href=\"https:\/\/www.sabine-seyffert.de\/blog\/?cat=24\" target=\"_blank\" rel=\"noopener noreferrer\">dieser Rubrik<\/a>, alle Upcycling Anleitungen zum Nachmachen an <a href=\"https:\/\/www.sabine-seyffert.de\/blog\/?cat=47\" target=\"_blank\" rel=\"noopener noreferrer\">dieser Stelle<\/a> und andere kreative Sachen gibt es <a href=\"https:\/\/www.pinterest.de\/diysabineseyffert\/\" target=\"_blank\" rel=\"noopener noreferrer\">dort<\/a>.<\/p>\n<p style=\"text-align: center;\"><a href=\"https:\/\/www.sabine-seyffert.de\/blog\/wp-content\/uploads\/2021\/08\/Flamingo-Upcycling-Sabine-Seyffert.de-1.jpg\"><img loading=\"lazy\" decoding=\"async\" class=\"alignnone size-full wp-image-20753\" src=\"https:\/\/www.sabine-seyffert.de\/blog\/wp-content\/uploads\/2021\/08\/Flamingo-Upcycling-Sabine-Seyffert.de-1.jpg\" alt=\"\" width=\"600\" height=\"800\" srcset=\"https:\/\/www.sabine-seyffert.de\/blog\/wp-content\/uploads\/2021\/08\/Flamingo-Upcycling-Sabine-Seyffert.de-1.jpg 600w, https:\/\/www.sabine-seyffert.de\/blog\/wp-content\/uploads\/2021\/08\/Flamingo-Upcycling-Sabine-Seyffert.de-1-225x300.jpg 225w\" sizes=\"auto, (max-width: 600px) 100vw, 600px\" \/><\/a><\/p>\n<p style=\"text-align: justify;\"><a href=\"https:\/\/www.sabine-seyffert.de\/blog\/?page_id=32#urheberrecht\">urheberrechtlich gesch\u00fctzt<\/a>, \u00a9 Sabine Seyffert<\/p>\n","protected":false},"excerpt":{"rendered":"<p>Habt ihr Lust auf eine neue Bastelidee mit Joghurtdeckeln? Die sind zum Basteln einfach immer wieder klasse, daher lasse ich diese auch gerne f\u00fcr mich sammeln. Einige Bastelideen mit diesem kostenlosem Bastelmaterial habe ich euch auf dem Blog schon gezeigt: Ein maritimer Fisch, ein toller L\u00f6we, herbstliche Fensterbilder, einen s\u00fc\u00dfen Panda B\u00e4ren, einen Pinguin, ein&#8230; <a href=\"https:\/\/www.sabine-seyffert.de\/blog\/diy-tiere-basteln-mit-kindern-flamingo-upcycling-idee-aus-deckel-feder-pfeifenreiniger-papier\/\" class=\"more-link\">Read more: DIY Tiere basteln mit Kindern: Flamingo &#8211; Upcycling Idee aus Deckel, Feder, Pfeifenreiniger &#038; Papier<\/a><\/p>\n","protected":false},"author":2,"featured_media":0,"comment_status":"open","ping_status":"open","sticky":false,"template":"","format":"standard","meta":{"_metis_text_type":"","_metis_text_length":2636,"_post_count":0,"footnotes":""},"categories":[32,24,47],"tags":[],"class_list":["post-20750","post","type-post","status-publish","format-standard","hentry","category-kreatives-fur-kleine-kinderhande","category-sommer","category-upcyceltes"],"_links":{"self":[{"href":"https:\/\/www.sabine-seyffert.de\/blog\/wp-json\/wp\/v2\/posts\/20750","targetHints":{"allow":["GET"]}}],"collection":[{"href":"https:\/\/www.sabine-seyffert.de\/blog\/wp-json\/wp\/v2\/posts"}],"about":[{"href":"https:\/\/www.sabine-seyffert.de\/blog\/wp-json\/wp\/v2\/types\/post"}],"author":[{"embeddable":true,"href":"https:\/\/www.sabine-seyffert.de\/blog\/wp-json\/wp\/v2\/users\/2"}],"replies":[{"embeddable":true,"href":"https:\/\/www.sabine-seyffert.de\/blog\/wp-json\/wp\/v2\/comments?post=20750"}],"version-history":[{"count":2,"href":"https:\/\/www.sabine-seyffert.de\/blog\/wp-json\/wp\/v2\/posts\/20750\/revisions"}],"predecessor-version":[{"id":20762,"href":"https:\/\/www.sabine-seyffert.de\/blog\/wp-json\/wp\/v2\/posts\/20750\/revisions\/20762"}],"wp:attachment":[{"href":"https:\/\/www.sabine-seyffert.de\/blog\/wp-json\/wp\/v2\/media?parent=20750"}],"wp:term":[{"taxonomy":"category","embeddable":true,"href":"https:\/\/www.sabine-seyffert.de\/blog\/wp-json\/wp\/v2\/categories?post=20750"},{"taxonomy":"post_tag","embeddable":true,"href":"https:\/\/www.sabine-seyffert.de\/blog\/wp-json\/wp\/v2\/tags?post=20750"}],"curies":[{"name":"wp","href":"https:\/\/api.w.org\/{rel}","templated":true}]}}