{"id":20700,"date":"2021-08-03T07:14:27","date_gmt":"2021-08-03T05:14:27","guid":{"rendered":"https:\/\/www.sabine-seyffert.de\/blog\/?p=20700"},"modified":"2021-08-03T07:14:27","modified_gmt":"2021-08-03T05:14:27","slug":"diy-geschenkidee-zum-selbermachen-etwas-sonne-fuer-dich-kleine-mitbringsel-basteln","status":"publish","type":"post","link":"https:\/\/www.sabine-seyffert.de\/blog\/diy-geschenkidee-zum-selbermachen-etwas-sonne-fuer-dich-kleine-mitbringsel-basteln\/","title":{"rendered":"DIY Geschenkidee zum Selbermachen: Etwas Sonne f\u00fcr dich \u2013 kleine Mitbringsel basteln"},"content":{"rendered":"<p style=\"text-align: justify;\"><img loading=\"lazy\" decoding=\"async\" src=\"https:\/\/vg06.met.vgwort.de\/na\/0a2ccd9245854970b4e01b0ef03576ed\" alt=\"\" width=\"1\" height=\"1\" \/>Seitdem die Sommerferien gestartet sind, macht sich hier der Sommer rar. Daher gibt es heute als Ferienprogramm eine s\u00fc\u00dfe Bastelidee, die man prima als kleines Geschenk, Mitbringsel oder \u00dcberraschung nutzen kann. Falls ihr also Langeweile habt, eine Freundin \u00fcberraschen oder einen kleinen Sommergru\u00df per Post verschicken wollt, macht doch mit.<\/p>\n<p style=\"text-align: center;\"><a href=\"https:\/\/www.sabine-seyffert.de\/blog\/wp-content\/uploads\/2021\/08\/Geschenk-Sonne-f\u00fcr-dich-Sabine-Seyffert.de-4.jpg\"><img loading=\"lazy\" decoding=\"async\" class=\"alignnone size-full wp-image-20701\" src=\"https:\/\/www.sabine-seyffert.de\/blog\/wp-content\/uploads\/2021\/08\/Geschenk-Sonne-f\u00fcr-dich-Sabine-Seyffert.de-4.jpg\" alt=\"\" width=\"800\" height=\"600\" srcset=\"https:\/\/www.sabine-seyffert.de\/blog\/wp-content\/uploads\/2021\/08\/Geschenk-Sonne-f\u00fcr-dich-Sabine-Seyffert.de-4.jpg 800w, https:\/\/www.sabine-seyffert.de\/blog\/wp-content\/uploads\/2021\/08\/Geschenk-Sonne-f\u00fcr-dich-Sabine-Seyffert.de-4-300x225.jpg 300w, https:\/\/www.sabine-seyffert.de\/blog\/wp-content\/uploads\/2021\/08\/Geschenk-Sonne-f\u00fcr-dich-Sabine-Seyffert.de-4-768x576.jpg 768w\" sizes=\"auto, (max-width: 800px) 100vw, 800px\" \/><\/a><\/p>\n<p style=\"text-align: justify;\"><strong>Das wird gebraucht:<\/strong><br \/>\nEine leere Streichholzschachtel (kleine Geschenkbox, leere K\u00e4seschachtel oder notfalls ein kleiner Briefumschlag, eine alte Tageszeitung, einen Wasserfarbkasten inklusiv Deckwei\u00df, gelbe Bastelfarbe (Acrylfarbe o.\u00e4.), gelbes Papier, einen Motivlocher \u201eSonne\u201c (klein), Pinsel, Bastelkleber, einen Sektkorken (Weinkorken), ein St\u00fcck Pappe, eine Bastelunterlag und <a href=\"https:\/\/www.sabine-seyffert.de\/blog\/?p=12310\" target=\"_blank\" rel=\"noopener noreferrer\">einen Malkittel<\/a> sowie optional kleine Buchstabenstempel samt Stempelkissen oder einen Filzstift \/ Fineliner<\/p>\n<p style=\"text-align: center;\"><a href=\"https:\/\/www.sabine-seyffert.de\/blog\/wp-content\/uploads\/2021\/08\/Geschenk-Sonne-f\u00fcr-dich-Sabine-Seyffert.de_.jpg\"><img loading=\"lazy\" decoding=\"async\" class=\"alignnone size-full wp-image-20702\" src=\"https:\/\/www.sabine-seyffert.de\/blog\/wp-content\/uploads\/2021\/08\/Geschenk-Sonne-f\u00fcr-dich-Sabine-Seyffert.de_.jpg\" alt=\"\" width=\"800\" height=\"600\" srcset=\"https:\/\/www.sabine-seyffert.de\/blog\/wp-content\/uploads\/2021\/08\/Geschenk-Sonne-f\u00fcr-dich-Sabine-Seyffert.de_.jpg 800w, https:\/\/www.sabine-seyffert.de\/blog\/wp-content\/uploads\/2021\/08\/Geschenk-Sonne-f\u00fcr-dich-Sabine-Seyffert.de_-300x225.jpg 300w, https:\/\/www.sabine-seyffert.de\/blog\/wp-content\/uploads\/2021\/08\/Geschenk-Sonne-f\u00fcr-dich-Sabine-Seyffert.de_-768x576.jpg 768w\" sizes=\"auto, (max-width: 800px) 100vw, 800px\" \/><\/a><\/p>\n<p style=\"text-align: justify;\"><strong>So wird\u2019s gemacht:<\/strong><br \/>\nAls erstes deckt ihr den Tisch, an dem gebastelt werden soll, gut ab. Zieht den Malkittel und dann stellt euch aus dem Zeitungspapier und der Wasserfarbe euer <a href=\"https:\/\/www.sabine-seyffert.de\/blog\/?p=13917\" target=\"_blank\" rel=\"noopener noreferrer\">eigenes Bastelpapier<\/a> her.<\/p>\n<p style=\"text-align: center;\"><a href=\"https:\/\/www.sabine-seyffert.de\/blog\/wp-content\/uploads\/2021\/08\/Geschenk-Sonne-f\u00fcr-dich-Sabine-Seyffert.de-0.jpg\"><img loading=\"lazy\" decoding=\"async\" class=\"alignnone size-full wp-image-20703\" src=\"https:\/\/www.sabine-seyffert.de\/blog\/wp-content\/uploads\/2021\/08\/Geschenk-Sonne-f\u00fcr-dich-Sabine-Seyffert.de-0.jpg\" alt=\"\" width=\"800\" height=\"600\" srcset=\"https:\/\/www.sabine-seyffert.de\/blog\/wp-content\/uploads\/2021\/08\/Geschenk-Sonne-f\u00fcr-dich-Sabine-Seyffert.de-0.jpg 800w, https:\/\/www.sabine-seyffert.de\/blog\/wp-content\/uploads\/2021\/08\/Geschenk-Sonne-f\u00fcr-dich-Sabine-Seyffert.de-0-300x225.jpg 300w, https:\/\/www.sabine-seyffert.de\/blog\/wp-content\/uploads\/2021\/08\/Geschenk-Sonne-f\u00fcr-dich-Sabine-Seyffert.de-0-768x576.jpg 768w\" sizes=\"auto, (max-width: 800px) 100vw, 800px\" \/><\/a><\/p>\n<p style=\"text-align: justify;\">Sobald das getrocknet ist, k\u00f6nnt ihr auch daraus in der Breite der Streichholzschachtel einen Streifen schneiden und den als Banderole (wie bei <a href=\"https:\/\/www.sabine-seyffert.de\/blog\/?p=18763\" target=\"_blank\" rel=\"noopener noreferrer\">dieser Bastelidee<\/a>) um die Schachtel kleben. Dies verdeckt den Aufdruck, so dass ihr die kleine Geschenkbox gestalten k\u00f6nnt.<\/p>\n<p style=\"text-align: center;\"><a href=\"https:\/\/www.sabine-seyffert.de\/blog\/wp-content\/uploads\/2021\/08\/Geschenk-Sonne-f\u00fcr-dich-Sabine-Seyffert.de-8.jpg\"><img loading=\"lazy\" decoding=\"async\" class=\"alignnone size-full wp-image-20707\" src=\"https:\/\/www.sabine-seyffert.de\/blog\/wp-content\/uploads\/2021\/08\/Geschenk-Sonne-f\u00fcr-dich-Sabine-Seyffert.de-8.jpg\" alt=\"\" width=\"800\" height=\"600\" srcset=\"https:\/\/www.sabine-seyffert.de\/blog\/wp-content\/uploads\/2021\/08\/Geschenk-Sonne-f\u00fcr-dich-Sabine-Seyffert.de-8.jpg 800w, https:\/\/www.sabine-seyffert.de\/blog\/wp-content\/uploads\/2021\/08\/Geschenk-Sonne-f\u00fcr-dich-Sabine-Seyffert.de-8-300x225.jpg 300w, https:\/\/www.sabine-seyffert.de\/blog\/wp-content\/uploads\/2021\/08\/Geschenk-Sonne-f\u00fcr-dich-Sabine-Seyffert.de-8-768x576.jpg 768w\" sizes=\"auto, (max-width: 800px) 100vw, 800px\" \/><\/a><\/p>\n<p style=\"text-align: justify;\">Innen kleidet ihr die Schachtel ebenfalls mit dem selbst gemachten Bastelpapier aus. Wir haben dies mit Deckwei\u00df bemaltem Zeitungspapier beklebt, da sich dies gut beschriften l\u00e4sst. Achtet daher darauf, dass die Farbe nicht zu dunkel ist, so dass die Schrift noch zu sehen ist.<\/p>\n<p style=\"text-align: center;\"><a href=\"https:\/\/www.sabine-seyffert.de\/blog\/wp-content\/uploads\/2021\/08\/Geschenk-Sonne-f\u00fcr-dich-Sabine-Seyffert.de-7.jpg\"><img loading=\"lazy\" decoding=\"async\" class=\"alignnone size-full wp-image-20708\" src=\"https:\/\/www.sabine-seyffert.de\/blog\/wp-content\/uploads\/2021\/08\/Geschenk-Sonne-f\u00fcr-dich-Sabine-Seyffert.de-7.jpg\" alt=\"\" width=\"800\" height=\"600\" srcset=\"https:\/\/www.sabine-seyffert.de\/blog\/wp-content\/uploads\/2021\/08\/Geschenk-Sonne-f\u00fcr-dich-Sabine-Seyffert.de-7.jpg 800w, https:\/\/www.sabine-seyffert.de\/blog\/wp-content\/uploads\/2021\/08\/Geschenk-Sonne-f\u00fcr-dich-Sabine-Seyffert.de-7-300x225.jpg 300w, https:\/\/www.sabine-seyffert.de\/blog\/wp-content\/uploads\/2021\/08\/Geschenk-Sonne-f\u00fcr-dich-Sabine-Seyffert.de-7-768x576.jpg 768w\" sizes=\"auto, (max-width: 800px) 100vw, 800px\" \/><\/a><\/p>\n<p style=\"text-align: justify;\">Falls ihr kleine Buchstabenstempel habt, k\u00f6nnt ihr in die Schachtel den gew\u00fcnschten Text hinein drucken. Ansonsten schreibt ihr dies einfach mit Hilfe eines d\u00fcnnen Stiftes hinein. Passend zum Thema Sonne hei\u00dft es bei uns \u201eSonne f\u00fcr dich\u201c.<\/p>\n<p style=\"text-align: center;\"><a href=\"https:\/\/www.sabine-seyffert.de\/blog\/wp-content\/uploads\/2021\/08\/Geschenk-Sonne-f\u00fcr-dich-Sabine-Seyffert.de-6.jpg\"><img loading=\"lazy\" decoding=\"async\" class=\"alignnone size-full wp-image-20709\" src=\"https:\/\/www.sabine-seyffert.de\/blog\/wp-content\/uploads\/2021\/08\/Geschenk-Sonne-f\u00fcr-dich-Sabine-Seyffert.de-6.jpg\" alt=\"\" width=\"800\" height=\"600\" srcset=\"https:\/\/www.sabine-seyffert.de\/blog\/wp-content\/uploads\/2021\/08\/Geschenk-Sonne-f\u00fcr-dich-Sabine-Seyffert.de-6.jpg 800w, https:\/\/www.sabine-seyffert.de\/blog\/wp-content\/uploads\/2021\/08\/Geschenk-Sonne-f\u00fcr-dich-Sabine-Seyffert.de-6-300x225.jpg 300w, https:\/\/www.sabine-seyffert.de\/blog\/wp-content\/uploads\/2021\/08\/Geschenk-Sonne-f\u00fcr-dich-Sabine-Seyffert.de-6-768x576.jpg 768w\" sizes=\"auto, (max-width: 800px) 100vw, 800px\" \/><\/a><\/p>\n<p style=\"text-align: justify;\">Daher haben wir mit Hilfe eines Korkens und gelber Farbe auf den \u00e4u\u00dferen Teil der Schachtel eine runde Sonne gestempelt. Die Sonnenstrahlen kann man entweder mit einem ganz d\u00fcnnen Pinsel malen, was allerdings sehr kniffelig ist, da gerade die d\u00fcnnen Pinsel leicht beim Malen verrutschen.<\/p>\n<p style=\"text-align: center;\"><a href=\"https:\/\/www.sabine-seyffert.de\/blog\/wp-content\/uploads\/2021\/08\/Geschenk-Sonne-f\u00fcr-dich-Sabine-Seyffert.de-5.jpg\"><img loading=\"lazy\" decoding=\"async\" class=\"alignnone size-full wp-image-20710\" src=\"https:\/\/www.sabine-seyffert.de\/blog\/wp-content\/uploads\/2021\/08\/Geschenk-Sonne-f\u00fcr-dich-Sabine-Seyffert.de-5.jpg\" alt=\"\" width=\"800\" height=\"600\" srcset=\"https:\/\/www.sabine-seyffert.de\/blog\/wp-content\/uploads\/2021\/08\/Geschenk-Sonne-f\u00fcr-dich-Sabine-Seyffert.de-5.jpg 800w, https:\/\/www.sabine-seyffert.de\/blog\/wp-content\/uploads\/2021\/08\/Geschenk-Sonne-f\u00fcr-dich-Sabine-Seyffert.de-5-300x225.jpg 300w, https:\/\/www.sabine-seyffert.de\/blog\/wp-content\/uploads\/2021\/08\/Geschenk-Sonne-f\u00fcr-dich-Sabine-Seyffert.de-5-768x576.jpg 768w\" sizes=\"auto, (max-width: 800px) 100vw, 800px\" \/><\/a><\/p>\n<p style=\"text-align: justify;\">Besser klappt es mit einem St\u00fcck d\u00fcnne Pappe. Die k\u00f6nnt ihr \u2013 \u00e4hnlich bei den <a href=\"https:\/\/www.sabine-seyffert.de\/blog\/?s=klorollen+stempel\" target=\"_blank\" rel=\"noopener noreferrer\">Stempelideen mit leeren Klorollen<\/a>, einfach in gelbe Bastelfarbe tunken und so jeden Sonnenstrahl um die Sonne herum stempeln. Das klappt super und ist gerade f\u00fcr die j\u00fcngeren unter euch deutlich einfacher!<\/p>\n<p style=\"text-align: center;\"><a href=\"https:\/\/www.sabine-seyffert.de\/blog\/wp-content\/uploads\/2021\/08\/Geschenk-Sonne-f\u00fcr-dich-Sabine-Seyffert.de-4-1.jpg\"><img loading=\"lazy\" decoding=\"async\" class=\"alignnone size-full wp-image-20711\" src=\"https:\/\/www.sabine-seyffert.de\/blog\/wp-content\/uploads\/2021\/08\/Geschenk-Sonne-f\u00fcr-dich-Sabine-Seyffert.de-4-1.jpg\" alt=\"\" width=\"800\" height=\"600\" srcset=\"https:\/\/www.sabine-seyffert.de\/blog\/wp-content\/uploads\/2021\/08\/Geschenk-Sonne-f\u00fcr-dich-Sabine-Seyffert.de-4-1.jpg 800w, https:\/\/www.sabine-seyffert.de\/blog\/wp-content\/uploads\/2021\/08\/Geschenk-Sonne-f\u00fcr-dich-Sabine-Seyffert.de-4-1-300x225.jpg 300w, https:\/\/www.sabine-seyffert.de\/blog\/wp-content\/uploads\/2021\/08\/Geschenk-Sonne-f\u00fcr-dich-Sabine-Seyffert.de-4-1-768x576.jpg 768w\" sizes=\"auto, (max-width: 800px) 100vw, 800px\" \/><\/a><\/p>\n<p style=\"text-align: justify;\">Jetzt muss die kleine Geschenkschachtel noch mit reichlich Sonnenschein gef\u00fcllt werden. Dazu stanzt ihr mit dem Motivstanzer allerhand gelbe Sonnen aus dem Papier und bef\u00fcllt die Schachtel damit.<\/p>\n<p style=\"text-align: center;\"><a href=\"https:\/\/www.sabine-seyffert.de\/blog\/wp-content\/uploads\/2021\/08\/Geschenk-Sonne-f\u00fcr-dich-Sabine-Seyffert.de-2.jpg\"><img loading=\"lazy\" decoding=\"async\" class=\"alignnone size-full wp-image-20712\" src=\"https:\/\/www.sabine-seyffert.de\/blog\/wp-content\/uploads\/2021\/08\/Geschenk-Sonne-f\u00fcr-dich-Sabine-Seyffert.de-2.jpg\" alt=\"\" width=\"800\" height=\"600\" srcset=\"https:\/\/www.sabine-seyffert.de\/blog\/wp-content\/uploads\/2021\/08\/Geschenk-Sonne-f\u00fcr-dich-Sabine-Seyffert.de-2.jpg 800w, https:\/\/www.sabine-seyffert.de\/blog\/wp-content\/uploads\/2021\/08\/Geschenk-Sonne-f\u00fcr-dich-Sabine-Seyffert.de-2-300x225.jpg 300w, https:\/\/www.sabine-seyffert.de\/blog\/wp-content\/uploads\/2021\/08\/Geschenk-Sonne-f\u00fcr-dich-Sabine-Seyffert.de-2-768x576.jpg 768w\" sizes=\"auto, (max-width: 800px) 100vw, 800px\" \/><\/a><\/p>\n<p style=\"text-align: justify;\">Anschlie\u00dfend einfach zu schieben. Wer mag, kann der Sonne au\u00dfen noch ein lachendes, freundliches Gesicht aufmalen.<\/p>\n<p style=\"text-align: center;\"><a href=\"https:\/\/www.sabine-seyffert.de\/blog\/wp-content\/uploads\/2021\/08\/Geschenk-Sonne-f\u00fcr-dich-Sabine-Seyffert.de-1.jpg\"><img loading=\"lazy\" decoding=\"async\" class=\"alignnone size-full wp-image-20706\" src=\"https:\/\/www.sabine-seyffert.de\/blog\/wp-content\/uploads\/2021\/08\/Geschenk-Sonne-f\u00fcr-dich-Sabine-Seyffert.de-1.jpg\" alt=\"\" width=\"800\" height=\"600\" srcset=\"https:\/\/www.sabine-seyffert.de\/blog\/wp-content\/uploads\/2021\/08\/Geschenk-Sonne-f\u00fcr-dich-Sabine-Seyffert.de-1.jpg 800w, https:\/\/www.sabine-seyffert.de\/blog\/wp-content\/uploads\/2021\/08\/Geschenk-Sonne-f\u00fcr-dich-Sabine-Seyffert.de-1-300x225.jpg 300w, https:\/\/www.sabine-seyffert.de\/blog\/wp-content\/uploads\/2021\/08\/Geschenk-Sonne-f\u00fcr-dich-Sabine-Seyffert.de-1-768x576.jpg 768w\" sizes=\"auto, (max-width: 800px) 100vw, 800px\" \/><\/a><\/p>\n<p style=\"text-align: justify;\"><strong>Ein kleiner Tipp:<\/strong><br \/>\nDieses kleine Geschenk ist ein echter gute Laune Macher und eignet sich auch prima als Aufmunterung, wenn jemand krank ist oder sogar im Krankenhaus liegt.<\/p>\n<p style=\"text-align: center;\"><a href=\"https:\/\/www.sabine-seyffert.de\/blog\/wp-content\/uploads\/2021\/08\/Geschenk-Sonne-f\u00fcr-dich-Sabine-Seyffert.de-10.jpg\"><img loading=\"lazy\" decoding=\"async\" class=\"alignnone size-full wp-image-20705\" src=\"https:\/\/www.sabine-seyffert.de\/blog\/wp-content\/uploads\/2021\/08\/Geschenk-Sonne-f\u00fcr-dich-Sabine-Seyffert.de-10.jpg\" alt=\"\" width=\"600\" height=\"800\" srcset=\"https:\/\/www.sabine-seyffert.de\/blog\/wp-content\/uploads\/2021\/08\/Geschenk-Sonne-f\u00fcr-dich-Sabine-Seyffert.de-10.jpg 600w, https:\/\/www.sabine-seyffert.de\/blog\/wp-content\/uploads\/2021\/08\/Geschenk-Sonne-f\u00fcr-dich-Sabine-Seyffert.de-10-225x300.jpg 225w\" sizes=\"auto, (max-width: 600px) 100vw, 600px\" \/><\/a><\/p>\n<p style=\"text-align: justify;\">Weitere Geschenkideen zum Selbermachen findet ihr \u00fcbrigens in <a href=\"https:\/\/www.sabine-seyffert.de\/blog\/?cat=36\" target=\"_blank\" rel=\"noopener noreferrer\">dieser Blog Kategorie<\/a>, alles zum Thema Upcycling mit detaillierter Bastelanleitung gibt es in <a href=\"https:\/\/www.sabine-seyffert.de\/blog\/?cat=47\" target=\"_blank\" rel=\"noopener noreferrer\">dieser Rubrik<\/a>, kreative Do-it-Yourself Ideen f\u00fcr Kinder sind in <a href=\"https:\/\/www.sabine-seyffert.de\/blog\/?cat=32\" target=\"_blank\" rel=\"noopener noreferrer\">diesem Blog Ordner<\/a> und alles rund um die Sommerzeit findet ihr in an <a href=\"https:\/\/www.sabine-seyffert.de\/blog\/?cat=24\" target=\"_blank\" rel=\"noopener noreferrer\">dieser Stelle<\/a>.<\/p>\n<p style=\"text-align: center;\"><a href=\"https:\/\/www.sabine-seyffert.de\/blog\/wp-content\/uploads\/2021\/08\/Geschenk-Sonne-f\u00fcr-dich-Sabine-Seyffert.de-9.jpg\"><img loading=\"lazy\" decoding=\"async\" class=\"alignnone size-full wp-image-20704\" src=\"https:\/\/www.sabine-seyffert.de\/blog\/wp-content\/uploads\/2021\/08\/Geschenk-Sonne-f\u00fcr-dich-Sabine-Seyffert.de-9.jpg\" alt=\"\" width=\"600\" height=\"800\" srcset=\"https:\/\/www.sabine-seyffert.de\/blog\/wp-content\/uploads\/2021\/08\/Geschenk-Sonne-f\u00fcr-dich-Sabine-Seyffert.de-9.jpg 600w, https:\/\/www.sabine-seyffert.de\/blog\/wp-content\/uploads\/2021\/08\/Geschenk-Sonne-f\u00fcr-dich-Sabine-Seyffert.de-9-225x300.jpg 225w\" sizes=\"auto, (max-width: 600px) 100vw, 600px\" \/><\/a><\/p>\n<p><a href=\"https:\/\/www.sabine-seyffert.de\/blog\/?page_id=32#urheberrecht\">urheberrechtlich gesch\u00fctzt<\/a>, \u00a9 Sabine Seyffert<\/p>\n","protected":false},"excerpt":{"rendered":"<p>Seitdem die Sommerferien gestartet sind, macht sich hier der Sommer rar. Daher gibt es heute als Ferienprogramm eine s\u00fc\u00dfe Bastelidee, die man prima als kleines Geschenk, Mitbringsel oder \u00dcberraschung nutzen kann. Falls ihr also Langeweile habt, eine Freundin \u00fcberraschen oder einen kleinen Sommergru\u00df per Post verschicken wollt, macht doch mit. Das wird gebraucht: Eine leere&#8230; <a href=\"https:\/\/www.sabine-seyffert.de\/blog\/diy-geschenkidee-zum-selbermachen-etwas-sonne-fuer-dich-kleine-mitbringsel-basteln\/\" class=\"more-link\">Read more: DIY Geschenkidee zum Selbermachen: Etwas Sonne f\u00fcr dich \u2013 kleine Mitbringsel basteln<\/a><\/p>\n","protected":false},"author":2,"featured_media":0,"comment_status":"open","ping_status":"open","sticky":false,"template":"","format":"standard","meta":{"_metis_text_type":"","_metis_text_length":3229,"_post_count":0,"footnotes":""},"categories":[32,36,24,47],"tags":[],"class_list":["post-20700","post","type-post","status-publish","format-standard","hentry","category-kreatives-fur-kleine-kinderhande","category-klitzekleine-geschenkideen","category-sommer","category-upcyceltes"],"_links":{"self":[{"href":"https:\/\/www.sabine-seyffert.de\/blog\/wp-json\/wp\/v2\/posts\/20700","targetHints":{"allow":["GET"]}}],"collection":[{"href":"https:\/\/www.sabine-seyffert.de\/blog\/wp-json\/wp\/v2\/posts"}],"about":[{"href":"https:\/\/www.sabine-seyffert.de\/blog\/wp-json\/wp\/v2\/types\/post"}],"author":[{"embeddable":true,"href":"https:\/\/www.sabine-seyffert.de\/blog\/wp-json\/wp\/v2\/users\/2"}],"replies":[{"embeddable":true,"href":"https:\/\/www.sabine-seyffert.de\/blog\/wp-json\/wp\/v2\/comments?post=20700"}],"version-history":[{"count":2,"href":"https:\/\/www.sabine-seyffert.de\/blog\/wp-json\/wp\/v2\/posts\/20700\/revisions"}],"predecessor-version":[{"id":20714,"href":"https:\/\/www.sabine-seyffert.de\/blog\/wp-json\/wp\/v2\/posts\/20700\/revisions\/20714"}],"wp:attachment":[{"href":"https:\/\/www.sabine-seyffert.de\/blog\/wp-json\/wp\/v2\/media?parent=20700"}],"wp:term":[{"taxonomy":"category","embeddable":true,"href":"https:\/\/www.sabine-seyffert.de\/blog\/wp-json\/wp\/v2\/categories?post=20700"},{"taxonomy":"post_tag","embeddable":true,"href":"https:\/\/www.sabine-seyffert.de\/blog\/wp-json\/wp\/v2\/tags?post=20700"}],"curies":[{"name":"wp","href":"https:\/\/api.w.org\/{rel}","templated":true}]}}