{"id":20625,"date":"2021-07-25T11:37:28","date_gmt":"2021-07-25T09:37:28","guid":{"rendered":"https:\/\/www.sabine-seyffert.de\/blog\/?p=20625"},"modified":"2021-07-25T11:37:28","modified_gmt":"2021-07-25T09:37:28","slug":"rezept-idee-fuer-heisse-sommertage-erfrischende-limo-im-glas-einfach-lecker","status":"publish","type":"post","link":"https:\/\/www.sabine-seyffert.de\/blog\/rezept-idee-fuer-heisse-sommertage-erfrischende-limo-im-glas-einfach-lecker\/","title":{"rendered":"Rezept Idee f\u00fcr hei\u00dfe Sommertage: Erfrischende Limo im Glas \u2013 einfach lecker!"},"content":{"rendered":"<p style=\"text-align: justify;\"><img decoding=\"async\" src=\"https:\/\/vg06.met.vgwort.de\/na\/284a9c914eb9471b935568f335d974f9\" alt=\"\" width=\"\u201c1&quot;\" height=\"1\" \/>Die Sommerferien sind hier bereits gestartet. Da freut man sich nicht nur auf viel freie Zeit, das lange Ausschlafen, sondern auch auf gemeinsame Nachmittage im Garten oder ein gem\u00fctliches Picknick mitten im Gr\u00fcnen. Wenn sich dann der Sommer noch von seiner besten Seite zeigt, der Himmel himmlisch blau ist und dazu noch die Sonne \u00fcber das ganze Gesicht strahlt \u2013 kann man sich prima erholen und neue Kraft tanken. Wie w\u00e4re es als kleine Erfrischung mit einer selbst gemachten Limonade? Ob ihr diese auf einer Gartenparty genie\u00dft oder mit einem guten Buch im Liegestuhl ist v\u00f6llig gleich.<br \/>\nDie ist schneller selbst gemacht als man eine solche im Laden kaufen kann. Glaubt Ihr nicht? Probiert es doch am besten gleich einmal aus! In jedem Fall ist diese selbst gemachte Limonade nicht nur wunderbar fruchtig, sonders sie ist zudem viel ges\u00fcnder, da diese weder k\u00fcnstliche Aromen und Zusatzstoffe noch Berge von Zucker enth\u00e4lt!<\/p>\n<p style=\"text-align: center;\"><a href=\"https:\/\/www.sabine-seyffert.de\/blog\/wp-content\/uploads\/2021\/07\/Limo-Limette-Sabine-Seyffert.de-7.jpg\"><img loading=\"lazy\" decoding=\"async\" class=\"alignnone size-full wp-image-20626\" src=\"https:\/\/www.sabine-seyffert.de\/blog\/wp-content\/uploads\/2021\/07\/Limo-Limette-Sabine-Seyffert.de-7.jpg\" alt=\"\" width=\"800\" height=\"600\" srcset=\"https:\/\/www.sabine-seyffert.de\/blog\/wp-content\/uploads\/2021\/07\/Limo-Limette-Sabine-Seyffert.de-7.jpg 800w, https:\/\/www.sabine-seyffert.de\/blog\/wp-content\/uploads\/2021\/07\/Limo-Limette-Sabine-Seyffert.de-7-300x225.jpg 300w, https:\/\/www.sabine-seyffert.de\/blog\/wp-content\/uploads\/2021\/07\/Limo-Limette-Sabine-Seyffert.de-7-768x576.jpg 768w\" sizes=\"auto, (max-width: 800px) 100vw, 800px\" \/><\/a><\/p>\n<p style=\"text-align: justify;\"><strong>Das wird gebraucht:<\/strong><br \/>\n1 frische Bio Limette, 1 Liter Mineralwasser, Agavendicksaft und eine gro\u00dfe Glaskaraffe sowie optional einen Schwung an Eisw\u00fcrfeln aus der Tiefk\u00fchltruhe<\/p>\n<p style=\"text-align: center;\"><a href=\"https:\/\/www.sabine-seyffert.de\/blog\/wp-content\/uploads\/2021\/07\/Limo-Limette-Sabine-Seyffert.de-8.jpg\"><img loading=\"lazy\" decoding=\"async\" class=\"alignnone size-full wp-image-20631\" src=\"https:\/\/www.sabine-seyffert.de\/blog\/wp-content\/uploads\/2021\/07\/Limo-Limette-Sabine-Seyffert.de-8.jpg\" alt=\"\" width=\"800\" height=\"600\" srcset=\"https:\/\/www.sabine-seyffert.de\/blog\/wp-content\/uploads\/2021\/07\/Limo-Limette-Sabine-Seyffert.de-8.jpg 800w, https:\/\/www.sabine-seyffert.de\/blog\/wp-content\/uploads\/2021\/07\/Limo-Limette-Sabine-Seyffert.de-8-300x225.jpg 300w, https:\/\/www.sabine-seyffert.de\/blog\/wp-content\/uploads\/2021\/07\/Limo-Limette-Sabine-Seyffert.de-8-768x576.jpg 768w\" sizes=\"auto, (max-width: 800px) 100vw, 800px\" \/><\/a><\/p>\n<p style=\"text-align: justify;\"><strong>So wird\u2019s gemacht:<\/strong><br \/>\nZuerst f\u00fcllt ihr den Sprudel in den Glas Krug hinein. Dann presst ihr die beiden Limetten H\u00e4lften aus. Je nach Gr\u00f6\u00dfe und Geschmack sollte man den frisch gepressten Fruchtsaft nach und nach unterr\u00fchren und am besten zwischendurch testen ob die gew\u00fcnschte Intensit\u00e4t und \u201eS\u00e4ure\u201c erreicht ist.<\/p>\n<p style=\"text-align: center;\"><a href=\"https:\/\/www.sabine-seyffert.de\/blog\/wp-content\/uploads\/2021\/07\/Limo-Limette-Sabine-Seyffert.de-6.jpg\"><img loading=\"lazy\" decoding=\"async\" class=\"alignnone size-full wp-image-20632\" src=\"https:\/\/www.sabine-seyffert.de\/blog\/wp-content\/uploads\/2021\/07\/Limo-Limette-Sabine-Seyffert.de-6.jpg\" alt=\"\" width=\"800\" height=\"600\" srcset=\"https:\/\/www.sabine-seyffert.de\/blog\/wp-content\/uploads\/2021\/07\/Limo-Limette-Sabine-Seyffert.de-6.jpg 800w, https:\/\/www.sabine-seyffert.de\/blog\/wp-content\/uploads\/2021\/07\/Limo-Limette-Sabine-Seyffert.de-6-300x225.jpg 300w, https:\/\/www.sabine-seyffert.de\/blog\/wp-content\/uploads\/2021\/07\/Limo-Limette-Sabine-Seyffert.de-6-768x576.jpg 768w\" sizes=\"auto, (max-width: 800px) 100vw, 800px\" \/><\/a><\/p>\n<p style=\"text-align: justify;\">Zum Schluss gibt man dann einen Spritzer von dem Agavendicksaft dazu und r\u00fchrt die sommerliche Fruchtlimo mit einem Schneebesen gut durch, damit sich der Agavendicksaft gleichm\u00e4\u00dfig verteilt und aufl\u00f6st. Die Menge des Agavensirups ist ebenfalls reine Geschmackssache. Hier reicht wirklich eine kleine Menge auf die genannte Literzahl aus. Wer es s\u00fc\u00dfer mag, kann diese nat\u00fcrlich nach Belieben erh\u00f6hen.<\/p>\n<p style=\"text-align: center;\"><a href=\"https:\/\/www.sabine-seyffert.de\/blog\/wp-content\/uploads\/2021\/07\/Limo-Limette-Sabine-Seyffert.de-9.jpg\"><img loading=\"lazy\" decoding=\"async\" class=\"alignnone size-full wp-image-20630\" src=\"https:\/\/www.sabine-seyffert.de\/blog\/wp-content\/uploads\/2021\/07\/Limo-Limette-Sabine-Seyffert.de-9.jpg\" alt=\"\" width=\"800\" height=\"600\" srcset=\"https:\/\/www.sabine-seyffert.de\/blog\/wp-content\/uploads\/2021\/07\/Limo-Limette-Sabine-Seyffert.de-9.jpg 800w, https:\/\/www.sabine-seyffert.de\/blog\/wp-content\/uploads\/2021\/07\/Limo-Limette-Sabine-Seyffert.de-9-300x225.jpg 300w, https:\/\/www.sabine-seyffert.de\/blog\/wp-content\/uploads\/2021\/07\/Limo-Limette-Sabine-Seyffert.de-9-768x576.jpg 768w\" sizes=\"auto, (max-width: 800px) 100vw, 800px\" \/><\/a><\/p>\n<p style=\"text-align: justify;\">Das T\u00fcpfelchen auf dem \u201ei\u201c sind dann die Eisw\u00fcrfel, die noch als Kr\u00f6nung auf die Sommerlimo kommen. Allerdings schmelzen die in der hei\u00dfen Sommersonne erfahrungsgem\u00e4\u00df ratzfatz weg. Aber die K\u00fchlung h\u00e4lt gl\u00fccklicherweise ein wenig l\u00e4nger \ud83d\ude42<\/p>\n<p style=\"text-align: center;\"><a href=\"https:\/\/www.sabine-seyffert.de\/blog\/wp-content\/uploads\/2021\/07\/Limo-Limette-Sabine-Seyffert.de-4-1.jpg\"><img loading=\"lazy\" decoding=\"async\" class=\"alignnone size-full wp-image-20629\" src=\"https:\/\/www.sabine-seyffert.de\/blog\/wp-content\/uploads\/2021\/07\/Limo-Limette-Sabine-Seyffert.de-4-1.jpg\" alt=\"\" width=\"600\" height=\"800\" srcset=\"https:\/\/www.sabine-seyffert.de\/blog\/wp-content\/uploads\/2021\/07\/Limo-Limette-Sabine-Seyffert.de-4-1.jpg 600w, https:\/\/www.sabine-seyffert.de\/blog\/wp-content\/uploads\/2021\/07\/Limo-Limette-Sabine-Seyffert.de-4-1-225x300.jpg 225w\" sizes=\"auto, (max-width: 600px) 100vw, 600px\" \/><\/a><\/p>\n<p style=\"text-align: justify;\">Lasst es euch schmecken und sonnige Sonntagsgr\u00fc\u00dfe!<\/p>\n<p style=\"text-align: center;\"><a href=\"https:\/\/www.sabine-seyffert.de\/blog\/wp-content\/uploads\/2021\/07\/Limo-Limette-Sabine-Seyffert.de-5.jpg\"><img loading=\"lazy\" decoding=\"async\" class=\"alignnone size-full wp-image-20628\" src=\"https:\/\/www.sabine-seyffert.de\/blog\/wp-content\/uploads\/2021\/07\/Limo-Limette-Sabine-Seyffert.de-5.jpg\" alt=\"\" width=\"600\" height=\"800\" srcset=\"https:\/\/www.sabine-seyffert.de\/blog\/wp-content\/uploads\/2021\/07\/Limo-Limette-Sabine-Seyffert.de-5.jpg 600w, https:\/\/www.sabine-seyffert.de\/blog\/wp-content\/uploads\/2021\/07\/Limo-Limette-Sabine-Seyffert.de-5-225x300.jpg 225w\" sizes=\"auto, (max-width: 600px) 100vw, 600px\" \/><\/a><\/p>\n<p style=\"text-align: justify;\">Weitere s\u00fc\u00dfe Rezeptideen findet ihr \u00fcbrigens in <a href=\"https:\/\/www.sabine-seyffert.de\/blog\/?cat=31\" target=\"_blank\" rel=\"noopener noreferrer\">dieser Rubrik<\/a>, alle Ideen rund um die Sommerzeit gibt es in <a href=\"https:\/\/www.sabine-seyffert.de\/blog\/?cat=24\" target=\"_blank\" rel=\"noopener noreferrer\">diesem Blog Ordner<\/a>, spannende Ausflugtipps in <a href=\"https:\/\/www.sabine-seyffert.de\/blog\/?cat=39\" target=\"_blank\" rel=\"noopener noreferrer\">diesem Ordner<\/a> und alle rund um die Ferien &amp; Reisen k\u00f6nnt ihr auch an <a href=\"https:\/\/www.sabine-seyffert.de\/blog\/?cat=38\" target=\"_blank\" rel=\"noopener noreferrer\">dieser Stelle<\/a> finden.<\/p>\n<p style=\"text-align: center;\"><a href=\"https:\/\/www.sabine-seyffert.de\/blog\/wp-content\/uploads\/2021\/07\/Limo-Limette-Sabine-Seyffert.de-4.jpg\"><img loading=\"lazy\" decoding=\"async\" class=\"alignnone size-full wp-image-20627\" src=\"https:\/\/www.sabine-seyffert.de\/blog\/wp-content\/uploads\/2021\/07\/Limo-Limette-Sabine-Seyffert.de-4.jpg\" alt=\"\" width=\"600\" height=\"800\" srcset=\"https:\/\/www.sabine-seyffert.de\/blog\/wp-content\/uploads\/2021\/07\/Limo-Limette-Sabine-Seyffert.de-4.jpg 600w, https:\/\/www.sabine-seyffert.de\/blog\/wp-content\/uploads\/2021\/07\/Limo-Limette-Sabine-Seyffert.de-4-225x300.jpg 225w\" sizes=\"auto, (max-width: 600px) 100vw, 600px\" \/><\/a><\/p>\n<p style=\"text-align: justify;\"><a href=\"https:\/\/www.sabine-seyffert.de\/blog\/?page_id=32#urheberrecht\">urheberrechtlich gesch\u00fctzt<\/a>, \u00a9 Sabine Seyffert<\/p>\n","protected":false},"excerpt":{"rendered":"<p>Die Sommerferien sind hier bereits gestartet. Da freut man sich nicht nur auf viel freie Zeit, das lange Ausschlafen, sondern auch auf gemeinsame Nachmittage im Garten oder ein gem\u00fctliches Picknick mitten im Gr\u00fcnen. Wenn sich dann der Sommer noch von seiner besten Seite zeigt, der Himmel himmlisch blau ist und dazu noch die Sonne \u00fcber&#8230; <a href=\"https:\/\/www.sabine-seyffert.de\/blog\/rezept-idee-fuer-heisse-sommertage-erfrischende-limo-im-glas-einfach-lecker\/\" class=\"more-link\">Read more: Rezept Idee f\u00fcr hei\u00dfe Sommertage: Erfrischende Limo im Glas \u2013 einfach lecker!<\/a><\/p>\n","protected":false},"author":2,"featured_media":0,"comment_status":"open","ping_status":"open","sticky":false,"template":"","format":"standard","meta":{"_metis_text_type":"","_metis_text_length":2393,"_post_count":0,"footnotes":""},"categories":[31,44,24],"tags":[],"class_list":["post-20625","post","type-post","status-publish","format-standard","hentry","category-rezepte-suse-kuchen-co","category-rezepte-vegan","category-sommer"],"_links":{"self":[{"href":"https:\/\/www.sabine-seyffert.de\/blog\/wp-json\/wp\/v2\/posts\/20625","targetHints":{"allow":["GET"]}}],"collection":[{"href":"https:\/\/www.sabine-seyffert.de\/blog\/wp-json\/wp\/v2\/posts"}],"about":[{"href":"https:\/\/www.sabine-seyffert.de\/blog\/wp-json\/wp\/v2\/types\/post"}],"author":[{"embeddable":true,"href":"https:\/\/www.sabine-seyffert.de\/blog\/wp-json\/wp\/v2\/users\/2"}],"replies":[{"embeddable":true,"href":"https:\/\/www.sabine-seyffert.de\/blog\/wp-json\/wp\/v2\/comments?post=20625"}],"version-history":[{"count":2,"href":"https:\/\/www.sabine-seyffert.de\/blog\/wp-json\/wp\/v2\/posts\/20625\/revisions"}],"predecessor-version":[{"id":20634,"href":"https:\/\/www.sabine-seyffert.de\/blog\/wp-json\/wp\/v2\/posts\/20625\/revisions\/20634"}],"wp:attachment":[{"href":"https:\/\/www.sabine-seyffert.de\/blog\/wp-json\/wp\/v2\/media?parent=20625"}],"wp:term":[{"taxonomy":"category","embeddable":true,"href":"https:\/\/www.sabine-seyffert.de\/blog\/wp-json\/wp\/v2\/categories?post=20625"},{"taxonomy":"post_tag","embeddable":true,"href":"https:\/\/www.sabine-seyffert.de\/blog\/wp-json\/wp\/v2\/tags?post=20625"}],"curies":[{"name":"wp","href":"https:\/\/api.w.org\/{rel}","templated":true}]}}