{"id":20572,"date":"2021-07-16T06:00:35","date_gmt":"2021-07-16T04:00:35","guid":{"rendered":"https:\/\/www.sabine-seyffert.de\/blog\/?p=20572"},"modified":"2021-07-13T19:31:27","modified_gmt":"2021-07-13T17:31:27","slug":"basteln-mit-naturmaterial-mit-kindern-schmetterling-aus-ahornnasen-selbermachen","status":"publish","type":"post","link":"https:\/\/www.sabine-seyffert.de\/blog\/basteln-mit-naturmaterial-mit-kindern-schmetterling-aus-ahornnasen-selbermachen\/","title":{"rendered":"Basteln mit Naturmaterial: Mit Kindern Schmetterling aus Ahornnasen selbermachen"},"content":{"rendered":"<p style=\"text-align: justify;\"><img loading=\"lazy\" decoding=\"async\" src=\"https:\/\/vg06.met.vgwort.de\/na\/bc2d6ef73bf64079849f9b19e34597f5\" alt=\"\" width=\"1\" height=\"1\" \/>Wenn ich zu dieser Jahreszeit die ersten Ahornfr\u00fcchte an den Ahornb\u00e4umen entdecke, freue ich mich wie ein kleines Kind und komme leider nicht daran vorbei ohne welche aufzusammeln und mit nach Hause zu nehmen. Da geht es mir wie im Herbst, wenn die ersten Kastanien herunter fallen \ud83d\ude09<br \/>\nAuf dem Blog habe ich euch in den letzten Jahren schon allerhand kreative Bastelideen mit diesen kleinen Ahornpropellern gezeigt, die man sich als Kind so gerne auf die Nase geklebt hat: <a href=\"https:\/\/www.sabine-seyffert.de\/blog\/?p=16638\" target=\"_blank\" rel=\"noopener noreferrer\">Zarte Libellen<\/a>, bunte <a href=\"https:\/\/www.sabine-seyffert.de\/blog\/?p=20293\" target=\"_blank\" rel=\"noopener noreferrer\">Zauberblumen<\/a>, den <a href=\"https:\/\/www.sabine-seyffert.de\/blog\/?p=12368\" target=\"_blank\" rel=\"noopener noreferrer\">Schutzengel als Gl\u00fccksbringer<\/a>, das <a href=\"https:\/\/www.sabine-seyffert.de\/blog\/?p=10477\" target=\"_blank\" rel=\"noopener noreferrer\">sommerliche Windlicht<\/a> oder <a href=\"https:\/\/www.sabine-seyffert.de\/blog\/?p=4632\" target=\"_blank\" rel=\"noopener noreferrer\">die kleinen Bienchen<\/a>.<br \/>\nDieses Mal sind es wieder bunte Schmetterlinge geworden, allerdings etwas andere als <a href=\"https:\/\/www.sabine-seyffert.de\/blog\/?p=14492\" target=\"_blank\" rel=\"noopener noreferrer\">diese Flatterlinge<\/a>, die man mit kleinen St\u00f6cken bastelt.<\/p>\n<p style=\"text-align: center;\"><a href=\"https:\/\/www.sabine-seyffert.de\/blog\/wp-content\/uploads\/2021\/07\/Ahorn-Schmetterling-Sabine-Seyffert.de-2.jpg\"><img loading=\"lazy\" decoding=\"async\" class=\"alignnone size-full wp-image-20573\" src=\"https:\/\/www.sabine-seyffert.de\/blog\/wp-content\/uploads\/2021\/07\/Ahorn-Schmetterling-Sabine-Seyffert.de-2.jpg\" alt=\"\" width=\"800\" height=\"600\" srcset=\"https:\/\/www.sabine-seyffert.de\/blog\/wp-content\/uploads\/2021\/07\/Ahorn-Schmetterling-Sabine-Seyffert.de-2.jpg 800w, https:\/\/www.sabine-seyffert.de\/blog\/wp-content\/uploads\/2021\/07\/Ahorn-Schmetterling-Sabine-Seyffert.de-2-300x225.jpg 300w, https:\/\/www.sabine-seyffert.de\/blog\/wp-content\/uploads\/2021\/07\/Ahorn-Schmetterling-Sabine-Seyffert.de-2-768x576.jpg 768w\" sizes=\"auto, (max-width: 800px) 100vw, 800px\" \/><\/a><\/p>\n<p style=\"text-align: justify;\"><strong>Das wird gebraucht:<\/strong><br \/>\nAllerhand Ahornnasen, d\u00fcnne Pappe \/ ein leerer Karton, ein Bastelmesser \/ Cutter, eine Bastelschere, einen Wasserfarbkasten inklusiv Deckwei\u00df, Pinsel, Streichh\u00f6lzer, eine alte Tageszeitung, Bastelkleber \/ Klebestift, eine Malunterlage und <a href=\"https:\/\/www.sabine-seyffert.de\/blog\/?p=12310\" target=\"_blank\" rel=\"noopener noreferrer\">einen Bastelkittel<\/a><\/p>\n<p style=\"text-align: center;\"><a href=\"https:\/\/www.sabine-seyffert.de\/blog\/wp-content\/uploads\/2021\/07\/Ahorn-Schmetterling-Sabine-Seyffert.de-.jpg\"><img loading=\"lazy\" decoding=\"async\" class=\"alignnone size-full wp-image-20574\" src=\"https:\/\/www.sabine-seyffert.de\/blog\/wp-content\/uploads\/2021\/07\/Ahorn-Schmetterling-Sabine-Seyffert.de-.jpg\" alt=\"\" width=\"800\" height=\"600\" srcset=\"https:\/\/www.sabine-seyffert.de\/blog\/wp-content\/uploads\/2021\/07\/Ahorn-Schmetterling-Sabine-Seyffert.de-.jpg 800w, https:\/\/www.sabine-seyffert.de\/blog\/wp-content\/uploads\/2021\/07\/Ahorn-Schmetterling-Sabine-Seyffert.de--300x225.jpg 300w, https:\/\/www.sabine-seyffert.de\/blog\/wp-content\/uploads\/2021\/07\/Ahorn-Schmetterling-Sabine-Seyffert.de--768x576.jpg 768w\" sizes=\"auto, (max-width: 800px) 100vw, 800px\" \/><\/a><\/p>\n<p style=\"text-align: justify;\"><strong>So wird\u2019s gemacht:<\/strong><br \/>\nDiese bunten Gesellen sind f\u00fcr j\u00fcngere Kinder einfacher zu basteln, als die Variante mit den St\u00f6cken.<\/p>\n<p><a href=\"https:\/\/www.sabine-seyffert.de\/blog\/wp-content\/uploads\/2021\/07\/Ahorn-Schmetterling-Sabine-Seyffert.de-9.jpg\"><img loading=\"lazy\" decoding=\"async\" class=\"size-full wp-image-20579 aligncenter\" src=\"https:\/\/www.sabine-seyffert.de\/blog\/wp-content\/uploads\/2021\/07\/Ahorn-Schmetterling-Sabine-Seyffert.de-9.jpg\" alt=\"\" width=\"800\" height=\"600\" srcset=\"https:\/\/www.sabine-seyffert.de\/blog\/wp-content\/uploads\/2021\/07\/Ahorn-Schmetterling-Sabine-Seyffert.de-9.jpg 800w, https:\/\/www.sabine-seyffert.de\/blog\/wp-content\/uploads\/2021\/07\/Ahorn-Schmetterling-Sabine-Seyffert.de-9-300x225.jpg 300w, https:\/\/www.sabine-seyffert.de\/blog\/wp-content\/uploads\/2021\/07\/Ahorn-Schmetterling-Sabine-Seyffert.de-9-768x576.jpg 768w\" sizes=\"auto, (max-width: 800px) 100vw, 800px\" \/><\/a><\/p>\n<p style=\"text-align: justify;\">Daher schnappt euch einen Pappkarton und schneidet daraus kleine St\u00fccke.<\/p>\n<p style=\"text-align: center;\"><a href=\"https:\/\/www.sabine-seyffert.de\/blog\/wp-content\/uploads\/2021\/07\/Ahorn-Schmetterling-Sabine-Seyffert.de-8.jpg\"><img loading=\"lazy\" decoding=\"async\" class=\"alignnone size-full wp-image-20580\" src=\"https:\/\/www.sabine-seyffert.de\/blog\/wp-content\/uploads\/2021\/07\/Ahorn-Schmetterling-Sabine-Seyffert.de-8.jpg\" alt=\"\" width=\"800\" height=\"600\" srcset=\"https:\/\/www.sabine-seyffert.de\/blog\/wp-content\/uploads\/2021\/07\/Ahorn-Schmetterling-Sabine-Seyffert.de-8.jpg 800w, https:\/\/www.sabine-seyffert.de\/blog\/wp-content\/uploads\/2021\/07\/Ahorn-Schmetterling-Sabine-Seyffert.de-8-300x225.jpg 300w, https:\/\/www.sabine-seyffert.de\/blog\/wp-content\/uploads\/2021\/07\/Ahorn-Schmetterling-Sabine-Seyffert.de-8-768x576.jpg 768w\" sizes=\"auto, (max-width: 800px) 100vw, 800px\" \/><\/a><\/p>\n<p style=\"text-align: justify;\">Aus denen kann sich jeder ein oder mehrere Schmetterlingsk\u00f6rper schneiden. Verwendet zum Basteln am besten d\u00fcnne Pappe, dann k\u00f6nnen die Kinder zum Schneiden eine normale Bastelschere verwenden.<\/p>\n<p style=\"text-align: center;\"><a href=\"https:\/\/www.sabine-seyffert.de\/blog\/wp-content\/uploads\/2021\/07\/Ahorn-Schmetterling-Sabine-Seyffert.de-7.jpg\"><img loading=\"lazy\" decoding=\"async\" class=\"alignnone size-full wp-image-20581\" src=\"https:\/\/www.sabine-seyffert.de\/blog\/wp-content\/uploads\/2021\/07\/Ahorn-Schmetterling-Sabine-Seyffert.de-7.jpg\" alt=\"\" width=\"800\" height=\"600\" srcset=\"https:\/\/www.sabine-seyffert.de\/blog\/wp-content\/uploads\/2021\/07\/Ahorn-Schmetterling-Sabine-Seyffert.de-7.jpg 800w, https:\/\/www.sabine-seyffert.de\/blog\/wp-content\/uploads\/2021\/07\/Ahorn-Schmetterling-Sabine-Seyffert.de-7-300x225.jpg 300w, https:\/\/www.sabine-seyffert.de\/blog\/wp-content\/uploads\/2021\/07\/Ahorn-Schmetterling-Sabine-Seyffert.de-7-768x576.jpg 768w\" sizes=\"auto, (max-width: 800px) 100vw, 800px\" \/><\/a><\/p>\n<p style=\"text-align: justify;\">Auf die malt jeder seinen Schmetterlingen ein lachendes Gesicht. Von hinten klebt man die beiden F\u00fchler an, die man aus gek\u00fcrzten Streichh\u00f6lzern gestalten kann. Das ist kinderleicht.<\/p>\n<p style=\"text-align: center;\"><a href=\"https:\/\/www.sabine-seyffert.de\/blog\/wp-content\/uploads\/2021\/07\/Ahorn-Schmetterling-Sabine-Seyffert.de-6.jpg\"><img loading=\"lazy\" decoding=\"async\" class=\"alignnone size-full wp-image-20582\" src=\"https:\/\/www.sabine-seyffert.de\/blog\/wp-content\/uploads\/2021\/07\/Ahorn-Schmetterling-Sabine-Seyffert.de-6.jpg\" alt=\"\" width=\"800\" height=\"600\" srcset=\"https:\/\/www.sabine-seyffert.de\/blog\/wp-content\/uploads\/2021\/07\/Ahorn-Schmetterling-Sabine-Seyffert.de-6.jpg 800w, https:\/\/www.sabine-seyffert.de\/blog\/wp-content\/uploads\/2021\/07\/Ahorn-Schmetterling-Sabine-Seyffert.de-6-300x225.jpg 300w, https:\/\/www.sabine-seyffert.de\/blog\/wp-content\/uploads\/2021\/07\/Ahorn-Schmetterling-Sabine-Seyffert.de-6-768x576.jpg 768w\" sizes=\"auto, (max-width: 800px) 100vw, 800px\" \/><\/a><\/p>\n<p style=\"text-align: justify;\">F\u00fcr die Fl\u00fcgel ben\u00f6tigt man die Ahornnasen. Die werden jedoch zuvor mit Wasserfarbe bunt bemalt. Hierbei gilt \u2013 m\u00f6glichst viel Farbe und nur ganz wenig Wasser. Dann leuchten die Farben viel intensiver.<\/p>\n<p style=\"text-align: center;\"><a href=\"https:\/\/www.sabine-seyffert.de\/blog\/wp-content\/uploads\/2021\/07\/Ahorn-Schmetterling-Sabine-Seyffert.de-4.jpg\"><img loading=\"lazy\" decoding=\"async\" class=\"alignnone size-full wp-image-20578\" src=\"https:\/\/www.sabine-seyffert.de\/blog\/wp-content\/uploads\/2021\/07\/Ahorn-Schmetterling-Sabine-Seyffert.de-4.jpg\" alt=\"\" width=\"800\" height=\"600\" srcset=\"https:\/\/www.sabine-seyffert.de\/blog\/wp-content\/uploads\/2021\/07\/Ahorn-Schmetterling-Sabine-Seyffert.de-4.jpg 800w, https:\/\/www.sabine-seyffert.de\/blog\/wp-content\/uploads\/2021\/07\/Ahorn-Schmetterling-Sabine-Seyffert.de-4-300x225.jpg 300w, https:\/\/www.sabine-seyffert.de\/blog\/wp-content\/uploads\/2021\/07\/Ahorn-Schmetterling-Sabine-Seyffert.de-4-768x576.jpg 768w\" sizes=\"auto, (max-width: 800px) 100vw, 800px\" \/><\/a><\/p>\n<p style=\"text-align: justify;\">Nach dem Trocknen die Fl\u00fcgel von der R\u00fcckseite ankleben und fertig. Wer mag, kann damit die Fenster schm\u00fccken (in dem Fall sollten die Schmetterlinge von beiden Seiten bemalt werden!), Bilder oder Collagen daraus basteln.<\/p>\n<p style=\"text-align: center;\"><a href=\"https:\/\/www.sabine-seyffert.de\/blog\/wp-content\/uploads\/2021\/07\/Ahorn-Schmetterling-Sabine-Seyffert.de-3.jpg\"><img loading=\"lazy\" decoding=\"async\" class=\"alignnone size-full wp-image-20577\" src=\"https:\/\/www.sabine-seyffert.de\/blog\/wp-content\/uploads\/2021\/07\/Ahorn-Schmetterling-Sabine-Seyffert.de-3.jpg\" alt=\"\" width=\"800\" height=\"600\" srcset=\"https:\/\/www.sabine-seyffert.de\/blog\/wp-content\/uploads\/2021\/07\/Ahorn-Schmetterling-Sabine-Seyffert.de-3.jpg 800w, https:\/\/www.sabine-seyffert.de\/blog\/wp-content\/uploads\/2021\/07\/Ahorn-Schmetterling-Sabine-Seyffert.de-3-300x225.jpg 300w, https:\/\/www.sabine-seyffert.de\/blog\/wp-content\/uploads\/2021\/07\/Ahorn-Schmetterling-Sabine-Seyffert.de-3-768x576.jpg 768w\" sizes=\"auto, (max-width: 800px) 100vw, 800px\" \/><\/a><\/p>\n<p style=\"text-align: justify;\"><strong>Ein kleiner Tipp:<\/strong><br \/>\nWer mag, kann die Fl\u00fcgel seiner Schmetterlinge mit Acrylfarbe oder d\u00fcnnen Lackstiften verzieren.<\/p>\n<p style=\"text-align: center;\"><a href=\"https:\/\/www.sabine-seyffert.de\/blog\/wp-content\/uploads\/2021\/07\/Ahorn-Schmetterling-Sabine-Seyffert.de-10.jpg\"><img loading=\"lazy\" decoding=\"async\" class=\"alignnone size-full wp-image-20576\" src=\"https:\/\/www.sabine-seyffert.de\/blog\/wp-content\/uploads\/2021\/07\/Ahorn-Schmetterling-Sabine-Seyffert.de-10.jpg\" alt=\"\" width=\"600\" height=\"800\" srcset=\"https:\/\/www.sabine-seyffert.de\/blog\/wp-content\/uploads\/2021\/07\/Ahorn-Schmetterling-Sabine-Seyffert.de-10.jpg 600w, https:\/\/www.sabine-seyffert.de\/blog\/wp-content\/uploads\/2021\/07\/Ahorn-Schmetterling-Sabine-Seyffert.de-10-225x300.jpg 225w\" sizes=\"auto, (max-width: 600px) 100vw, 600px\" \/><\/a><\/p>\n<p style=\"text-align: justify;\">Weitere DIY Bastelideen f\u00fcr Kinder findet ihr \u00fcbrigens in <a href=\"https:\/\/www.sabine-seyffert.de\/blog\/?cat=32\" target=\"_blank\" rel=\"noopener noreferrer\">dieser Blog Kategorie<\/a>, alles zum Thema Upcycling mit detaillierter Bastelanleitung gibt es in <a href=\"https:\/\/www.sabine-seyffert.de\/blog\/?cat=47\" target=\"_blank\" rel=\"noopener noreferrer\">dieser Rubrik<\/a>, alles rund um Sommerzeit sind in <a href=\"https:\/\/www.sabine-seyffert.de\/blog\/?cat=24\" target=\"_blank\" rel=\"noopener noreferrer\">diesem Blog Ordner<\/a> und andere kreative Sachen da.<\/p>\n<p style=\"text-align: center;\"><a href=\"https:\/\/www.sabine-seyffert.de\/blog\/wp-content\/uploads\/2021\/07\/Ahorn-Schmetterling-Sabine-Seyffert.de-11.jpg\"><img loading=\"lazy\" decoding=\"async\" class=\"alignnone size-full wp-image-20575\" src=\"https:\/\/www.sabine-seyffert.de\/blog\/wp-content\/uploads\/2021\/07\/Ahorn-Schmetterling-Sabine-Seyffert.de-11.jpg\" alt=\"\" width=\"600\" height=\"800\" srcset=\"https:\/\/www.sabine-seyffert.de\/blog\/wp-content\/uploads\/2021\/07\/Ahorn-Schmetterling-Sabine-Seyffert.de-11.jpg 600w, https:\/\/www.sabine-seyffert.de\/blog\/wp-content\/uploads\/2021\/07\/Ahorn-Schmetterling-Sabine-Seyffert.de-11-225x300.jpg 225w\" sizes=\"auto, (max-width: 600px) 100vw, 600px\" \/><\/a><\/p>\n<p style=\"text-align: justify;\"><a href=\"https:\/\/www.sabine-seyffert.de\/blog\/?page_id=32#urheberrecht\">urheberrechtlich gesch\u00fctzt<\/a>, \u00a9 Sabine Seyffert<\/p>\n","protected":false},"excerpt":{"rendered":"<p>Wenn ich zu dieser Jahreszeit die ersten Ahornfr\u00fcchte an den Ahornb\u00e4umen entdecke, freue ich mich wie ein kleines Kind und komme leider nicht daran vorbei ohne welche aufzusammeln und mit nach Hause zu nehmen. Da geht es mir wie im Herbst, wenn die ersten Kastanien herunter fallen \ud83d\ude09 Auf dem Blog habe ich euch in&#8230; <a href=\"https:\/\/www.sabine-seyffert.de\/blog\/basteln-mit-naturmaterial-mit-kindern-schmetterling-aus-ahornnasen-selbermachen\/\" class=\"more-link\">Read more: Basteln mit Naturmaterial: Mit Kindern Schmetterling aus Ahornnasen selbermachen<\/a><\/p>\n","protected":false},"author":2,"featured_media":0,"comment_status":"open","ping_status":"open","sticky":false,"template":"","format":"standard","meta":{"_metis_text_type":"","_metis_text_length":2420,"_post_count":0,"footnotes":""},"categories":[32,24,47],"tags":[],"class_list":["post-20572","post","type-post","status-publish","format-standard","hentry","category-kreatives-fur-kleine-kinderhande","category-sommer","category-upcyceltes"],"_links":{"self":[{"href":"https:\/\/www.sabine-seyffert.de\/blog\/wp-json\/wp\/v2\/posts\/20572","targetHints":{"allow":["GET"]}}],"collection":[{"href":"https:\/\/www.sabine-seyffert.de\/blog\/wp-json\/wp\/v2\/posts"}],"about":[{"href":"https:\/\/www.sabine-seyffert.de\/blog\/wp-json\/wp\/v2\/types\/post"}],"author":[{"embeddable":true,"href":"https:\/\/www.sabine-seyffert.de\/blog\/wp-json\/wp\/v2\/users\/2"}],"replies":[{"embeddable":true,"href":"https:\/\/www.sabine-seyffert.de\/blog\/wp-json\/wp\/v2\/comments?post=20572"}],"version-history":[{"count":2,"href":"https:\/\/www.sabine-seyffert.de\/blog\/wp-json\/wp\/v2\/posts\/20572\/revisions"}],"predecessor-version":[{"id":20584,"href":"https:\/\/www.sabine-seyffert.de\/blog\/wp-json\/wp\/v2\/posts\/20572\/revisions\/20584"}],"wp:attachment":[{"href":"https:\/\/www.sabine-seyffert.de\/blog\/wp-json\/wp\/v2\/media?parent=20572"}],"wp:term":[{"taxonomy":"category","embeddable":true,"href":"https:\/\/www.sabine-seyffert.de\/blog\/wp-json\/wp\/v2\/categories?post=20572"},{"taxonomy":"post_tag","embeddable":true,"href":"https:\/\/www.sabine-seyffert.de\/blog\/wp-json\/wp\/v2\/tags?post=20572"}],"curies":[{"name":"wp","href":"https:\/\/api.w.org\/{rel}","templated":true}]}}