{"id":20484,"date":"2021-07-08T06:00:59","date_gmt":"2021-07-08T04:00:59","guid":{"rendered":"https:\/\/www.sabine-seyffert.de\/blog\/?p=20484"},"modified":"2021-07-05T10:32:40","modified_gmt":"2021-07-05T08:32:40","slug":"geschenk-zum-schulanfang-glueckliche-schulzeit-motivation-ideen-tipps-fuer-schulkinder","status":"publish","type":"post","link":"https:\/\/www.sabine-seyffert.de\/blog\/geschenk-zum-schulanfang-glueckliche-schulzeit-motivation-ideen-tipps-fuer-schulkinder\/","title":{"rendered":"Geschenk zum Schulanfang: Gl\u00fcckliche Schulzeit \u2013 Motivation, Ideen &#038; Tipps f\u00fcr Schulkinder"},"content":{"rendered":"<p style=\"text-align: justify;\"><img loading=\"lazy\" decoding=\"async\" src=\"https:\/\/vg06.met.vgwort.de\/na\/ba83ce48e8224444b3587024502a4080\" alt=\"\" width=\"1\" height=\"1\" \/>Der Start in die Schule ist erfahrungsgem\u00e4\u00df ein gro\u00dfer Schritt. Und nicht immer sehen die Kinder diesem Einstieg ins Schulleben mit Freude entgegen. Schlie\u00dflich bekommen sie ja gerade von Erwachsenen oft genug vorgehalten \u201ejetzt beginnt der Ernst des Lebens\u201c\u2026<br \/>\nUm ihnen die Angst ein wenig zu nehmen und f\u00fcr mehr Spa\u00df und Motivation w\u00e4hrend des Schuljahres zu sorgen, kann man nicht nur einen tollen Schuljahreskalender verschenken, wie beispielsweise in <a href=\"https:\/\/www.sabine-seyffert.de\/blog\/?p=13196\" target=\"_blank\" rel=\"noopener noreferrer\">dieser Variante Nr.1<\/a> oder auch den mit <a href=\"https:\/\/www.sabine-seyffert.de\/blog\/?p=17074\" target=\"_blank\" rel=\"noopener noreferrer\">Buntstiften dekorieren Kalender Nr. 2<\/a>, sondern man kann ihnen \u201eSchultage voller Gl\u00fcck\u201c schenken. Wie das funktioniert, verrate ich euch in dieser Bastelanleitung.<\/p>\n<p style=\"text-align: center;\"><a href=\"https:\/\/www.sabine-seyffert.de\/blog\/wp-content\/uploads\/2021\/07\/Gl\u00fcckliches-Schuljahr-Sabine-Seyffert.de-7.jpg\"><img loading=\"lazy\" decoding=\"async\" class=\"alignnone size-full wp-image-20486\" src=\"https:\/\/www.sabine-seyffert.de\/blog\/wp-content\/uploads\/2021\/07\/Gl\u00fcckliches-Schuljahr-Sabine-Seyffert.de-7.jpg\" alt=\"\" width=\"800\" height=\"600\" srcset=\"https:\/\/www.sabine-seyffert.de\/blog\/wp-content\/uploads\/2021\/07\/Gl\u00fcckliches-Schuljahr-Sabine-Seyffert.de-7.jpg 800w, https:\/\/www.sabine-seyffert.de\/blog\/wp-content\/uploads\/2021\/07\/Gl\u00fcckliches-Schuljahr-Sabine-Seyffert.de-7-300x225.jpg 300w, https:\/\/www.sabine-seyffert.de\/blog\/wp-content\/uploads\/2021\/07\/Gl\u00fcckliches-Schuljahr-Sabine-Seyffert.de-7-768x576.jpg 768w\" sizes=\"auto, (max-width: 800px) 100vw, 800px\" \/><\/a><\/p>\n<p style=\"text-align: justify;\"><strong>Das wird gebraucht:<\/strong><br \/>\nWei\u00dfes Papier, einen PC samt Drucker, einen Wasserfarbkasten &amp; Pinsel, eine alte Tageszeitung, Stempel, Sticker, Stifte oder anderes Material zum Verzieren, eine Malunterlage sowie eine kleine Schachtel oder Geschenkbox zur Aufbewahrung<\/p>\n<p style=\"text-align: center;\"><a href=\"https:\/\/www.sabine-seyffert.de\/blog\/wp-content\/uploads\/2021\/07\/Gl\u00fcckliches-Schuljahr-Sabine-Seyffert.de-0.jpg\"><img loading=\"lazy\" decoding=\"async\" class=\"alignnone size-full wp-image-20492\" src=\"https:\/\/www.sabine-seyffert.de\/blog\/wp-content\/uploads\/2021\/07\/Gl\u00fcckliches-Schuljahr-Sabine-Seyffert.de-0.jpg\" alt=\"\" width=\"800\" height=\"600\" srcset=\"https:\/\/www.sabine-seyffert.de\/blog\/wp-content\/uploads\/2021\/07\/Gl\u00fcckliches-Schuljahr-Sabine-Seyffert.de-0.jpg 800w, https:\/\/www.sabine-seyffert.de\/blog\/wp-content\/uploads\/2021\/07\/Gl\u00fcckliches-Schuljahr-Sabine-Seyffert.de-0-300x225.jpg 300w, https:\/\/www.sabine-seyffert.de\/blog\/wp-content\/uploads\/2021\/07\/Gl\u00fcckliches-Schuljahr-Sabine-Seyffert.de-0-768x576.jpg 768w\" sizes=\"auto, (max-width: 800px) 100vw, 800px\" \/><\/a><\/p>\n<p style=\"text-align: justify;\"><strong>So wird\u2019s gemacht:<\/strong><br \/>\nDruckt euch auf gro\u00dfen Din A4 Bl\u00e4ttern verschiedene Karten f\u00fcr das betreffende Schulkind aus.<\/p>\n<p style=\"text-align: center;\"><a href=\"https:\/\/www.sabine-seyffert.de\/blog\/wp-content\/uploads\/2021\/07\/Gl\u00fcckliches-Schuljahr-Sabine-Seyffert.de-3.jpg\"><img loading=\"lazy\" decoding=\"async\" class=\"alignnone size-full wp-image-20493\" src=\"https:\/\/www.sabine-seyffert.de\/blog\/wp-content\/uploads\/2021\/07\/Gl\u00fcckliches-Schuljahr-Sabine-Seyffert.de-3.jpg\" alt=\"\" width=\"800\" height=\"600\" srcset=\"https:\/\/www.sabine-seyffert.de\/blog\/wp-content\/uploads\/2021\/07\/Gl\u00fcckliches-Schuljahr-Sabine-Seyffert.de-3.jpg 800w, https:\/\/www.sabine-seyffert.de\/blog\/wp-content\/uploads\/2021\/07\/Gl\u00fcckliches-Schuljahr-Sabine-Seyffert.de-3-300x225.jpg 300w, https:\/\/www.sabine-seyffert.de\/blog\/wp-content\/uploads\/2021\/07\/Gl\u00fcckliches-Schuljahr-Sabine-Seyffert.de-3-768x576.jpg 768w\" sizes=\"auto, (max-width: 800px) 100vw, 800px\" \/><\/a><\/p>\n<p style=\"text-align: justify;\">Das k\u00f6nnten kleine Aufgaben f\u00fcr mehr <a href=\"https:\/\/www.sabine-seyffert.de\/blog\/?p=14959\" target=\"_blank\" rel=\"noopener noreferrer\">Aufmerksamkeit und Affirmationen<\/a> sein, wie <a href=\"https:\/\/www.sabine-seyffert.de\/blog\/?p=14959\" target=\"_blank\" rel=\"noopener noreferrer\">hier<\/a> schon mal ganz ausf\u00fchrlich vorgestellt.<\/p>\n<p style=\"text-align: center;\"><a href=\"https:\/\/www.sabine-seyffert.de\/blog\/wp-content\/uploads\/2021\/07\/Gl\u00fcckliches-Schuljahr-Sabine-Seyffert.de-2.jpg\"><img loading=\"lazy\" decoding=\"async\" class=\"alignnone size-full wp-image-20494\" src=\"https:\/\/www.sabine-seyffert.de\/blog\/wp-content\/uploads\/2021\/07\/Gl\u00fcckliches-Schuljahr-Sabine-Seyffert.de-2.jpg\" alt=\"\" width=\"800\" height=\"600\" srcset=\"https:\/\/www.sabine-seyffert.de\/blog\/wp-content\/uploads\/2021\/07\/Gl\u00fcckliches-Schuljahr-Sabine-Seyffert.de-2.jpg 800w, https:\/\/www.sabine-seyffert.de\/blog\/wp-content\/uploads\/2021\/07\/Gl\u00fcckliches-Schuljahr-Sabine-Seyffert.de-2-300x225.jpg 300w, https:\/\/www.sabine-seyffert.de\/blog\/wp-content\/uploads\/2021\/07\/Gl\u00fcckliches-Schuljahr-Sabine-Seyffert.de-2-768x576.jpg 768w\" sizes=\"auto, (max-width: 800px) 100vw, 800px\" \/><\/a><\/p>\n<p style=\"text-align: justify;\">Oder auch folgende Ideen:<\/p>\n<p style=\"text-align: center;\"><a href=\"https:\/\/www.sabine-seyffert.de\/blog\/wp-content\/uploads\/2021\/07\/Gl\u00fcckliches-Schuljahr-Sabine-Seyffert.de-1.jpg\"><img loading=\"lazy\" decoding=\"async\" class=\"alignnone size-full wp-image-20495\" src=\"https:\/\/www.sabine-seyffert.de\/blog\/wp-content\/uploads\/2021\/07\/Gl\u00fcckliches-Schuljahr-Sabine-Seyffert.de-1.jpg\" alt=\"\" width=\"800\" height=\"600\" srcset=\"https:\/\/www.sabine-seyffert.de\/blog\/wp-content\/uploads\/2021\/07\/Gl\u00fcckliches-Schuljahr-Sabine-Seyffert.de-1.jpg 800w, https:\/\/www.sabine-seyffert.de\/blog\/wp-content\/uploads\/2021\/07\/Gl\u00fcckliches-Schuljahr-Sabine-Seyffert.de-1-300x225.jpg 300w, https:\/\/www.sabine-seyffert.de\/blog\/wp-content\/uploads\/2021\/07\/Gl\u00fcckliches-Schuljahr-Sabine-Seyffert.de-1-768x576.jpg 768w\" sizes=\"auto, (max-width: 800px) 100vw, 800px\" \/><\/a><\/p>\n<p style=\"text-align: justify; font-size: 9pt;\">&#x2b50; Hausaufgaben geschafft? Dann basteln wir gemeinsam etwas f\u00fcr das Kinderzimmer<br \/>\n&#x2b50; Ein Tapetenwechsel tut gut \u2013 heute Nachmittag machen wir eine kleinen Radtour<br \/>\n&#x2b50; Einfach mal tief durchatmen \u2013 wenn du magst, gehen wir heute Nachmittag in den Wald<br \/>\n&#x2b50; Nach den Hausaufgaben spielen wir dein Lieblingsspiel<br \/>\n&#x2b50; Heute vers\u00fc\u00dfen wir uns mal den Nachmittag und backen deinen Lieblingskuchen<br \/>\n&#x2b50; Alle Aufgaben erledigt? Dann machen wir es uns auf dem Sofa gem\u00fctlich und lesen gemeinsam ein Buch<br \/>\n&#x2b50; Nach dem langen Schultag tut dir etwas Bewegung sicher gut \u2013 komm, wir gehen eine Runde auf den Spielplatz<br \/>\n&#x2b50; Bist du mit Lesenlernen fertig? Dann erz\u00e4hle ich dir nun dein Lieblingsm\u00e4rchen und wir essen dabei ein paar Kekse<br \/>\n&#x2b50; Gutschein f\u00fcr 1 x Eisessen<br \/>\n&#x2b50; Gutschein f\u00fcr eine kleine Auszeit mit einer <a href=\"https:\/\/www.sabine-seyffert.de\/blog\/?cat=4\" target=\"_blank\" rel=\"noopener noreferrer\">Fantasiereise<\/a> deiner Wahl<br \/>\n&#x2b50; Etwas Ruhe &amp; Entspannung gef\u00e4llig? Wie w\u00e4re es im Anschluss an die Hausaufgaben mit einem <a href=\"https:\/\/www.sabine-seyffert.de\/blog\/?cat=2\" target=\"_blank\" rel=\"noopener noreferrer\">Entspannungsr\u00e4tsel<\/a>?<br \/>\n&#x2b50; Aller Anfang ist schwer \u2013 aber du machst das prima! Nach den Hausaufgaben schenke ich dir eine sch\u00f6ne <a href=\"https:\/\/www.sabine-seyffert.de\/blog\/?cat=13\" target=\"_blank\" rel=\"noopener noreferrer\">Streichelgeschichte<\/a><br \/>\n&#x2b50; Wenn du mir 10 Minuten vorgelesen hast, schenke ich dir auch 10 Minuten meiner Zeit und du darfst dir etwas w\u00fcnschen<\/p>\n<p style=\"text-align: center;\"><a href=\"https:\/\/www.sabine-seyffert.de\/blog\/wp-content\/uploads\/2021\/07\/Gl\u00fcckliches-Schuljahr-Sabine-Seyffert.de-4.jpg\"><img loading=\"lazy\" decoding=\"async\" class=\"alignnone size-full wp-image-20491\" src=\"https:\/\/www.sabine-seyffert.de\/blog\/wp-content\/uploads\/2021\/07\/Gl\u00fcckliches-Schuljahr-Sabine-Seyffert.de-4.jpg\" alt=\"\" width=\"800\" height=\"600\" srcset=\"https:\/\/www.sabine-seyffert.de\/blog\/wp-content\/uploads\/2021\/07\/Gl\u00fcckliches-Schuljahr-Sabine-Seyffert.de-4.jpg 800w, https:\/\/www.sabine-seyffert.de\/blog\/wp-content\/uploads\/2021\/07\/Gl\u00fcckliches-Schuljahr-Sabine-Seyffert.de-4-300x225.jpg 300w, https:\/\/www.sabine-seyffert.de\/blog\/wp-content\/uploads\/2021\/07\/Gl\u00fcckliches-Schuljahr-Sabine-Seyffert.de-4-768x576.jpg 768w\" sizes=\"auto, (max-width: 800px) 100vw, 800px\" \/><\/a><\/p>\n<p style=\"text-align: justify;\">Die kleinen K\u00e4rtchen schneidet man aus und kann diese noch mit Stifte, Aufklebern, Stempeln oder Wasserfarbe verzieren. F\u00fcr die Schachtel kann man eine kleine Pappbox o.\u00e4, nehmen und diese mit Geschenkpapier verzieren. Ich habe dazu ein Restst\u00fcck Packpapier verwendet und es mit <a href=\"https:\/\/www.sabine-seyffert.de\/blog\/?p=17726\" target=\"_blank\" rel=\"noopener noreferrer\">einem kleinen Gl\u00fcckspilz<\/a> aus mit Wasserfarbe bemaltem Zeitungspapier aufgepimpt. Dazu kann man noch den Namen des Schulkindes oder einen kleinen Gru\u00df auf die Schachtel stempeln.<\/p>\n<p style=\"text-align: center;\"><a href=\"https:\/\/www.sabine-seyffert.de\/blog\/wp-content\/uploads\/2021\/07\/Gl\u00fcckliches-Schuljahr-Sabine-Seyffert.de-6.jpg\"><img loading=\"lazy\" decoding=\"async\" class=\"alignnone size-full wp-image-20490\" src=\"https:\/\/www.sabine-seyffert.de\/blog\/wp-content\/uploads\/2021\/07\/Gl\u00fcckliches-Schuljahr-Sabine-Seyffert.de-6.jpg\" alt=\"\" width=\"800\" height=\"600\" srcset=\"https:\/\/www.sabine-seyffert.de\/blog\/wp-content\/uploads\/2021\/07\/Gl\u00fcckliches-Schuljahr-Sabine-Seyffert.de-6.jpg 800w, https:\/\/www.sabine-seyffert.de\/blog\/wp-content\/uploads\/2021\/07\/Gl\u00fcckliches-Schuljahr-Sabine-Seyffert.de-6-300x225.jpg 300w, https:\/\/www.sabine-seyffert.de\/blog\/wp-content\/uploads\/2021\/07\/Gl\u00fcckliches-Schuljahr-Sabine-Seyffert.de-6-768x576.jpg 768w\" sizes=\"auto, (max-width: 800px) 100vw, 800px\" \/><\/a><\/p>\n<p style=\"text-align: justify;\">Vielleicht habt ihr noch weitere Ideen mit welchen sch\u00f6nen \u00dcberraschungen, Gutscheinen etc. man die kleinen Geschenkkarten erweitern kann? Dann schreibt es gerne in die Kommentare!<\/p>\n<p style=\"text-align: center;\"><a href=\"https:\/\/www.sabine-seyffert.de\/blog\/wp-content\/uploads\/2021\/07\/Gl\u00fcckliches-Schuljahr-Sabine-Seyffert.de-5.jpg\"><img loading=\"lazy\" decoding=\"async\" class=\"alignnone size-full wp-image-20489\" src=\"https:\/\/www.sabine-seyffert.de\/blog\/wp-content\/uploads\/2021\/07\/Gl\u00fcckliches-Schuljahr-Sabine-Seyffert.de-5.jpg\" alt=\"\" width=\"800\" height=\"600\" srcset=\"https:\/\/www.sabine-seyffert.de\/blog\/wp-content\/uploads\/2021\/07\/Gl\u00fcckliches-Schuljahr-Sabine-Seyffert.de-5.jpg 800w, https:\/\/www.sabine-seyffert.de\/blog\/wp-content\/uploads\/2021\/07\/Gl\u00fcckliches-Schuljahr-Sabine-Seyffert.de-5-300x225.jpg 300w, https:\/\/www.sabine-seyffert.de\/blog\/wp-content\/uploads\/2021\/07\/Gl\u00fcckliches-Schuljahr-Sabine-Seyffert.de-5-768x576.jpg 768w\" sizes=\"auto, (max-width: 800px) 100vw, 800px\" \/><\/a><\/p>\n<p style=\"text-align: justify;\">Derzeit gibt es \u00fcbrigens die <a href=\"https:\/\/www.instagram.com\/diy_sabine_seyffert\/\" target=\"_blank\" rel=\"noopener noreferrer\">#DIYchallengederwoche<\/a> Spezial mit vielen G\u00e4sten zum Thema Schulstart. Da findet ihr nicht nur die <a href=\"https:\/\/www.sabine-seyffert.de\/blog\/?p=20441\" target=\"_blank\" rel=\"noopener noreferrer\">pratische ABC Rakete<\/a>, die <a href=\"https:\/\/www.sabine-seyffert.de\/blog\/?p=20456\" target=\"_blank\" rel=\"noopener noreferrer\">Schult\u00fcten Girlande<\/a> und <a href=\"https:\/\/www.sabine-seyffert.de\/blog\/?p=20472\" target=\"_blank\" rel=\"noopener noreferrer\">die gen\u00e4hte \u00dcberraschungsschult\u00fcte<\/a>, sondern zahlreiche andere Ideen.<\/p>\n<p style=\"text-align: center;\"><a href=\"https:\/\/www.sabine-seyffert.de\/blog\/wp-content\/uploads\/2021\/07\/Gl\u00fcckliches-Schuljahr-Sabine-Seyffert.de-8.jpg\"><img loading=\"lazy\" decoding=\"async\" class=\"alignnone size-full wp-image-20488\" src=\"https:\/\/www.sabine-seyffert.de\/blog\/wp-content\/uploads\/2021\/07\/Gl\u00fcckliches-Schuljahr-Sabine-Seyffert.de-8.jpg\" alt=\"\" width=\"800\" height=\"600\" srcset=\"https:\/\/www.sabine-seyffert.de\/blog\/wp-content\/uploads\/2021\/07\/Gl\u00fcckliches-Schuljahr-Sabine-Seyffert.de-8.jpg 800w, https:\/\/www.sabine-seyffert.de\/blog\/wp-content\/uploads\/2021\/07\/Gl\u00fcckliches-Schuljahr-Sabine-Seyffert.de-8-300x225.jpg 300w, https:\/\/www.sabine-seyffert.de\/blog\/wp-content\/uploads\/2021\/07\/Gl\u00fcckliches-Schuljahr-Sabine-Seyffert.de-8-768x576.jpg 768w\" sizes=\"auto, (max-width: 800px) 100vw, 800px\" \/><\/a><\/p>\n<p style=\"text-align: justify;\">Weitere DIY Ideen zum Thema Schule findet ihr \u00fcbrigens in <a href=\"https:\/\/www.sabine-seyffert.de\/blog\/?cat=40\" target=\"_blank\" rel=\"noopener noreferrer\">dieser Blog Kategorie<\/a>, selbst gemachte Geschenkideen mit detaillierter Bastelanleitung gibt es in <a href=\"https:\/\/www.sabine-seyffert.de\/blog\/?cat=36\" target=\"_blank\" rel=\"noopener noreferrer\">dieser Rubrik<\/a>, Bastelideen f\u00fcr Kinder sind in <a href=\"https:\/\/www.sabine-seyffert.de\/blog\/?cat=32\" target=\"_blank\" rel=\"noopener noreferrer\">diesem Blog Ordner<\/a>, alles rund um die Sommerzeit an <a href=\"https:\/\/www.sabine-seyffert.de\/blog\/?cat=24\" target=\"_blank\" rel=\"noopener noreferrer\">dieser Stelle<\/a> und andere kreative Sachen <a href=\"http:\/\/www.lunaju.de\/2021\/06\/kiddikram-sommer-2021.html\" target=\"_blank\" rel=\"noopener noreferrer\">da<\/a>.<\/p>\n<p style=\"text-align: center;\"><a href=\"https:\/\/www.sabine-seyffert.de\/blog\/wp-content\/uploads\/2021\/07\/Gl\u00fcckliches-Schuljahr-Sabine-Seyffert.de-9.jpg\"><img loading=\"lazy\" decoding=\"async\" class=\"alignnone size-full wp-image-20487\" src=\"https:\/\/www.sabine-seyffert.de\/blog\/wp-content\/uploads\/2021\/07\/Gl\u00fcckliches-Schuljahr-Sabine-Seyffert.de-9.jpg\" alt=\"\" width=\"600\" height=\"800\" srcset=\"https:\/\/www.sabine-seyffert.de\/blog\/wp-content\/uploads\/2021\/07\/Gl\u00fcckliches-Schuljahr-Sabine-Seyffert.de-9.jpg 600w, https:\/\/www.sabine-seyffert.de\/blog\/wp-content\/uploads\/2021\/07\/Gl\u00fcckliches-Schuljahr-Sabine-Seyffert.de-9-225x300.jpg 225w\" sizes=\"auto, (max-width: 600px) 100vw, 600px\" \/><\/a><\/p>\n<p style=\"text-align: justify;\"><a href=\"https:\/\/www.sabine-seyffert.de\/blog\/?page_id=32#urheberrecht\">urheberrechtlich gesch\u00fctzt<\/a>, \u00a9 Sabine Seyffert<\/p>\n","protected":false},"excerpt":{"rendered":"<p>Der Start in die Schule ist erfahrungsgem\u00e4\u00df ein gro\u00dfer Schritt. Und nicht immer sehen die Kinder diesem Einstieg ins Schulleben mit Freude entgegen. Schlie\u00dflich bekommen sie ja gerade von Erwachsenen oft genug vorgehalten \u201ejetzt beginnt der Ernst des Lebens\u201c\u2026 Um ihnen die Angst ein wenig zu nehmen und f\u00fcr mehr Spa\u00df und Motivation w\u00e4hrend des&#8230; <a href=\"https:\/\/www.sabine-seyffert.de\/blog\/geschenk-zum-schulanfang-glueckliche-schulzeit-motivation-ideen-tipps-fuer-schulkinder\/\" class=\"more-link\">Read more: Geschenk zum Schulanfang: Gl\u00fcckliche Schulzeit \u2013 Motivation, Ideen &#038; Tipps f\u00fcr Schulkinder<\/a><\/p>\n","protected":false},"author":2,"featured_media":0,"comment_status":"open","ping_status":"open","sticky":false,"template":"","format":"standard","meta":{"_metis_text_type":"","_metis_text_length":3666,"_post_count":0,"footnotes":""},"categories":[36,49,40,24],"tags":[],"class_list":["post-20484","post","type-post","status-publish","format-standard","hentry","category-klitzekleine-geschenkideen","category-verpackungsideen","category-schulstart","category-sommer"],"_links":{"self":[{"href":"https:\/\/www.sabine-seyffert.de\/blog\/wp-json\/wp\/v2\/posts\/20484","targetHints":{"allow":["GET"]}}],"collection":[{"href":"https:\/\/www.sabine-seyffert.de\/blog\/wp-json\/wp\/v2\/posts"}],"about":[{"href":"https:\/\/www.sabine-seyffert.de\/blog\/wp-json\/wp\/v2\/types\/post"}],"author":[{"embeddable":true,"href":"https:\/\/www.sabine-seyffert.de\/blog\/wp-json\/wp\/v2\/users\/2"}],"replies":[{"embeddable":true,"href":"https:\/\/www.sabine-seyffert.de\/blog\/wp-json\/wp\/v2\/comments?post=20484"}],"version-history":[{"count":4,"href":"https:\/\/www.sabine-seyffert.de\/blog\/wp-json\/wp\/v2\/posts\/20484\/revisions"}],"predecessor-version":[{"id":20498,"href":"https:\/\/www.sabine-seyffert.de\/blog\/wp-json\/wp\/v2\/posts\/20484\/revisions\/20498"}],"wp:attachment":[{"href":"https:\/\/www.sabine-seyffert.de\/blog\/wp-json\/wp\/v2\/media?parent=20484"}],"wp:term":[{"taxonomy":"category","embeddable":true,"href":"https:\/\/www.sabine-seyffert.de\/blog\/wp-json\/wp\/v2\/categories?post=20484"},{"taxonomy":"post_tag","embeddable":true,"href":"https:\/\/www.sabine-seyffert.de\/blog\/wp-json\/wp\/v2\/tags?post=20484"}],"curies":[{"name":"wp","href":"https:\/\/api.w.org\/{rel}","templated":true}]}}