{"id":2041,"date":"2013-07-01T09:43:40","date_gmt":"2013-07-01T07:43:40","guid":{"rendered":"http:\/\/www.sabine-seyffert.de\/blog\/?p=2041"},"modified":"2017-03-06T12:58:11","modified_gmt":"2017-03-06T10:58:11","slug":"fruchtiges-orange-einfach-lecker","status":"publish","type":"post","link":"https:\/\/www.sabine-seyffert.de\/blog\/fruchtiges-orange-einfach-lecker\/","title":{"rendered":"Fruchtiges Orange \u2013 einfach lecker!"},"content":{"rendered":"<p style=\"text-align: center;\"><img loading=\"lazy\" decoding=\"async\" src=\"https:\/\/ssl-vg03.met.vgwort.de\/na\/82caba746f8341548a3a3e41518998ca\" alt=\"\" width=\"1\" height=\"1\" \/><br \/>\n<a href=\"http:\/\/www.sabine-seyffert.de\/blog\/wp-content\/uploads\/2013\/06\/Orange-1.jpg\"><img loading=\"lazy\" decoding=\"async\" class=\"alignnone size-full wp-image-2042\" src=\"http:\/\/www.sabine-seyffert.de\/blog\/wp-content\/uploads\/2013\/06\/Orange-1.jpg\" alt=\"Orange 1\" width=\"800\" height=\"600\" srcset=\"https:\/\/www.sabine-seyffert.de\/blog\/wp-content\/uploads\/2013\/06\/Orange-1.jpg 800w, https:\/\/www.sabine-seyffert.de\/blog\/wp-content\/uploads\/2013\/06\/Orange-1-300x225.jpg 300w\" sizes=\"auto, (max-width: 800px) 100vw, 800px\" \/><\/a><\/p>\n<p style=\"text-align: justify;\">Die Zeit vergeht im Moment einfach deutlich schneller als mir lieb ist. Auf meinem Schreibtisch t\u00fcrmt sich ein hoher Berg mit Arbeit, der bis zu den Ferien abgearbeitet werden will, mein Buchprojekt h\u00e4lt mich weiterhin auf Trapp und auch eine Schult\u00fcte m\u00f6chte dringend noch gebastelt werden. Und zwar bevor das betreffende Kind dazu in drei Wochen aus dem Kindergarten entlassen wird. Denn die Schult\u00fcte soll schlie\u00dflich eine \u00dcberraschung werden\u2026<\/p>\n<p style=\"text-align: center;\"><a href=\"http:\/\/www.sabine-seyffert.de\/blog\/wp-content\/uploads\/2013\/06\/Orange-2.jpg\"><img loading=\"lazy\" decoding=\"async\" class=\"alignnone size-full wp-image-2043\" src=\"http:\/\/www.sabine-seyffert.de\/blog\/wp-content\/uploads\/2013\/06\/Orange-2.jpg\" alt=\"Orange 2\" width=\"800\" height=\"600\" srcset=\"https:\/\/www.sabine-seyffert.de\/blog\/wp-content\/uploads\/2013\/06\/Orange-2.jpg 800w, https:\/\/www.sabine-seyffert.de\/blog\/wp-content\/uploads\/2013\/06\/Orange-2-300x225.jpg 300w\" sizes=\"auto, (max-width: 800px) 100vw, 800px\" \/><\/a><\/p>\n<p style=\"text-align: justify;\">Puh \u2013 allerh\u00f6chste Zeit f\u00fcr eine \u201es\u00fc\u00dfe\u201c Auszeit, die die Nerven beruhigt und den Alltag ein kleines bisschen vers\u00fc\u00dft. Zumindest f\u00fcr den Moment. Und kleine Auszeiten sind ja genau das, was ich als erfahrene Entspannungsp\u00e4dagogin immer gerne empfehle \ud83d\ude42<\/p>\n<p style=\"text-align: center;\"><a href=\"http:\/\/www.sabine-seyffert.de\/blog\/wp-content\/uploads\/2013\/06\/Orange-3.jpg\"><img loading=\"lazy\" decoding=\"async\" class=\"alignnone size-full wp-image-2044\" src=\"http:\/\/www.sabine-seyffert.de\/blog\/wp-content\/uploads\/2013\/06\/Orange-3.jpg\" alt=\"Orange 3\" width=\"800\" height=\"600\" srcset=\"https:\/\/www.sabine-seyffert.de\/blog\/wp-content\/uploads\/2013\/06\/Orange-3.jpg 800w, https:\/\/www.sabine-seyffert.de\/blog\/wp-content\/uploads\/2013\/06\/Orange-3-300x225.jpg 300w\" sizes=\"auto, (max-width: 800px) 100vw, 800px\" \/><\/a><\/p>\n<p style=\"text-align: justify;\">Wie w\u00e4re es mit etwas <span style=\"color: #ff6600;\">fruity orange<\/span>? Klingt doch super, oder? Und das ist genau die Farbe, die ab dem 1. Juli bei der <a href=\"http:\/\/www.waseigenes.com\/color-me-happy-regeln\/\" target=\"_blank\">Foto Challenge Color me happy<\/a> gesucht wird.<\/p>\n<p style=\"text-align: center;\"><a href=\"http:\/\/www.sabine-seyffert.de\/blog\/wp-content\/uploads\/2013\/06\/Orange-4.jpg\"><img loading=\"lazy\" decoding=\"async\" class=\"alignnone size-full wp-image-2045\" src=\"http:\/\/www.sabine-seyffert.de\/blog\/wp-content\/uploads\/2013\/06\/Orange-4.jpg\" alt=\"Orange 4\" width=\"800\" height=\"600\" srcset=\"https:\/\/www.sabine-seyffert.de\/blog\/wp-content\/uploads\/2013\/06\/Orange-4.jpg 800w, https:\/\/www.sabine-seyffert.de\/blog\/wp-content\/uploads\/2013\/06\/Orange-4-300x225.jpg 300w\" sizes=\"auto, (max-width: 800px) 100vw, 800px\" \/><\/a><\/p>\n<p style=\"text-align: justify;\"><strong>Das wird gebraucht:<\/strong><br \/>\n500 gr Magerquark, 200gr s\u00fc\u00dfe Sahne, 150 gr Zucker, 1 P\u00e4ckchen Vanillezucker, 1 Eigelb (von einem, ganz frischen Ei!), 2 Blatt Gelatine, etwas Wasser, 1 gro\u00dfe Orange<\/p>\n<p style=\"text-align: center;\"><a href=\"http:\/\/www.sabine-seyffert.de\/blog\/wp-content\/uploads\/2013\/06\/Orange-5.jpg\"><img loading=\"lazy\" decoding=\"async\" class=\"alignnone size-full wp-image-2046\" src=\"http:\/\/www.sabine-seyffert.de\/blog\/wp-content\/uploads\/2013\/06\/Orange-5.jpg\" alt=\"Orange 5\" width=\"800\" height=\"567\" srcset=\"https:\/\/www.sabine-seyffert.de\/blog\/wp-content\/uploads\/2013\/06\/Orange-5.jpg 800w, https:\/\/www.sabine-seyffert.de\/blog\/wp-content\/uploads\/2013\/06\/Orange-5-300x212.jpg 300w\" sizes=\"auto, (max-width: 800px) 100vw, 800px\" \/><\/a><\/p>\n<p style=\"text-align: justify;\"><strong>So wird\u2019s gemacht:<\/strong><br \/>\nIn einem tiefen Teller weicht man die Gelatine in etwas kaltem Wasser ein. In der Zwischenzeit schl\u00e4gt man die Sahne m\u00f6glichst steiff. In einer separaten Sch\u00fcssel r\u00fchrt man den Quark mit dem Zucker, dem Vanillezucker und dem Eigelb zu einer gleichm\u00e4\u00dfigen Masse. Dann presst man die Orange aus und r\u00fchrt den frischen Orangensaft unter den Quark. Wem dies noch nicht s\u00fc\u00df genug ist, kann bei Bedarf noch etwas Zucker oder einen L\u00f6ffel Honig hinzugeben.<\/p>\n<p style=\"text-align: center;\"><a href=\"http:\/\/www.sabine-seyffert.de\/blog\/wp-content\/uploads\/2013\/06\/Orange-6.jpg\"><img loading=\"lazy\" decoding=\"async\" class=\"alignnone size-full wp-image-2047\" src=\"http:\/\/www.sabine-seyffert.de\/blog\/wp-content\/uploads\/2013\/06\/Orange-6.jpg\" alt=\"Orange 6\" width=\"800\" height=\"600\" srcset=\"https:\/\/www.sabine-seyffert.de\/blog\/wp-content\/uploads\/2013\/06\/Orange-6.jpg 800w, https:\/\/www.sabine-seyffert.de\/blog\/wp-content\/uploads\/2013\/06\/Orange-6-300x225.jpg 300w\" sizes=\"auto, (max-width: 800px) 100vw, 800px\" \/><\/a><\/p>\n<p style=\"text-align: justify;\">Nun nimmt man die Gelatine aus dem Wasser, l\u00e4sst diese abtropfen und erhitzt diese in einem kleinen Topf. Sobald sich die Gelatine ganz aufgel\u00f6st hat, r\u00fchrt man diese unter die Quarkmasse. Damit es keine Kl\u00fcmpchen gibt, mixe ich den Quark durch, w\u00e4hrend ich die fl\u00fcssige Gelatine langsam hineingie\u00dfe.<\/p>\n<p style=\"text-align: center;\"><a href=\"http:\/\/www.sabine-seyffert.de\/blog\/wp-content\/uploads\/2013\/06\/Orange-7.jpg\"><img loading=\"lazy\" decoding=\"async\" class=\"alignnone size-full wp-image-2048\" src=\"http:\/\/www.sabine-seyffert.de\/blog\/wp-content\/uploads\/2013\/06\/Orange-7.jpg\" alt=\"Orange 7\" width=\"800\" height=\"545\" srcset=\"https:\/\/www.sabine-seyffert.de\/blog\/wp-content\/uploads\/2013\/06\/Orange-7.jpg 800w, https:\/\/www.sabine-seyffert.de\/blog\/wp-content\/uploads\/2013\/06\/Orange-7-300x204.jpg 300w\" sizes=\"auto, (max-width: 800px) 100vw, 800px\" \/><\/a><\/p>\n<p style=\"text-align: justify;\">Zum Schluss die geschlagene Sahne unterheben und in eine Sch\u00fcssel oder kleine Gl\u00e4ser abf\u00fcllen. Die Quarkspeise sollte vor dem Verzehr ein paar Stunden kalt stehen.<\/p>\n<p style=\"text-align: center;\"><a href=\"http:\/\/www.sabine-seyffert.de\/blog\/wp-content\/uploads\/2013\/06\/Orange-8.jpg\"><img loading=\"lazy\" decoding=\"async\" class=\"alignnone size-full wp-image-2049\" src=\"http:\/\/www.sabine-seyffert.de\/blog\/wp-content\/uploads\/2013\/06\/Orange-8.jpg\" alt=\"Orange 8\" width=\"800\" height=\"633\" srcset=\"https:\/\/www.sabine-seyffert.de\/blog\/wp-content\/uploads\/2013\/06\/Orange-8.jpg 800w, https:\/\/www.sabine-seyffert.de\/blog\/wp-content\/uploads\/2013\/06\/Orange-8-300x237.jpg 300w\" sizes=\"auto, (max-width: 800px) 100vw, 800px\" \/><\/a><\/p>\n<p style=\"text-align: justify;\">Wer weitere Rezepte sucht, wird sicherlich <a href=\"http:\/\/nozdesign.blogspot.de\/2013\/07\/my-monday-mhhhhhh-29.html\" target=\"_blank\">hier<\/a> f\u00fcndig und mehr Orange gibt es <a href=\"http:\/\/www.waseigenes.com\/2013\/07\/01\/color-me-happy-fruity-orange-7\/\" target=\"_blank\">dort<\/a>\u2026<\/p>\n<p style=\"text-align: center;\"><a href=\"http:\/\/www.sabine-seyffert.de\/blog\/wp-content\/uploads\/2013\/06\/Orange-9.jpg\"><img loading=\"lazy\" decoding=\"async\" class=\"alignnone size-full wp-image-2050\" src=\"http:\/\/www.sabine-seyffert.de\/blog\/wp-content\/uploads\/2013\/06\/Orange-9.jpg\" alt=\"Orange 9\" width=\"800\" height=\"556\" srcset=\"https:\/\/www.sabine-seyffert.de\/blog\/wp-content\/uploads\/2013\/06\/Orange-9.jpg 800w, https:\/\/www.sabine-seyffert.de\/blog\/wp-content\/uploads\/2013\/06\/Orange-9-300x208.jpg 300w\" sizes=\"auto, (max-width: 800px) 100vw, 800px\" \/><\/a><\/p>\n<p><a href=\"http:\/\/www.sabine-seyffert.de\/blog\/?page_id=32#urheberrecht\">urherrechtlich gesch\u00fctzt<\/a>, \u00a9 Sabine Seyffert<\/p>\n","protected":false},"excerpt":{"rendered":"<p>Die Zeit vergeht im Moment einfach deutlich schneller als mir lieb ist. Auf meinem Schreibtisch t\u00fcrmt sich ein hoher Berg mit Arbeit, der bis zu den Ferien abgearbeitet werden will, mein Buchprojekt h\u00e4lt mich weiterhin auf Trapp und auch eine Schult\u00fcte m\u00f6chte dringend noch gebastelt werden. Und zwar bevor das betreffende Kind dazu in drei&#8230; <a href=\"https:\/\/www.sabine-seyffert.de\/blog\/fruchtiges-orange-einfach-lecker\/\" class=\"more-link\">Read more: Fruchtiges Orange \u2013 einfach lecker!<\/a><\/p>\n","protected":false},"author":2,"featured_media":0,"comment_status":"open","ping_status":"open","sticky":false,"template":"","format":"standard","meta":{"_metis_text_type":"","_metis_text_length":2108,"_post_count":0,"footnotes":""},"categories":[31],"tags":[],"class_list":["post-2041","post","type-post","status-publish","format-standard","hentry","category-rezepte-suse-kuchen-co"],"_links":{"self":[{"href":"https:\/\/www.sabine-seyffert.de\/blog\/wp-json\/wp\/v2\/posts\/2041","targetHints":{"allow":["GET"]}}],"collection":[{"href":"https:\/\/www.sabine-seyffert.de\/blog\/wp-json\/wp\/v2\/posts"}],"about":[{"href":"https:\/\/www.sabine-seyffert.de\/blog\/wp-json\/wp\/v2\/types\/post"}],"author":[{"embeddable":true,"href":"https:\/\/www.sabine-seyffert.de\/blog\/wp-json\/wp\/v2\/users\/2"}],"replies":[{"embeddable":true,"href":"https:\/\/www.sabine-seyffert.de\/blog\/wp-json\/wp\/v2\/comments?post=2041"}],"version-history":[{"count":14,"href":"https:\/\/www.sabine-seyffert.de\/blog\/wp-json\/wp\/v2\/posts\/2041\/revisions"}],"predecessor-version":[{"id":9840,"href":"https:\/\/www.sabine-seyffert.de\/blog\/wp-json\/wp\/v2\/posts\/2041\/revisions\/9840"}],"wp:attachment":[{"href":"https:\/\/www.sabine-seyffert.de\/blog\/wp-json\/wp\/v2\/media?parent=2041"}],"wp:term":[{"taxonomy":"category","embeddable":true,"href":"https:\/\/www.sabine-seyffert.de\/blog\/wp-json\/wp\/v2\/categories?post=2041"},{"taxonomy":"post_tag","embeddable":true,"href":"https:\/\/www.sabine-seyffert.de\/blog\/wp-json\/wp\/v2\/tags?post=2041"}],"curies":[{"name":"wp","href":"https:\/\/api.w.org\/{rel}","templated":true}]}}