{"id":20293,"date":"2021-06-25T08:39:20","date_gmt":"2021-06-25T06:39:20","guid":{"rendered":"https:\/\/www.sabine-seyffert.de\/blog\/?p=20293"},"modified":"2021-07-25T11:31:19","modified_gmt":"2021-07-25T09:31:19","slug":"basteln-mit-naturmaterial-bastelidee-fuer-kinder-blumen-aus-ahornnasen","status":"publish","type":"post","link":"https:\/\/www.sabine-seyffert.de\/blog\/basteln-mit-naturmaterial-bastelidee-fuer-kinder-blumen-aus-ahornnasen\/","title":{"rendered":"Basteln mit Naturmaterial: Bastelidee f\u00fcr Kinder &#8211; Blumen aus Ahornnasen"},"content":{"rendered":"<p style=\"text-align: justify;\"><img loading=\"lazy\" decoding=\"async\" src=\"https:\/\/vg06.met.vgwort.de\/na\/7580ff918db940e0ba9c4ee4b5e0d08d\" alt=\"\" width=\"1\" height=\"1\" \/>Wer hier schon l\u00e4nger mit liest wei\u00df, dass ich liebend gerne mit Ahornnasen bastele. Daher freue ich mich jedes Jahr immer sehr darauf, die ersten Ahornfr\u00fcchte an den Ahornb\u00e4umen zu entdecken. Die kleinen gr\u00fcnen Propeller des Ahornbaums sind so vielseitig f\u00fcr kreative Dinge einsetzbar. Erinnert ihr auch noch an die <a href=\"https:\/\/www.sabine-seyffert.de\/blog\/?p=4632\" target=\"_blank\" rel=\"noopener noreferrer\">kleinen Bienchen<\/a>? Den <a href=\"https:\/\/www.sabine-seyffert.de\/blog\/?p=12368\" target=\"_blank\" rel=\"noopener noreferrer\">selbst gemachten Schutzengel<\/a>, das <a href=\"https:\/\/www.sabine-seyffert.de\/blog\/?p=10477\" target=\"_blank\" rel=\"noopener noreferrer\">leuchtende Windlicht<\/a>, die <a href=\"https:\/\/www.sabine-seyffert.de\/blog\/?p=14492\" target=\"_blank\" rel=\"noopener noreferrer\">Schmetterlinge<\/a> oder die bunt schimmernden Libellen aus <a href=\"https:\/\/www.sabine-seyffert.de\/blog\/?p=16638\" target=\"_blank\" rel=\"noopener noreferrer\">dieser Bastelanleitung<\/a>?<br \/>\nDieses Jahr habe ich nat\u00fcrlich wieder eine kreative Bastelei mit diesem Material. Und die wird wieder herrlich bunt \u2013 n\u00e4mlich regenbogenbunt!<\/p>\n<p style=\"text-align: center;\"><a href=\"https:\/\/www.sabine-seyffert.de\/blog\/wp-content\/uploads\/2021\/06\/Ahornblume-Sabine-Seyffert.de-2.jpg\"><img loading=\"lazy\" decoding=\"async\" class=\"alignnone size-full wp-image-20294\" src=\"https:\/\/www.sabine-seyffert.de\/blog\/wp-content\/uploads\/2021\/06\/Ahornblume-Sabine-Seyffert.de-2.jpg\" alt=\"\" width=\"800\" height=\"600\" srcset=\"https:\/\/www.sabine-seyffert.de\/blog\/wp-content\/uploads\/2021\/06\/Ahornblume-Sabine-Seyffert.de-2.jpg 800w, https:\/\/www.sabine-seyffert.de\/blog\/wp-content\/uploads\/2021\/06\/Ahornblume-Sabine-Seyffert.de-2-300x225.jpg 300w, https:\/\/www.sabine-seyffert.de\/blog\/wp-content\/uploads\/2021\/06\/Ahornblume-Sabine-Seyffert.de-2-768x576.jpg 768w\" sizes=\"auto, (max-width: 800px) 100vw, 800px\" \/><\/a><\/p>\n<p style=\"text-align: justify;\"><strong>Das wird gebraucht:<\/strong><br \/>\nPappe \/ ein leerer Karton, ein Bastelmesser \/ Cutter, eine Bastelschere, einen Wasserfarbkasten inclusiv Deckwei\u00df, Pinsel, eine alte Tageszeitung, gesammelte Ahornnasen, Bastelkleber \/ Klebestift, eine Malunterlage und <a href=\"https:\/\/www.sabine-seyffert.de\/blog\/?p=12310\" target=\"_blank\" rel=\"noopener noreferrer\">einen Bastelkittel<\/a> sowie optional Korken, Kn\u00f6pfe oder auch d\u00fcnne \u00c4ste<\/p>\n<p style=\"text-align: center;\"><a href=\"https:\/\/www.sabine-seyffert.de\/blog\/wp-content\/uploads\/2021\/06\/Blume-Ahorn-Sabine-Seyffert.de-0.jpg\"><img loading=\"lazy\" decoding=\"async\" class=\"alignnone size-full wp-image-20295\" src=\"https:\/\/www.sabine-seyffert.de\/blog\/wp-content\/uploads\/2021\/06\/Blume-Ahorn-Sabine-Seyffert.de-0.jpg\" alt=\"\" width=\"800\" height=\"600\" srcset=\"https:\/\/www.sabine-seyffert.de\/blog\/wp-content\/uploads\/2021\/06\/Blume-Ahorn-Sabine-Seyffert.de-0.jpg 800w, https:\/\/www.sabine-seyffert.de\/blog\/wp-content\/uploads\/2021\/06\/Blume-Ahorn-Sabine-Seyffert.de-0-300x225.jpg 300w, https:\/\/www.sabine-seyffert.de\/blog\/wp-content\/uploads\/2021\/06\/Blume-Ahorn-Sabine-Seyffert.de-0-768x576.jpg 768w\" sizes=\"auto, (max-width: 800px) 100vw, 800px\" \/><\/a><\/p>\n<p style=\"text-align: justify;\"><strong>So wird\u2019s gemacht:<\/strong><br \/>\nBunte Blumen d\u00fcrfen im Fr\u00fchjahr und dem Sommer nicht fehlen. Daher habe ich mir gedacht, einfach ein paar sch\u00f6ne Blumen selbst zu machen.<\/p>\n<p style=\"text-align: center;\"><a href=\"https:\/\/www.sabine-seyffert.de\/blog\/wp-content\/uploads\/2021\/06\/Ahornblume-Sabine-Seyffert.de-.jpg\"><img loading=\"lazy\" decoding=\"async\" class=\"alignnone size-full wp-image-20296\" src=\"https:\/\/www.sabine-seyffert.de\/blog\/wp-content\/uploads\/2021\/06\/Ahornblume-Sabine-Seyffert.de-.jpg\" alt=\"\" width=\"800\" height=\"600\" srcset=\"https:\/\/www.sabine-seyffert.de\/blog\/wp-content\/uploads\/2021\/06\/Ahornblume-Sabine-Seyffert.de-.jpg 800w, https:\/\/www.sabine-seyffert.de\/blog\/wp-content\/uploads\/2021\/06\/Ahornblume-Sabine-Seyffert.de--300x225.jpg 300w, https:\/\/www.sabine-seyffert.de\/blog\/wp-content\/uploads\/2021\/06\/Ahornblume-Sabine-Seyffert.de--768x576.jpg 768w\" sizes=\"auto, (max-width: 800px) 100vw, 800px\" \/><\/a><\/p>\n<p style=\"text-align: justify;\">Zu diesem Zweck habe ich die gesammelten Ahornfr\u00fcchte mal wieder mit Wasserfarbe bemalt. Das ist denkbar einfach und klappt super.<\/p>\n<p style=\"text-align: center;\"><a href=\"https:\/\/www.sabine-seyffert.de\/blog\/wp-content\/uploads\/2021\/06\/Blume-Ahorn-Sabine-Seyffert.de-6.jpg\"><img loading=\"lazy\" decoding=\"async\" class=\"alignnone size-full wp-image-20307\" src=\"https:\/\/www.sabine-seyffert.de\/blog\/wp-content\/uploads\/2021\/06\/Blume-Ahorn-Sabine-Seyffert.de-6.jpg\" alt=\"\" width=\"800\" height=\"600\" srcset=\"https:\/\/www.sabine-seyffert.de\/blog\/wp-content\/uploads\/2021\/06\/Blume-Ahorn-Sabine-Seyffert.de-6.jpg 800w, https:\/\/www.sabine-seyffert.de\/blog\/wp-content\/uploads\/2021\/06\/Blume-Ahorn-Sabine-Seyffert.de-6-300x225.jpg 300w, https:\/\/www.sabine-seyffert.de\/blog\/wp-content\/uploads\/2021\/06\/Blume-Ahorn-Sabine-Seyffert.de-6-768x576.jpg 768w\" sizes=\"auto, (max-width: 800px) 100vw, 800px\" \/><\/a><\/p>\n<p style=\"text-align: justify;\">Am besten lasst ihr die gesammelten Fr\u00fcchte einen Tag \u201etrocknen\u201c, dann funktioniert das mit dem Bemalen am besten und die Farbe h\u00e4lt prima.<\/p>\n<p><a href=\"https:\/\/www.sabine-seyffert.de\/blog\/wp-content\/uploads\/2021\/06\/Blume-Ahorn-Sabine-Seyffert.de-1.jpg\"><img loading=\"lazy\" decoding=\"async\" class=\"alignnone size-full wp-image-20300\" src=\"https:\/\/www.sabine-seyffert.de\/blog\/wp-content\/uploads\/2021\/06\/Blume-Ahorn-Sabine-Seyffert.de-1.jpg\" alt=\"\" width=\"800\" height=\"600\" srcset=\"https:\/\/www.sabine-seyffert.de\/blog\/wp-content\/uploads\/2021\/06\/Blume-Ahorn-Sabine-Seyffert.de-1.jpg 800w, https:\/\/www.sabine-seyffert.de\/blog\/wp-content\/uploads\/2021\/06\/Blume-Ahorn-Sabine-Seyffert.de-1-300x225.jpg 300w, https:\/\/www.sabine-seyffert.de\/blog\/wp-content\/uploads\/2021\/06\/Blume-Ahorn-Sabine-Seyffert.de-1-768x576.jpg 768w\" sizes=\"auto, (max-width: 800px) 100vw, 800px\" \/><\/a><\/p>\n<p style=\"text-align: justify;\">Ob ihr die einzelnen Bl\u00fctenbl\u00e4tter einfarbig, gestreift oder mit anderen Mustern bemalt, ist reine Geschmackssache.<\/p>\n<p style=\"text-align: center;\"><a href=\"https:\/\/www.sabine-seyffert.de\/blog\/wp-content\/uploads\/2021\/06\/Ahornblume-Sabine-Seyffert.de-5.jpg\"><img loading=\"lazy\" decoding=\"async\" class=\"alignnone size-full wp-image-20301\" src=\"https:\/\/www.sabine-seyffert.de\/blog\/wp-content\/uploads\/2021\/06\/Ahornblume-Sabine-Seyffert.de-5.jpg\" alt=\"\" width=\"800\" height=\"600\" srcset=\"https:\/\/www.sabine-seyffert.de\/blog\/wp-content\/uploads\/2021\/06\/Ahornblume-Sabine-Seyffert.de-5.jpg 800w, https:\/\/www.sabine-seyffert.de\/blog\/wp-content\/uploads\/2021\/06\/Ahornblume-Sabine-Seyffert.de-5-300x225.jpg 300w, https:\/\/www.sabine-seyffert.de\/blog\/wp-content\/uploads\/2021\/06\/Ahornblume-Sabine-Seyffert.de-5-768x576.jpg 768w\" sizes=\"auto, (max-width: 800px) 100vw, 800px\" \/><\/a><\/p>\n<p style=\"text-align: justify;\">Ihr k\u00f6nnt die Bl\u00fcten mit Hilfe eines Knopfs mittig zusammenkleben (oder auf der R\u00fcckseite einen kleinen Kreis aus Pappe zum Stabilisieren ankleben) und einen sch\u00f6nen Ast, wie bei diesen selbst gemachten Fr\u00fchlingsblumen in der Vase. Auf diese Weise kann man mit den fertigen Blumen gleich dekorieren.<\/p>\n<p><a href=\"https:\/\/www.sabine-seyffert.de\/blog\/wp-content\/uploads\/2021\/06\/Ahornblume-Sabine-Seyffert.de-4.jpg\"><img loading=\"lazy\" decoding=\"async\" class=\"alignnone size-full wp-image-20302\" src=\"https:\/\/www.sabine-seyffert.de\/blog\/wp-content\/uploads\/2021\/06\/Ahornblume-Sabine-Seyffert.de-4.jpg\" alt=\"\" width=\"800\" height=\"600\" srcset=\"https:\/\/www.sabine-seyffert.de\/blog\/wp-content\/uploads\/2021\/06\/Ahornblume-Sabine-Seyffert.de-4.jpg 800w, https:\/\/www.sabine-seyffert.de\/blog\/wp-content\/uploads\/2021\/06\/Ahornblume-Sabine-Seyffert.de-4-300x225.jpg 300w, https:\/\/www.sabine-seyffert.de\/blog\/wp-content\/uploads\/2021\/06\/Ahornblume-Sabine-Seyffert.de-4-768x576.jpg 768w\" sizes=\"auto, (max-width: 800px) 100vw, 800px\" \/><\/a><\/p>\n<p style=\"text-align: justify;\">Alternativ kann man damit aber auch kleine Bilder und Collagen gestalten. Dazu schneidet man aus einem leeren Karton ein Quadrat, beklebt dieses mit Zeitungspapier, das man anschlie\u00dfend mit verd\u00fcnntem Deckwei\u00df oder Wasserfarbe \u00fcbermalt.<\/p>\n<p style=\"text-align: center;\"><a href=\"https:\/\/www.sabine-seyffert.de\/blog\/wp-content\/uploads\/2021\/06\/Ahornblume-Sabine-Seyffert.de-3.jpg\"><img loading=\"lazy\" decoding=\"async\" class=\"alignnone size-full wp-image-20299\" src=\"https:\/\/www.sabine-seyffert.de\/blog\/wp-content\/uploads\/2021\/06\/Ahornblume-Sabine-Seyffert.de-3.jpg\" alt=\"\" width=\"800\" height=\"600\" srcset=\"https:\/\/www.sabine-seyffert.de\/blog\/wp-content\/uploads\/2021\/06\/Ahornblume-Sabine-Seyffert.de-3.jpg 800w, https:\/\/www.sabine-seyffert.de\/blog\/wp-content\/uploads\/2021\/06\/Ahornblume-Sabine-Seyffert.de-3-300x225.jpg 300w, https:\/\/www.sabine-seyffert.de\/blog\/wp-content\/uploads\/2021\/06\/Ahornblume-Sabine-Seyffert.de-3-768x576.jpg 768w\" sizes=\"auto, (max-width: 800px) 100vw, 800px\" \/><\/a><\/p>\n<p style=\"text-align: justify;\">Darauf klebt man die bemalten Ahornnasen zu einer gro\u00dfen Blume. Auch hier kann man einen sch\u00f6nen Knopf mittig platzieren, kleine Astscheiben oder eine vom Korken abgeschnittene Scheibe, die sich bei Bedarf ebenfalls bemalen l\u00e4sst.<\/p>\n<p style=\"text-align: center;\"><a href=\"https:\/\/www.sabine-seyffert.de\/blog\/wp-content\/uploads\/2021\/06\/Ahornblume-Sabine-Seyffert.de-1.jpg\"><img loading=\"lazy\" decoding=\"async\" class=\"alignnone size-full wp-image-20298\" src=\"https:\/\/www.sabine-seyffert.de\/blog\/wp-content\/uploads\/2021\/06\/Ahornblume-Sabine-Seyffert.de-1.jpg\" alt=\"\" width=\"800\" height=\"600\" srcset=\"https:\/\/www.sabine-seyffert.de\/blog\/wp-content\/uploads\/2021\/06\/Ahornblume-Sabine-Seyffert.de-1.jpg 800w, https:\/\/www.sabine-seyffert.de\/blog\/wp-content\/uploads\/2021\/06\/Ahornblume-Sabine-Seyffert.de-1-300x225.jpg 300w, https:\/\/www.sabine-seyffert.de\/blog\/wp-content\/uploads\/2021\/06\/Ahornblume-Sabine-Seyffert.de-1-768x576.jpg 768w\" sizes=\"auto, (max-width: 800px) 100vw, 800px\" \/><\/a><\/p>\n<p style=\"text-align: justify;\">Vielleicht habt ihr noch weitere Ideen? Dann verratet doch mal, wie eure Blumen aus Ahornnasen aussehen!<\/p>\n<p style=\"text-align: center;\"><a href=\"https:\/\/www.sabine-seyffert.de\/blog\/wp-content\/uploads\/2021\/06\/Blume-Ahorn-Sabine-Seyffert.de-3.jpg\"><img loading=\"lazy\" decoding=\"async\" class=\"alignnone size-full wp-image-20306\" src=\"https:\/\/www.sabine-seyffert.de\/blog\/wp-content\/uploads\/2021\/06\/Blume-Ahorn-Sabine-Seyffert.de-3.jpg\" alt=\"\" width=\"800\" height=\"600\" srcset=\"https:\/\/www.sabine-seyffert.de\/blog\/wp-content\/uploads\/2021\/06\/Blume-Ahorn-Sabine-Seyffert.de-3.jpg 800w, https:\/\/www.sabine-seyffert.de\/blog\/wp-content\/uploads\/2021\/06\/Blume-Ahorn-Sabine-Seyffert.de-3-300x225.jpg 300w, https:\/\/www.sabine-seyffert.de\/blog\/wp-content\/uploads\/2021\/06\/Blume-Ahorn-Sabine-Seyffert.de-3-768x576.jpg 768w\" sizes=\"auto, (max-width: 800px) 100vw, 800px\" \/><\/a><\/p>\n<p style=\"text-align: justify;\">Weitere Do-it-Yourself Bastelideen f\u00fcr Kinder findet ihr \u00fcbrigens in <a href=\"https:\/\/www.sabine-seyffert.de\/blog\/?cat=32\" target=\"_blank\" rel=\"noopener noreferrer\">dieser Blog Kategorie<\/a>, alles zum Thema Upcycling mit detaillierter Bastelanleitung gibt es in <a href=\"https:\/\/www.sabine-seyffert.de\/blog\/?cat=47\" target=\"_blank\" rel=\"noopener noreferrer\">dieser Rubrik<\/a>, alles rund um die Sommerzeit sind in <a href=\"https:\/\/www.sabine-seyffert.de\/blog\/?cat=24\" target=\"_blank\" rel=\"noopener noreferrer\">diesem Blog Ordner<\/a> und andere kreative Sachen <a href=\"https:\/\/www.pinterest.de\/diysabineseyffert\/\" target=\"_blank\" rel=\"noopener noreferrer\">da<\/a>.<\/p>\n<p style=\"text-align: center;\"><a href=\"https:\/\/www.sabine-seyffert.de\/blog\/wp-content\/uploads\/2021\/06\/Ahornblume-Sabine-Seyffert.de-7.jpg\"><img loading=\"lazy\" decoding=\"async\" class=\"alignnone size-full wp-image-20297\" src=\"https:\/\/www.sabine-seyffert.de\/blog\/wp-content\/uploads\/2021\/06\/Ahornblume-Sabine-Seyffert.de-7.jpg\" alt=\"\" width=\"600\" height=\"800\" srcset=\"https:\/\/www.sabine-seyffert.de\/blog\/wp-content\/uploads\/2021\/06\/Ahornblume-Sabine-Seyffert.de-7.jpg 600w, https:\/\/www.sabine-seyffert.de\/blog\/wp-content\/uploads\/2021\/06\/Ahornblume-Sabine-Seyffert.de-7-225x300.jpg 225w\" sizes=\"auto, (max-width: 600px) 100vw, 600px\" \/><\/a><\/p>\n<p style=\"text-align: justify;\"><a href=\"https:\/\/www.sabine-seyffert.de\/blog\/?page_id=32#urheberrecht\">urheberrechtlich gesch\u00fctzt<\/a>, \u00a9 Sabine Seyffert<\/p>\n","protected":false},"excerpt":{"rendered":"<p>Wer hier schon l\u00e4nger mit liest wei\u00df, dass ich liebend gerne mit Ahornnasen bastele. Daher freue ich mich jedes Jahr immer sehr darauf, die ersten Ahornfr\u00fcchte an den Ahornb\u00e4umen zu entdecken. Die kleinen gr\u00fcnen Propeller des Ahornbaums sind so vielseitig f\u00fcr kreative Dinge einsetzbar. Erinnert ihr auch noch an die kleinen Bienchen? Den selbst gemachten&#8230; <a href=\"https:\/\/www.sabine-seyffert.de\/blog\/basteln-mit-naturmaterial-bastelidee-fuer-kinder-blumen-aus-ahornnasen\/\" class=\"more-link\">Read more: Basteln mit Naturmaterial: Bastelidee f\u00fcr Kinder &#8211; Blumen aus Ahornnasen<\/a><\/p>\n","protected":false},"author":2,"featured_media":0,"comment_status":"open","ping_status":"open","sticky":false,"template":"","format":"standard","meta":{"_metis_text_type":"","_metis_text_length":2656,"_post_count":0,"footnotes":""},"categories":[24,47],"tags":[],"class_list":["post-20293","post","type-post","status-publish","format-standard","hentry","category-sommer","category-upcyceltes"],"_links":{"self":[{"href":"https:\/\/www.sabine-seyffert.de\/blog\/wp-json\/wp\/v2\/posts\/20293","targetHints":{"allow":["GET"]}}],"collection":[{"href":"https:\/\/www.sabine-seyffert.de\/blog\/wp-json\/wp\/v2\/posts"}],"about":[{"href":"https:\/\/www.sabine-seyffert.de\/blog\/wp-json\/wp\/v2\/types\/post"}],"author":[{"embeddable":true,"href":"https:\/\/www.sabine-seyffert.de\/blog\/wp-json\/wp\/v2\/users\/2"}],"replies":[{"embeddable":true,"href":"https:\/\/www.sabine-seyffert.de\/blog\/wp-json\/wp\/v2\/comments?post=20293"}],"version-history":[{"count":4,"href":"https:\/\/www.sabine-seyffert.de\/blog\/wp-json\/wp\/v2\/posts\/20293\/revisions"}],"predecessor-version":[{"id":20308,"href":"https:\/\/www.sabine-seyffert.de\/blog\/wp-json\/wp\/v2\/posts\/20293\/revisions\/20308"}],"wp:attachment":[{"href":"https:\/\/www.sabine-seyffert.de\/blog\/wp-json\/wp\/v2\/media?parent=20293"}],"wp:term":[{"taxonomy":"category","embeddable":true,"href":"https:\/\/www.sabine-seyffert.de\/blog\/wp-json\/wp\/v2\/categories?post=20293"},{"taxonomy":"post_tag","embeddable":true,"href":"https:\/\/www.sabine-seyffert.de\/blog\/wp-json\/wp\/v2\/tags?post=20293"}],"curies":[{"name":"wp","href":"https:\/\/api.w.org\/{rel}","templated":true}]}}