{"id":20260,"date":"2021-06-23T06:00:48","date_gmt":"2021-06-23T04:00:48","guid":{"rendered":"https:\/\/www.sabine-seyffert.de\/blog\/?p=20260"},"modified":"2021-06-21T12:32:04","modified_gmt":"2021-06-21T10:32:04","slug":"bastelidee-fuer-kinder-mit-kindern-pusteblumen-basteln-kreative-beschaeftigung-fuer-zuhause","status":"publish","type":"post","link":"https:\/\/www.sabine-seyffert.de\/blog\/bastelidee-fuer-kinder-mit-kindern-pusteblumen-basteln-kreative-beschaeftigung-fuer-zuhause\/","title":{"rendered":"Bastelidee f\u00fcr Kinder: Mit Kindern Pusteblumen basteln \u2013 Kreative Besch\u00e4ftigung f\u00fcr Zuhause"},"content":{"rendered":"<p style=\"text-align: justify;\"><img loading=\"lazy\" decoding=\"async\" src=\"https:\/\/vg06.met.vgwort.de\/na\/11e48ab0bd6e415596e90cd7f83a7421\" alt=\"\" width=\"1\" height=\"1\" \/>M\u00f6gt ihr Pusteblumen auch so gerne wie ich? Ich mag die buschigen, filigranen Bl\u00fcten, die aus unz\u00e4hligen kleinen Schirmchen bestehen, einfach zu gerne. Schon als Kind konnte ich an keiner Pusteblume vorbei gehen ohne kr\u00e4ftig in diese hineinzupusten und anschlie\u00dfen den kleinen Schirmchen beim Tanzen durch die Luft zu zusehen. Schwerelos und leise tanzen sie durch die L\u00fcfte und ziehen fort. Wohin sie wohl fliegen? In Gedanken fliege ich dann mit meiner Fantasie mit ihnen fort und genie\u00dfe den Augenblick\u2026<br \/>\nDoch heute pusten wir nicht, wir basteln. Und zwar Mini Pusteblumen als Upcycling Collage, die sich als Deko nutzen oder auch verschenken lassen!<\/p>\n<p style=\"text-align: center;\"><a href=\"https:\/\/www.sabine-seyffert.de\/blog\/wp-content\/uploads\/2021\/06\/Pusteblume-Deckel-Sabine-Seyffert.de-2.jpg\"><img loading=\"lazy\" decoding=\"async\" class=\"alignnone size-full wp-image-20261\" src=\"https:\/\/www.sabine-seyffert.de\/blog\/wp-content\/uploads\/2021\/06\/Pusteblume-Deckel-Sabine-Seyffert.de-2.jpg\" alt=\"\" width=\"800\" height=\"600\" srcset=\"https:\/\/www.sabine-seyffert.de\/blog\/wp-content\/uploads\/2021\/06\/Pusteblume-Deckel-Sabine-Seyffert.de-2.jpg 800w, https:\/\/www.sabine-seyffert.de\/blog\/wp-content\/uploads\/2021\/06\/Pusteblume-Deckel-Sabine-Seyffert.de-2-300x225.jpg 300w, https:\/\/www.sabine-seyffert.de\/blog\/wp-content\/uploads\/2021\/06\/Pusteblume-Deckel-Sabine-Seyffert.de-2-768x576.jpg 768w\" sizes=\"auto, (max-width: 800px) 100vw, 800px\" \/><\/a><\/p>\n<p style=\"text-align: justify;\"><strong>Das wird gebraucht:<\/strong><br \/>\nGr\u00f6\u00dfere Deckel (von Marmeladengl\u00e4ser, Obstgl\u00e4sern &amp; Co.), Kordel, einen Wasserfarbkasten, Pinsel, Bastelkleber \/ Klebestift, eine Bastelschere, einen Bleistift, eine alte Tageszeitung, d\u00fcnne Pappe, etwas Watte sowie optional <a href=\"https:\/\/www.sabine-seyffert.de\/blog\/?p=12310\" target=\"_blank\" rel=\"noopener noreferrer\">Malkittel<\/a> und eine Bastelunterlage<\/p>\n<p style=\"text-align: center;\"><a href=\"https:\/\/www.sabine-seyffert.de\/blog\/wp-content\/uploads\/2021\/06\/Pusteblume-Deckel-Sabine-Seyffert.de-8.jpg\"><img loading=\"lazy\" decoding=\"async\" class=\"alignnone size-full wp-image-20265\" src=\"https:\/\/www.sabine-seyffert.de\/blog\/wp-content\/uploads\/2021\/06\/Pusteblume-Deckel-Sabine-Seyffert.de-8.jpg\" alt=\"\" width=\"800\" height=\"600\" srcset=\"https:\/\/www.sabine-seyffert.de\/blog\/wp-content\/uploads\/2021\/06\/Pusteblume-Deckel-Sabine-Seyffert.de-8.jpg 800w, https:\/\/www.sabine-seyffert.de\/blog\/wp-content\/uploads\/2021\/06\/Pusteblume-Deckel-Sabine-Seyffert.de-8-300x225.jpg 300w, https:\/\/www.sabine-seyffert.de\/blog\/wp-content\/uploads\/2021\/06\/Pusteblume-Deckel-Sabine-Seyffert.de-8-768x576.jpg 768w\" sizes=\"auto, (max-width: 800px) 100vw, 800px\" \/><\/a><\/p>\n<p style=\"text-align: justify;\"><strong>So wird\u2019s gemacht:<\/strong><br \/>\nSchnappt euch einen Deckel von deinem leeren Schraubglas und deckt den Tisch mit Zeitungspapier oder einer Malunterlage ab. Besser ihr zieht euch zum Basteln noch einen Malkittel \u00fcber.<br \/>\nDann schneidet euch aus der Zeitung einige mit Text bedruckte Teile und bemalt diese in blauer und gr\u00fcner Wasserfarbe, wie in <a href=\"https:\/\/www.sabine-seyffert.de\/blog\/?p=13917\" target=\"_blank\" rel=\"noopener noreferrer\">dieser Bastelanleitung<\/a> beschrieben.<\/p>\n<p style=\"text-align: center;\"><a href=\"https:\/\/www.sabine-seyffert.de\/blog\/wp-content\/uploads\/2021\/06\/Pusteblume-Deckel-Sabine-Seyffert.de-7-1.jpg\"><img loading=\"lazy\" decoding=\"async\" class=\"alignnone size-full wp-image-20268\" src=\"https:\/\/www.sabine-seyffert.de\/blog\/wp-content\/uploads\/2021\/06\/Pusteblume-Deckel-Sabine-Seyffert.de-7-1.jpg\" alt=\"\" width=\"800\" height=\"600\" srcset=\"https:\/\/www.sabine-seyffert.de\/blog\/wp-content\/uploads\/2021\/06\/Pusteblume-Deckel-Sabine-Seyffert.de-7-1.jpg 800w, https:\/\/www.sabine-seyffert.de\/blog\/wp-content\/uploads\/2021\/06\/Pusteblume-Deckel-Sabine-Seyffert.de-7-1-300x225.jpg 300w, https:\/\/www.sabine-seyffert.de\/blog\/wp-content\/uploads\/2021\/06\/Pusteblume-Deckel-Sabine-Seyffert.de-7-1-768x576.jpg 768w\" sizes=\"auto, (max-width: 800px) 100vw, 800px\" \/><\/a><\/p>\n<p style=\"text-align: justify;\">Aus der Pappe k\u00f6nnt ihr euch noch mal einige St\u00e4ngel f\u00fcr die Blumen schneiden. Die Bl\u00fcten k\u00f6nnt ihr gut aus Watte selbermachen. Dazu einfach ein bisschen Watte abzupfen und zwischen den Fingern zu einer kleinen Kugel rollen. Alternativ klappt dies auch mit wei\u00dfem Seidenpapier oder M\u00e4rchenwolle.<\/p>\n<p style=\"text-align: center;\"><a href=\"https:\/\/www.sabine-seyffert.de\/blog\/wp-content\/uploads\/2021\/06\/Pusteblume-Deckel-Sabine-Seyffert.de-6-1.jpg\"><img loading=\"lazy\" decoding=\"async\" class=\"alignnone size-full wp-image-20269\" src=\"https:\/\/www.sabine-seyffert.de\/blog\/wp-content\/uploads\/2021\/06\/Pusteblume-Deckel-Sabine-Seyffert.de-6-1.jpg\" alt=\"\" width=\"800\" height=\"600\" srcset=\"https:\/\/www.sabine-seyffert.de\/blog\/wp-content\/uploads\/2021\/06\/Pusteblume-Deckel-Sabine-Seyffert.de-6-1.jpg 800w, https:\/\/www.sabine-seyffert.de\/blog\/wp-content\/uploads\/2021\/06\/Pusteblume-Deckel-Sabine-Seyffert.de-6-1-300x225.jpg 300w, https:\/\/www.sabine-seyffert.de\/blog\/wp-content\/uploads\/2021\/06\/Pusteblume-Deckel-Sabine-Seyffert.de-6-1-768x576.jpg 768w\" sizes=\"auto, (max-width: 800px) 100vw, 800px\" \/><\/a><\/p>\n<p style=\"text-align: justify;\">F\u00fcr den Himmel legt ihr euch den Deckel auf das blau bemalte Papier und zeichnet mit dem Bleistift einen Kreis darum. Jetzt k\u00f6nnt ihr den Kreis ausschneiden und mittig in die Deckelinnenseite kleben.<\/p>\n<p style=\"text-align: center;\"><a href=\"https:\/\/www.sabine-seyffert.de\/blog\/wp-content\/uploads\/2021\/06\/Pusteblume-Deckel-Sabine-Seyffert.de-5.jpg\"><img loading=\"lazy\" decoding=\"async\" class=\"alignnone size-full wp-image-20270\" src=\"https:\/\/www.sabine-seyffert.de\/blog\/wp-content\/uploads\/2021\/06\/Pusteblume-Deckel-Sabine-Seyffert.de-5.jpg\" alt=\"\" width=\"800\" height=\"600\" srcset=\"https:\/\/www.sabine-seyffert.de\/blog\/wp-content\/uploads\/2021\/06\/Pusteblume-Deckel-Sabine-Seyffert.de-5.jpg 800w, https:\/\/www.sabine-seyffert.de\/blog\/wp-content\/uploads\/2021\/06\/Pusteblume-Deckel-Sabine-Seyffert.de-5-300x225.jpg 300w, https:\/\/www.sabine-seyffert.de\/blog\/wp-content\/uploads\/2021\/06\/Pusteblume-Deckel-Sabine-Seyffert.de-5-768x576.jpg 768w\" sizes=\"auto, (max-width: 800px) 100vw, 800px\" \/><\/a><\/p>\n<p style=\"text-align: justify;\">Aus dem gr\u00fcn bemalten Zeitungspapier ben\u00f6tigt ihr noch ein paar L\u00f6wenzahnbl\u00e4tter und Grashalme. Diese klebt ihr, wie auch die vorbereiteten Pappst\u00e4ngel in den Deckel hinein. Ganz zum Schluss die Wattekugeln auf jeden St\u00e4ngel und fertig ist die tolle Dekoration!<\/p>\n<p style=\"text-align: center;\"><a href=\"https:\/\/www.sabine-seyffert.de\/blog\/wp-content\/uploads\/2021\/06\/Pusteblume-Deckel-Sabine-Seyffert.de-4.jpg\"><img loading=\"lazy\" decoding=\"async\" class=\"alignnone size-full wp-image-20271\" src=\"https:\/\/www.sabine-seyffert.de\/blog\/wp-content\/uploads\/2021\/06\/Pusteblume-Deckel-Sabine-Seyffert.de-4.jpg\" alt=\"\" width=\"800\" height=\"600\" srcset=\"https:\/\/www.sabine-seyffert.de\/blog\/wp-content\/uploads\/2021\/06\/Pusteblume-Deckel-Sabine-Seyffert.de-4.jpg 800w, https:\/\/www.sabine-seyffert.de\/blog\/wp-content\/uploads\/2021\/06\/Pusteblume-Deckel-Sabine-Seyffert.de-4-300x225.jpg 300w, https:\/\/www.sabine-seyffert.de\/blog\/wp-content\/uploads\/2021\/06\/Pusteblume-Deckel-Sabine-Seyffert.de-4-768x576.jpg 768w\" sizes=\"auto, (max-width: 800px) 100vw, 800px\" \/><\/a><\/p>\n<p style=\"text-align: justify;\"><strong>Ein kleiner Tipp:<\/strong><br \/>\nDamit sich die Mini Fr\u00fchlingsbilder auch aufh\u00e4ngen lassen, kann man mit Kleber ein St\u00fcck Kordel auf der R\u00fcckseite befestigen. So hat man eine kleine Schlaufe, die als Aufh\u00e4ngung dient!<\/p>\n<p style=\"text-align: center;\"><a href=\"https:\/\/www.sabine-seyffert.de\/blog\/wp-content\/uploads\/2021\/06\/Pusteblume-Deckel-Sabine-Seyffert.de-3.jpg\"><img loading=\"lazy\" decoding=\"async\" class=\"alignnone size-full wp-image-20264\" src=\"https:\/\/www.sabine-seyffert.de\/blog\/wp-content\/uploads\/2021\/06\/Pusteblume-Deckel-Sabine-Seyffert.de-3.jpg\" alt=\"\" width=\"800\" height=\"600\" srcset=\"https:\/\/www.sabine-seyffert.de\/blog\/wp-content\/uploads\/2021\/06\/Pusteblume-Deckel-Sabine-Seyffert.de-3.jpg 800w, https:\/\/www.sabine-seyffert.de\/blog\/wp-content\/uploads\/2021\/06\/Pusteblume-Deckel-Sabine-Seyffert.de-3-300x225.jpg 300w, https:\/\/www.sabine-seyffert.de\/blog\/wp-content\/uploads\/2021\/06\/Pusteblume-Deckel-Sabine-Seyffert.de-3-768x576.jpg 768w\" sizes=\"auto, (max-width: 800px) 100vw, 800px\" \/><\/a><\/p>\n<p style=\"text-align: justify;\">Falls ihr weitere Recycling Ideen sucht &#8211; schaut doch mal bei der <a href=\"https:\/\/www.instagram.com\/diy_sabine_seyffert\/\" target=\"_blank\" rel=\"noopener noreferrer\">#DIYchallengederwoche<\/a> vorbei<\/p>\n<p style=\"text-align: center;\"><a href=\"https:\/\/www.sabine-seyffert.de\/blog\/wp-content\/uploads\/2021\/06\/Pusteblume-Deckel-Sabine-Seyffert.de-1.jpg\"><img loading=\"lazy\" decoding=\"async\" class=\"alignnone size-full wp-image-20263\" src=\"https:\/\/www.sabine-seyffert.de\/blog\/wp-content\/uploads\/2021\/06\/Pusteblume-Deckel-Sabine-Seyffert.de-1.jpg\" alt=\"\" width=\"800\" height=\"600\" srcset=\"https:\/\/www.sabine-seyffert.de\/blog\/wp-content\/uploads\/2021\/06\/Pusteblume-Deckel-Sabine-Seyffert.de-1.jpg 800w, https:\/\/www.sabine-seyffert.de\/blog\/wp-content\/uploads\/2021\/06\/Pusteblume-Deckel-Sabine-Seyffert.de-1-300x225.jpg 300w, https:\/\/www.sabine-seyffert.de\/blog\/wp-content\/uploads\/2021\/06\/Pusteblume-Deckel-Sabine-Seyffert.de-1-768x576.jpg 768w\" sizes=\"auto, (max-width: 800px) 100vw, 800px\" \/><\/a><\/p>\n<p style=\"text-align: justify;\">Weitere Do-it-Yourself Ideen f\u00fcr Kinder findet ihr \u00fcbrigens in <a href=\"https:\/\/www.sabine-seyffert.de\/blog\/?cat=32\" target=\"_blank\" rel=\"noopener noreferrer\">dieser Blog Kategorie<\/a>, alle DIY rund um das Thema Upcycling in <a href=\"https:\/\/www.sabine-seyffert.de\/blog\/?cat=47\" target=\"_blank\" rel=\"noopener noreferrer\">dieser Rubrik<\/a>, alles rund um die Sommerzeit sind in <a href=\"https:\/\/www.sabine-seyffert.de\/blog\/?cat=24\" target=\"_blank\" rel=\"noopener noreferrer\">diesem Blog Ordner<\/a> und andere kreative Sachen da.<\/p>\n<p style=\"text-align: center;\"><a href=\"https:\/\/www.sabine-seyffert.de\/blog\/wp-content\/uploads\/2021\/06\/Pusteblume-Deckel-Sabine-Seyffert.de-9.jpg\"><img loading=\"lazy\" decoding=\"async\" class=\"alignnone size-full wp-image-20262\" src=\"https:\/\/www.sabine-seyffert.de\/blog\/wp-content\/uploads\/2021\/06\/Pusteblume-Deckel-Sabine-Seyffert.de-9.jpg\" alt=\"\" width=\"600\" height=\"800\" srcset=\"https:\/\/www.sabine-seyffert.de\/blog\/wp-content\/uploads\/2021\/06\/Pusteblume-Deckel-Sabine-Seyffert.de-9.jpg 600w, https:\/\/www.sabine-seyffert.de\/blog\/wp-content\/uploads\/2021\/06\/Pusteblume-Deckel-Sabine-Seyffert.de-9-225x300.jpg 225w\" sizes=\"auto, (max-width: 600px) 100vw, 600px\" \/><\/a><\/p>\n<p style=\"text-align: justify;\"><a href=\"https:\/\/www.sabine-seyffert.de\/blog\/?page_id=32#urheberrecht\">urheberrechtlich gesch\u00fctzt<\/a>, \u00a9 Sabine Seyffert<\/p>\n","protected":false},"excerpt":{"rendered":"<p>M\u00f6gt ihr Pusteblumen auch so gerne wie ich? Ich mag die buschigen, filigranen Bl\u00fcten, die aus unz\u00e4hligen kleinen Schirmchen bestehen, einfach zu gerne. Schon als Kind konnte ich an keiner Pusteblume vorbei gehen ohne kr\u00e4ftig in diese hineinzupusten und anschlie\u00dfen den kleinen Schirmchen beim Tanzen durch die Luft zu zusehen. Schwerelos und leise tanzen sie&#8230; <a href=\"https:\/\/www.sabine-seyffert.de\/blog\/bastelidee-fuer-kinder-mit-kindern-pusteblumen-basteln-kreative-beschaeftigung-fuer-zuhause\/\" class=\"more-link\">Read more: Bastelidee f\u00fcr Kinder: Mit Kindern Pusteblumen basteln \u2013 Kreative Besch\u00e4ftigung f\u00fcr Zuhause<\/a><\/p>\n","protected":false},"author":2,"featured_media":0,"comment_status":"open","ping_status":"open","sticky":false,"template":"","format":"standard","meta":{"_metis_text_type":"","_metis_text_length":2638,"_post_count":0,"footnotes":""},"categories":[32,24,47],"tags":[],"class_list":["post-20260","post","type-post","status-publish","format-standard","hentry","category-kreatives-fur-kleine-kinderhande","category-sommer","category-upcyceltes"],"_links":{"self":[{"href":"https:\/\/www.sabine-seyffert.de\/blog\/wp-json\/wp\/v2\/posts\/20260","targetHints":{"allow":["GET"]}}],"collection":[{"href":"https:\/\/www.sabine-seyffert.de\/blog\/wp-json\/wp\/v2\/posts"}],"about":[{"href":"https:\/\/www.sabine-seyffert.de\/blog\/wp-json\/wp\/v2\/types\/post"}],"author":[{"embeddable":true,"href":"https:\/\/www.sabine-seyffert.de\/blog\/wp-json\/wp\/v2\/users\/2"}],"replies":[{"embeddable":true,"href":"https:\/\/www.sabine-seyffert.de\/blog\/wp-json\/wp\/v2\/comments?post=20260"}],"version-history":[{"count":4,"href":"https:\/\/www.sabine-seyffert.de\/blog\/wp-json\/wp\/v2\/posts\/20260\/revisions"}],"predecessor-version":[{"id":20275,"href":"https:\/\/www.sabine-seyffert.de\/blog\/wp-json\/wp\/v2\/posts\/20260\/revisions\/20275"}],"wp:attachment":[{"href":"https:\/\/www.sabine-seyffert.de\/blog\/wp-json\/wp\/v2\/media?parent=20260"}],"wp:term":[{"taxonomy":"category","embeddable":true,"href":"https:\/\/www.sabine-seyffert.de\/blog\/wp-json\/wp\/v2\/categories?post=20260"},{"taxonomy":"post_tag","embeddable":true,"href":"https:\/\/www.sabine-seyffert.de\/blog\/wp-json\/wp\/v2\/tags?post=20260"}],"curies":[{"name":"wp","href":"https:\/\/api.w.org\/{rel}","templated":true}]}}