{"id":20230,"date":"2021-06-21T11:01:00","date_gmt":"2021-06-21T09:01:00","guid":{"rendered":"https:\/\/www.sabine-seyffert.de\/blog\/?p=20230"},"modified":"2021-06-21T11:01:00","modified_gmt":"2021-06-21T09:01:00","slug":"diy-geschenkidee-dekorative-geschenkanhaenger-mit-lavendel-basteln","status":"publish","type":"post","link":"https:\/\/www.sabine-seyffert.de\/blog\/diy-geschenkidee-dekorative-geschenkanhaenger-mit-lavendel-basteln\/","title":{"rendered":"DIY Geschenkidee: Dekorative Geschenkanh\u00e4nger mit Lavendel basteln"},"content":{"rendered":"<p style=\"text-align: justify;\"><img loading=\"lazy\" decoding=\"async\" src=\"https:\/\/vg06.met.vgwort.de\/na\/45646ac08f0d4c0aa0f195570f70102a\" alt=\"\" width=\"1\" height=\"1\" \/>F\u00fcr ein Geburtstagsgeschenk hatte ich frischen Lavendel gekauft und ihn kurzerhand in einen selbst gemachten <a href=\"https:\/\/www.sabine-seyffert.de\/blog\/?p=14145\" target=\"_blank\" rel=\"noopener noreferrer\">Blumentopf aus einer Milchverpackung<\/a> gesteckt. Allerdings fehlte mir dazu noch ein sch\u00f6ner Geschenkanh\u00e4nger, aus dem ich einen Geburtstagsgru\u00df notieren wollte. Dieser sollte zu dem so herrlich duftenden Lavendel passen. Also habe ich kurzerhand aus Pappe einen sch\u00f6nen Anh\u00e4nger selbst gemacht. Das ist denkbar einfach und selbst f\u00fcr unge\u00fcbte Bastler problemlos umsetzbar. Daher verrate ich euch zu dieser Bastelidee die entsprechende Bastelanleitung, falls ihr diese Idee nachbasteln m\u00f6chtet.<\/p>\n<p style=\"text-align: center;\"><a href=\"https:\/\/www.sabine-seyffert.de\/blog\/wp-content\/uploads\/2021\/06\/Anh\u00e4nger-Lavendel-Sabine-Seyffert.de-6.jpg\"><img loading=\"lazy\" decoding=\"async\" class=\"alignnone size-full wp-image-20231\" src=\"https:\/\/www.sabine-seyffert.de\/blog\/wp-content\/uploads\/2021\/06\/Anh\u00e4nger-Lavendel-Sabine-Seyffert.de-6.jpg\" alt=\"\" width=\"800\" height=\"600\" srcset=\"https:\/\/www.sabine-seyffert.de\/blog\/wp-content\/uploads\/2021\/06\/Anh\u00e4nger-Lavendel-Sabine-Seyffert.de-6.jpg 800w, https:\/\/www.sabine-seyffert.de\/blog\/wp-content\/uploads\/2021\/06\/Anh\u00e4nger-Lavendel-Sabine-Seyffert.de-6-300x225.jpg 300w, https:\/\/www.sabine-seyffert.de\/blog\/wp-content\/uploads\/2021\/06\/Anh\u00e4nger-Lavendel-Sabine-Seyffert.de-6-768x576.jpg 768w\" sizes=\"auto, (max-width: 800px) 100vw, 800px\" \/><\/a><\/p>\n<p style=\"text-align: justify;\"><strong>Das wird gebraucht:<\/strong><br \/>\nEin St\u00fcck Pappe \/ eine leerer Karton, ein Bastelmesser oder eine scharfe Schere, lilafarbene Acrylfarbe, ein Wattest\u00e4bchen, eine Lochzange, etwas Kordel oder Geschenkband, Zahnstocher, Bastelkleber \/ Klebestift, eine Malunterlage sowie optional kleine Buchstabenstempel und ein Stempelkissen<\/p>\n<p style=\"text-align: center;\"><a href=\"https:\/\/www.sabine-seyffert.de\/blog\/wp-content\/uploads\/2021\/06\/Anh\u00e4nger-Lavendel-Sabine-Seyffert.de-10.jpg\"><img loading=\"lazy\" decoding=\"async\" class=\"alignnone size-full wp-image-20236\" src=\"https:\/\/www.sabine-seyffert.de\/blog\/wp-content\/uploads\/2021\/06\/Anh\u00e4nger-Lavendel-Sabine-Seyffert.de-10.jpg\" alt=\"\" width=\"800\" height=\"600\" srcset=\"https:\/\/www.sabine-seyffert.de\/blog\/wp-content\/uploads\/2021\/06\/Anh\u00e4nger-Lavendel-Sabine-Seyffert.de-10.jpg 800w, https:\/\/www.sabine-seyffert.de\/blog\/wp-content\/uploads\/2021\/06\/Anh\u00e4nger-Lavendel-Sabine-Seyffert.de-10-300x225.jpg 300w, https:\/\/www.sabine-seyffert.de\/blog\/wp-content\/uploads\/2021\/06\/Anh\u00e4nger-Lavendel-Sabine-Seyffert.de-10-768x576.jpg 768w\" sizes=\"auto, (max-width: 800px) 100vw, 800px\" \/><\/a><\/p>\n<p style=\"text-align: justify;\"><strong>So wird\u2019s gemacht:<\/strong><br \/>\nDeckt den Tisch etwas ab und schneidet euch mit dem Cutter oder einer scharfen Schere ein gr\u00f6\u00dferes St\u00fcck aus einem leeren Pappkarton.<\/p>\n<p style=\"text-align: center;\"><a href=\"https:\/\/www.sabine-seyffert.de\/blog\/wp-content\/uploads\/2021\/06\/Anh\u00e4nger-Lavendel-Sabine-Seyffert.de-9.jpg\"><img loading=\"lazy\" decoding=\"async\" class=\"alignnone size-full wp-image-20237\" src=\"https:\/\/www.sabine-seyffert.de\/blog\/wp-content\/uploads\/2021\/06\/Anh\u00e4nger-Lavendel-Sabine-Seyffert.de-9.jpg\" alt=\"\" width=\"800\" height=\"600\" srcset=\"https:\/\/www.sabine-seyffert.de\/blog\/wp-content\/uploads\/2021\/06\/Anh\u00e4nger-Lavendel-Sabine-Seyffert.de-9.jpg 800w, https:\/\/www.sabine-seyffert.de\/blog\/wp-content\/uploads\/2021\/06\/Anh\u00e4nger-Lavendel-Sabine-Seyffert.de-9-300x225.jpg 300w, https:\/\/www.sabine-seyffert.de\/blog\/wp-content\/uploads\/2021\/06\/Anh\u00e4nger-Lavendel-Sabine-Seyffert.de-9-768x576.jpg 768w\" sizes=\"auto, (max-width: 800px) 100vw, 800px\" \/><\/a><\/p>\n<p style=\"text-align: justify;\">Das k\u00f6nnt ihr euch in die gew\u00fcnschte Form schneiden. Ein weiteres St\u00fcck Pappe ben\u00f6tigt ihr als Deko. Davon l\u00f6st ihr ganz vorsichtig die oberste Papierschicht ab, so dass die Wellen darunter zum Vorschein kommen (=&gt; Eine detaillierte Bastelanleitung dazu gibt es <a href=\"https:\/\/www.sabine-seyffert.de\/blog\/?p=19655\" target=\"_blank\" rel=\"noopener noreferrer\">hier<\/a>).<\/p>\n<p style=\"text-align: center;\"><a href=\"https:\/\/www.sabine-seyffert.de\/blog\/wp-content\/uploads\/2021\/06\/Anh\u00e4nger-Lavendel-Sabine-Seyffert.de-.jpg\"><img loading=\"lazy\" decoding=\"async\" class=\"alignnone size-full wp-image-20238\" src=\"https:\/\/www.sabine-seyffert.de\/blog\/wp-content\/uploads\/2021\/06\/Anh\u00e4nger-Lavendel-Sabine-Seyffert.de-.jpg\" alt=\"\" width=\"800\" height=\"600\" srcset=\"https:\/\/www.sabine-seyffert.de\/blog\/wp-content\/uploads\/2021\/06\/Anh\u00e4nger-Lavendel-Sabine-Seyffert.de-.jpg 800w, https:\/\/www.sabine-seyffert.de\/blog\/wp-content\/uploads\/2021\/06\/Anh\u00e4nger-Lavendel-Sabine-Seyffert.de--300x225.jpg 300w, https:\/\/www.sabine-seyffert.de\/blog\/wp-content\/uploads\/2021\/06\/Anh\u00e4nger-Lavendel-Sabine-Seyffert.de--768x576.jpg 768w\" sizes=\"auto, (max-width: 800px) 100vw, 800px\" \/><\/a><\/p>\n<p style=\"text-align: justify;\">Diesen Wellenkarton schneidet ihr wellenf\u00f6rmig oben ab und klebt dies an den unteren Rand eures Anh\u00e4ngers.<\/p>\n<p style=\"text-align: center;\"><a href=\"https:\/\/www.sabine-seyffert.de\/blog\/wp-content\/uploads\/2021\/06\/Anh\u00e4nger-Lavendel-Sabine-Seyffert.de-8.jpg\"><img loading=\"lazy\" decoding=\"async\" class=\"alignnone size-full wp-image-20239\" src=\"https:\/\/www.sabine-seyffert.de\/blog\/wp-content\/uploads\/2021\/06\/Anh\u00e4nger-Lavendel-Sabine-Seyffert.de-8.jpg\" alt=\"\" width=\"800\" height=\"600\" srcset=\"https:\/\/www.sabine-seyffert.de\/blog\/wp-content\/uploads\/2021\/06\/Anh\u00e4nger-Lavendel-Sabine-Seyffert.de-8.jpg 800w, https:\/\/www.sabine-seyffert.de\/blog\/wp-content\/uploads\/2021\/06\/Anh\u00e4nger-Lavendel-Sabine-Seyffert.de-8-300x225.jpg 300w, https:\/\/www.sabine-seyffert.de\/blog\/wp-content\/uploads\/2021\/06\/Anh\u00e4nger-Lavendel-Sabine-Seyffert.de-8-768x576.jpg 768w\" sizes=\"auto, (max-width: 800px) 100vw, 800px\" \/><\/a><\/p>\n<p style=\"text-align: justify;\">Mit den Zahnstochern, die ihr in der L\u00e4nge auch k\u00fcrzen k\u00f6nnt, stellt ihr die Blumenst\u00e4ngel dar und schiebt diese von oben in die Wellen hinein. Aus der abgezogenen Papierschicht k\u00f6nnt ihr ein paar Bl\u00e4tter gestalten und anschlie\u00dfend mit Hilfe eines Wattest\u00e4bchens und der Bastelfarbe die Lavendelbl\u00fcten auftupfen.<\/p>\n<p style=\"text-align: center;\"><a href=\"https:\/\/www.sabine-seyffert.de\/blog\/wp-content\/uploads\/2021\/06\/Anh\u00e4nger-Lavendel-Sabine-Seyffert.de-7.jpg\"><img loading=\"lazy\" decoding=\"async\" class=\"alignnone size-full wp-image-20240\" src=\"https:\/\/www.sabine-seyffert.de\/blog\/wp-content\/uploads\/2021\/06\/Anh\u00e4nger-Lavendel-Sabine-Seyffert.de-7.jpg\" alt=\"\" width=\"800\" height=\"600\" srcset=\"https:\/\/www.sabine-seyffert.de\/blog\/wp-content\/uploads\/2021\/06\/Anh\u00e4nger-Lavendel-Sabine-Seyffert.de-7.jpg 800w, https:\/\/www.sabine-seyffert.de\/blog\/wp-content\/uploads\/2021\/06\/Anh\u00e4nger-Lavendel-Sabine-Seyffert.de-7-300x225.jpg 300w, https:\/\/www.sabine-seyffert.de\/blog\/wp-content\/uploads\/2021\/06\/Anh\u00e4nger-Lavendel-Sabine-Seyffert.de-7-768x576.jpg 768w\" sizes=\"auto, (max-width: 800px) 100vw, 800px\" \/><\/a><\/p>\n<p style=\"text-align: justify;\">Nach dem Trocknen einfach oben mittig ein Loch mit der Lochzange hineinstechen und etwas Kordel hindurchziehen. Schon habt ihr einen tollen Geschenkanh\u00e4nger, der gr\u00f6\u00dftenteils upcycelt und nachhaltig ist.<\/p>\n<p style=\"text-align: center;\"><a href=\"https:\/\/www.sabine-seyffert.de\/blog\/wp-content\/uploads\/2021\/06\/Anh\u00e4nger-Lavendel-Sabine-Seyffert.de-5.jpg\"><img loading=\"lazy\" decoding=\"async\" class=\"alignnone size-full wp-image-20235\" src=\"https:\/\/www.sabine-seyffert.de\/blog\/wp-content\/uploads\/2021\/06\/Anh\u00e4nger-Lavendel-Sabine-Seyffert.de-5.jpg\" alt=\"\" width=\"800\" height=\"600\" srcset=\"https:\/\/www.sabine-seyffert.de\/blog\/wp-content\/uploads\/2021\/06\/Anh\u00e4nger-Lavendel-Sabine-Seyffert.de-5.jpg 800w, https:\/\/www.sabine-seyffert.de\/blog\/wp-content\/uploads\/2021\/06\/Anh\u00e4nger-Lavendel-Sabine-Seyffert.de-5-300x225.jpg 300w, https:\/\/www.sabine-seyffert.de\/blog\/wp-content\/uploads\/2021\/06\/Anh\u00e4nger-Lavendel-Sabine-Seyffert.de-5-768x576.jpg 768w\" sizes=\"auto, (max-width: 800px) 100vw, 800px\" \/><\/a><\/p>\n<p style=\"text-align: justify;\"><strong>Ein kleiner Tipp:<\/strong><br \/>\nWem der Anh\u00e4nger f\u00fcr einen Geburtstagsgru\u00df zu klein ist, der kann das Motiv auch in gr\u00f6\u00dferer Ausf\u00fchrung basteln und eine Postkarte \/ Gru\u00dfkarte daraus machen. In dem Fall gestaltet ihr das Bild einfach auf eine Blanko Karte aus Kraftpapier \ud83d\ude09<\/p>\n<p style=\"text-align: center;\"><a href=\"https:\/\/www.sabine-seyffert.de\/blog\/wp-content\/uploads\/2021\/06\/Anh\u00e4nger-Lavendel-Sabine-Seyffert.de-2.jpg\"><img loading=\"lazy\" decoding=\"async\" class=\"alignnone size-full wp-image-20234\" src=\"https:\/\/www.sabine-seyffert.de\/blog\/wp-content\/uploads\/2021\/06\/Anh\u00e4nger-Lavendel-Sabine-Seyffert.de-2.jpg\" alt=\"\" width=\"600\" height=\"800\" srcset=\"https:\/\/www.sabine-seyffert.de\/blog\/wp-content\/uploads\/2021\/06\/Anh\u00e4nger-Lavendel-Sabine-Seyffert.de-2.jpg 600w, https:\/\/www.sabine-seyffert.de\/blog\/wp-content\/uploads\/2021\/06\/Anh\u00e4nger-Lavendel-Sabine-Seyffert.de-2-225x300.jpg 225w\" sizes=\"auto, (max-width: 600px) 100vw, 600px\" \/><\/a><\/p>\n<p style=\"text-align: justify;\">Ein sommerliches Pendant zu dieser Bastelidee sind <a href=\"https:\/\/www.sabine-seyffert.de\/blog\/?p=12658\" target=\"_blank\" rel=\"noopener noreferrer\">diese Anh\u00e4nger<\/a>, ebenfalls mit Lavendel als Motiv. Und wer von euch noch hilfreiche Tipps zum Basteln mit leeren Milchkartons sucht, wird in <a href=\"https:\/\/www.sabine-seyffert.de\/blog\/?p=14184\" target=\"_blank\" rel=\"noopener noreferrer\">dieser Bastelanleitung<\/a> f\u00fcndig.<\/p>\n<p style=\"text-align: center;\"><a href=\"https:\/\/www.sabine-seyffert.de\/blog\/wp-content\/uploads\/2021\/06\/Anh\u00e4nger-Lavendel-Sabine-Seyffert.de-1.jpg\"><img loading=\"lazy\" decoding=\"async\" class=\"alignnone size-full wp-image-20233\" src=\"https:\/\/www.sabine-seyffert.de\/blog\/wp-content\/uploads\/2021\/06\/Anh\u00e4nger-Lavendel-Sabine-Seyffert.de-1.jpg\" alt=\"\" width=\"600\" height=\"800\" srcset=\"https:\/\/www.sabine-seyffert.de\/blog\/wp-content\/uploads\/2021\/06\/Anh\u00e4nger-Lavendel-Sabine-Seyffert.de-1.jpg 600w, https:\/\/www.sabine-seyffert.de\/blog\/wp-content\/uploads\/2021\/06\/Anh\u00e4nger-Lavendel-Sabine-Seyffert.de-1-225x300.jpg 225w\" sizes=\"auto, (max-width: 600px) 100vw, 600px\" \/><\/a><\/p>\n<p style=\"text-align: justify;\">Weitere Geschenkideen zum Selbermachen findet ihr \u00fcbrigens in <a href=\"https:\/\/www.sabine-seyffert.de\/blog\/?cat=36\" target=\"_blank\" rel=\"noopener noreferrer\">dieser Blog Kategorie<\/a>, kreative Verpackungsideen zu unterschiedlichen Anl\u00e4ssen mit detaillierter Bastelanleitung gibt es in <a href=\"https:\/\/www.sabine-seyffert.de\/blog\/?cat=49\" target=\"_blank\" rel=\"noopener noreferrer\">dieser Rubrik<\/a>, alles rund um die Sommerzeit sind in <a href=\"https:\/\/www.sabine-seyffert.de\/blog\/?cat=24\" target=\"_blank\" rel=\"noopener noreferrer\">diesem Blog Ordner<\/a> und andere kreative Sachen <a href=\"https:\/\/www.pinterest.de\/diysabineseyffert\/\" target=\"_blank\" rel=\"noopener noreferrer\">da<\/a>.<\/p>\n<p style=\"text-align: center;\"><a href=\"https:\/\/www.sabine-seyffert.de\/blog\/wp-content\/uploads\/2021\/06\/Anh\u00e4nger-Lavendel-Sabine-Seyffert.de-3.jpg\"><img loading=\"lazy\" decoding=\"async\" class=\"alignnone size-full wp-image-20232\" src=\"https:\/\/www.sabine-seyffert.de\/blog\/wp-content\/uploads\/2021\/06\/Anh\u00e4nger-Lavendel-Sabine-Seyffert.de-3.jpg\" alt=\"\" width=\"600\" height=\"800\" srcset=\"https:\/\/www.sabine-seyffert.de\/blog\/wp-content\/uploads\/2021\/06\/Anh\u00e4nger-Lavendel-Sabine-Seyffert.de-3.jpg 600w, https:\/\/www.sabine-seyffert.de\/blog\/wp-content\/uploads\/2021\/06\/Anh\u00e4nger-Lavendel-Sabine-Seyffert.de-3-225x300.jpg 225w\" sizes=\"auto, (max-width: 600px) 100vw, 600px\" \/><\/a><\/p>\n<p style=\"text-align: justify;\"><a href=\"https:\/\/www.sabine-seyffert.de\/blog\/?page_id=32#urheberrecht\">urheberrechtlich gesch\u00fctzt<\/a>, \u00a9 Sabine Seyffert<\/p>\n","protected":false},"excerpt":{"rendered":"<p>F\u00fcr ein Geburtstagsgeschenk hatte ich frischen Lavendel gekauft und ihn kurzerhand in einen selbst gemachten Blumentopf aus einer Milchverpackung gesteckt. Allerdings fehlte mir dazu noch ein sch\u00f6ner Geschenkanh\u00e4nger, aus dem ich einen Geburtstagsgru\u00df notieren wollte. Dieser sollte zu dem so herrlich duftenden Lavendel passen. Also habe ich kurzerhand aus Pappe einen sch\u00f6nen Anh\u00e4nger selbst gemacht&#8230;. <a href=\"https:\/\/www.sabine-seyffert.de\/blog\/diy-geschenkidee-dekorative-geschenkanhaenger-mit-lavendel-basteln\/\" class=\"more-link\">Read more: DIY Geschenkidee: Dekorative Geschenkanh\u00e4nger mit Lavendel basteln<\/a><\/p>\n","protected":false},"author":2,"featured_media":0,"comment_status":"open","ping_status":"open","sticky":false,"template":"","format":"standard","meta":{"_metis_text_type":"","_metis_text_length":2777,"_post_count":0,"footnotes":""},"categories":[12,36,49,24,47],"tags":[],"class_list":["post-20230","post","type-post","status-publish","format-standard","hentry","category-deko-ideen","category-klitzekleine-geschenkideen","category-verpackungsideen","category-sommer","category-upcyceltes"],"_links":{"self":[{"href":"https:\/\/www.sabine-seyffert.de\/blog\/wp-json\/wp\/v2\/posts\/20230","targetHints":{"allow":["GET"]}}],"collection":[{"href":"https:\/\/www.sabine-seyffert.de\/blog\/wp-json\/wp\/v2\/posts"}],"about":[{"href":"https:\/\/www.sabine-seyffert.de\/blog\/wp-json\/wp\/v2\/types\/post"}],"author":[{"embeddable":true,"href":"https:\/\/www.sabine-seyffert.de\/blog\/wp-json\/wp\/v2\/users\/2"}],"replies":[{"embeddable":true,"href":"https:\/\/www.sabine-seyffert.de\/blog\/wp-json\/wp\/v2\/comments?post=20230"}],"version-history":[{"count":3,"href":"https:\/\/www.sabine-seyffert.de\/blog\/wp-json\/wp\/v2\/posts\/20230\/revisions"}],"predecessor-version":[{"id":20243,"href":"https:\/\/www.sabine-seyffert.de\/blog\/wp-json\/wp\/v2\/posts\/20230\/revisions\/20243"}],"wp:attachment":[{"href":"https:\/\/www.sabine-seyffert.de\/blog\/wp-json\/wp\/v2\/media?parent=20230"}],"wp:term":[{"taxonomy":"category","embeddable":true,"href":"https:\/\/www.sabine-seyffert.de\/blog\/wp-json\/wp\/v2\/categories?post=20230"},{"taxonomy":"post_tag","embeddable":true,"href":"https:\/\/www.sabine-seyffert.de\/blog\/wp-json\/wp\/v2\/tags?post=20230"}],"curies":[{"name":"wp","href":"https:\/\/api.w.org\/{rel}","templated":true}]}}