{"id":2017,"date":"2013-06-29T07:16:56","date_gmt":"2013-06-29T05:16:56","guid":{"rendered":"http:\/\/www.sabine-seyffert.de\/blog\/?p=2017"},"modified":"2017-03-06T12:59:06","modified_gmt":"2017-03-06T10:59:06","slug":"haiter-bis-wolkig","status":"publish","type":"post","link":"https:\/\/www.sabine-seyffert.de\/blog\/haiter-bis-wolkig\/","title":{"rendered":"\u201eHai\u201cter bis wolkig"},"content":{"rendered":"<p style=\"text-align: center;\"><img loading=\"lazy\" decoding=\"async\" src=\"https:\/\/ssl-vg03.met.vgwort.de\/na\/da6b43bc8aa143c3a424831ceac032a9\" alt=\"\" width=\"1\" height=\"1\" \/><a href=\"http:\/\/www.sabine-seyffert.de\/blog\/wp-content\/uploads\/2013\/06\/Kirmes-Hai-quer-1.jpg\"><img loading=\"lazy\" decoding=\"async\" class=\"alignnone size-full wp-image-2018\" src=\"http:\/\/www.sabine-seyffert.de\/blog\/wp-content\/uploads\/2013\/06\/Kirmes-Hai-quer-1.jpg\" alt=\"Kirmes Hai quer 1\" width=\"800\" height=\"600\" srcset=\"https:\/\/www.sabine-seyffert.de\/blog\/wp-content\/uploads\/2013\/06\/Kirmes-Hai-quer-1.jpg 800w, https:\/\/www.sabine-seyffert.de\/blog\/wp-content\/uploads\/2013\/06\/Kirmes-Hai-quer-1-300x225.jpg 300w\" sizes=\"auto, (max-width: 800px) 100vw, 800px\" \/><\/a><\/p>\n<p style=\"text-align: justify;\">Vor ein paar Wochen war der Himmel im wahrsten Sinne des Wortes Hai-ter bis wolkig. Eine ganz spannende Kombination, vor allem f\u00fcr Kinder. Eine Kirmes lockte bei gutem Wetter.<\/p>\n<p style=\"text-align: center;\"><a href=\"http:\/\/www.sabine-seyffert.de\/blog\/wp-content\/uploads\/2013\/06\/Kirmes-hoch-1.jpg\"><img loading=\"lazy\" decoding=\"async\" class=\"alignnone size-full wp-image-2019\" src=\"http:\/\/www.sabine-seyffert.de\/blog\/wp-content\/uploads\/2013\/06\/Kirmes-hoch-1.jpg\" alt=\"Kirmes hoch 1\" width=\"600\" height=\"800\" srcset=\"https:\/\/www.sabine-seyffert.de\/blog\/wp-content\/uploads\/2013\/06\/Kirmes-hoch-1.jpg 600w, https:\/\/www.sabine-seyffert.de\/blog\/wp-content\/uploads\/2013\/06\/Kirmes-hoch-1-225x300.jpg 225w\" sizes=\"auto, (max-width: 600px) 100vw, 600px\" \/><\/a><\/p>\n<p style=\"text-align: justify;\">Wir selbst sind \u00fcberhaupt keine Kirmes G\u00e4nger, aber unsere j\u00fcngste Tochter war bislang noch nie auf einer solchen gewesen.<\/p>\n<p style=\"text-align: center;\"><a href=\"http:\/\/www.sabine-seyffert.de\/blog\/wp-content\/uploads\/2013\/06\/Kirmes-quer-2.jpg\"><img loading=\"lazy\" decoding=\"async\" class=\"alignnone size-full wp-image-2020\" src=\"http:\/\/www.sabine-seyffert.de\/blog\/wp-content\/uploads\/2013\/06\/Kirmes-quer-2.jpg\" alt=\"Kirmes quer 2\" width=\"800\" height=\"600\" srcset=\"https:\/\/www.sabine-seyffert.de\/blog\/wp-content\/uploads\/2013\/06\/Kirmes-quer-2.jpg 800w, https:\/\/www.sabine-seyffert.de\/blog\/wp-content\/uploads\/2013\/06\/Kirmes-quer-2-300x225.jpg 300w\" sizes=\"auto, (max-width: 800px) 100vw, 800px\" \/><\/a><\/p>\n<p style=\"text-align: justify;\">So machten wir uns zu Fu\u00df auf den Weg. Schon von weitem h\u00f6rte man die Kirmes und konnte einige der Fahrgesch\u00e4fte erblicken. Zumindest diese, sie sich mehr in himmlischen H\u00f6hen als auf dem Boden aufhielten.<\/p>\n<p style=\"text-align: center;\"><a href=\"http:\/\/www.sabine-seyffert.de\/blog\/wp-content\/uploads\/2013\/06\/Kirmes-quer-1.jpg\"><img loading=\"lazy\" decoding=\"async\" class=\"alignnone size-full wp-image-2021\" src=\"http:\/\/www.sabine-seyffert.de\/blog\/wp-content\/uploads\/2013\/06\/Kirmes-quer-1.jpg\" alt=\"Kirmes quer 1\" width=\"800\" height=\"600\" srcset=\"https:\/\/www.sabine-seyffert.de\/blog\/wp-content\/uploads\/2013\/06\/Kirmes-quer-1.jpg 800w, https:\/\/www.sabine-seyffert.de\/blog\/wp-content\/uploads\/2013\/06\/Kirmes-quer-1-300x225.jpg 300w\" sizes=\"auto, (max-width: 800px) 100vw, 800px\" \/><\/a><\/p>\n<p style=\"text-align: justify;\">Die kindliche Neugier blitzte aus den Tochteraugen und jener wunderbare Glanz, den gl\u00fcckliche Kinderaugen bei Freude eben so ausstrahlen.<\/p>\n<p style=\"text-align: center;\"><a href=\"http:\/\/www.sabine-seyffert.de\/blog\/wp-content\/uploads\/2013\/06\/Kirmes-hoch-3.jpg\"><img loading=\"lazy\" decoding=\"async\" class=\"alignnone size-full wp-image-2022\" src=\"http:\/\/www.sabine-seyffert.de\/blog\/wp-content\/uploads\/2013\/06\/Kirmes-hoch-3.jpg\" alt=\"Kirmes hoch 3\" width=\"600\" height=\"800\" srcset=\"https:\/\/www.sabine-seyffert.de\/blog\/wp-content\/uploads\/2013\/06\/Kirmes-hoch-3.jpg 600w, https:\/\/www.sabine-seyffert.de\/blog\/wp-content\/uploads\/2013\/06\/Kirmes-hoch-3-225x300.jpg 225w\" sizes=\"auto, (max-width: 600px) 100vw, 600px\" \/><\/a><\/p>\n<p style=\"text-align: justify;\">Auf der Kirmes angekommen, weiteres gro\u00dfes Staunen. Gl\u00fccklicherweise ist unsere J\u00fcngste recht leicht zufrieden zustellen oder es liegt daran, dass sie die Gene ihrer Eltern in sich tr\u00e4gt.<\/p>\n<p style=\"text-align: center;\"><a href=\"http:\/\/www.sabine-seyffert.de\/blog\/wp-content\/uploads\/2013\/06\/Kirmes-hoch-5.jpg\"><img loading=\"lazy\" decoding=\"async\" class=\"alignnone size-full wp-image-2023\" src=\"http:\/\/www.sabine-seyffert.de\/blog\/wp-content\/uploads\/2013\/06\/Kirmes-hoch-5.jpg\" alt=\"Kirmes hoch 5\" width=\"600\" height=\"800\" srcset=\"https:\/\/www.sabine-seyffert.de\/blog\/wp-content\/uploads\/2013\/06\/Kirmes-hoch-5.jpg 600w, https:\/\/www.sabine-seyffert.de\/blog\/wp-content\/uploads\/2013\/06\/Kirmes-hoch-5-225x300.jpg 225w\" sizes=\"auto, (max-width: 600px) 100vw, 600px\" \/><\/a><\/p>\n<p style=\"text-align: justify;\">Der sichere Stand auf dem Boden und der Blick nach oben reichten ihr v\u00f6llig aus. Mir dagegen verschlug es fast die Sprache. Ger\u00e4tschaften, die dem Himmel derart nah sind und sich mit rasantem Tempo in alle Himmelsrichtungen drehen, die sind mir einfach nicht geheuer. Von weitem ja, aber selbst aus n\u00e4chster N\u00e4he betrachtet, kommen in mir heimlich, aber leider un\u00fcberh\u00f6rbar, Fragen der Sicherheit auf\u2026<\/p>\n<p style=\"text-align: center;\"><a href=\"http:\/\/www.sabine-seyffert.de\/blog\/wp-content\/uploads\/2013\/06\/Kirmes-hoch-6.jpg\"><img loading=\"lazy\" decoding=\"async\" class=\"alignnone size-full wp-image-2024\" src=\"http:\/\/www.sabine-seyffert.de\/blog\/wp-content\/uploads\/2013\/06\/Kirmes-hoch-6.jpg\" alt=\"Kirmes hoch 6\" width=\"600\" height=\"800\" srcset=\"https:\/\/www.sabine-seyffert.de\/blog\/wp-content\/uploads\/2013\/06\/Kirmes-hoch-6.jpg 600w, https:\/\/www.sabine-seyffert.de\/blog\/wp-content\/uploads\/2013\/06\/Kirmes-hoch-6-225x300.jpg 225w\" sizes=\"auto, (max-width: 600px) 100vw, 600px\" \/><\/a><\/p>\n<p style=\"text-align: justify;\">Wie gut, dass es auf der Kirmes auch weniger turbulente Ger\u00e4te gibt, mit deutlich gem\u00e4\u00dfigtem Tempo und vor allem weniger H\u00f6he.<\/p>\n<p style=\"text-align: center;\"><a href=\"http:\/\/www.sabine-seyffert.de\/blog\/wp-content\/uploads\/2013\/06\/Kirmes-hoch-4-Wolkenfischer.jpg\"><img loading=\"lazy\" decoding=\"async\" class=\"alignnone size-full wp-image-2025\" src=\"http:\/\/www.sabine-seyffert.de\/blog\/wp-content\/uploads\/2013\/06\/Kirmes-hoch-4-Wolkenfischer.jpg\" alt=\"Kirmes hoch 4 Wolkenfischer\" width=\"600\" height=\"676\" srcset=\"https:\/\/www.sabine-seyffert.de\/blog\/wp-content\/uploads\/2013\/06\/Kirmes-hoch-4-Wolkenfischer.jpg 600w, https:\/\/www.sabine-seyffert.de\/blog\/wp-content\/uploads\/2013\/06\/Kirmes-hoch-4-Wolkenfischer-266x300.jpg 266w\" sizes=\"auto, (max-width: 600px) 100vw, 600px\" \/><\/a><\/p>\n<p style=\"text-align: justify;\">Besonders wurden von meiner Tochter immer wieder Kirmesbesucher bewundert, die stolze Besitzer von Zuckerwatte waren. Auf diese konnten wir uns gerne einlassen. Jedoch rieten wir, zu der allerkleinsten Portion, die zum Probieren ausreichen sollte.<\/p>\n<p style=\"text-align: justify;\">Die Probierportion entpuppte sich, zur Freude unserer Tochter, als riesen Portion. Herrlich dieser aufget\u00fcrmte, rosa Zuckerberg \u2013 bis zum ersten Biss. Es wurde ein zweites und drittes Mal probiert, mit demselben Gesichtsausdruck als Ergebnis. Wie gut das es \u201enur\u201c die kleinste Portion war!<\/p>\n<p style=\"text-align: center;\"><a href=\"http:\/\/www.sabine-seyffert.de\/blog\/wp-content\/uploads\/2013\/06\/Kirmes-quer-8-Zuckerwatte.jpg\"><img loading=\"lazy\" decoding=\"async\" class=\"alignnone size-full wp-image-2026\" src=\"http:\/\/www.sabine-seyffert.de\/blog\/wp-content\/uploads\/2013\/06\/Kirmes-quer-8-Zuckerwatte.jpg\" alt=\"Kirmes quer 8 Zuckerwatte\" width=\"800\" height=\"600\" srcset=\"https:\/\/www.sabine-seyffert.de\/blog\/wp-content\/uploads\/2013\/06\/Kirmes-quer-8-Zuckerwatte.jpg 800w, https:\/\/www.sabine-seyffert.de\/blog\/wp-content\/uploads\/2013\/06\/Kirmes-quer-8-Zuckerwatte-300x225.jpg 300w\" sizes=\"auto, (max-width: 800px) 100vw, 800px\" \/><\/a><\/p>\n<p style=\"text-align: justify;\">Sp\u00e4ter beim Abendbrot stellte meine Tochter ihren Schwestern die Frage: \u201eHabt ihr eigentlich schon mal Zuckerwatte probiert\u2026?\u201c<br \/>\nPause.<br \/>\nUnd dann: \u201eSchmeckt einfach schrecklich \u2013 wie Sp\u00fcli, dass nach Erdbeeren riecht!\u201c<\/p>\n<p style=\"text-align: center;\"><a href=\"http:\/\/www.sabine-seyffert.de\/blog\/wp-content\/uploads\/2013\/06\/Kirmes-hoch-3-Zuckerwattte.jpg\"><img loading=\"lazy\" decoding=\"async\" class=\"alignnone size-full wp-image-2027\" src=\"http:\/\/www.sabine-seyffert.de\/blog\/wp-content\/uploads\/2013\/06\/Kirmes-hoch-3-Zuckerwattte.jpg\" alt=\"Kirmes hoch 3 Zuckerwattte\" width=\"600\" height=\"747\" srcset=\"https:\/\/www.sabine-seyffert.de\/blog\/wp-content\/uploads\/2013\/06\/Kirmes-hoch-3-Zuckerwattte.jpg 600w, https:\/\/www.sabine-seyffert.de\/blog\/wp-content\/uploads\/2013\/06\/Kirmes-hoch-3-Zuckerwattte-240x300.jpg 240w\" sizes=\"auto, (max-width: 600px) 100vw, 600px\" \/><\/a><\/p>\n<p style=\"text-align: justify;\">Den Hai-teren Himmel, samt Wolkenangler &amp; Co. schicke ich in <a href=\"http:\/\/dieraumfee.blogspot.de\/2013\/06\/in-heaven-no-72-la-nuit.html\" target=\"_blank\">Katjas<\/a> himmlische Sammlung! Ich w\u00fcnsche allen ein hoffentlich regenfreies, tolles Wochenende&#8230;<br \/>\n<a href=\"http:\/\/www.sabine-seyffert.de\/blog\/?page_id=32#urheberrecht\">urherrechtlich gesch\u00fctzt<\/a>, \u00a9 Sabine Seyffert<\/p>\n<p style=\"text-align: justify;\">\n","protected":false},"excerpt":{"rendered":"<p>Vor ein paar Wochen war der Himmel im wahrsten Sinne des Wortes Hai-ter bis wolkig. Eine ganz spannende Kombination, vor allem f\u00fcr Kinder. Eine Kirmes lockte bei gutem Wetter. Wir selbst sind \u00fcberhaupt keine Kirmes G\u00e4nger, aber unsere j\u00fcngste Tochter war bislang noch nie auf einer solchen gewesen. So machten wir uns zu Fu\u00df auf&#8230; <a href=\"https:\/\/www.sabine-seyffert.de\/blog\/haiter-bis-wolkig\/\" class=\"more-link\">Read more: \u201eHai\u201cter bis wolkig<\/a><\/p>\n","protected":false},"author":2,"featured_media":0,"comment_status":"open","ping_status":"open","sticky":false,"template":"","format":"standard","meta":{"_metis_text_type":"","_metis_text_length":2322,"_post_count":0,"footnotes":""},"categories":[37],"tags":[],"class_list":["post-2017","post","type-post","status-publish","format-standard","hentry","category-himmlisches"],"_links":{"self":[{"href":"https:\/\/www.sabine-seyffert.de\/blog\/wp-json\/wp\/v2\/posts\/2017","targetHints":{"allow":["GET"]}}],"collection":[{"href":"https:\/\/www.sabine-seyffert.de\/blog\/wp-json\/wp\/v2\/posts"}],"about":[{"href":"https:\/\/www.sabine-seyffert.de\/blog\/wp-json\/wp\/v2\/types\/post"}],"author":[{"embeddable":true,"href":"https:\/\/www.sabine-seyffert.de\/blog\/wp-json\/wp\/v2\/users\/2"}],"replies":[{"embeddable":true,"href":"https:\/\/www.sabine-seyffert.de\/blog\/wp-json\/wp\/v2\/comments?post=2017"}],"version-history":[{"count":14,"href":"https:\/\/www.sabine-seyffert.de\/blog\/wp-json\/wp\/v2\/posts\/2017\/revisions"}],"predecessor-version":[{"id":9842,"href":"https:\/\/www.sabine-seyffert.de\/blog\/wp-json\/wp\/v2\/posts\/2017\/revisions\/9842"}],"wp:attachment":[{"href":"https:\/\/www.sabine-seyffert.de\/blog\/wp-json\/wp\/v2\/media?parent=2017"}],"wp:term":[{"taxonomy":"category","embeddable":true,"href":"https:\/\/www.sabine-seyffert.de\/blog\/wp-json\/wp\/v2\/categories?post=2017"},{"taxonomy":"post_tag","embeddable":true,"href":"https:\/\/www.sabine-seyffert.de\/blog\/wp-json\/wp\/v2\/tags?post=2017"}],"curies":[{"name":"wp","href":"https:\/\/api.w.org\/{rel}","templated":true}]}}