{"id":20167,"date":"2021-06-12T06:00:29","date_gmt":"2021-06-12T04:00:29","guid":{"rendered":"https:\/\/www.sabine-seyffert.de\/blog\/?p=20167"},"modified":"2022-09-02T11:38:39","modified_gmt":"2022-09-02T09:38:39","slug":"kreative-bastelidee-fuer-kinder-schafe-stempeln-bastelspass-mit-korken-wellpappe","status":"publish","type":"post","link":"https:\/\/www.sabine-seyffert.de\/blog\/kreative-bastelidee-fuer-kinder-schafe-stempeln-bastelspass-mit-korken-wellpappe\/","title":{"rendered":"Kreative Bastelidee f\u00fcr Kinder: Schafe stempeln \u2013 Bastelspa\u00df mit Korken &#038; Wellpappe"},"content":{"rendered":"<p style=\"text-align: justify;\"><img loading=\"lazy\" decoding=\"async\" src=\"https:\/\/vg06.met.vgwort.de\/na\/cb31b01781584783836d5f4a4e4a4214\" alt=\"\" width=\"1\" height=\"1\" \/>Auf dem Bauernhof tummeln sich nicht nur <a href=\"https:\/\/www.sabine-seyffert.de\/blog\/?p=20103\" target=\"_blank\" rel=\"noopener noreferrer\">Schweine<\/a>, <a href=\"https:\/\/www.sabine-seyffert.de\/blog\/?p=20119\" target=\"_blank\" rel=\"noopener noreferrer\">Katzen<\/a>, <a href=\"https:\/\/www.sabine-seyffert.de\/blog\/?p=19244\" target=\"_blank\" rel=\"noopener noreferrer\">Hahn<\/a>, <a href=\"https:\/\/www.sabine-seyffert.de\/blog\/?p=19140\" target=\"_blank\" rel=\"noopener noreferrer\">H\u00fchner<\/a>, Kuh, <a href=\"https:\/\/www.sabine-seyffert.de\/blog\/?p=19125\" target=\"_blank\" rel=\"noopener noreferrer\">K\u00fcken<\/a>, <a href=\"https:\/\/www.sabine-seyffert.de\/blog\/?p=18805\" target=\"_blank\" rel=\"noopener noreferrer\">Pferde<\/a> und <a href=\"https:\/\/www.sabine-seyffert.de\/blog\/?p=18805\" target=\"_blank\" rel=\"noopener noreferrer\">Gans<\/a>, sondern oftmals auch Sch\u00e4fchen. Nachdem die selbst gemachten <a href=\"https:\/\/www.sabine-seyffert.de\/blog\/?p=19655\" target=\"_blank\" rel=\"noopener noreferrer\">Upcycling Schafe<\/a> mit dem Fell aus Wolle bei euch so gut ankamen, gibt es heute ein tolles Pendant. Diese Sch\u00e4fchen sind blitzschnell gestempelt und eine tolle Idee f\u00fcr j\u00fcngere Kinder im Kindergartenalter. An Bastelmaterial ben\u00f6tigt man au\u00dfer der Bastelfarbe nichts, was gekauft werden muss. Habt Ihr Lust mitzumachen?<\/p>\n<p style=\"text-align: center;\"><a href=\"https:\/\/www.sabine-seyffert.de\/blog\/wp-content\/uploads\/2021\/06\/Korken-Stempel-Schaf-Sabine-Seyffert.de-3.jpg\"><img loading=\"lazy\" decoding=\"async\" class=\"alignnone size-full wp-image-20168\" src=\"https:\/\/www.sabine-seyffert.de\/blog\/wp-content\/uploads\/2021\/06\/Korken-Stempel-Schaf-Sabine-Seyffert.de-3.jpg\" alt=\"\" width=\"800\" height=\"600\" srcset=\"https:\/\/www.sabine-seyffert.de\/blog\/wp-content\/uploads\/2021\/06\/Korken-Stempel-Schaf-Sabine-Seyffert.de-3.jpg 800w, https:\/\/www.sabine-seyffert.de\/blog\/wp-content\/uploads\/2021\/06\/Korken-Stempel-Schaf-Sabine-Seyffert.de-3-300x225.jpg 300w, https:\/\/www.sabine-seyffert.de\/blog\/wp-content\/uploads\/2021\/06\/Korken-Stempel-Schaf-Sabine-Seyffert.de-3-768x576.jpg 768w\" sizes=\"auto, (max-width: 800px) 100vw, 800px\" \/><\/a><\/p>\n<p style=\"text-align: justify;\"><strong>Das wird gebraucht:<\/strong><br \/>\nPappe \/ Karton, eine Bastelschere, Bastelkleber \/ Klebestift, ein Sektkorken, ein Weinkorken, ein Wattest\u00e4bchen (oder Streichholz), Bastelfarbe in Wei\u00df, Hautfarben &amp; braun, eine alte Tageszeitung, Pinsel, Wasserfarbkasten, eine Malunterlage und <a href=\"https:\/\/www.sabine-seyffert.de\/blog\/?p=12310\" target=\"_blank\" rel=\"noopener noreferrer\">Bastelkittel<\/a><\/p>\n<p style=\"text-align: center;\"><a href=\"https:\/\/www.sabine-seyffert.de\/blog\/wp-content\/uploads\/2021\/06\/Korken-Stempel-Schaf-Sabine-Seyffert.de_.jpg\"><img loading=\"lazy\" decoding=\"async\" class=\"alignnone size-full wp-image-20169\" src=\"https:\/\/www.sabine-seyffert.de\/blog\/wp-content\/uploads\/2021\/06\/Korken-Stempel-Schaf-Sabine-Seyffert.de_.jpg\" alt=\"\" width=\"800\" height=\"600\" srcset=\"https:\/\/www.sabine-seyffert.de\/blog\/wp-content\/uploads\/2021\/06\/Korken-Stempel-Schaf-Sabine-Seyffert.de_.jpg 800w, https:\/\/www.sabine-seyffert.de\/blog\/wp-content\/uploads\/2021\/06\/Korken-Stempel-Schaf-Sabine-Seyffert.de_-300x225.jpg 300w, https:\/\/www.sabine-seyffert.de\/blog\/wp-content\/uploads\/2021\/06\/Korken-Stempel-Schaf-Sabine-Seyffert.de_-768x576.jpg 768w\" sizes=\"auto, (max-width: 800px) 100vw, 800px\" \/><\/a><\/p>\n<p style=\"text-align: justify;\"><strong>So wird\u2019s gemacht:<\/strong><br \/>\nWenn ihr den Tisch abgedeckt und den Malkittel angezogen habt, k\u00f6nnt ihr loslegen. Dazu schneidet euch aus einer leeren Kartonage ein St\u00fcck Pappe.<\/p>\n<p style=\"text-align: center;\"><a href=\"https:\/\/www.sabine-seyffert.de\/blog\/wp-content\/uploads\/2021\/06\/Korken-Stempel-Schaf-Sabine-Seyffert.de-11.jpg\"><img loading=\"lazy\" decoding=\"async\" class=\"alignnone size-full wp-image-20174\" src=\"https:\/\/www.sabine-seyffert.de\/blog\/wp-content\/uploads\/2021\/06\/Korken-Stempel-Schaf-Sabine-Seyffert.de-11.jpg\" alt=\"\" width=\"800\" height=\"600\" srcset=\"https:\/\/www.sabine-seyffert.de\/blog\/wp-content\/uploads\/2021\/06\/Korken-Stempel-Schaf-Sabine-Seyffert.de-11.jpg 800w, https:\/\/www.sabine-seyffert.de\/blog\/wp-content\/uploads\/2021\/06\/Korken-Stempel-Schaf-Sabine-Seyffert.de-11-300x225.jpg 300w, https:\/\/www.sabine-seyffert.de\/blog\/wp-content\/uploads\/2021\/06\/Korken-Stempel-Schaf-Sabine-Seyffert.de-11-768x576.jpg 768w\" sizes=\"auto, (max-width: 800px) 100vw, 800px\" \/><\/a><\/p>\n<p style=\"text-align: justify;\">Bestreicht den Sektkorken unten d\u00fcnn mit wei\u00dfer Farbe und druckt ein paar Kreise auf den Karton. F\u00fcr den Kopf der Schafe macht man dasselbe mit dem Weinkorken, nur in Hautfarben.<\/p>\n<p style=\"text-align: center;\"><a href=\"https:\/\/www.sabine-seyffert.de\/blog\/wp-content\/uploads\/2021\/06\/Korken-Stempel-Schaf-Sabine-Seyffert.de-9.jpg\"><img loading=\"lazy\" decoding=\"async\" class=\"alignnone size-full wp-image-20175\" src=\"https:\/\/www.sabine-seyffert.de\/blog\/wp-content\/uploads\/2021\/06\/Korken-Stempel-Schaf-Sabine-Seyffert.de-9.jpg\" alt=\"\" width=\"800\" height=\"600\" srcset=\"https:\/\/www.sabine-seyffert.de\/blog\/wp-content\/uploads\/2021\/06\/Korken-Stempel-Schaf-Sabine-Seyffert.de-9.jpg 800w, https:\/\/www.sabine-seyffert.de\/blog\/wp-content\/uploads\/2021\/06\/Korken-Stempel-Schaf-Sabine-Seyffert.de-9-300x225.jpg 300w, https:\/\/www.sabine-seyffert.de\/blog\/wp-content\/uploads\/2021\/06\/Korken-Stempel-Schaf-Sabine-Seyffert.de-9-768x576.jpg 768w\" sizes=\"auto, (max-width: 800px) 100vw, 800px\" \/><\/a><\/p>\n<p style=\"text-align: justify;\">F\u00fcr das gelockte Fell am Kopf tunkt man ein Wattest\u00e4bchen (das verwende ich immer wieder, weil ich es zum Basteln regelm\u00e4\u00dfig einsetze) in wei\u00dfe Farbe. Ebenso gut klappt dies mit einem Streichholz.<\/p>\n<p style=\"text-align: center;\"><a href=\"https:\/\/www.sabine-seyffert.de\/blog\/wp-content\/uploads\/2021\/06\/Korken-Stempel-Schaf-Sabine-Seyffert.de-8.jpg\"><img loading=\"lazy\" decoding=\"async\" class=\"alignnone size-full wp-image-20176\" src=\"https:\/\/www.sabine-seyffert.de\/blog\/wp-content\/uploads\/2021\/06\/Korken-Stempel-Schaf-Sabine-Seyffert.de-8.jpg\" alt=\"\" width=\"800\" height=\"600\" srcset=\"https:\/\/www.sabine-seyffert.de\/blog\/wp-content\/uploads\/2021\/06\/Korken-Stempel-Schaf-Sabine-Seyffert.de-8.jpg 800w, https:\/\/www.sabine-seyffert.de\/blog\/wp-content\/uploads\/2021\/06\/Korken-Stempel-Schaf-Sabine-Seyffert.de-8-300x225.jpg 300w, https:\/\/www.sabine-seyffert.de\/blog\/wp-content\/uploads\/2021\/06\/Korken-Stempel-Schaf-Sabine-Seyffert.de-8-768x576.jpg 768w\" sizes=\"auto, (max-width: 800px) 100vw, 800px\" \/><\/a><\/p>\n<p style=\"text-align: justify;\">Die Ohren malt man mit einem Stift oder d\u00fcnnen Pinsel. Und die Beine sind aus selbst gemachter Wellpappe geschnitten.<\/p>\n<p style=\"text-align: center;\"><a href=\"https:\/\/www.sabine-seyffert.de\/blog\/wp-content\/uploads\/2021\/06\/Korken-Stempel-Schaf-Sabine-Seyffert.de-7.jpg\"><img loading=\"lazy\" decoding=\"async\" class=\"alignnone size-full wp-image-20177\" src=\"https:\/\/www.sabine-seyffert.de\/blog\/wp-content\/uploads\/2021\/06\/Korken-Stempel-Schaf-Sabine-Seyffert.de-7.jpg\" alt=\"\" width=\"800\" height=\"600\" srcset=\"https:\/\/www.sabine-seyffert.de\/blog\/wp-content\/uploads\/2021\/06\/Korken-Stempel-Schaf-Sabine-Seyffert.de-7.jpg 800w, https:\/\/www.sabine-seyffert.de\/blog\/wp-content\/uploads\/2021\/06\/Korken-Stempel-Schaf-Sabine-Seyffert.de-7-300x225.jpg 300w, https:\/\/www.sabine-seyffert.de\/blog\/wp-content\/uploads\/2021\/06\/Korken-Stempel-Schaf-Sabine-Seyffert.de-7-768x576.jpg 768w\" sizes=\"auto, (max-width: 800px) 100vw, 800px\" \/><\/a><\/p>\n<p style=\"text-align: justify;\">Diese k\u00f6nnt ihr euch nach <a href=\"https:\/\/www.sabine-seyffert.de\/blog\/?p=19655\" target=\"_blank\" rel=\"noopener noreferrer\">dieser Bastelanleitung<\/a> ganz schnell und leicht herstellen. Zum Schlu\u00df noch freundliche Gesichter aufmalen und fertig!<\/p>\n<p style=\"text-align: center;\"><a href=\"https:\/\/www.sabine-seyffert.de\/blog\/wp-content\/uploads\/2021\/06\/Korken-Stempel-Schaf-Sabine-Seyffert.de-6.jpg\"><img loading=\"lazy\" decoding=\"async\" class=\"alignnone size-full wp-image-20178\" src=\"https:\/\/www.sabine-seyffert.de\/blog\/wp-content\/uploads\/2021\/06\/Korken-Stempel-Schaf-Sabine-Seyffert.de-6.jpg\" alt=\"\" width=\"800\" height=\"600\" srcset=\"https:\/\/www.sabine-seyffert.de\/blog\/wp-content\/uploads\/2021\/06\/Korken-Stempel-Schaf-Sabine-Seyffert.de-6.jpg 800w, https:\/\/www.sabine-seyffert.de\/blog\/wp-content\/uploads\/2021\/06\/Korken-Stempel-Schaf-Sabine-Seyffert.de-6-300x225.jpg 300w, https:\/\/www.sabine-seyffert.de\/blog\/wp-content\/uploads\/2021\/06\/Korken-Stempel-Schaf-Sabine-Seyffert.de-6-768x576.jpg 768w\" sizes=\"auto, (max-width: 800px) 100vw, 800px\" \/><\/a><\/p>\n<p style=\"text-align: justify;\">Wer Lust hat, kann aus <a href=\"https:\/\/www.sabine-seyffert.de\/blog\/?p=13917\" target=\"_blank\" rel=\"noopener noreferrer\">selbst gemachtem Bastelpapier<\/a> noch kleine Grasb\u00fcschel f\u00fcr die Wiese schneiden und aufkleben.<\/p>\n<p style=\"text-align: center;\"><a href=\"https:\/\/www.sabine-seyffert.de\/blog\/wp-content\/uploads\/2021\/06\/Korken-Stempel-Schaf-Sabine-Seyffert.de-5.jpg\"><img loading=\"lazy\" decoding=\"async\" class=\"alignnone size-full wp-image-20173\" src=\"https:\/\/www.sabine-seyffert.de\/blog\/wp-content\/uploads\/2021\/06\/Korken-Stempel-Schaf-Sabine-Seyffert.de-5.jpg\" alt=\"\" width=\"800\" height=\"600\" srcset=\"https:\/\/www.sabine-seyffert.de\/blog\/wp-content\/uploads\/2021\/06\/Korken-Stempel-Schaf-Sabine-Seyffert.de-5.jpg 800w, https:\/\/www.sabine-seyffert.de\/blog\/wp-content\/uploads\/2021\/06\/Korken-Stempel-Schaf-Sabine-Seyffert.de-5-300x225.jpg 300w, https:\/\/www.sabine-seyffert.de\/blog\/wp-content\/uploads\/2021\/06\/Korken-Stempel-Schaf-Sabine-Seyffert.de-5-768x576.jpg 768w\" sizes=\"auto, (max-width: 800px) 100vw, 800px\" \/><\/a><\/p>\n<p style=\"text-align: justify;\"><strong>Ein kleiner Tipp:<\/strong><br \/>\nAuf diese Weise k\u00f6nnte ihr \u00fcbrigens prima Packpapier bestempelt und dieses im Anschlu\u00df als selbst gemachtes Geschenkpapier nutzen. Ebenso gut lassen sich mit den Schafen Postkarten basteln und im Anschlu\u00df verschicken. Vielleicht feiert ihr ja sogar einen <a href=\"https:\/\/www.sabine-seyffert.de\/blog\/?cat=21\" target=\"_blank\" rel=\"noopener noreferrer\">Kindergeburtstag<\/a> zum Motto Bauernhof? Dann kann man damit auch Einladungskarten selbermachen.<\/p>\n<p style=\"text-align: center;\"><a href=\"https:\/\/www.sabine-seyffert.de\/blog\/wp-content\/uploads\/2021\/06\/Korken-Stempel-Schaf-Sabine-Seyffert.de-4.jpg\"><img loading=\"lazy\" decoding=\"async\" class=\"alignnone size-full wp-image-20172\" src=\"https:\/\/www.sabine-seyffert.de\/blog\/wp-content\/uploads\/2021\/06\/Korken-Stempel-Schaf-Sabine-Seyffert.de-4.jpg\" alt=\"\" width=\"800\" height=\"600\" srcset=\"https:\/\/www.sabine-seyffert.de\/blog\/wp-content\/uploads\/2021\/06\/Korken-Stempel-Schaf-Sabine-Seyffert.de-4.jpg 800w, https:\/\/www.sabine-seyffert.de\/blog\/wp-content\/uploads\/2021\/06\/Korken-Stempel-Schaf-Sabine-Seyffert.de-4-300x225.jpg 300w, https:\/\/www.sabine-seyffert.de\/blog\/wp-content\/uploads\/2021\/06\/Korken-Stempel-Schaf-Sabine-Seyffert.de-4-768x576.jpg 768w\" sizes=\"auto, (max-width: 800px) 100vw, 800px\" \/><\/a><\/p>\n<p style=\"text-align: justify;\">Weitere Bauernhoftiere findet ihr derzeit auch bei der <a href=\"https:\/\/www.instagram.com\/diy_sabine_seyffert\/\" target=\"_blank\" rel=\"noopener noreferrer\">#DIYchallengederwoche<\/a>.<\/p>\n<p style=\"text-align: center;\"><a href=\"https:\/\/www.sabine-seyffert.de\/blog\/wp-content\/uploads\/2021\/06\/Korken-Stempel-Schaf-Sabine-Seyffert.de-1.jpg\"><img loading=\"lazy\" decoding=\"async\" class=\"alignnone size-full wp-image-20171\" src=\"https:\/\/www.sabine-seyffert.de\/blog\/wp-content\/uploads\/2021\/06\/Korken-Stempel-Schaf-Sabine-Seyffert.de-1.jpg\" alt=\"\" width=\"600\" height=\"800\" srcset=\"https:\/\/www.sabine-seyffert.de\/blog\/wp-content\/uploads\/2021\/06\/Korken-Stempel-Schaf-Sabine-Seyffert.de-1.jpg 600w, https:\/\/www.sabine-seyffert.de\/blog\/wp-content\/uploads\/2021\/06\/Korken-Stempel-Schaf-Sabine-Seyffert.de-1-225x300.jpg 225w\" sizes=\"auto, (max-width: 600px) 100vw, 600px\" \/><\/a><\/p>\n<p style=\"text-align: justify;\">Weitere tolle Do-it-Yourself Bastelideen f\u00fcr Kinder findet ihr \u00fcbrigens in <a href=\"https:\/\/www.sabine-seyffert.de\/blog\/?cat=32\" target=\"_blank\" rel=\"noopener noreferrer\">dieser Blog Kategorie<\/a>, alles zum Thema Upcycling mit detaillierter Bastelanleitung gibt es in <a href=\"https:\/\/www.sabine-seyffert.de\/blog\/?cat=47\" target=\"_blank\" rel=\"noopener noreferrer\">dieser Rubrik<\/a>, alles rund um die Sommerzeit sind in <a href=\"https:\/\/www.sabine-seyffert.de\/blog\/?cat=24\" target=\"_blank\" rel=\"noopener noreferrer\">diesem Blog Ordner<\/a> oder <a href=\"https:\/\/www.pinterest.de\/diysabineseyffert\/\" target=\"_blank\" rel=\"noopener noreferrer\">meinen Pinnw\u00e4nden<\/a> und andere kreative Sachen auch an dieser Stelle.<\/p>\n<p style=\"text-align: center;\"><a href=\"https:\/\/www.sabine-seyffert.de\/blog\/wp-content\/uploads\/2021\/06\/Korken-Stempel-Schaf-Sabine-Seyffert.de-2.jpg\"><img loading=\"lazy\" decoding=\"async\" class=\"alignnone size-full wp-image-20170\" src=\"https:\/\/www.sabine-seyffert.de\/blog\/wp-content\/uploads\/2021\/06\/Korken-Stempel-Schaf-Sabine-Seyffert.de-2.jpg\" alt=\"\" width=\"600\" height=\"800\" srcset=\"https:\/\/www.sabine-seyffert.de\/blog\/wp-content\/uploads\/2021\/06\/Korken-Stempel-Schaf-Sabine-Seyffert.de-2.jpg 600w, https:\/\/www.sabine-seyffert.de\/blog\/wp-content\/uploads\/2021\/06\/Korken-Stempel-Schaf-Sabine-Seyffert.de-2-225x300.jpg 225w\" sizes=\"auto, (max-width: 600px) 100vw, 600px\" \/><\/a><\/p>\n<p style=\"text-align: justify;\"><a href=\"https:\/\/www.sabine-seyffert.de\/blog\/?page_id=32#urheberrecht\">urheberrechtlich gesch\u00fctzt<\/a>, \u00a9 Sabine Seyffert<\/p>\n","protected":false},"excerpt":{"rendered":"<p>Auf dem Bauernhof tummeln sich nicht nur Schweine, Katzen, Hahn, H\u00fchner, Kuh, K\u00fcken, Pferde und Gans, sondern oftmals auch Sch\u00e4fchen. Nachdem die selbst gemachten Upcycling Schafe mit dem Fell aus Wolle bei euch so gut ankamen, gibt es heute ein tolles Pendant. Diese Sch\u00e4fchen sind blitzschnell gestempelt und eine tolle Idee f\u00fcr j\u00fcngere Kinder im&#8230; <a href=\"https:\/\/www.sabine-seyffert.de\/blog\/kreative-bastelidee-fuer-kinder-schafe-stempeln-bastelspass-mit-korken-wellpappe\/\" class=\"more-link\">Read more: Kreative Bastelidee f\u00fcr Kinder: Schafe stempeln \u2013 Bastelspa\u00df mit Korken &#038; Wellpappe<\/a><\/p>\n","protected":false},"author":2,"featured_media":0,"comment_status":"open","ping_status":"open","sticky":false,"template":"","format":"standard","meta":{"_metis_text_type":"","_metis_text_length":2486,"_post_count":0,"footnotes":""},"categories":[32,24,47],"tags":[],"class_list":["post-20167","post","type-post","status-publish","format-standard","hentry","category-kreatives-fur-kleine-kinderhande","category-sommer","category-upcyceltes"],"_links":{"self":[{"href":"https:\/\/www.sabine-seyffert.de\/blog\/wp-json\/wp\/v2\/posts\/20167","targetHints":{"allow":["GET"]}}],"collection":[{"href":"https:\/\/www.sabine-seyffert.de\/blog\/wp-json\/wp\/v2\/posts"}],"about":[{"href":"https:\/\/www.sabine-seyffert.de\/blog\/wp-json\/wp\/v2\/types\/post"}],"author":[{"embeddable":true,"href":"https:\/\/www.sabine-seyffert.de\/blog\/wp-json\/wp\/v2\/users\/2"}],"replies":[{"embeddable":true,"href":"https:\/\/www.sabine-seyffert.de\/blog\/wp-json\/wp\/v2\/comments?post=20167"}],"version-history":[{"count":4,"href":"https:\/\/www.sabine-seyffert.de\/blog\/wp-json\/wp\/v2\/posts\/20167\/revisions"}],"predecessor-version":[{"id":23949,"href":"https:\/\/www.sabine-seyffert.de\/blog\/wp-json\/wp\/v2\/posts\/20167\/revisions\/23949"}],"wp:attachment":[{"href":"https:\/\/www.sabine-seyffert.de\/blog\/wp-json\/wp\/v2\/media?parent=20167"}],"wp:term":[{"taxonomy":"category","embeddable":true,"href":"https:\/\/www.sabine-seyffert.de\/blog\/wp-json\/wp\/v2\/categories?post=20167"},{"taxonomy":"post_tag","embeddable":true,"href":"https:\/\/www.sabine-seyffert.de\/blog\/wp-json\/wp\/v2\/tags?post=20167"}],"curies":[{"name":"wp","href":"https:\/\/api.w.org\/{rel}","templated":true}]}}