{"id":20057,"date":"2021-06-03T06:00:53","date_gmt":"2021-06-03T04:00:53","guid":{"rendered":"https:\/\/www.sabine-seyffert.de\/blog\/?p=20057"},"modified":"2021-06-02T18:29:14","modified_gmt":"2021-06-02T16:29:14","slug":"bastelidee-fuer-kinder-upcycling-qualle-aus-atlas-kronkorken-kaeseschachtel-basteln","status":"publish","type":"post","link":"https:\/\/www.sabine-seyffert.de\/blog\/bastelidee-fuer-kinder-upcycling-qualle-aus-atlas-kronkorken-kaeseschachtel-basteln\/","title":{"rendered":"Bastelidee f\u00fcr Kinder: Upcycling Qualle aus Atlas, Kronkorken &#038; K\u00e4seschachtel basteln"},"content":{"rendered":"<p style=\"text-align: justify;\"><img loading=\"lazy\" decoding=\"async\" src=\"https:\/\/vg06.met.vgwort.de\/na\/097448619eb248dea31d4d36312b04f3\" alt=\"\" width=\"1\" height=\"1\" \/>Diese Bastelidee holt man wieder das Beste aus Resten raus und war ein ganz spontanes Upcycling mit kostenlosem Bastelmaterial, das eigentlich sonst in den M\u00fcll gewandert w\u00e4re. Aber dann h\u00e4tte ich wohl einiges verpasst, denn diese lustige Qualle sorgt nicht nur f\u00fcr strahlendes L\u00e4cheln, sondern auch f\u00fcr sommerliche Stimmung. Schlie\u00dflich erinnert mich dieser Meeresbewohner t\u00e4glich an Sonne, Strand und blaues Wasser\u2026 Zum Gl\u00fcck sind die Sommerferien nicht mehr weit!<\/p>\n<p style=\"text-align: center;\"><a href=\"https:\/\/www.sabine-seyffert.de\/blog\/wp-content\/uploads\/2021\/06\/Atlas-Qualle-Sabine-Seyffert.de-4.jpg\"><img loading=\"lazy\" decoding=\"async\" class=\"alignnone size-full wp-image-20058\" src=\"https:\/\/www.sabine-seyffert.de\/blog\/wp-content\/uploads\/2021\/06\/Atlas-Qualle-Sabine-Seyffert.de-4.jpg\" alt=\"\" width=\"800\" height=\"600\" srcset=\"https:\/\/www.sabine-seyffert.de\/blog\/wp-content\/uploads\/2021\/06\/Atlas-Qualle-Sabine-Seyffert.de-4.jpg 800w, https:\/\/www.sabine-seyffert.de\/blog\/wp-content\/uploads\/2021\/06\/Atlas-Qualle-Sabine-Seyffert.de-4-300x225.jpg 300w, https:\/\/www.sabine-seyffert.de\/blog\/wp-content\/uploads\/2021\/06\/Atlas-Qualle-Sabine-Seyffert.de-4-768x576.jpg 768w\" sizes=\"auto, (max-width: 800px) 100vw, 800px\" \/><\/a><\/p>\n<p style=\"text-align: justify;\"><strong>Das wird gebraucht:<\/strong><br \/>\nEine leere K\u00e4seschachtel (Halbkreis), eine Bastelschere, silbernes Schokoladenpapier (Reste), einen Wasserfarbkasten inclusiv Deckwei\u00df, Kronkorken, einen alten Atlas, Pinsel, eine alte Tageszeitung, Bastelkleber \/ Klebestift, eine Malunterlage und einen <a href=\"https:\/\/www.sabine-seyffert.de\/blog\/?p=12310\" target=\"_blank\" rel=\"noopener noreferrer\">Bastelkittel<\/a><\/p>\n<p style=\"text-align: center;\"><a href=\"https:\/\/www.sabine-seyffert.de\/blog\/wp-content\/uploads\/2021\/06\/Atlas-Qualle-Sabine-Seyffert.de-9.jpg\"><img loading=\"lazy\" decoding=\"async\" class=\"alignnone size-full wp-image-20059\" src=\"https:\/\/www.sabine-seyffert.de\/blog\/wp-content\/uploads\/2021\/06\/Atlas-Qualle-Sabine-Seyffert.de-9.jpg\" alt=\"\" width=\"800\" height=\"600\" srcset=\"https:\/\/www.sabine-seyffert.de\/blog\/wp-content\/uploads\/2021\/06\/Atlas-Qualle-Sabine-Seyffert.de-9.jpg 800w, https:\/\/www.sabine-seyffert.de\/blog\/wp-content\/uploads\/2021\/06\/Atlas-Qualle-Sabine-Seyffert.de-9-300x225.jpg 300w, https:\/\/www.sabine-seyffert.de\/blog\/wp-content\/uploads\/2021\/06\/Atlas-Qualle-Sabine-Seyffert.de-9-768x576.jpg 768w\" sizes=\"auto, (max-width: 800px) 100vw, 800px\" \/><\/a><\/p>\n<p style=\"text-align: justify;\"><strong>So wird\u2019s gemacht:<\/strong><br \/>\nDieses maritime Quallentier bastelt sich fast von allein \ud83d\ude09 Zuerst malt man die K\u00e4severpackung an um alle Aufdrucke und Schrift unkenntlich zu machen. Praktischerweise war meine Schachtel bereits blau, so dass ich diese lediglich von Innen anmalen musste. Falls die Wasserfarbe nicht deckt, pinselt die Verpackung einfach mit Bastelfarbe an.<\/p>\n<p style=\"text-align: center;\"><a href=\"https:\/\/www.sabine-seyffert.de\/blog\/wp-content\/uploads\/2021\/06\/Atlas-Qualle-Sabine-Seyffert.de-8.jpg\"><img loading=\"lazy\" decoding=\"async\" class=\"alignnone size-full wp-image-20064\" src=\"https:\/\/www.sabine-seyffert.de\/blog\/wp-content\/uploads\/2021\/06\/Atlas-Qualle-Sabine-Seyffert.de-8.jpg\" alt=\"\" width=\"800\" height=\"600\" srcset=\"https:\/\/www.sabine-seyffert.de\/blog\/wp-content\/uploads\/2021\/06\/Atlas-Qualle-Sabine-Seyffert.de-8.jpg 800w, https:\/\/www.sabine-seyffert.de\/blog\/wp-content\/uploads\/2021\/06\/Atlas-Qualle-Sabine-Seyffert.de-8-300x225.jpg 300w, https:\/\/www.sabine-seyffert.de\/blog\/wp-content\/uploads\/2021\/06\/Atlas-Qualle-Sabine-Seyffert.de-8-768x576.jpg 768w\" sizes=\"auto, (max-width: 800px) 100vw, 800px\" \/><\/a><\/p>\n<p style=\"text-align: justify;\">Die Augen habe ich aus zwei Kronkorken gebastelt, die ich Innen mit hellblau (schwarz und wei\u00df) bemalten Zeitungspapier ausgestattet und beklebt habe. (Anleitung f\u00fcr das selbst gemachte Bastelpapier gibt es <a href=\"https:\/\/www.sabine-seyffert.de\/blog\/?p=13917\" target=\"_blank\" rel=\"noopener noreferrer\">hier<\/a>).<\/p>\n<p style=\"text-align: center;\"><a href=\"https:\/\/www.sabine-seyffert.de\/blog\/wp-content\/uploads\/2021\/06\/Atlas-Qualle-Sabine-Seyffert.de-7.jpg\"><img loading=\"lazy\" decoding=\"async\" class=\"alignnone size-full wp-image-20065\" src=\"https:\/\/www.sabine-seyffert.de\/blog\/wp-content\/uploads\/2021\/06\/Atlas-Qualle-Sabine-Seyffert.de-7.jpg\" alt=\"\" width=\"800\" height=\"600\" srcset=\"https:\/\/www.sabine-seyffert.de\/blog\/wp-content\/uploads\/2021\/06\/Atlas-Qualle-Sabine-Seyffert.de-7.jpg 800w, https:\/\/www.sabine-seyffert.de\/blog\/wp-content\/uploads\/2021\/06\/Atlas-Qualle-Sabine-Seyffert.de-7-300x225.jpg 300w, https:\/\/www.sabine-seyffert.de\/blog\/wp-content\/uploads\/2021\/06\/Atlas-Qualle-Sabine-Seyffert.de-7-768x576.jpg 768w\" sizes=\"auto, (max-width: 800px) 100vw, 800px\" \/><\/a><\/p>\n<p style=\"text-align: justify;\">Der Mund ist aus silbernem Schokoladenpapier gebastelt und deutlich g\u00fcnstiger als gekauftes, silbernes Papier.<br \/>\nF\u00fcr die langen Tentakel habe ich eine Seite aus einem alten, zerfledderten Atlas geopfert (den ihr sicher noch von dieser <a href=\"https:\/\/www.sabine-seyffert.de\/blog\/?p=12947\" target=\"_blank\" rel=\"noopener noreferrer\">Maritimen Girlande<\/a> oder dieser <a href=\"https:\/\/www.sabine-seyffert.de\/blog\/?p=10879\" target=\"_blank\" rel=\"noopener noreferrer\">gen\u00e4hten Sommerpost<\/a> her kennt).<\/p>\n<p style=\"text-align: center;\"><a href=\"https:\/\/www.sabine-seyffert.de\/blog\/wp-content\/uploads\/2021\/06\/Atlas-Qualle-Sabine-Seyffert.de-6.jpg\"><img loading=\"lazy\" decoding=\"async\" class=\"alignnone size-full wp-image-20066\" src=\"https:\/\/www.sabine-seyffert.de\/blog\/wp-content\/uploads\/2021\/06\/Atlas-Qualle-Sabine-Seyffert.de-6.jpg\" alt=\"\" width=\"800\" height=\"600\" srcset=\"https:\/\/www.sabine-seyffert.de\/blog\/wp-content\/uploads\/2021\/06\/Atlas-Qualle-Sabine-Seyffert.de-6.jpg 800w, https:\/\/www.sabine-seyffert.de\/blog\/wp-content\/uploads\/2021\/06\/Atlas-Qualle-Sabine-Seyffert.de-6-300x225.jpg 300w, https:\/\/www.sabine-seyffert.de\/blog\/wp-content\/uploads\/2021\/06\/Atlas-Qualle-Sabine-Seyffert.de-6-768x576.jpg 768w\" sizes=\"auto, (max-width: 800px) 100vw, 800px\" \/><\/a><\/p>\n<p style=\"text-align: justify;\">Daraus rei\u00dft ihr per Hand verschieden lange Streifen und klebt diese von der R\u00fcckseite an der Qualle an. Vielleicht habt ihr aus dem letzten Strandurlaub noch ein paar Muscheln oder kleine Schneckenh\u00e4user? Dann k\u00f6nnt ihr davon welche auf die Tentakel kleben.<\/p>\n<p style=\"text-align: center;\"><a href=\"https:\/\/www.sabine-seyffert.de\/blog\/wp-content\/uploads\/2021\/06\/Atlas-Qualle-Sabine-Seyffert.de-5.jpg\"><img loading=\"lazy\" decoding=\"async\" class=\"alignnone size-full wp-image-20063\" src=\"https:\/\/www.sabine-seyffert.de\/blog\/wp-content\/uploads\/2021\/06\/Atlas-Qualle-Sabine-Seyffert.de-5.jpg\" alt=\"\" width=\"800\" height=\"600\" srcset=\"https:\/\/www.sabine-seyffert.de\/blog\/wp-content\/uploads\/2021\/06\/Atlas-Qualle-Sabine-Seyffert.de-5.jpg 800w, https:\/\/www.sabine-seyffert.de\/blog\/wp-content\/uploads\/2021\/06\/Atlas-Qualle-Sabine-Seyffert.de-5-300x225.jpg 300w, https:\/\/www.sabine-seyffert.de\/blog\/wp-content\/uploads\/2021\/06\/Atlas-Qualle-Sabine-Seyffert.de-5-768x576.jpg 768w\" sizes=\"auto, (max-width: 800px) 100vw, 800px\" \/><\/a><\/p>\n<p style=\"text-align: justify;\"><strong>Ein kleiner Tipp:<\/strong><br \/>\nWer ihr eure Quallen aufh\u00e4ngen und damit T\u00fcr, Fenster oder Wand sommerlich dekorieren m\u00f6chte, klebt einfach ein St\u00fcck Kordel auf die R\u00fcckseite oder zieht mit der Nadel am oberen Rand einfach etwas Nylongarn durch!<\/p>\n<p style=\"text-align: center;\"><a href=\"https:\/\/www.sabine-seyffert.de\/blog\/wp-content\/uploads\/2021\/06\/Atlas-Qualle-Sabine-Seyffert.de-2.jpg\"><img loading=\"lazy\" decoding=\"async\" class=\"alignnone size-full wp-image-20062\" src=\"https:\/\/www.sabine-seyffert.de\/blog\/wp-content\/uploads\/2021\/06\/Atlas-Qualle-Sabine-Seyffert.de-2.jpg\" alt=\"\" width=\"800\" height=\"600\" srcset=\"https:\/\/www.sabine-seyffert.de\/blog\/wp-content\/uploads\/2021\/06\/Atlas-Qualle-Sabine-Seyffert.de-2.jpg 800w, https:\/\/www.sabine-seyffert.de\/blog\/wp-content\/uploads\/2021\/06\/Atlas-Qualle-Sabine-Seyffert.de-2-300x225.jpg 300w, https:\/\/www.sabine-seyffert.de\/blog\/wp-content\/uploads\/2021\/06\/Atlas-Qualle-Sabine-Seyffert.de-2-768x576.jpg 768w\" sizes=\"auto, (max-width: 800px) 100vw, 800px\" \/><\/a><\/p>\n<p style=\"text-align: justify;\">Nach dem lustigen <a href=\"https:\/\/www.sabine-seyffert.de\/blog\/?p=20024\" target=\"_blank\" rel=\"noopener noreferrer\">Hai aus Klorollen<\/a> sowie dem <a href=\"https:\/\/www.sabine-seyffert.de\/blog\/?p=20040\" target=\"_blank\" rel=\"noopener noreferrer\">Krebs aus Walnuss-Schalen<\/a> ist dies die dritte maritime Ideen zur <a href=\"https:\/\/www.instagram.com\/diy_sabine_seyffert\/\" target=\"_blank\" rel=\"noopener noreferrer\">#DIYchallengederwoche<\/a>. Und noch viel mehr zum Thema \u201eUnterwasser gibt es \u00fcbrigens an <a href=\"https:\/\/www.sabine-seyffert.de\/blog\/?cat=50\" target=\"_blank\" rel=\"noopener noreferrer\">dieser Stelle<\/a>.<\/p>\n<p style=\"text-align: center;\"><a href=\"https:\/\/www.sabine-seyffert.de\/blog\/wp-content\/uploads\/2021\/06\/Atlas-Qualle-Sabine-Seyffert.de-3.jpg\"><img loading=\"lazy\" decoding=\"async\" class=\"alignnone size-full wp-image-20061\" src=\"https:\/\/www.sabine-seyffert.de\/blog\/wp-content\/uploads\/2021\/06\/Atlas-Qualle-Sabine-Seyffert.de-3.jpg\" alt=\"\" width=\"800\" height=\"600\" srcset=\"https:\/\/www.sabine-seyffert.de\/blog\/wp-content\/uploads\/2021\/06\/Atlas-Qualle-Sabine-Seyffert.de-3.jpg 800w, https:\/\/www.sabine-seyffert.de\/blog\/wp-content\/uploads\/2021\/06\/Atlas-Qualle-Sabine-Seyffert.de-3-300x225.jpg 300w, https:\/\/www.sabine-seyffert.de\/blog\/wp-content\/uploads\/2021\/06\/Atlas-Qualle-Sabine-Seyffert.de-3-768x576.jpg 768w\" sizes=\"auto, (max-width: 800px) 100vw, 800px\" \/><\/a><\/p>\n<p style=\"text-align: justify;\">Kreative Do-it-Yourself Bastelideen f\u00fcr Kinder findet ihr \u00fcbrigens in <a href=\"https:\/\/www.sabine-seyffert.de\/blog\/?cat=32\" target=\"_blank\" rel=\"noopener noreferrer\">dieser Blog Kategorie<\/a>, alles zum Thema Upcycling mit detaillierter Bastelanleitung gibt es in <a href=\"https:\/\/www.sabine-seyffert.de\/blog\/?cat=47\" target=\"_blank\" rel=\"noopener noreferrer\">dieser Rubrik<\/a>, alles rund um die Sommerzeit sind in <a href=\"https:\/\/www.sabine-seyffert.de\/blog\/?cat=24\" target=\"_blank\" rel=\"noopener noreferrer\">diesem Blog Ordner<\/a> und andere kreative Sachen da.<\/p>\n<p style=\"text-align: center;\"><a href=\"https:\/\/www.sabine-seyffert.de\/blog\/wp-content\/uploads\/2021\/06\/Atlas-Qualle-Sabine-Seyffert.de-1.jpg\"><img loading=\"lazy\" decoding=\"async\" class=\"alignnone size-full wp-image-20060\" src=\"https:\/\/www.sabine-seyffert.de\/blog\/wp-content\/uploads\/2021\/06\/Atlas-Qualle-Sabine-Seyffert.de-1.jpg\" alt=\"\" width=\"600\" height=\"800\" srcset=\"https:\/\/www.sabine-seyffert.de\/blog\/wp-content\/uploads\/2021\/06\/Atlas-Qualle-Sabine-Seyffert.de-1.jpg 600w, https:\/\/www.sabine-seyffert.de\/blog\/wp-content\/uploads\/2021\/06\/Atlas-Qualle-Sabine-Seyffert.de-1-225x300.jpg 225w\" sizes=\"auto, (max-width: 600px) 100vw, 600px\" \/><\/a><\/p>\n<p style=\"text-align: justify;\"><a href=\"https:\/\/www.sabine-seyffert.de\/blog\/?page_id=32#urheberrecht\">urheberrechtlich gesch\u00fctzt<\/a>, \u00a9 Sabine Seyffert<\/p>\n","protected":false},"excerpt":{"rendered":"<p>Diese Bastelidee holt man wieder das Beste aus Resten raus und war ein ganz spontanes Upcycling mit kostenlosem Bastelmaterial, das eigentlich sonst in den M\u00fcll gewandert w\u00e4re. Aber dann h\u00e4tte ich wohl einiges verpasst, denn diese lustige Qualle sorgt nicht nur f\u00fcr strahlendes L\u00e4cheln, sondern auch f\u00fcr sommerliche Stimmung. Schlie\u00dflich erinnert mich dieser Meeresbewohner t\u00e4glich&#8230; <a href=\"https:\/\/www.sabine-seyffert.de\/blog\/bastelidee-fuer-kinder-upcycling-qualle-aus-atlas-kronkorken-kaeseschachtel-basteln\/\" class=\"more-link\">Read more: Bastelidee f\u00fcr Kinder: Upcycling Qualle aus Atlas, Kronkorken &#038; K\u00e4seschachtel basteln<\/a><\/p>\n","protected":false},"author":2,"featured_media":0,"comment_status":"open","ping_status":"open","sticky":false,"template":"","format":"standard","meta":{"_metis_text_type":"","_metis_text_length":2637,"_post_count":0,"footnotes":""},"categories":[32,24,50,47],"tags":[],"class_list":["post-20057","post","type-post","status-publish","format-standard","hentry","category-kreatives-fur-kleine-kinderhande","category-sommer","category-unterwasserfest","category-upcyceltes"],"_links":{"self":[{"href":"https:\/\/www.sabine-seyffert.de\/blog\/wp-json\/wp\/v2\/posts\/20057","targetHints":{"allow":["GET"]}}],"collection":[{"href":"https:\/\/www.sabine-seyffert.de\/blog\/wp-json\/wp\/v2\/posts"}],"about":[{"href":"https:\/\/www.sabine-seyffert.de\/blog\/wp-json\/wp\/v2\/types\/post"}],"author":[{"embeddable":true,"href":"https:\/\/www.sabine-seyffert.de\/blog\/wp-json\/wp\/v2\/users\/2"}],"replies":[{"embeddable":true,"href":"https:\/\/www.sabine-seyffert.de\/blog\/wp-json\/wp\/v2\/comments?post=20057"}],"version-history":[{"count":3,"href":"https:\/\/www.sabine-seyffert.de\/blog\/wp-json\/wp\/v2\/posts\/20057\/revisions"}],"predecessor-version":[{"id":20069,"href":"https:\/\/www.sabine-seyffert.de\/blog\/wp-json\/wp\/v2\/posts\/20057\/revisions\/20069"}],"wp:attachment":[{"href":"https:\/\/www.sabine-seyffert.de\/blog\/wp-json\/wp\/v2\/media?parent=20057"}],"wp:term":[{"taxonomy":"category","embeddable":true,"href":"https:\/\/www.sabine-seyffert.de\/blog\/wp-json\/wp\/v2\/categories?post=20057"},{"taxonomy":"post_tag","embeddable":true,"href":"https:\/\/www.sabine-seyffert.de\/blog\/wp-json\/wp\/v2\/tags?post=20057"}],"curies":[{"name":"wp","href":"https:\/\/api.w.org\/{rel}","templated":true}]}}