{"id":2001,"date":"2013-06-20T10:16:56","date_gmt":"2013-06-20T08:16:56","guid":{"rendered":"http:\/\/www.sabine-seyffert.de\/blog\/?p=2001"},"modified":"2015-09-21T18:37:09","modified_gmt":"2015-09-21T16:37:09","slug":"mein-12-blick-im-juni","status":"publish","type":"post","link":"https:\/\/www.sabine-seyffert.de\/blog\/mein-12-blick-im-juni\/","title":{"rendered":"Mein 12. Blick im Juni"},"content":{"rendered":"<p style=\"text-align: justify;\"><img loading=\"lazy\" decoding=\"async\" src=\"https:\/\/ssl-vg03.met.vgwort.de\/na\/8d4d18838a8145789cabcc582392fe4b\" alt=\"\" width=\"1\" height=\"1\" \/><br \/>\nEs ist Zeit f\u00fcr den 12. Blick f\u00fcr den Monat Juni. (Was es genau damit auf sich hat, erfahrt Ihr bei <a href=\"http:\/\/tabea-heinicker.blogspot.de\/2013\/06\/halbzeit-zeigt-her-eure-fotos.html\" target=\"_blank\">Tabea<\/a>.) Und so hie\u00df es vor wieder \u201eher mit der Kamera\u201c und ab durch den Wald. Leider traf mich fast der Schlag, als ich an meinem ersten Punkt ankam: Genau mittig auf meinen 12. Blick steht neuerdings eine funkelnagelneue Laterne, die nun meine freie Sicht st\u00f6rt und zudem keinen wirklich sch\u00f6nen Anblick bietet.<\/p>\n<p style=\"text-align: center;\"><a href=\"http:\/\/www.sabine-seyffert.de\/blog\/wp-content\/uploads\/2013\/06\/12.-Blick-Juni.jpg\"><img loading=\"lazy\" decoding=\"async\" class=\"alignnone size-full wp-image-2002\" src=\"http:\/\/www.sabine-seyffert.de\/blog\/wp-content\/uploads\/2013\/06\/12.-Blick-Juni.jpg\" alt=\"12. Blick Juni\" width=\"600\" height=\"800\" srcset=\"https:\/\/www.sabine-seyffert.de\/blog\/wp-content\/uploads\/2013\/06\/12.-Blick-Juni.jpg 600w, https:\/\/www.sabine-seyffert.de\/blog\/wp-content\/uploads\/2013\/06\/12.-Blick-Juni-225x300.jpg 225w\" sizes=\"auto, (max-width: 600px) 100vw, 600px\" \/><\/a><\/p>\n<p style=\"text-align: justify;\">Wer kann so etwas schon ahnen? H\u00e4tte ich das vorher gewusst, w\u00e4re meine Wahl auf einen anderen Ort gefallen. Der einzige Vorteil, die Laterne wird ab sofort mein Erkennungsmerkmal f\u00fcr alle weiteren Fotos\u00a0 sein \u2013 mein erster Blick ist n\u00e4mlich innerhalb der letzten vier Wochen derart \u201ezugegr\u00fcnt\u201c, dass man ihn kaum wieder erkennt. Zumindest sind meine beiden Anhaltspunkte, der Baum links im Bild, der einer Stimmgabel gleicht sowie der schr\u00e4ge Ast rechts durch das kr\u00e4ftige Gr\u00fcn doch fast g\u00e4nzlich verdeckt. Selbst das Gr\u00fcn am Boden scheint im Eiltempo von unten in mein Foto klettern zu wollen&#8230;<\/p>\n<p style=\"text-align: center;\"><a href=\"http:\/\/www.sabine-seyffert.de\/blog\/wp-content\/uploads\/2013\/06\/\u00fcbersicht-Blick-1-klein.jpg\"><img loading=\"lazy\" decoding=\"async\" class=\"alignnone size-full wp-image-2003\" src=\"http:\/\/www.sabine-seyffert.de\/blog\/wp-content\/uploads\/2013\/06\/\u00fcbersicht-Blick-1-klein.jpg\" alt=\"\u00fcbersicht Blick 1 klein\" width=\"800\" height=\"711\" srcset=\"https:\/\/www.sabine-seyffert.de\/blog\/wp-content\/uploads\/2013\/06\/\u00fcbersicht-Blick-1-klein.jpg 800w, https:\/\/www.sabine-seyffert.de\/blog\/wp-content\/uploads\/2013\/06\/\u00fcbersicht-Blick-1-klein-300x266.jpg 300w\" sizes=\"auto, (max-width: 800px) 100vw, 800px\" \/><\/a><\/p>\n<p style=\"text-align: justify;\">Mein zweiter Blick, der durch das rostige Guckloch, ist im Vergleich zum Vormonat zwar auch etwas gr\u00fcner geworden, aber nicht mit einem so deutlichen Unterschied wie an der ersten Stelle.<\/p>\n<p style=\"text-align: center;\"><a href=\"http:\/\/www.sabine-seyffert.de\/blog\/wp-content\/uploads\/2013\/06\/12.-Blick-Guckloch.jpg\"><img loading=\"lazy\" decoding=\"async\" class=\"alignnone size-full wp-image-2004\" src=\"http:\/\/www.sabine-seyffert.de\/blog\/wp-content\/uploads\/2013\/06\/12.-Blick-Guckloch.jpg\" alt=\"12. Blick Guckloch\" width=\"600\" height=\"800\" srcset=\"https:\/\/www.sabine-seyffert.de\/blog\/wp-content\/uploads\/2013\/06\/12.-Blick-Guckloch.jpg 600w, https:\/\/www.sabine-seyffert.de\/blog\/wp-content\/uploads\/2013\/06\/12.-Blick-Guckloch-225x300.jpg 225w\" sizes=\"auto, (max-width: 600px) 100vw, 600px\" \/><\/a><\/p>\n<p style=\"text-align: justify;\">Ich bin gespannt wieviel gr\u00fcner es dort noch werden wird. Ganz besonders hoffe ich, beim Fotografieren dahinter ein Reh zu erwischen, die oft an dieser Stelle zu finden sind \ud83d\ude42 Schauen wir mal ob es gl\u00fcckt!<\/p>\n<p style=\"text-align: center;\"><a href=\"http:\/\/www.sabine-seyffert.de\/blog\/wp-content\/uploads\/2013\/06\/\u00fcbersicht-Blick-2-klein.jpg\"><img loading=\"lazy\" decoding=\"async\" class=\"alignnone size-full wp-image-2005\" src=\"http:\/\/www.sabine-seyffert.de\/blog\/wp-content\/uploads\/2013\/06\/\u00fcbersicht-Blick-2-klein.jpg\" alt=\"\u00fcbersicht Blick 2 klein\" width=\"800\" height=\"711\" srcset=\"https:\/\/www.sabine-seyffert.de\/blog\/wp-content\/uploads\/2013\/06\/\u00fcbersicht-Blick-2-klein.jpg 800w, https:\/\/www.sabine-seyffert.de\/blog\/wp-content\/uploads\/2013\/06\/\u00fcbersicht-Blick-2-klein-300x266.jpg 300w\" sizes=\"auto, (max-width: 800px) 100vw, 800px\" \/><\/a><\/p>\n<p><a href=\"http:\/\/www.sabine-seyffert.de\/blog\/?page_id=32#urheberrecht\">urherrechtlich gesch\u00fctzt<\/a>, \u00a9 Sabine Seyffert<\/p>\n","protected":false},"excerpt":{"rendered":"<p>Es ist Zeit f\u00fcr den 12. Blick f\u00fcr den Monat Juni. (Was es genau damit auf sich hat, erfahrt Ihr bei Tabea.) Und so hie\u00df es vor wieder \u201eher mit der Kamera\u201c und ab durch den Wald. Leider traf mich fast der Schlag, als ich an meinem ersten Punkt ankam: Genau mittig auf meinen 12&#8230;. <a href=\"https:\/\/www.sabine-seyffert.de\/blog\/mein-12-blick-im-juni\/\" class=\"more-link\">Read more: Mein 12. Blick im Juni<\/a><\/p>\n","protected":false},"author":2,"featured_media":0,"comment_status":"open","ping_status":"open","sticky":false,"template":"","format":"standard","meta":{"_metis_text_type":"","_metis_text_length":1452,"_post_count":0,"footnotes":""},"categories":[24],"tags":[],"class_list":["post-2001","post","type-post","status-publish","format-standard","hentry","category-sommer"],"_links":{"self":[{"href":"https:\/\/www.sabine-seyffert.de\/blog\/wp-json\/wp\/v2\/posts\/2001","targetHints":{"allow":["GET"]}}],"collection":[{"href":"https:\/\/www.sabine-seyffert.de\/blog\/wp-json\/wp\/v2\/posts"}],"about":[{"href":"https:\/\/www.sabine-seyffert.de\/blog\/wp-json\/wp\/v2\/types\/post"}],"author":[{"embeddable":true,"href":"https:\/\/www.sabine-seyffert.de\/blog\/wp-json\/wp\/v2\/users\/2"}],"replies":[{"embeddable":true,"href":"https:\/\/www.sabine-seyffert.de\/blog\/wp-json\/wp\/v2\/comments?post=2001"}],"version-history":[{"count":11,"href":"https:\/\/www.sabine-seyffert.de\/blog\/wp-json\/wp\/v2\/posts\/2001\/revisions"}],"predecessor-version":[{"id":6140,"href":"https:\/\/www.sabine-seyffert.de\/blog\/wp-json\/wp\/v2\/posts\/2001\/revisions\/6140"}],"wp:attachment":[{"href":"https:\/\/www.sabine-seyffert.de\/blog\/wp-json\/wp\/v2\/media?parent=2001"}],"wp:term":[{"taxonomy":"category","embeddable":true,"href":"https:\/\/www.sabine-seyffert.de\/blog\/wp-json\/wp\/v2\/categories?post=2001"},{"taxonomy":"post_tag","embeddable":true,"href":"https:\/\/www.sabine-seyffert.de\/blog\/wp-json\/wp\/v2\/tags?post=2001"}],"curies":[{"name":"wp","href":"https:\/\/api.w.org\/{rel}","templated":true}]}}