{"id":19997,"date":"2021-05-29T06:00:56","date_gmt":"2021-05-29T04:00:56","guid":{"rendered":"https:\/\/www.sabine-seyffert.de\/blog\/?p=19997"},"modified":"2022-09-02T11:27:56","modified_gmt":"2022-09-02T09:27:56","slug":"blitzschnelle-bastelidee-fuer-kinder-bunte-schnecken-aus-pappe-mit-schneckenhaus-selbermachen","status":"publish","type":"post","link":"https:\/\/www.sabine-seyffert.de\/blog\/blitzschnelle-bastelidee-fuer-kinder-bunte-schnecken-aus-pappe-mit-schneckenhaus-selbermachen\/","title":{"rendered":"Blitzschnelle Bastelidee f\u00fcr Kinder: Bunte Schnecken aus Pappe mit Schneckenhaus selbermachen"},"content":{"rendered":"<p style=\"text-align: justify;\"><img loading=\"lazy\" decoding=\"async\" src=\"https:\/\/vg06.met.vgwort.de\/na\/9977f4793fc043778e9978aeccd11273\" alt=\"\" width=\"1\" height=\"1\" \/>Am letzten Wochenende habe wir die kleine Regenpause nach dem Familien-Fr\u00fchst\u00fcck genutzt und eine Runde im Wald gedreht. Dabei haben wir allerhand Naturmaterial gesammelt und auch einige leere Schneckenh\u00e4user gefunden. An denen konnte ich nat\u00fcrlich nicht vorbei gehen, ohne sie mitzunehmen.<br \/>\nDie sehen so sch\u00f6n aus und eignen sich nicht nur hervorragend als nat\u00fcrliche <a href=\"https:\/\/www.sabine-seyffert.de\/blog\/?cat=12\" target=\"_blank\" rel=\"noopener noreferrer\">Deko<\/a>, sondern auch wunderbar zum Basteln. Ich habe aus einigen der H\u00e4user bunte Schnecken gestaltet. Das geht blitzschnell und ist super einfach.<\/p>\n<p style=\"text-align: center;\"><a href=\"https:\/\/www.sabine-seyffert.de\/blog\/wp-content\/uploads\/2021\/05\/Schnecken-aus-Pappe-Sabine-Seyffert.de-6.jpg\"><img loading=\"lazy\" decoding=\"async\" class=\"alignnone size-full wp-image-19998\" src=\"https:\/\/www.sabine-seyffert.de\/blog\/wp-content\/uploads\/2021\/05\/Schnecken-aus-Pappe-Sabine-Seyffert.de-6.jpg\" alt=\"\" width=\"800\" height=\"600\" srcset=\"https:\/\/www.sabine-seyffert.de\/blog\/wp-content\/uploads\/2021\/05\/Schnecken-aus-Pappe-Sabine-Seyffert.de-6.jpg 800w, https:\/\/www.sabine-seyffert.de\/blog\/wp-content\/uploads\/2021\/05\/Schnecken-aus-Pappe-Sabine-Seyffert.de-6-300x225.jpg 300w, https:\/\/www.sabine-seyffert.de\/blog\/wp-content\/uploads\/2021\/05\/Schnecken-aus-Pappe-Sabine-Seyffert.de-6-768x576.jpg 768w\" sizes=\"auto, (max-width: 800px) 100vw, 800px\" \/><\/a><\/p>\n<p style=\"text-align: justify;\"><strong>Das wird gebraucht:<\/strong><br \/>\nD\u00fcnne Pappe oder Karton, Bastelfarbe oder Stifte, Bleistift, d\u00fcnner Basteldraht, kleine Glas Perlen, gro\u00dfe Schneckenh\u00e4user, Bastelkleber, Bastelschere, eine Bastelunterlage oder abwaschbare Tischdecke und <a href=\"https:\/\/www.sabine-seyffert.de\/blog\/?p=12310\" target=\"_blank\" rel=\"noopener noreferrer\">Malkittel<\/a><\/p>\n<p style=\"text-align: center;\"><a href=\"https:\/\/www.sabine-seyffert.de\/blog\/wp-content\/uploads\/2021\/05\/Schnecken-aus-Pappe-Sabine-Seyffert.de-9.jpg\"><img loading=\"lazy\" decoding=\"async\" class=\"alignnone size-full wp-image-19999\" src=\"https:\/\/www.sabine-seyffert.de\/blog\/wp-content\/uploads\/2021\/05\/Schnecken-aus-Pappe-Sabine-Seyffert.de-9.jpg\" alt=\"\" width=\"800\" height=\"600\" srcset=\"https:\/\/www.sabine-seyffert.de\/blog\/wp-content\/uploads\/2021\/05\/Schnecken-aus-Pappe-Sabine-Seyffert.de-9.jpg 800w, https:\/\/www.sabine-seyffert.de\/blog\/wp-content\/uploads\/2021\/05\/Schnecken-aus-Pappe-Sabine-Seyffert.de-9-300x225.jpg 300w, https:\/\/www.sabine-seyffert.de\/blog\/wp-content\/uploads\/2021\/05\/Schnecken-aus-Pappe-Sabine-Seyffert.de-9-768x576.jpg 768w\" sizes=\"auto, (max-width: 800px) 100vw, 800px\" \/><\/a><\/p>\n<p style=\"text-align: justify;\"><strong>So wird\u2019s gemacht:<\/strong><br \/>\nAls erstes deckt ihr wie immer beim Basteln den Tisch gr\u00fcndlich ab. Falls ihr keine passende Bastelunterlage habt, nehmt einfach eine alte Zeitung und breitet die Bl\u00e4tter auf dem Tisch aus.<\/p>\n<p><a href=\"https:\/\/www.sabine-seyffert.de\/blog\/wp-content\/uploads\/2021\/05\/Schnecken-aus-Pappe-Sabine-Seyffert.de-0.jpg\"><img loading=\"lazy\" decoding=\"async\" class=\"alignnone size-full wp-image-20005\" src=\"https:\/\/www.sabine-seyffert.de\/blog\/wp-content\/uploads\/2021\/05\/Schnecken-aus-Pappe-Sabine-Seyffert.de-0.jpg\" alt=\"\" width=\"800\" height=\"600\" srcset=\"https:\/\/www.sabine-seyffert.de\/blog\/wp-content\/uploads\/2021\/05\/Schnecken-aus-Pappe-Sabine-Seyffert.de-0.jpg 800w, https:\/\/www.sabine-seyffert.de\/blog\/wp-content\/uploads\/2021\/05\/Schnecken-aus-Pappe-Sabine-Seyffert.de-0-300x225.jpg 300w, https:\/\/www.sabine-seyffert.de\/blog\/wp-content\/uploads\/2021\/05\/Schnecken-aus-Pappe-Sabine-Seyffert.de-0-768x576.jpg 768w\" sizes=\"auto, (max-width: 800px) 100vw, 800px\" \/><\/a><\/p>\n<p style=\"text-align: justify;\">Dann noch den Malkittel \u00fcberziehen und die Schneckenbastelei kann starten. Mit einem Bleistift zeichnet ihr euch auf der Pappe Schnecken vor.<\/p>\n<p style=\"text-align: center;\"><a href=\"https:\/\/www.sabine-seyffert.de\/blog\/wp-content\/uploads\/2021\/05\/Schnecken-aus-Pappe-Sabine-Seyffert.de-8.jpg\"><img loading=\"lazy\" decoding=\"async\" class=\"alignnone size-full wp-image-20006\" src=\"https:\/\/www.sabine-seyffert.de\/blog\/wp-content\/uploads\/2021\/05\/Schnecken-aus-Pappe-Sabine-Seyffert.de-8.jpg\" alt=\"\" width=\"800\" height=\"600\" srcset=\"https:\/\/www.sabine-seyffert.de\/blog\/wp-content\/uploads\/2021\/05\/Schnecken-aus-Pappe-Sabine-Seyffert.de-8.jpg 800w, https:\/\/www.sabine-seyffert.de\/blog\/wp-content\/uploads\/2021\/05\/Schnecken-aus-Pappe-Sabine-Seyffert.de-8-300x225.jpg 300w, https:\/\/www.sabine-seyffert.de\/blog\/wp-content\/uploads\/2021\/05\/Schnecken-aus-Pappe-Sabine-Seyffert.de-8-768x576.jpg 768w\" sizes=\"auto, (max-width: 800px) 100vw, 800px\" \/><\/a><\/p>\n<p style=\"text-align: justify;\">Die sollten in etwa so aussehen, wie die aus dieser <a href=\"https:\/\/www.sabine-seyffert.de\/blog\/?p=17581\" target=\"_blank\" rel=\"noopener noreferrer\">lustigen Bastelanleitung<\/a>, nur entsprechend gr\u00f6\u00dfer. Am besten orientiert ihr euch bei der Gr\u00f6\u00dfe an den gesammelten Schneckenh\u00e4usern.<\/p>\n<p style=\"text-align: center;\"><a href=\"https:\/\/www.sabine-seyffert.de\/blog\/wp-content\/uploads\/2021\/05\/Schnecken-aus-Pappe-Sabine-Seyffert.de-7.jpg\"><img loading=\"lazy\" decoding=\"async\" class=\"alignnone size-full wp-image-20007\" src=\"https:\/\/www.sabine-seyffert.de\/blog\/wp-content\/uploads\/2021\/05\/Schnecken-aus-Pappe-Sabine-Seyffert.de-7.jpg\" alt=\"\" width=\"800\" height=\"600\" srcset=\"https:\/\/www.sabine-seyffert.de\/blog\/wp-content\/uploads\/2021\/05\/Schnecken-aus-Pappe-Sabine-Seyffert.de-7.jpg 800w, https:\/\/www.sabine-seyffert.de\/blog\/wp-content\/uploads\/2021\/05\/Schnecken-aus-Pappe-Sabine-Seyffert.de-7-300x225.jpg 300w, https:\/\/www.sabine-seyffert.de\/blog\/wp-content\/uploads\/2021\/05\/Schnecken-aus-Pappe-Sabine-Seyffert.de-7-768x576.jpg 768w\" sizes=\"auto, (max-width: 800px) 100vw, 800px\" \/><\/a><\/p>\n<p style=\"text-align: justify;\">Diese schneidet ihr aus und malt diese bunt an. Ob kunterbunt &amp; farbig, oder wie bei <a href=\"https:\/\/www.sabine-seyffert.de\/blog\/?p=19982\" target=\"_blank\" rel=\"noopener noreferrer\">den Bienen<\/a> gestern mit allover Muster versehen ist euch und eurer Fantasie \u00fcberlassen.<\/p>\n<p style=\"text-align: center;\"><a href=\"https:\/\/www.sabine-seyffert.de\/blog\/wp-content\/uploads\/2021\/05\/Schnecken-aus-Pappe-Sabine-Seyffert.de-4.jpg\"><img loading=\"lazy\" decoding=\"async\" class=\"alignnone size-full wp-image-20004\" src=\"https:\/\/www.sabine-seyffert.de\/blog\/wp-content\/uploads\/2021\/05\/Schnecken-aus-Pappe-Sabine-Seyffert.de-4.jpg\" alt=\"\" width=\"800\" height=\"600\" srcset=\"https:\/\/www.sabine-seyffert.de\/blog\/wp-content\/uploads\/2021\/05\/Schnecken-aus-Pappe-Sabine-Seyffert.de-4.jpg 800w, https:\/\/www.sabine-seyffert.de\/blog\/wp-content\/uploads\/2021\/05\/Schnecken-aus-Pappe-Sabine-Seyffert.de-4-300x225.jpg 300w, https:\/\/www.sabine-seyffert.de\/blog\/wp-content\/uploads\/2021\/05\/Schnecken-aus-Pappe-Sabine-Seyffert.de-4-768x576.jpg 768w\" sizes=\"auto, (max-width: 800px) 100vw, 800px\" \/><\/a><\/p>\n<p style=\"text-align: justify;\">Aus Draht und Perlen bastelt ihr noch kleine F\u00fchler f\u00fcr jede Schnecke, ganz wie beide s\u00fc\u00dfen <a href=\"https:\/\/www.sabine-seyffert.de\/blog\/?p=17581\" target=\"_blank\" rel=\"noopener noreferrer\">Eichel-Schnecken<\/a>.<\/p>\n<p style=\"text-align: center;\"><a href=\"https:\/\/www.sabine-seyffert.de\/blog\/wp-content\/uploads\/2021\/05\/Schnecken-aus-Pappe-Sabine-Seyffert.de-5.jpg\"><img loading=\"lazy\" decoding=\"async\" class=\"alignnone size-full wp-image-20003\" src=\"https:\/\/www.sabine-seyffert.de\/blog\/wp-content\/uploads\/2021\/05\/Schnecken-aus-Pappe-Sabine-Seyffert.de-5.jpg\" alt=\"\" width=\"800\" height=\"600\" srcset=\"https:\/\/www.sabine-seyffert.de\/blog\/wp-content\/uploads\/2021\/05\/Schnecken-aus-Pappe-Sabine-Seyffert.de-5.jpg 800w, https:\/\/www.sabine-seyffert.de\/blog\/wp-content\/uploads\/2021\/05\/Schnecken-aus-Pappe-Sabine-Seyffert.de-5-300x225.jpg 300w, https:\/\/www.sabine-seyffert.de\/blog\/wp-content\/uploads\/2021\/05\/Schnecken-aus-Pappe-Sabine-Seyffert.de-5-768x576.jpg 768w\" sizes=\"auto, (max-width: 800px) 100vw, 800px\" \/><\/a><\/p>\n<p style=\"text-align: justify;\">Zum Schluss noch die H\u00e4user mit Kleber fixieren und jeder Schnecke ein fr\u00f6hliches Gesicht malen.<\/p>\n<p style=\"text-align: center;\"><a href=\"https:\/\/www.sabine-seyffert.de\/blog\/wp-content\/uploads\/2021\/05\/Schnecken-aus-Pappe-Sabine-Seyffert.de-3.jpg\"><img loading=\"lazy\" decoding=\"async\" class=\"alignnone size-full wp-image-20002\" src=\"https:\/\/www.sabine-seyffert.de\/blog\/wp-content\/uploads\/2021\/05\/Schnecken-aus-Pappe-Sabine-Seyffert.de-3.jpg\" alt=\"\" width=\"600\" height=\"800\" srcset=\"https:\/\/www.sabine-seyffert.de\/blog\/wp-content\/uploads\/2021\/05\/Schnecken-aus-Pappe-Sabine-Seyffert.de-3.jpg 600w, https:\/\/www.sabine-seyffert.de\/blog\/wp-content\/uploads\/2021\/05\/Schnecken-aus-Pappe-Sabine-Seyffert.de-3-225x300.jpg 225w\" sizes=\"auto, (max-width: 600px) 100vw, 600px\" \/><\/a><\/p>\n<p style=\"text-align: justify;\"><strong>Ein kleiner Tipp:<\/strong><br \/>\nWenn ihr die bunten Upcycling Schnecken zum Spielen nutzen wollt \u2013 vielleicht habt ihr ja Lust auch aus Naturmaterial, wie \u00c4sten, Moos, kleinen Steinen, St\u00f6cken u.a.m. noch eine kleine Spiellandschaft zu bauen, in der sich die Schnecken wohl f\u00fchlen. Als Untergrund k\u00f6nnt ihr dazu gut ein gro\u00dfes St\u00fcck Pappe (beispielsweise die R\u00fcckseite von einem Malblock) verwenden.<\/p>\n<p style=\"text-align: center;\"><a href=\"https:\/\/www.sabine-seyffert.de\/blog\/wp-content\/uploads\/2021\/05\/Schnecken-aus-Pappe-Sabine-Seyffert.de-2.jpg\"><img loading=\"lazy\" decoding=\"async\" class=\"alignnone size-full wp-image-20001\" src=\"https:\/\/www.sabine-seyffert.de\/blog\/wp-content\/uploads\/2021\/05\/Schnecken-aus-Pappe-Sabine-Seyffert.de-2.jpg\" alt=\"\" width=\"600\" height=\"800\" srcset=\"https:\/\/www.sabine-seyffert.de\/blog\/wp-content\/uploads\/2021\/05\/Schnecken-aus-Pappe-Sabine-Seyffert.de-2.jpg 600w, https:\/\/www.sabine-seyffert.de\/blog\/wp-content\/uploads\/2021\/05\/Schnecken-aus-Pappe-Sabine-Seyffert.de-2-225x300.jpg 225w\" sizes=\"auto, (max-width: 600px) 100vw, 600px\" \/><\/a><\/p>\n<p style=\"text-align: justify;\">Kreative Do-it-Yourself Ideen zum Mitmachen f\u00fcr Kinder findet ihr \u00fcbrigens in <a href=\"https:\/\/www.sabine-seyffert.de\/blog\/?cat=32\" target=\"_blank\" rel=\"noopener noreferrer\">dieser Blog Kategorie<\/a>, alles zum Thema Upcycling mit detaillierter Bastelanleitung gibt es in <a href=\"https:\/\/www.sabine-seyffert.de\/blog\/?cat=47\" target=\"_blank\" rel=\"noopener noreferrer\">dieser Rubrik<\/a>, alles rund um die Fr\u00fchlingszeit sind in <a href=\"https:\/\/www.sabine-seyffert.de\/blog\/?cat=23\" target=\"_blank\" rel=\"noopener noreferrer\">diesem Blog Ordner<\/a> andere kreative Sachen auch an <a href=\"https:\/\/www.pinterest.de\/diysabineseyffert\/\" target=\"_blank\" rel=\"noopener noreferrer\">dieser Stelle<\/a>.<\/p>\n<p style=\"text-align: center;\"><a href=\"https:\/\/www.sabine-seyffert.de\/blog\/wp-content\/uploads\/2021\/05\/Schnecken-aus-Pappe-Sabine-Seyffert.de-1.jpg\"><img loading=\"lazy\" decoding=\"async\" class=\"alignnone size-full wp-image-20000\" src=\"https:\/\/www.sabine-seyffert.de\/blog\/wp-content\/uploads\/2021\/05\/Schnecken-aus-Pappe-Sabine-Seyffert.de-1.jpg\" alt=\"\" width=\"600\" height=\"800\" srcset=\"https:\/\/www.sabine-seyffert.de\/blog\/wp-content\/uploads\/2021\/05\/Schnecken-aus-Pappe-Sabine-Seyffert.de-1.jpg 600w, https:\/\/www.sabine-seyffert.de\/blog\/wp-content\/uploads\/2021\/05\/Schnecken-aus-Pappe-Sabine-Seyffert.de-1-225x300.jpg 225w\" sizes=\"auto, (max-width: 600px) 100vw, 600px\" \/><\/a><\/p>\n<p style=\"text-align: justify;\"><a href=\"https:\/\/www.sabine-seyffert.de\/blog\/?page_id=32#urheberrecht\">urheberrechtlich gesch\u00fctzt<\/a>, \u00a9 Sabine Seyffert<\/p>\n","protected":false},"excerpt":{"rendered":"<p>Am letzten Wochenende habe wir die kleine Regenpause nach dem Familien-Fr\u00fchst\u00fcck genutzt und eine Runde im Wald gedreht. Dabei haben wir allerhand Naturmaterial gesammelt und auch einige leere Schneckenh\u00e4user gefunden. An denen konnte ich nat\u00fcrlich nicht vorbei gehen, ohne sie mitzunehmen. Die sehen so sch\u00f6n aus und eignen sich nicht nur hervorragend als nat\u00fcrliche Deko,&#8230; <a href=\"https:\/\/www.sabine-seyffert.de\/blog\/blitzschnelle-bastelidee-fuer-kinder-bunte-schnecken-aus-pappe-mit-schneckenhaus-selbermachen\/\" class=\"more-link\">Read more: Blitzschnelle Bastelidee f\u00fcr Kinder: Bunte Schnecken aus Pappe mit Schneckenhaus selbermachen<\/a><\/p>\n","protected":false},"author":2,"featured_media":0,"comment_status":"open","ping_status":"open","sticky":false,"template":"","format":"standard","meta":{"_metis_text_type":"","_metis_text_length":2390,"_post_count":0,"footnotes":""},"categories":[23,25,24,47],"tags":[],"class_list":["post-19997","post","type-post","status-publish","format-standard","hentry","category-fruhling","category-herbst","category-sommer","category-upcyceltes"],"_links":{"self":[{"href":"https:\/\/www.sabine-seyffert.de\/blog\/wp-json\/wp\/v2\/posts\/19997","targetHints":{"allow":["GET"]}}],"collection":[{"href":"https:\/\/www.sabine-seyffert.de\/blog\/wp-json\/wp\/v2\/posts"}],"about":[{"href":"https:\/\/www.sabine-seyffert.de\/blog\/wp-json\/wp\/v2\/types\/post"}],"author":[{"embeddable":true,"href":"https:\/\/www.sabine-seyffert.de\/blog\/wp-json\/wp\/v2\/users\/2"}],"replies":[{"embeddable":true,"href":"https:\/\/www.sabine-seyffert.de\/blog\/wp-json\/wp\/v2\/comments?post=19997"}],"version-history":[{"count":3,"href":"https:\/\/www.sabine-seyffert.de\/blog\/wp-json\/wp\/v2\/posts\/19997\/revisions"}],"predecessor-version":[{"id":23915,"href":"https:\/\/www.sabine-seyffert.de\/blog\/wp-json\/wp\/v2\/posts\/19997\/revisions\/23915"}],"wp:attachment":[{"href":"https:\/\/www.sabine-seyffert.de\/blog\/wp-json\/wp\/v2\/media?parent=19997"}],"wp:term":[{"taxonomy":"category","embeddable":true,"href":"https:\/\/www.sabine-seyffert.de\/blog\/wp-json\/wp\/v2\/categories?post=19997"},{"taxonomy":"post_tag","embeddable":true,"href":"https:\/\/www.sabine-seyffert.de\/blog\/wp-json\/wp\/v2\/tags?post=19997"}],"curies":[{"name":"wp","href":"https:\/\/api.w.org\/{rel}","templated":true}]}}