{"id":19982,"date":"2021-05-28T11:47:12","date_gmt":"2021-05-28T09:47:12","guid":{"rendered":"https:\/\/www.sabine-seyffert.de\/blog\/?p=19982"},"modified":"2021-05-28T11:47:12","modified_gmt":"2021-05-28T09:47:12","slug":"kreative-diy-bastelidee-fuer-kinder-suesse-bienen-aus-loeffeln-basteln","status":"publish","type":"post","link":"https:\/\/www.sabine-seyffert.de\/blog\/kreative-diy-bastelidee-fuer-kinder-suesse-bienen-aus-loeffeln-basteln\/","title":{"rendered":"Kreative DIY Bastelidee f\u00fcr Kinder: S\u00fc\u00dfe Bienen aus L\u00f6ffeln basteln"},"content":{"rendered":"<p style=\"text-align: justify;\"><img loading=\"lazy\" decoding=\"async\" src=\"https:\/\/vg06.met.vgwort.de\/na\/063b0516669541f29fe695adf70c7b0e\" alt=\"\" width=\"1\" height=\"1\" \/>Nachdem beim Weltbienentag die selbst gemachten <a href=\"https:\/\/www.sabine-seyffert.de\/blog\/?p=19897\" target=\"_blank\" rel=\"noopener noreferrer\">Bienchen Kekse am Stiel<\/a> so gut ankamen, zeige ich euch nun noch eine weitere sch\u00f6ne Idee mit diesem so wichtigen Tier. Auf dem Blog findet ihr rund um die Biene schon einige Bastelideen, wie beispielsweise das <a href=\"https:\/\/www.sabine-seyffert.de\/blog\/?p=19581\" target=\"_blank\" rel=\"noopener noreferrer\">Upcycling Exemplar in XL<\/a>, die s\u00fc\u00dfe <a href=\"https:\/\/www.sabine-seyffert.de\/blog\/?p=19546\" target=\"_blank\" rel=\"noopener noreferrer\">Erdnuss Biene<\/a> als Geschenkverpackung, die durchsichtige <a href=\"https:\/\/www.sabine-seyffert.de\/blog\/?p=16599\" target=\"_blank\" rel=\"noopener noreferrer\">Biene aus Joghurtdeckel<\/a> als Fensterdeko, die s\u00fc\u00dfe <a href=\"https:\/\/www.sabine-seyffert.de\/blog\/?p=16080\" target=\"_blank\" rel=\"noopener noreferrer\">Biene aus einer Streichholzschachtel<\/a> u.a.m.<\/p>\n<p style=\"text-align: center;\"><a href=\"https:\/\/www.sabine-seyffert.de\/blog\/wp-content\/uploads\/2021\/05\/Biene-L\u00f6ffel-Sabine-Seyffert.de-1.jpg\"><img loading=\"lazy\" decoding=\"async\" class=\"alignnone size-full wp-image-19983\" src=\"https:\/\/www.sabine-seyffert.de\/blog\/wp-content\/uploads\/2021\/05\/Biene-L\u00f6ffel-Sabine-Seyffert.de-1.jpg\" alt=\"\" width=\"800\" height=\"600\" srcset=\"https:\/\/www.sabine-seyffert.de\/blog\/wp-content\/uploads\/2021\/05\/Biene-L\u00f6ffel-Sabine-Seyffert.de-1.jpg 800w, https:\/\/www.sabine-seyffert.de\/blog\/wp-content\/uploads\/2021\/05\/Biene-L\u00f6ffel-Sabine-Seyffert.de-1-300x225.jpg 300w, https:\/\/www.sabine-seyffert.de\/blog\/wp-content\/uploads\/2021\/05\/Biene-L\u00f6ffel-Sabine-Seyffert.de-1-768x576.jpg 768w\" sizes=\"auto, (max-width: 800px) 100vw, 800px\" \/><\/a><\/p>\n<p style=\"text-align: justify;\"><strong>Das wird gebraucht:<\/strong><br \/>\nHolzl\u00f6ffel, Pinsel, Bastelfarbe in gelb, wei\u00df &amp; schwarz (fl\u00fcssig oder als Lackstift), Basteldraht, kleine Holzperlen, eine Bastelschere, Bastelkleber \/ Klebestift, wei\u00dfes Seidenpapier (ersatzweise Krepppapier, T\u00fcll, Obstnetze wie bei <a href=\"https:\/\/www.sabine-seyffert.de\/blog\/?p=19581\" target=\"_blank\" rel=\"noopener noreferrer\">dieser Idee<\/a> oder selbst gemachtes Bastelpapier), eine Bastelunterlage, <a href=\"https:\/\/www.sabine-seyffert.de\/blog\/?p=12310\" target=\"_blank\" rel=\"noopener noreferrer\">Malkittel<\/a> sowie eine Hei\u00dfklebepistole samt Klebepatrone<\/p>\n<p style=\"text-align: center;\"><a href=\"https:\/\/www.sabine-seyffert.de\/blog\/wp-content\/uploads\/2021\/05\/Biene-L\u00f6ffel-Sabine-Seyffert.de-0.jpg\"><img loading=\"lazy\" decoding=\"async\" class=\"alignnone size-full wp-image-19990\" src=\"https:\/\/www.sabine-seyffert.de\/blog\/wp-content\/uploads\/2021\/05\/Biene-L\u00f6ffel-Sabine-Seyffert.de-0.jpg\" alt=\"\" width=\"800\" height=\"600\" srcset=\"https:\/\/www.sabine-seyffert.de\/blog\/wp-content\/uploads\/2021\/05\/Biene-L\u00f6ffel-Sabine-Seyffert.de-0.jpg 800w, https:\/\/www.sabine-seyffert.de\/blog\/wp-content\/uploads\/2021\/05\/Biene-L\u00f6ffel-Sabine-Seyffert.de-0-300x225.jpg 300w, https:\/\/www.sabine-seyffert.de\/blog\/wp-content\/uploads\/2021\/05\/Biene-L\u00f6ffel-Sabine-Seyffert.de-0-768x576.jpg 768w\" sizes=\"auto, (max-width: 800px) 100vw, 800px\" \/><\/a><\/p>\n<p style=\"text-align: justify;\"><strong>So wird\u2019s gemacht:<\/strong><br \/>\nDenkt an die Malkittel und daran, den Tisch abzudecken, damit keine Farbe drauf kleckert.<\/p>\n<p style=\"text-align: center;\"><a href=\"https:\/\/www.sabine-seyffert.de\/blog\/wp-content\/uploads\/2021\/05\/Biene-L\u00f6ffel-Sabine-Seyffert.de-9.jpg\"><img loading=\"lazy\" decoding=\"async\" class=\"alignnone size-full wp-image-19991\" src=\"https:\/\/www.sabine-seyffert.de\/blog\/wp-content\/uploads\/2021\/05\/Biene-L\u00f6ffel-Sabine-Seyffert.de-9.jpg\" alt=\"\" width=\"800\" height=\"600\" srcset=\"https:\/\/www.sabine-seyffert.de\/blog\/wp-content\/uploads\/2021\/05\/Biene-L\u00f6ffel-Sabine-Seyffert.de-9.jpg 800w, https:\/\/www.sabine-seyffert.de\/blog\/wp-content\/uploads\/2021\/05\/Biene-L\u00f6ffel-Sabine-Seyffert.de-9-300x225.jpg 300w, https:\/\/www.sabine-seyffert.de\/blog\/wp-content\/uploads\/2021\/05\/Biene-L\u00f6ffel-Sabine-Seyffert.de-9-768x576.jpg 768w\" sizes=\"auto, (max-width: 800px) 100vw, 800px\" \/><\/a><\/p>\n<p style=\"text-align: justify;\">Dann schnappt euch jeder einen der L\u00f6ffel und malt diesen am Stiel mit dem f\u00fcr die Biene typischen Streifenmuster an.<\/p>\n<p style=\"text-align: center;\"><a href=\"https:\/\/www.sabine-seyffert.de\/blog\/wp-content\/uploads\/2021\/05\/Biene-L\u00f6ffel-Sabine-Seyffert.de-8.jpg\"><img loading=\"lazy\" decoding=\"async\" class=\"alignnone size-full wp-image-19992\" src=\"https:\/\/www.sabine-seyffert.de\/blog\/wp-content\/uploads\/2021\/05\/Biene-L\u00f6ffel-Sabine-Seyffert.de-8.jpg\" alt=\"\" width=\"800\" height=\"600\" srcset=\"https:\/\/www.sabine-seyffert.de\/blog\/wp-content\/uploads\/2021\/05\/Biene-L\u00f6ffel-Sabine-Seyffert.de-8.jpg 800w, https:\/\/www.sabine-seyffert.de\/blog\/wp-content\/uploads\/2021\/05\/Biene-L\u00f6ffel-Sabine-Seyffert.de-8-300x225.jpg 300w, https:\/\/www.sabine-seyffert.de\/blog\/wp-content\/uploads\/2021\/05\/Biene-L\u00f6ffel-Sabine-Seyffert.de-8-768x576.jpg 768w\" sizes=\"auto, (max-width: 800px) 100vw, 800px\" \/><\/a><\/p>\n<p style=\"text-align: justify;\">Ob ihr daf\u00fcr fl\u00fcssige Bastelfarbe samt Pinsel nehmt, einen farbigen Lackstift oder gar mit einer anderen gelben Farbe eurer Wahl ist gleich.<\/p>\n<p style=\"text-align: center;\"><a href=\"https:\/\/www.sabine-seyffert.de\/blog\/wp-content\/uploads\/2021\/05\/Biene-L\u00f6ffel-Sabine-Seyffert.de-7.jpg\"><img loading=\"lazy\" decoding=\"async\" class=\"alignnone size-full wp-image-19993\" src=\"https:\/\/www.sabine-seyffert.de\/blog\/wp-content\/uploads\/2021\/05\/Biene-L\u00f6ffel-Sabine-Seyffert.de-7.jpg\" alt=\"\" width=\"800\" height=\"600\" srcset=\"https:\/\/www.sabine-seyffert.de\/blog\/wp-content\/uploads\/2021\/05\/Biene-L\u00f6ffel-Sabine-Seyffert.de-7.jpg 800w, https:\/\/www.sabine-seyffert.de\/blog\/wp-content\/uploads\/2021\/05\/Biene-L\u00f6ffel-Sabine-Seyffert.de-7-300x225.jpg 300w, https:\/\/www.sabine-seyffert.de\/blog\/wp-content\/uploads\/2021\/05\/Biene-L\u00f6ffel-Sabine-Seyffert.de-7-768x576.jpg 768w\" sizes=\"auto, (max-width: 800px) 100vw, 800px\" \/><\/a><\/p>\n<p style=\"text-align: justify;\">Noch einfacher geht es, wenn ihr gelbes Masking Tapes \/ Washi Tape zur Hand habt.<\/p>\n<p style=\"text-align: center;\"><a href=\"https:\/\/www.sabine-seyffert.de\/blog\/wp-content\/uploads\/2021\/05\/Biene-L\u00f6ffel-Sabine-Seyffert.de-6.jpg\"><img loading=\"lazy\" decoding=\"async\" class=\"alignnone size-full wp-image-19994\" src=\"https:\/\/www.sabine-seyffert.de\/blog\/wp-content\/uploads\/2021\/05\/Biene-L\u00f6ffel-Sabine-Seyffert.de-6.jpg\" alt=\"\" width=\"800\" height=\"600\" srcset=\"https:\/\/www.sabine-seyffert.de\/blog\/wp-content\/uploads\/2021\/05\/Biene-L\u00f6ffel-Sabine-Seyffert.de-6.jpg 800w, https:\/\/www.sabine-seyffert.de\/blog\/wp-content\/uploads\/2021\/05\/Biene-L\u00f6ffel-Sabine-Seyffert.de-6-300x225.jpg 300w, https:\/\/www.sabine-seyffert.de\/blog\/wp-content\/uploads\/2021\/05\/Biene-L\u00f6ffel-Sabine-Seyffert.de-6-768x576.jpg 768w\" sizes=\"auto, (max-width: 800px) 100vw, 800px\" \/><\/a><\/p>\n<p style=\"text-align: justify;\">Dann k\u00f6nnt ihr einfach damit das Streifenmuster um den L\u00f6ffelgriff kleben.<\/p>\n<p style=\"text-align: center;\"><a href=\"https:\/\/www.sabine-seyffert.de\/blog\/wp-content\/uploads\/2021\/05\/Biene-L\u00f6ffel-Sabine-Seyffert.de-4.jpg\"><img loading=\"lazy\" decoding=\"async\" class=\"alignnone size-full wp-image-19989\" src=\"https:\/\/www.sabine-seyffert.de\/blog\/wp-content\/uploads\/2021\/05\/Biene-L\u00f6ffel-Sabine-Seyffert.de-4.jpg\" alt=\"\" width=\"800\" height=\"600\" srcset=\"https:\/\/www.sabine-seyffert.de\/blog\/wp-content\/uploads\/2021\/05\/Biene-L\u00f6ffel-Sabine-Seyffert.de-4.jpg 800w, https:\/\/www.sabine-seyffert.de\/blog\/wp-content\/uploads\/2021\/05\/Biene-L\u00f6ffel-Sabine-Seyffert.de-4-300x225.jpg 300w, https:\/\/www.sabine-seyffert.de\/blog\/wp-content\/uploads\/2021\/05\/Biene-L\u00f6ffel-Sabine-Seyffert.de-4-768x576.jpg 768w\" sizes=\"auto, (max-width: 800px) 100vw, 800px\" \/><\/a><\/p>\n<p style=\"text-align: justify;\">Au\u00dferdem braucht eure Biene ein Gesicht. Das l\u00e4sst sich aufmalen (Pinsel, Filzstifte) oder auch aufkleben (wei\u00dfe mit dem Locher ausgestanzte Kreise oder Wackelaugen).<\/p>\n<p style=\"text-align: center;\"><a href=\"https:\/\/www.sabine-seyffert.de\/blog\/wp-content\/uploads\/2021\/05\/Biene-L\u00f6ffel-Sabine-Seyffert.de-3.jpg\"><img loading=\"lazy\" decoding=\"async\" class=\"alignnone size-full wp-image-19988\" src=\"https:\/\/www.sabine-seyffert.de\/blog\/wp-content\/uploads\/2021\/05\/Biene-L\u00f6ffel-Sabine-Seyffert.de-3.jpg\" alt=\"\" width=\"800\" height=\"600\" srcset=\"https:\/\/www.sabine-seyffert.de\/blog\/wp-content\/uploads\/2021\/05\/Biene-L\u00f6ffel-Sabine-Seyffert.de-3.jpg 800w, https:\/\/www.sabine-seyffert.de\/blog\/wp-content\/uploads\/2021\/05\/Biene-L\u00f6ffel-Sabine-Seyffert.de-3-300x225.jpg 300w, https:\/\/www.sabine-seyffert.de\/blog\/wp-content\/uploads\/2021\/05\/Biene-L\u00f6ffel-Sabine-Seyffert.de-3-768x576.jpg 768w\" sizes=\"auto, (max-width: 800px) 100vw, 800px\" \/><\/a><\/p>\n<p style=\"text-align: justify;\">F\u00fcr die Fl\u00fcgel schneidet ihr euch in passender Gr\u00f6\u00dfe St\u00fccke aus dem Seidenpapier. Falls ihr das nicht habt, sind beim Material oben passende Alternativen angegeben.<\/p>\n<p style=\"text-align: center;\"><a href=\"https:\/\/www.sabine-seyffert.de\/blog\/wp-content\/uploads\/2021\/05\/Biene-L\u00f6ffel-Sabine-Seyffert.de-2.jpg\"><img loading=\"lazy\" decoding=\"async\" class=\"alignnone size-full wp-image-19987\" src=\"https:\/\/www.sabine-seyffert.de\/blog\/wp-content\/uploads\/2021\/05\/Biene-L\u00f6ffel-Sabine-Seyffert.de-2.jpg\" alt=\"\" width=\"800\" height=\"600\" srcset=\"https:\/\/www.sabine-seyffert.de\/blog\/wp-content\/uploads\/2021\/05\/Biene-L\u00f6ffel-Sabine-Seyffert.de-2.jpg 800w, https:\/\/www.sabine-seyffert.de\/blog\/wp-content\/uploads\/2021\/05\/Biene-L\u00f6ffel-Sabine-Seyffert.de-2-300x225.jpg 300w, https:\/\/www.sabine-seyffert.de\/blog\/wp-content\/uploads\/2021\/05\/Biene-L\u00f6ffel-Sabine-Seyffert.de-2-768x576.jpg 768w\" sizes=\"auto, (max-width: 800px) 100vw, 800px\" \/><\/a><\/p>\n<p style=\"text-align: justify;\">Zum Schluss noch aus Draht und Perlen zwei F\u00fchler gestalten und auf der R\u00fcckseite mit einem Tropfen Hei\u00dfkleber fixieren.<\/p>\n<p style=\"text-align: center;\"><a href=\"https:\/\/www.sabine-seyffert.de\/blog\/wp-content\/uploads\/2021\/05\/Biene-L\u00f6ffel-Sabine-Seyffert.de-12.jpg\"><img loading=\"lazy\" decoding=\"async\" class=\"alignnone size-full wp-image-19986\" src=\"https:\/\/www.sabine-seyffert.de\/blog\/wp-content\/uploads\/2021\/05\/Biene-L\u00f6ffel-Sabine-Seyffert.de-12.jpg\" alt=\"\" width=\"600\" height=\"800\" srcset=\"https:\/\/www.sabine-seyffert.de\/blog\/wp-content\/uploads\/2021\/05\/Biene-L\u00f6ffel-Sabine-Seyffert.de-12.jpg 600w, https:\/\/www.sabine-seyffert.de\/blog\/wp-content\/uploads\/2021\/05\/Biene-L\u00f6ffel-Sabine-Seyffert.de-12-225x300.jpg 225w\" sizes=\"auto, (max-width: 600px) 100vw, 600px\" \/><\/a><\/p>\n<p style=\"text-align: justify;\">Bei der <a href=\"https:\/\/www.instagram.com\/diy_sabine_seyffert\/\" target=\"_blank\" rel=\"noopener noreferrer\">#DIYchallengederwoche<\/a> sammeln wir gerade blitzschnelle Bastelideen. Schaut gerne vorbei. Wer mag, darf herzlich gerne mitmachen!<\/p>\n<p style=\"text-align: center;\"><a href=\"https:\/\/www.sabine-seyffert.de\/blog\/wp-content\/uploads\/2021\/05\/Biene-L\u00f6ffel-Sabine-Seyffert.de-11.jpg\"><img loading=\"lazy\" decoding=\"async\" class=\"alignnone size-full wp-image-19985\" src=\"https:\/\/www.sabine-seyffert.de\/blog\/wp-content\/uploads\/2021\/05\/Biene-L\u00f6ffel-Sabine-Seyffert.de-11.jpg\" alt=\"\" width=\"600\" height=\"800\" srcset=\"https:\/\/www.sabine-seyffert.de\/blog\/wp-content\/uploads\/2021\/05\/Biene-L\u00f6ffel-Sabine-Seyffert.de-11.jpg 600w, https:\/\/www.sabine-seyffert.de\/blog\/wp-content\/uploads\/2021\/05\/Biene-L\u00f6ffel-Sabine-Seyffert.de-11-225x300.jpg 225w\" sizes=\"auto, (max-width: 600px) 100vw, 600px\" \/><\/a><\/p>\n<p style=\"text-align: justify;\">Kreative Do-it-Yourself Ideen zum Mitmachen f\u00fcr Kinder findet ihr \u00fcbrigens in <a href=\"https:\/\/www.sabine-seyffert.de\/blog\/?cat=32\" target=\"_blank\" rel=\"noopener noreferrer\">dieser Blog Kategorie<\/a>, alles zum Thema Upcycling mit detaillierter Bastelanleitung gibt es in <a href=\"https:\/\/www.sabine-seyffert.de\/blog\/?cat=47\" target=\"_blank\" rel=\"noopener noreferrer\">dieser Rubrik<\/a>, alles rund um die Fr\u00fchlingszeit sind in <a href=\"https:\/\/www.sabine-seyffert.de\/blog\/?cat=23\" target=\"_blank\" rel=\"noopener noreferrer\">diesem Blog Ordner<\/a> andere kreative Sachen auch an <a href=\"https:\/\/www.pinterest.de\/diysabineseyffert\/\" target=\"_blank\" rel=\"noopener noreferrer\">dieser Stelle<\/a>.<\/p>\n<p style=\"text-align: center;\"><a href=\"https:\/\/www.sabine-seyffert.de\/blog\/wp-content\/uploads\/2021\/05\/Biene-L\u00f6ffel-Sabine-Seyffert.de-10.jpg\"><img loading=\"lazy\" decoding=\"async\" class=\"alignnone size-full wp-image-19984\" src=\"https:\/\/www.sabine-seyffert.de\/blog\/wp-content\/uploads\/2021\/05\/Biene-L\u00f6ffel-Sabine-Seyffert.de-10.jpg\" alt=\"\" width=\"600\" height=\"800\" srcset=\"https:\/\/www.sabine-seyffert.de\/blog\/wp-content\/uploads\/2021\/05\/Biene-L\u00f6ffel-Sabine-Seyffert.de-10.jpg 600w, https:\/\/www.sabine-seyffert.de\/blog\/wp-content\/uploads\/2021\/05\/Biene-L\u00f6ffel-Sabine-Seyffert.de-10-225x300.jpg 225w\" sizes=\"auto, (max-width: 600px) 100vw, 600px\" \/><\/a><\/p>\n<p style=\"text-align: justify;\"><a href=\"https:\/\/www.sabine-seyffert.de\/blog\/?page_id=32#urheberrecht\">urheberrechtlich gesch\u00fctzt<\/a>, \u00a9 Sabine Seyffert<\/p>\n","protected":false},"excerpt":{"rendered":"<p>Nachdem beim Weltbienentag die selbst gemachten Bienchen Kekse am Stiel so gut ankamen, zeige ich euch nun noch eine weitere sch\u00f6ne Idee mit diesem so wichtigen Tier. Auf dem Blog findet ihr rund um die Biene schon einige Bastelideen, wie beispielsweise das Upcycling Exemplar in XL, die s\u00fc\u00dfe Erdnuss Biene als Geschenkverpackung, die durchsichtige Biene&#8230; <a href=\"https:\/\/www.sabine-seyffert.de\/blog\/kreative-diy-bastelidee-fuer-kinder-suesse-bienen-aus-loeffeln-basteln\/\" class=\"more-link\">Read more: Kreative DIY Bastelidee f\u00fcr Kinder: S\u00fc\u00dfe Bienen aus L\u00f6ffeln basteln<\/a><\/p>\n","protected":false},"author":2,"featured_media":0,"comment_status":"open","ping_status":"open","sticky":false,"template":"","format":"standard","meta":{"_metis_text_type":"","_metis_text_length":2280,"_post_count":0,"footnotes":""},"categories":[32,23,24],"tags":[],"class_list":["post-19982","post","type-post","status-publish","format-standard","hentry","category-kreatives-fur-kleine-kinderhande","category-fruhling","category-sommer"],"_links":{"self":[{"href":"https:\/\/www.sabine-seyffert.de\/blog\/wp-json\/wp\/v2\/posts\/19982","targetHints":{"allow":["GET"]}}],"collection":[{"href":"https:\/\/www.sabine-seyffert.de\/blog\/wp-json\/wp\/v2\/posts"}],"about":[{"href":"https:\/\/www.sabine-seyffert.de\/blog\/wp-json\/wp\/v2\/types\/post"}],"author":[{"embeddable":true,"href":"https:\/\/www.sabine-seyffert.de\/blog\/wp-json\/wp\/v2\/users\/2"}],"replies":[{"embeddable":true,"href":"https:\/\/www.sabine-seyffert.de\/blog\/wp-json\/wp\/v2\/comments?post=19982"}],"version-history":[{"count":2,"href":"https:\/\/www.sabine-seyffert.de\/blog\/wp-json\/wp\/v2\/posts\/19982\/revisions"}],"predecessor-version":[{"id":19996,"href":"https:\/\/www.sabine-seyffert.de\/blog\/wp-json\/wp\/v2\/posts\/19982\/revisions\/19996"}],"wp:attachment":[{"href":"https:\/\/www.sabine-seyffert.de\/blog\/wp-json\/wp\/v2\/media?parent=19982"}],"wp:term":[{"taxonomy":"category","embeddable":true,"href":"https:\/\/www.sabine-seyffert.de\/blog\/wp-json\/wp\/v2\/categories?post=19982"},{"taxonomy":"post_tag","embeddable":true,"href":"https:\/\/www.sabine-seyffert.de\/blog\/wp-json\/wp\/v2\/tags?post=19982"}],"curies":[{"name":"wp","href":"https:\/\/api.w.org\/{rel}","templated":true}]}}