{"id":19967,"date":"2021-05-27T10:43:51","date_gmt":"2021-05-27T08:43:51","guid":{"rendered":"https:\/\/www.sabine-seyffert.de\/blog\/?p=19967"},"modified":"2022-09-02T11:16:43","modified_gmt":"2022-09-02T09:16:43","slug":"blitzschnelle-bastelidee-fuer-kinder-marienkaefer-aus-deckel-muffin-form-basteln","status":"publish","type":"post","link":"https:\/\/www.sabine-seyffert.de\/blog\/blitzschnelle-bastelidee-fuer-kinder-marienkaefer-aus-deckel-muffin-form-basteln\/","title":{"rendered":"Blitzschnelle Bastelidee f\u00fcr Kinder: Marienk\u00e4fer aus Deckel &#038; Muffin Form basteln"},"content":{"rendered":"<p style=\"text-align: justify;\"><img loading=\"lazy\" decoding=\"async\" src=\"https:\/\/vg06.met.vgwort.de\/na\/6f6a6678d9e145449292a2b17ee5906b\" alt=\"\" width=\"1\" height=\"1\" \/>Das Wetter l\u00e4sst uns aber auch wirklich im Stich. Damit der viele Regen nicht aufs Gem\u00fct schl\u00e4gt oder gar Langeweile im Kinderzimmer aufkommt, gibt es heute eine kreative Upcycling Idee, die sich ganz easypeasy Selbermachen l\u00e4sst. Die selbst gemachten Gl\u00fccksk\u00e4fer eignen sich prima um tolle Bilder oder Collagen damit zu gestalten oder einfach als kleiner Gl\u00fccksbringer oder Mitbringsel. Ebenso wie die <a href=\"https:\/\/www.sabine-seyffert.de\/blog\/?p=19923\" target=\"_blank\" rel=\"noopener noreferrer\">entspannten Faultiere<\/a>, die ich euch Anfang dieser Woche gezeigt habe, kann man auch die K\u00e4fer super aus sauberen Deckeln basteln. Also, rein in die <a href=\"https:\/\/www.sabine-seyffert.de\/blog\/?p=12310\" target=\"_blank\" rel=\"noopener noreferrer\">Malkittel<\/a> und los geht\u2019s.<\/p>\n<p style=\"text-align: center;\"><a href=\"https:\/\/www.sabine-seyffert.de\/blog\/wp-content\/uploads\/2021\/05\/K\u00e4fer-aus-Deckel-Sabine-Seyffert.de-4.jpg\"><img loading=\"lazy\" decoding=\"async\" class=\"alignnone size-full wp-image-19968\" src=\"https:\/\/www.sabine-seyffert.de\/blog\/wp-content\/uploads\/2021\/05\/K\u00e4fer-aus-Deckel-Sabine-Seyffert.de-4.jpg\" alt=\"\" width=\"800\" height=\"600\" srcset=\"https:\/\/www.sabine-seyffert.de\/blog\/wp-content\/uploads\/2021\/05\/K\u00e4fer-aus-Deckel-Sabine-Seyffert.de-4.jpg 800w, https:\/\/www.sabine-seyffert.de\/blog\/wp-content\/uploads\/2021\/05\/K\u00e4fer-aus-Deckel-Sabine-Seyffert.de-4-300x225.jpg 300w, https:\/\/www.sabine-seyffert.de\/blog\/wp-content\/uploads\/2021\/05\/K\u00e4fer-aus-Deckel-Sabine-Seyffert.de-4-768x576.jpg 768w\" sizes=\"auto, (max-width: 800px) 100vw, 800px\" \/><\/a><\/p>\n<p style=\"text-align: justify;\"><strong>Das wird gebraucht:<\/strong><br \/>\nLeere, saubere Deckel (wer keine Deckel hat, kann sich auch Kreise aus Pappe oder Tonkarton schneiden), schwarze Bastelfarbe, Pinsel, Pappe \/ Karton, ein Bleistift, eine Bastelschere, Bastelkleber \/ Klebestift, etwas Zeitungspapier, rote Muffinf\u00f6rmchen aus Papier, eine Hei\u00dfklebepistole samt Klebepatrone, eine Bastelunterlage sowie optional schwarzen Basteldraht (Papierdraht, Pfeiffenputzer) und kleine Holzperlen<\/p>\n<p style=\"text-align: center;\"><a href=\"https:\/\/www.sabine-seyffert.de\/blog\/wp-content\/uploads\/2021\/05\/K\u00e4fer-aus-Deckel-Sabine-Seyffert.de-9.jpg\"><img loading=\"lazy\" decoding=\"async\" class=\"alignnone size-full wp-image-19969\" src=\"https:\/\/www.sabine-seyffert.de\/blog\/wp-content\/uploads\/2021\/05\/K\u00e4fer-aus-Deckel-Sabine-Seyffert.de-9.jpg\" alt=\"\" width=\"800\" height=\"600\" srcset=\"https:\/\/www.sabine-seyffert.de\/blog\/wp-content\/uploads\/2021\/05\/K\u00e4fer-aus-Deckel-Sabine-Seyffert.de-9.jpg 800w, https:\/\/www.sabine-seyffert.de\/blog\/wp-content\/uploads\/2021\/05\/K\u00e4fer-aus-Deckel-Sabine-Seyffert.de-9-300x225.jpg 300w, https:\/\/www.sabine-seyffert.de\/blog\/wp-content\/uploads\/2021\/05\/K\u00e4fer-aus-Deckel-Sabine-Seyffert.de-9-768x576.jpg 768w\" sizes=\"auto, (max-width: 800px) 100vw, 800px\" \/><\/a><\/p>\n<p style=\"text-align: justify;\"><strong>So wird\u2019s gemacht:<\/strong><br \/>\nDeckt den Tisch ab und malt die obere Seite des Deckels schwarz an. Unsere Deckel waren bereits schwarz, in dem Fall kann man diesen Vorgang nat\u00fcrlich \u00fcberspringen.<\/p>\n<p style=\"text-align: center;\"><a href=\"https:\/\/www.sabine-seyffert.de\/blog\/wp-content\/uploads\/2021\/05\/K\u00e4fer-aus-Deckel-Sabine-Seyffert.de-8.jpg\"><img loading=\"lazy\" decoding=\"async\" class=\"alignnone size-full wp-image-19975\" src=\"https:\/\/www.sabine-seyffert.de\/blog\/wp-content\/uploads\/2021\/05\/K\u00e4fer-aus-Deckel-Sabine-Seyffert.de-8.jpg\" alt=\"\" width=\"800\" height=\"600\" srcset=\"https:\/\/www.sabine-seyffert.de\/blog\/wp-content\/uploads\/2021\/05\/K\u00e4fer-aus-Deckel-Sabine-Seyffert.de-8.jpg 800w, https:\/\/www.sabine-seyffert.de\/blog\/wp-content\/uploads\/2021\/05\/K\u00e4fer-aus-Deckel-Sabine-Seyffert.de-8-300x225.jpg 300w, https:\/\/www.sabine-seyffert.de\/blog\/wp-content\/uploads\/2021\/05\/K\u00e4fer-aus-Deckel-Sabine-Seyffert.de-8-768x576.jpg 768w\" sizes=\"auto, (max-width: 800px) 100vw, 800px\" \/><\/a><\/p>\n<p style=\"text-align: justify;\">Den Kopf haben wir aus Pappe geschnitten, die so gro\u00df sein sollte, dass man den Deckel gut darauf kleben und befestigen kann. Die Pappe malt man am Kopf ebenfalls schwarz.<\/p>\n<p style=\"text-align: center;\"><a href=\"https:\/\/www.sabine-seyffert.de\/blog\/wp-content\/uploads\/2021\/05\/K\u00e4fer-aus-Deckel-Sabine-Seyffert.de-7.jpg\"><img loading=\"lazy\" decoding=\"async\" class=\"alignnone size-full wp-image-19976\" src=\"https:\/\/www.sabine-seyffert.de\/blog\/wp-content\/uploads\/2021\/05\/K\u00e4fer-aus-Deckel-Sabine-Seyffert.de-7.jpg\" alt=\"\" width=\"800\" height=\"600\" srcset=\"https:\/\/www.sabine-seyffert.de\/blog\/wp-content\/uploads\/2021\/05\/K\u00e4fer-aus-Deckel-Sabine-Seyffert.de-7.jpg 800w, https:\/\/www.sabine-seyffert.de\/blog\/wp-content\/uploads\/2021\/05\/K\u00e4fer-aus-Deckel-Sabine-Seyffert.de-7-300x225.jpg 300w, https:\/\/www.sabine-seyffert.de\/blog\/wp-content\/uploads\/2021\/05\/K\u00e4fer-aus-Deckel-Sabine-Seyffert.de-7-768x576.jpg 768w\" sizes=\"auto, (max-width: 800px) 100vw, 800px\" \/><\/a><\/p>\n<p style=\"text-align: justify;\">F\u00fcr die Fl\u00fcgel kann man es sich super einfach machen und eine Papierbackform flachdr\u00fccken und mittig durchschneiden. Wer keine gepunkteten F\u00f6rmchen hat, kann die Punkte aufmalen oder mit dem Locher aus Papierresten stanzen und aufkleben.<\/p>\n<p style=\"text-align: center;\"><a href=\"https:\/\/www.sabine-seyffert.de\/blog\/wp-content\/uploads\/2021\/05\/K\u00e4fer-aus-Deckel-Sabine-Seyffert.de-6.jpg\"><img loading=\"lazy\" decoding=\"async\" class=\"alignnone size-full wp-image-19977\" src=\"https:\/\/www.sabine-seyffert.de\/blog\/wp-content\/uploads\/2021\/05\/K\u00e4fer-aus-Deckel-Sabine-Seyffert.de-6.jpg\" alt=\"\" width=\"800\" height=\"600\" srcset=\"https:\/\/www.sabine-seyffert.de\/blog\/wp-content\/uploads\/2021\/05\/K\u00e4fer-aus-Deckel-Sabine-Seyffert.de-6.jpg 800w, https:\/\/www.sabine-seyffert.de\/blog\/wp-content\/uploads\/2021\/05\/K\u00e4fer-aus-Deckel-Sabine-Seyffert.de-6-300x225.jpg 300w, https:\/\/www.sabine-seyffert.de\/blog\/wp-content\/uploads\/2021\/05\/K\u00e4fer-aus-Deckel-Sabine-Seyffert.de-6-768x576.jpg 768w\" sizes=\"auto, (max-width: 800px) 100vw, 800px\" \/><\/a><\/p>\n<p style=\"text-align: justify;\">Aus Draht und Perlen fertigt man die F\u00fchler, die sich in Form biegen und unter den Kopf kleben lassen. Damit der Deckel auf der Pappe h\u00e4lt, klebt man etwas verkn\u00fcllte Zeitung in die untere Seite.<\/p>\n<p style=\"text-align: center;\"><a href=\"https:\/\/www.sabine-seyffert.de\/blog\/wp-content\/uploads\/2021\/05\/K\u00e4fer-aus-Deckel-Sabine-Seyffert.de-5.jpg\"><img loading=\"lazy\" decoding=\"async\" class=\"alignnone size-full wp-image-19978\" src=\"https:\/\/www.sabine-seyffert.de\/blog\/wp-content\/uploads\/2021\/05\/K\u00e4fer-aus-Deckel-Sabine-Seyffert.de-5.jpg\" alt=\"\" width=\"800\" height=\"600\" srcset=\"https:\/\/www.sabine-seyffert.de\/blog\/wp-content\/uploads\/2021\/05\/K\u00e4fer-aus-Deckel-Sabine-Seyffert.de-5.jpg 800w, https:\/\/www.sabine-seyffert.de\/blog\/wp-content\/uploads\/2021\/05\/K\u00e4fer-aus-Deckel-Sabine-Seyffert.de-5-300x225.jpg 300w, https:\/\/www.sabine-seyffert.de\/blog\/wp-content\/uploads\/2021\/05\/K\u00e4fer-aus-Deckel-Sabine-Seyffert.de-5-768x576.jpg 768w\" sizes=\"auto, (max-width: 800px) 100vw, 800px\" \/><\/a><\/p>\n<p style=\"text-align: justify;\">Anschlie\u00dfend befestigt man diesen mit Hei\u00dfkleber auf der Pappe und fixiert mit einfachem Bastelkleber die Fl\u00fcgel seitlich daran.<\/p>\n<p style=\"text-align: center;\"><a href=\"https:\/\/www.sabine-seyffert.de\/blog\/wp-content\/uploads\/2021\/05\/K\u00e4fer-aus-Deckel-Sabine-Seyffert.de-3.jpg\"><img loading=\"lazy\" decoding=\"async\" class=\"alignnone size-full wp-image-19974\" src=\"https:\/\/www.sabine-seyffert.de\/blog\/wp-content\/uploads\/2021\/05\/K\u00e4fer-aus-Deckel-Sabine-Seyffert.de-3.jpg\" alt=\"\" width=\"800\" height=\"600\" srcset=\"https:\/\/www.sabine-seyffert.de\/blog\/wp-content\/uploads\/2021\/05\/K\u00e4fer-aus-Deckel-Sabine-Seyffert.de-3.jpg 800w, https:\/\/www.sabine-seyffert.de\/blog\/wp-content\/uploads\/2021\/05\/K\u00e4fer-aus-Deckel-Sabine-Seyffert.de-3-300x225.jpg 300w, https:\/\/www.sabine-seyffert.de\/blog\/wp-content\/uploads\/2021\/05\/K\u00e4fer-aus-Deckel-Sabine-Seyffert.de-3-768x576.jpg 768w\" sizes=\"auto, (max-width: 800px) 100vw, 800px\" \/><\/a><\/p>\n<p style=\"text-align: justify;\"><strong>Ein kleiner Tipp:<\/strong><br \/>\nMan muss zum Basteln nicht zwingend neues Bastelmaterial kaufen. Das haben wir <a href=\"https:\/\/www.sabine-seyffert.de\/blog\/?p=16055\" target=\"_blank\" rel=\"noopener noreferrer\">im Lockdown<\/a> nun wirklich gelernt. Die genannten Materialien sind lediglich Beispiele.<\/p>\n<p style=\"text-align: center;\"><a href=\"https:\/\/www.sabine-seyffert.de\/blog\/wp-content\/uploads\/2021\/05\/K\u00e4fer-aus-Deckel-Sabine-Seyffert.de-1.jpg\"><img loading=\"lazy\" decoding=\"async\" class=\"alignnone size-full wp-image-19973\" src=\"https:\/\/www.sabine-seyffert.de\/blog\/wp-content\/uploads\/2021\/05\/K\u00e4fer-aus-Deckel-Sabine-Seyffert.de-1.jpg\" alt=\"\" width=\"800\" height=\"600\" srcset=\"https:\/\/www.sabine-seyffert.de\/blog\/wp-content\/uploads\/2021\/05\/K\u00e4fer-aus-Deckel-Sabine-Seyffert.de-1.jpg 800w, https:\/\/www.sabine-seyffert.de\/blog\/wp-content\/uploads\/2021\/05\/K\u00e4fer-aus-Deckel-Sabine-Seyffert.de-1-300x225.jpg 300w, https:\/\/www.sabine-seyffert.de\/blog\/wp-content\/uploads\/2021\/05\/K\u00e4fer-aus-Deckel-Sabine-Seyffert.de-1-768x576.jpg 768w\" sizes=\"auto, (max-width: 800px) 100vw, 800px\" \/><\/a><\/p>\n<p style=\"text-align: justify;\">Ihr k\u00f6nnt stattdessen auch auf einfache Alltagssachen ausweichen, die man zuhause hat. So lassen sich die Augen auch aus Papierkreisen kleben, die man mit dem Locher ausstanzt, f\u00fcr F\u00fchler kann man aus Pappe schneiden und die Fl\u00fcgel aus <a href=\"https:\/\/www.sabine-seyffert.de\/blog\/?p=13917\" target=\"_blank\" rel=\"noopener noreferrer\">bemaltem Zeitungspapier<\/a>. Seid einfach kreativ &amp; probiert aus, was gut funktioniert oder fragt, falls Ihr euch unsicher seid \ud83d\ude42<\/p>\n<p style=\"text-align: center;\"><a href=\"https:\/\/www.sabine-seyffert.de\/blog\/wp-content\/uploads\/2021\/05\/K\u00e4fer-aus-Deckel-Sabine-Seyffert.de-2.jpg\"><img loading=\"lazy\" decoding=\"async\" class=\"alignnone size-full wp-image-19972\" src=\"https:\/\/www.sabine-seyffert.de\/blog\/wp-content\/uploads\/2021\/05\/K\u00e4fer-aus-Deckel-Sabine-Seyffert.de-2.jpg\" alt=\"\" width=\"800\" height=\"600\" srcset=\"https:\/\/www.sabine-seyffert.de\/blog\/wp-content\/uploads\/2021\/05\/K\u00e4fer-aus-Deckel-Sabine-Seyffert.de-2.jpg 800w, https:\/\/www.sabine-seyffert.de\/blog\/wp-content\/uploads\/2021\/05\/K\u00e4fer-aus-Deckel-Sabine-Seyffert.de-2-300x225.jpg 300w, https:\/\/www.sabine-seyffert.de\/blog\/wp-content\/uploads\/2021\/05\/K\u00e4fer-aus-Deckel-Sabine-Seyffert.de-2-768x576.jpg 768w\" sizes=\"auto, (max-width: 800px) 100vw, 800px\" \/><\/a><\/p>\n<p style=\"text-align: justify;\">Blitzschnelle Bastelidee gibt es \u00fcbrigens gerade bei der <a href=\"https:\/\/www.instagram.com\/diy_sabine_seyffert\/\" target=\"_blank\" rel=\"noopener noreferrer\">#DIYchallengederwoche<\/a>. Schaut doch mal vorbei!<\/p>\n<p style=\"text-align: center;\"><a href=\"https:\/\/www.sabine-seyffert.de\/blog\/wp-content\/uploads\/2021\/05\/K\u00e4fer-aus-Deckel-Sabine-Seyffert.de-12.jpg\"><img loading=\"lazy\" decoding=\"async\" class=\"alignnone size-full wp-image-19971\" src=\"https:\/\/www.sabine-seyffert.de\/blog\/wp-content\/uploads\/2021\/05\/K\u00e4fer-aus-Deckel-Sabine-Seyffert.de-12.jpg\" alt=\"\" width=\"600\" height=\"800\" srcset=\"https:\/\/www.sabine-seyffert.de\/blog\/wp-content\/uploads\/2021\/05\/K\u00e4fer-aus-Deckel-Sabine-Seyffert.de-12.jpg 600w, https:\/\/www.sabine-seyffert.de\/blog\/wp-content\/uploads\/2021\/05\/K\u00e4fer-aus-Deckel-Sabine-Seyffert.de-12-225x300.jpg 225w\" sizes=\"auto, (max-width: 600px) 100vw, 600px\" \/><\/a><\/p>\n<p style=\"text-align: justify;\">Kreative Do-it-Yourself Ideen f\u00fcr Kinder findet ihr \u00fcbrigens in <a href=\"https:\/\/www.sabine-seyffert.de\/blog\/?cat=32\" target=\"_blank\" rel=\"noopener noreferrer\">dieser Blog Kategorie<\/a>, alles zum Thema Upcycling mit detaillierter Bastelanleitung gibt es in <a href=\"https:\/\/www.sabine-seyffert.de\/blog\/?cat=47\" target=\"_blank\" rel=\"noopener noreferrer\">dieser Rubrik<\/a>, alles rund um die Fr\u00fchlingszeit sind in <a href=\"https:\/\/www.sabine-seyffert.de\/blog\/?cat=23\" target=\"_blank\" rel=\"noopener noreferrer\">diesem Blog Ordner<\/a> und andere kreative Sachen auch an <a href=\"https:\/\/www.pinterest.de\/diysabineseyffert\/\" target=\"_blank\" rel=\"noopener noreferrer\">dieser Stelle<\/a>.<\/p>\n<p style=\"text-align: center;\"><a href=\"https:\/\/www.sabine-seyffert.de\/blog\/wp-content\/uploads\/2021\/05\/K\u00e4fer-aus-Deckel-Sabine-Seyffert.de-11.jpg\"><img loading=\"lazy\" decoding=\"async\" class=\"alignnone size-full wp-image-19970\" src=\"https:\/\/www.sabine-seyffert.de\/blog\/wp-content\/uploads\/2021\/05\/K\u00e4fer-aus-Deckel-Sabine-Seyffert.de-11.jpg\" alt=\"\" width=\"600\" height=\"800\" srcset=\"https:\/\/www.sabine-seyffert.de\/blog\/wp-content\/uploads\/2021\/05\/K\u00e4fer-aus-Deckel-Sabine-Seyffert.de-11.jpg 600w, https:\/\/www.sabine-seyffert.de\/blog\/wp-content\/uploads\/2021\/05\/K\u00e4fer-aus-Deckel-Sabine-Seyffert.de-11-225x300.jpg 225w\" sizes=\"auto, (max-width: 600px) 100vw, 600px\" \/><\/a><\/p>\n<p style=\"text-align: justify;\"><a href=\"https:\/\/www.sabine-seyffert.de\/blog\/?page_id=32#urheberrecht\">urheberrechtlich gesch\u00fctzt<\/a>, \u00a9 Sabine Seyffert<\/p>\n","protected":false},"excerpt":{"rendered":"<p>Das Wetter l\u00e4sst uns aber auch wirklich im Stich. Damit der viele Regen nicht aufs Gem\u00fct schl\u00e4gt oder gar Langeweile im Kinderzimmer aufkommt, gibt es heute eine kreative Upcycling Idee, die sich ganz easypeasy Selbermachen l\u00e4sst. Die selbst gemachten Gl\u00fccksk\u00e4fer eignen sich prima um tolle Bilder oder Collagen damit zu gestalten oder einfach als kleiner&#8230; <a href=\"https:\/\/www.sabine-seyffert.de\/blog\/blitzschnelle-bastelidee-fuer-kinder-marienkaefer-aus-deckel-muffin-form-basteln\/\" class=\"more-link\">Read more: Blitzschnelle Bastelidee f\u00fcr Kinder: Marienk\u00e4fer aus Deckel &#038; Muffin Form basteln<\/a><\/p>\n","protected":false},"author":2,"featured_media":0,"comment_status":"open","ping_status":"open","sticky":false,"template":"","format":"standard","meta":{"_metis_text_type":"","_metis_text_length":2912,"_post_count":0,"footnotes":""},"categories":[32,23,47],"tags":[],"class_list":["post-19967","post","type-post","status-publish","format-standard","hentry","category-kreatives-fur-kleine-kinderhande","category-fruhling","category-upcyceltes"],"_links":{"self":[{"href":"https:\/\/www.sabine-seyffert.de\/blog\/wp-json\/wp\/v2\/posts\/19967","targetHints":{"allow":["GET"]}}],"collection":[{"href":"https:\/\/www.sabine-seyffert.de\/blog\/wp-json\/wp\/v2\/posts"}],"about":[{"href":"https:\/\/www.sabine-seyffert.de\/blog\/wp-json\/wp\/v2\/types\/post"}],"author":[{"embeddable":true,"href":"https:\/\/www.sabine-seyffert.de\/blog\/wp-json\/wp\/v2\/users\/2"}],"replies":[{"embeddable":true,"href":"https:\/\/www.sabine-seyffert.de\/blog\/wp-json\/wp\/v2\/comments?post=19967"}],"version-history":[{"count":4,"href":"https:\/\/www.sabine-seyffert.de\/blog\/wp-json\/wp\/v2\/posts\/19967\/revisions"}],"predecessor-version":[{"id":23883,"href":"https:\/\/www.sabine-seyffert.de\/blog\/wp-json\/wp\/v2\/posts\/19967\/revisions\/23883"}],"wp:attachment":[{"href":"https:\/\/www.sabine-seyffert.de\/blog\/wp-json\/wp\/v2\/media?parent=19967"}],"wp:term":[{"taxonomy":"category","embeddable":true,"href":"https:\/\/www.sabine-seyffert.de\/blog\/wp-json\/wp\/v2\/categories?post=19967"},{"taxonomy":"post_tag","embeddable":true,"href":"https:\/\/www.sabine-seyffert.de\/blog\/wp-json\/wp\/v2\/tags?post=19967"}],"curies":[{"name":"wp","href":"https:\/\/api.w.org\/{rel}","templated":true}]}}