{"id":19897,"date":"2021-05-20T06:00:40","date_gmt":"2021-05-20T04:00:40","guid":{"rendered":"https:\/\/www.sabine-seyffert.de\/blog\/?p=19897"},"modified":"2021-05-19T17:00:08","modified_gmt":"2021-05-19T15:00:08","slug":"suesse-bienen-kekse-am-stiel-backen-mit-kindern-zum-weltbienentag","status":"publish","type":"post","link":"https:\/\/www.sabine-seyffert.de\/blog\/suesse-bienen-kekse-am-stiel-backen-mit-kindern-zum-weltbienentag\/","title":{"rendered":"S\u00fc\u00dfe Bienen Kekse am Stiel \u2013 Backen mit Kindern zum Weltbienentag"},"content":{"rendered":"<p style=\"text-align: justify;\"><img loading=\"lazy\" decoding=\"async\" src=\"https:\/\/vg06.met.vgwort.de\/na\/daa40d83a69f445ea270f6bd2ed6513a\" alt=\"\" width=\"1\" height=\"1\" \/>Unter <a href=\"https:\/\/www.instagram.com\/diy_sabine_seyffert\/\" target=\"_blank\" rel=\"noopener noreferrer\">#summ_mit_uns<\/a> gibt es heute eine Vielzahl an kreativen Ideen rund um die Biene. Schlie\u00dflich ist heute Weltbienentag. Auch von mir ist ein Beitrag dabei uns zwar ein leckeres Rezept f\u00fcr knusprige Bienenkekse. Habt ihr auch Lust zu Backen? Dann ab in die K\u00fcche und backt mit!<\/p>\n<p style=\"text-align: center;\"><a href=\"https:\/\/www.sabine-seyffert.de\/blog\/wp-content\/uploads\/2021\/05\/Biene-Keks-am-Stiel-Sabine-Seyffert.de-4.jpg\"><img loading=\"lazy\" decoding=\"async\" class=\"alignnone size-full wp-image-19898\" src=\"https:\/\/www.sabine-seyffert.de\/blog\/wp-content\/uploads\/2021\/05\/Biene-Keks-am-Stiel-Sabine-Seyffert.de-4.jpg\" alt=\"\" width=\"800\" height=\"600\" srcset=\"https:\/\/www.sabine-seyffert.de\/blog\/wp-content\/uploads\/2021\/05\/Biene-Keks-am-Stiel-Sabine-Seyffert.de-4.jpg 800w, https:\/\/www.sabine-seyffert.de\/blog\/wp-content\/uploads\/2021\/05\/Biene-Keks-am-Stiel-Sabine-Seyffert.de-4-300x225.jpg 300w, https:\/\/www.sabine-seyffert.de\/blog\/wp-content\/uploads\/2021\/05\/Biene-Keks-am-Stiel-Sabine-Seyffert.de-4-768x576.jpg 768w\" sizes=\"auto, (max-width: 800px) 100vw, 800px\" \/><\/a><\/p>\n<p style=\"text-align: justify;\"><strong>Das wird gebraucht:<\/strong><br \/>\n150 g Mehl, 80 g Zucker, ein kleines Ei, 80-100 g Butter (kleiner Tipp, nehmt die Butter etwa 1 Stunde vor dem Backen aus dem K\u00fchlschrank, dann l\u00e4sst sie sich gut verarbeiten!), 1 Vanilleschote (oder ersatzweise 1 P\u00e4ckchen Vanillezucker), Backpapier oder Fett f\u00fcrs Blech, 1 runden Pl\u00e4tzchenausstecher \u201eKreis\u201c, Holzstiele (ersatzweise Schaschlikst\u00e4be aus Holz), 100 g Schokolade oder Kuvert\u00fcre, etwas Puderzucker, runde Oblaten<\/p>\n<p style=\"text-align: center;\"><a href=\"https:\/\/www.sabine-seyffert.de\/blog\/wp-content\/uploads\/2021\/05\/Biene-Keks-am-Stiel-Sabine-Seyffert.de-4.jpg\"><img loading=\"lazy\" decoding=\"async\" class=\"alignnone size-full wp-image-19898\" src=\"https:\/\/www.sabine-seyffert.de\/blog\/wp-content\/uploads\/2021\/05\/Biene-Keks-am-Stiel-Sabine-Seyffert.de-4.jpg\" alt=\"\" width=\"800\" height=\"600\" srcset=\"https:\/\/www.sabine-seyffert.de\/blog\/wp-content\/uploads\/2021\/05\/Biene-Keks-am-Stiel-Sabine-Seyffert.de-4.jpg 800w, https:\/\/www.sabine-seyffert.de\/blog\/wp-content\/uploads\/2021\/05\/Biene-Keks-am-Stiel-Sabine-Seyffert.de-4-300x225.jpg 300w, https:\/\/www.sabine-seyffert.de\/blog\/wp-content\/uploads\/2021\/05\/Biene-Keks-am-Stiel-Sabine-Seyffert.de-4-768x576.jpg 768w\" sizes=\"auto, (max-width: 800px) 100vw, 800px\" \/><\/a><\/p>\n<p style=\"text-align: justify;\"><strong>So wird\u2019s gemacht:<\/strong><br \/>\nAus Mehl, Zucker, Ei, Butter und Vanille bereitet ihr einen Pl\u00e4tzchenteig vor. Dazu sch\u00fcttet ihr alle Zutaten in eine Sch\u00fcssel und kneten diese gut durch. Dieser Teig kann direkt weiterverarbeitet werden. Rollt ihr auf etwas Mehl aus und stecht rund Kreise mit der Pl\u00e4tzchenform aus, die ihr auf ein gefettetes oder mit Backpapier ausgelegtes Blech legt. Die o.g. Menge hat bei uns exakt ein Blech ergeben.<\/p>\n<p style=\"text-align: center;\"><a href=\"https:\/\/www.sabine-seyffert.de\/blog\/wp-content\/uploads\/2021\/05\/Biene-Keks-am-Stiel-Sabine-Seyffert.de-3-1.jpg\"><img loading=\"lazy\" decoding=\"async\" class=\"alignnone size-full wp-image-19904\" src=\"https:\/\/www.sabine-seyffert.de\/blog\/wp-content\/uploads\/2021\/05\/Biene-Keks-am-Stiel-Sabine-Seyffert.de-3-1.jpg\" alt=\"\" width=\"800\" height=\"600\" srcset=\"https:\/\/www.sabine-seyffert.de\/blog\/wp-content\/uploads\/2021\/05\/Biene-Keks-am-Stiel-Sabine-Seyffert.de-3-1.jpg 800w, https:\/\/www.sabine-seyffert.de\/blog\/wp-content\/uploads\/2021\/05\/Biene-Keks-am-Stiel-Sabine-Seyffert.de-3-1-300x225.jpg 300w, https:\/\/www.sabine-seyffert.de\/blog\/wp-content\/uploads\/2021\/05\/Biene-Keks-am-Stiel-Sabine-Seyffert.de-3-1-768x576.jpg 768w\" sizes=\"auto, (max-width: 800px) 100vw, 800px\" \/><\/a><\/p>\n<p style=\"text-align: justify;\">Dann backt ihr die Pl\u00e4tzchen bei 175\u00b0 Grad f\u00fcr rund 15 Minuten. Schaut besser ab und an in den Ofen, da die Backzeit je nach Dicke des Teigs variiert.<br \/>\nSobald diese leicht gebr\u00e4unt sind, nehmt das Blech aus dem Ofen und lasst die Kekse ausk\u00fchlen. Im Wasserbad schmelzt ihr die Schokolade. In der Zwischenzeit schneidet euch die Oblaten mittig mit der Schere durch und legt euch pro Biene einen Holzspatel bereit. Dann bestreicht ihr einen Keks von der unteren Seite mit fl\u00fcssiger Schokolade, dr\u00fcckt zwei Oblaten H\u00e4lften als Fl\u00fcgel an den oberen Rand und unten legt ihr mittig den Stiel dazwischen.<\/p>\n<p style=\"text-align: center;\"><a href=\"https:\/\/www.sabine-seyffert.de\/blog\/wp-content\/uploads\/2021\/05\/Biene-Keks-am-Stiel-Sabine-Seyffert.de-1.jpg\"><img loading=\"lazy\" decoding=\"async\" class=\"alignnone size-full wp-image-19905\" src=\"https:\/\/www.sabine-seyffert.de\/blog\/wp-content\/uploads\/2021\/05\/Biene-Keks-am-Stiel-Sabine-Seyffert.de-1.jpg\" alt=\"\" width=\"800\" height=\"600\" srcset=\"https:\/\/www.sabine-seyffert.de\/blog\/wp-content\/uploads\/2021\/05\/Biene-Keks-am-Stiel-Sabine-Seyffert.de-1.jpg 800w, https:\/\/www.sabine-seyffert.de\/blog\/wp-content\/uploads\/2021\/05\/Biene-Keks-am-Stiel-Sabine-Seyffert.de-1-300x225.jpg 300w, https:\/\/www.sabine-seyffert.de\/blog\/wp-content\/uploads\/2021\/05\/Biene-Keks-am-Stiel-Sabine-Seyffert.de-1-768x576.jpg 768w\" sizes=\"auto, (max-width: 800px) 100vw, 800px\" \/><\/a><\/p>\n<p style=\"text-align: justify;\">Dann dr\u00fcckt ihr einen zweiten Keks von oben darauf und malt mit einem d\u00fcnnen, sauberen Pinsel das Streifenmuster auf. Den Mund kann man prima mit einem Zahnstocher malen, den man in die Schokolade taucht.<br \/>\nF\u00fcr die Augen r\u00fchrt man einen Teel\u00f6ffel Puderzucker mit ein paar Tropfen Leitungswasser an und tupft diese auf. Fertig ist das Lolli Bienchen!<\/p>\n<p style=\"text-align: center;\"><a href=\"https:\/\/www.sabine-seyffert.de\/blog\/wp-content\/uploads\/2021\/05\/Biene-Keks-am-Stiel-Sabine-Seyffert.de-5.jpg\"><img loading=\"lazy\" decoding=\"async\" class=\"alignnone size-full wp-image-19903\" src=\"https:\/\/www.sabine-seyffert.de\/blog\/wp-content\/uploads\/2021\/05\/Biene-Keks-am-Stiel-Sabine-Seyffert.de-5.jpg\" alt=\"\" width=\"600\" height=\"800\" srcset=\"https:\/\/www.sabine-seyffert.de\/blog\/wp-content\/uploads\/2021\/05\/Biene-Keks-am-Stiel-Sabine-Seyffert.de-5.jpg 600w, https:\/\/www.sabine-seyffert.de\/blog\/wp-content\/uploads\/2021\/05\/Biene-Keks-am-Stiel-Sabine-Seyffert.de-5-225x300.jpg 225w\" sizes=\"auto, (max-width: 600px) 100vw, 600px\" \/><\/a><\/p>\n<p style=\"text-align: justify;\"><strong>Ein kleiner Tipp:<\/strong><br \/>\nNett verpackt sind die tollen Kekslollis ein tolles Mitbringsel, dass man als Gastgeschenk auf einem sommerlichen Kindergeburtstag oder auch als Geschenk nutzen kann.<\/p>\n<p style=\"text-align: right;\"><a href=\"https:\/\/www.sabine-seyffert.de\/blog\/wp-content\/uploads\/2021\/05\/Biene-Keks-am-Stiel-Sabine-Seyffert.de-6.jpg\"><img loading=\"lazy\" decoding=\"async\" class=\"alignnone size-full wp-image-19902\" src=\"https:\/\/www.sabine-seyffert.de\/blog\/wp-content\/uploads\/2021\/05\/Biene-Keks-am-Stiel-Sabine-Seyffert.de-6.jpg\" alt=\"\" width=\"600\" height=\"800\" srcset=\"https:\/\/www.sabine-seyffert.de\/blog\/wp-content\/uploads\/2021\/05\/Biene-Keks-am-Stiel-Sabine-Seyffert.de-6.jpg 600w, https:\/\/www.sabine-seyffert.de\/blog\/wp-content\/uploads\/2021\/05\/Biene-Keks-am-Stiel-Sabine-Seyffert.de-6-225x300.jpg 225w\" sizes=\"auto, (max-width: 600px) 100vw, 600px\" \/><\/a><\/p>\n<p style=\"text-align: justify;\">Weitere Geschenke aus der K\u00fcche findet ihr \u00fcbrigens in <a href=\"https:\/\/www.sabine-seyffert.de\/blog\/?cat=43\" target=\"_blank\" rel=\"noopener noreferrer\">dieser Blog Kategorie<\/a>, DIY Geschenkideen zum Selbermachen mit detaillierter Bastelanleitung gibt es in <a href=\"https:\/\/www.sabine-seyffert.de\/blog\/?cat=36\" target=\"_blank\" rel=\"noopener noreferrer\">dieser Rubrik<\/a>, alles rund die Fr\u00fchlingszeit sind in <a href=\"https:\/\/www.sabine-seyffert.de\/blog\/?cat=23\" target=\"_blank\" rel=\"noopener noreferrer\">diesem Blog Ordner<\/a> oder kreative Ideen f\u00fcr Kinder gibt es an <a href=\"https:\/\/www.pinterest.de\/diysabineseyffert\/\" target=\"_blank\" rel=\"noopener noreferrer\">dieser Stelle<\/a>.<\/p>\n<p style=\"text-align: center;\"><a href=\"https:\/\/www.sabine-seyffert.de\/blog\/wp-content\/uploads\/2021\/05\/Biene-Keks-am-Stiel-Sabine-Seyffert.de-7.jpg\"><img loading=\"lazy\" decoding=\"async\" class=\"alignnone size-full wp-image-19901\" src=\"https:\/\/www.sabine-seyffert.de\/blog\/wp-content\/uploads\/2021\/05\/Biene-Keks-am-Stiel-Sabine-Seyffert.de-7.jpg\" alt=\"\" width=\"600\" height=\"800\" srcset=\"https:\/\/www.sabine-seyffert.de\/blog\/wp-content\/uploads\/2021\/05\/Biene-Keks-am-Stiel-Sabine-Seyffert.de-7.jpg 600w, https:\/\/www.sabine-seyffert.de\/blog\/wp-content\/uploads\/2021\/05\/Biene-Keks-am-Stiel-Sabine-Seyffert.de-7-225x300.jpg 225w\" sizes=\"auto, (max-width: 600px) 100vw, 600px\" \/><\/a><\/p>\n<p style=\"text-align: justify;\"><a href=\"https:\/\/www.sabine-seyffert.de\/blog\/?page_id=32#urheberrecht\">urheberrechtlich gesch\u00fctzt<\/a>, \u00a9 Sabine Seyffert<\/p>\n","protected":false},"excerpt":{"rendered":"<p>Unter #summ_mit_uns gibt es heute eine Vielzahl an kreativen Ideen rund um die Biene. Schlie\u00dflich ist heute Weltbienentag. Auch von mir ist ein Beitrag dabei uns zwar ein leckeres Rezept f\u00fcr knusprige Bienenkekse. Habt ihr auch Lust zu Backen? Dann ab in die K\u00fcche und backt mit! Das wird gebraucht: 150 g Mehl, 80 g&#8230; <a href=\"https:\/\/www.sabine-seyffert.de\/blog\/suesse-bienen-kekse-am-stiel-backen-mit-kindern-zum-weltbienentag\/\" class=\"more-link\">Read more: S\u00fc\u00dfe Bienen Kekse am Stiel \u2013 Backen mit Kindern zum Weltbienentag<\/a><\/p>\n","protected":false},"author":2,"featured_media":0,"comment_status":"open","ping_status":"open","sticky":false,"template":"","format":"standard","meta":{"_metis_text_type":"","_metis_text_length":2614,"_post_count":0,"footnotes":""},"categories":[43,36,31,24],"tags":[],"class_list":["post-19897","post","type-post","status-publish","format-standard","hentry","category-geschenke-aus-der-kueche","category-klitzekleine-geschenkideen","category-rezepte-suse-kuchen-co","category-sommer"],"_links":{"self":[{"href":"https:\/\/www.sabine-seyffert.de\/blog\/wp-json\/wp\/v2\/posts\/19897","targetHints":{"allow":["GET"]}}],"collection":[{"href":"https:\/\/www.sabine-seyffert.de\/blog\/wp-json\/wp\/v2\/posts"}],"about":[{"href":"https:\/\/www.sabine-seyffert.de\/blog\/wp-json\/wp\/v2\/types\/post"}],"author":[{"embeddable":true,"href":"https:\/\/www.sabine-seyffert.de\/blog\/wp-json\/wp\/v2\/users\/2"}],"replies":[{"embeddable":true,"href":"https:\/\/www.sabine-seyffert.de\/blog\/wp-json\/wp\/v2\/comments?post=19897"}],"version-history":[{"count":3,"href":"https:\/\/www.sabine-seyffert.de\/blog\/wp-json\/wp\/v2\/posts\/19897\/revisions"}],"predecessor-version":[{"id":19908,"href":"https:\/\/www.sabine-seyffert.de\/blog\/wp-json\/wp\/v2\/posts\/19897\/revisions\/19908"}],"wp:attachment":[{"href":"https:\/\/www.sabine-seyffert.de\/blog\/wp-json\/wp\/v2\/media?parent=19897"}],"wp:term":[{"taxonomy":"category","embeddable":true,"href":"https:\/\/www.sabine-seyffert.de\/blog\/wp-json\/wp\/v2\/categories?post=19897"},{"taxonomy":"post_tag","embeddable":true,"href":"https:\/\/www.sabine-seyffert.de\/blog\/wp-json\/wp\/v2\/tags?post=19897"}],"curies":[{"name":"wp","href":"https:\/\/api.w.org\/{rel}","templated":true}]}}