{"id":19782,"date":"2021-05-11T12:31:32","date_gmt":"2021-05-11T10:31:32","guid":{"rendered":"https:\/\/www.sabine-seyffert.de\/blog\/?p=19782"},"modified":"2022-09-02T11:17:12","modified_gmt":"2022-09-02T09:17:12","slug":"kreative-bastelidee-fuer-kinder-upcycling-sonne-aus-deckel-zeitung-kaeseschachtel","status":"publish","type":"post","link":"https:\/\/www.sabine-seyffert.de\/blog\/kreative-bastelidee-fuer-kinder-upcycling-sonne-aus-deckel-zeitung-kaeseschachtel\/","title":{"rendered":"Kreative Bastelidee f\u00fcr Kinder: Upcycling Sonne aus Deckel, Zeitung &#038; K\u00e4seschachtel"},"content":{"rendered":"<p style=\"text-align: justify;\"><img loading=\"lazy\" decoding=\"async\" src=\"https:\/\/vg07.met.vgwort.de\/na\/01e619e72a7d469181aae635279cdcb9\" alt=\"\" width=\"1\" height=\"1\" \/>Nach der einfachen &amp; schnellen <a href=\"https:\/\/www.sabine-seyffert.de\/blog\/?p=19772\" target=\"_blank\" rel=\"noopener noreferrer\">Bastelidee mit der upcycelten Wolke<\/a> samt der blauen Regentropfen gestern, gibt es heute mal wieder eine etwas aufw\u00e4ndigere Bastelidee. Allerdings ist diese ebenfalls aus kostenlosem Bastelmaterial gemacht. Bis auf Farbe und Kleber muss also nichts Neues gekauft werden. So k\u00f6nnt ihr auch ganz spontan mitmachen und gemeinsam mit uns eine leuchtende Sonne basteln. Habt ihr Lust?<\/p>\n<p style=\"text-align: center;\"><a href=\"https:\/\/www.sabine-seyffert.de\/blog\/wp-content\/uploads\/2021\/05\/Deckel-Sonne-Sabine-Seyffert.de-7.jpg\"><img loading=\"lazy\" decoding=\"async\" class=\"alignnone size-full wp-image-19783\" src=\"https:\/\/www.sabine-seyffert.de\/blog\/wp-content\/uploads\/2021\/05\/Deckel-Sonne-Sabine-Seyffert.de-7.jpg\" alt=\"\" width=\"800\" height=\"600\" srcset=\"https:\/\/www.sabine-seyffert.de\/blog\/wp-content\/uploads\/2021\/05\/Deckel-Sonne-Sabine-Seyffert.de-7.jpg 800w, https:\/\/www.sabine-seyffert.de\/blog\/wp-content\/uploads\/2021\/05\/Deckel-Sonne-Sabine-Seyffert.de-7-300x225.jpg 300w, https:\/\/www.sabine-seyffert.de\/blog\/wp-content\/uploads\/2021\/05\/Deckel-Sonne-Sabine-Seyffert.de-7-768x576.jpg 768w\" sizes=\"auto, (max-width: 800px) 100vw, 800px\" \/><\/a><\/p>\n<p style=\"text-align: justify;\"><strong>Das wird gebraucht:<\/strong><br \/>\nEinen Deckel (von einem Schraubglas, sauber &amp; trocken), ein kleines St\u00fcck Kordel (ersatzweise Wolle oder Geschenkbandreste), Pinsel, eine Bastelschere, eine alte Tageszeitung, einen Wasserfarbkasten inclusiv Deckwei\u00df, Bastelkleber \/ Klebstift, ein kleines St\u00fcck Seidenpapier (in gelb oder orange \u2013 alternativ bemaltes Zeitungspapier, einen kleinen Knopf oder eine Holz Perle) ,eine runde K\u00e4seschachtel (wir haben eine aus Holz verwendet), eine Malunterlage und einen <a href=\"https:\/\/www.sabine-seyffert.de\/blog\/?p=12310\" target=\"_blank\" rel=\"noopener noreferrer\">Malkittel<\/a> f\u00fcr jedes Kind<\/p>\n<p style=\"text-align: center;\"><a href=\"https:\/\/www.sabine-seyffert.de\/blog\/wp-content\/uploads\/2021\/05\/Deckel-Sonne-Sabine-Seyffert.de_.jpg\"><img loading=\"lazy\" decoding=\"async\" class=\"alignnone size-full wp-image-19784\" src=\"https:\/\/www.sabine-seyffert.de\/blog\/wp-content\/uploads\/2021\/05\/Deckel-Sonne-Sabine-Seyffert.de_.jpg\" alt=\"\" width=\"800\" height=\"600\" srcset=\"https:\/\/www.sabine-seyffert.de\/blog\/wp-content\/uploads\/2021\/05\/Deckel-Sonne-Sabine-Seyffert.de_.jpg 800w, https:\/\/www.sabine-seyffert.de\/blog\/wp-content\/uploads\/2021\/05\/Deckel-Sonne-Sabine-Seyffert.de_-300x225.jpg 300w, https:\/\/www.sabine-seyffert.de\/blog\/wp-content\/uploads\/2021\/05\/Deckel-Sonne-Sabine-Seyffert.de_-768x576.jpg 768w\" sizes=\"auto, (max-width: 800px) 100vw, 800px\" \/><\/a><\/p>\n<p style=\"text-align: justify;\"><strong>So wird\u2019s gemacht:<\/strong><br \/>\nIn dem nicht enden wollenden <a href=\"https:\/\/www.sabine-seyffert.de\/blog\/?p=16055\" target=\"_blank\" rel=\"noopener noreferrer\">Lockdown<\/a> sehne ich mich sehr nach Sonnenschein und gutem Wetter. Das ist in der letzten Zeit leider sehr rar. Daher haben wir kurzerhand eine tolle Sonne gebastelt. Das ist ganz einfach.<\/p>\n<p style=\"text-align: center;\"><a href=\"https:\/\/www.sabine-seyffert.de\/blog\/wp-content\/uploads\/2021\/05\/Deckel-Sonne-Sabine-Seyffert.de-5.jpg\"><img loading=\"lazy\" decoding=\"async\" class=\"alignnone size-full wp-image-19790\" src=\"https:\/\/www.sabine-seyffert.de\/blog\/wp-content\/uploads\/2021\/05\/Deckel-Sonne-Sabine-Seyffert.de-5.jpg\" alt=\"\" width=\"800\" height=\"600\" srcset=\"https:\/\/www.sabine-seyffert.de\/blog\/wp-content\/uploads\/2021\/05\/Deckel-Sonne-Sabine-Seyffert.de-5.jpg 800w, https:\/\/www.sabine-seyffert.de\/blog\/wp-content\/uploads\/2021\/05\/Deckel-Sonne-Sabine-Seyffert.de-5-300x225.jpg 300w, https:\/\/www.sabine-seyffert.de\/blog\/wp-content\/uploads\/2021\/05\/Deckel-Sonne-Sabine-Seyffert.de-5-768x576.jpg 768w\" sizes=\"auto, (max-width: 800px) 100vw, 800px\" \/><\/a><\/p>\n<p style=\"text-align: justify;\">Wenn du den Tisch abgedeckt und den Bastelkittel \u00fcbergezogen hast, stell dir als erstes aus etwas Zeitungspapier und Wasserfarben dein eigenes, <a href=\"https:\/\/www.sabine-seyffert.de\/blog\/?p=13917\" target=\"_blank\" rel=\"noopener noreferrer\">umweltfreundliches Bastelpapier<\/a> her. Du brauchst f\u00fcr die Sonne auf jeden Fall die Farben gelb und orange.<\/p>\n<p style=\"text-align: center;\"><a href=\"https:\/\/www.sabine-seyffert.de\/blog\/wp-content\/uploads\/2021\/05\/Deckel-Sonne-Sabine-Seyffert.de-4.jpg\"><img loading=\"lazy\" decoding=\"async\" class=\"alignnone size-full wp-image-19791\" src=\"https:\/\/www.sabine-seyffert.de\/blog\/wp-content\/uploads\/2021\/05\/Deckel-Sonne-Sabine-Seyffert.de-4.jpg\" alt=\"\" width=\"800\" height=\"600\" srcset=\"https:\/\/www.sabine-seyffert.de\/blog\/wp-content\/uploads\/2021\/05\/Deckel-Sonne-Sabine-Seyffert.de-4.jpg 800w, https:\/\/www.sabine-seyffert.de\/blog\/wp-content\/uploads\/2021\/05\/Deckel-Sonne-Sabine-Seyffert.de-4-300x225.jpg 300w, https:\/\/www.sabine-seyffert.de\/blog\/wp-content\/uploads\/2021\/05\/Deckel-Sonne-Sabine-Seyffert.de-4-768x576.jpg 768w\" sizes=\"auto, (max-width: 800px) 100vw, 800px\" \/><\/a><\/p>\n<p style=\"text-align: justify;\">Sobald das getrocknet ist, legst du den Deckel auf das gelbe Papier und zeichnest mit dem Bleistift einen Kreis darum. Den schneidest du aus und klebst ihn in den Deckel hinein.<\/p>\n<p style=\"text-align: center;\"><a href=\"https:\/\/www.sabine-seyffert.de\/blog\/wp-content\/uploads\/2021\/05\/Deckel-Sonne-Sabine-Seyffert.de-0.jpg\"><img loading=\"lazy\" decoding=\"async\" class=\"alignnone size-full wp-image-19792\" src=\"https:\/\/www.sabine-seyffert.de\/blog\/wp-content\/uploads\/2021\/05\/Deckel-Sonne-Sabine-Seyffert.de-0.jpg\" alt=\"\" width=\"800\" height=\"600\" srcset=\"https:\/\/www.sabine-seyffert.de\/blog\/wp-content\/uploads\/2021\/05\/Deckel-Sonne-Sabine-Seyffert.de-0.jpg 800w, https:\/\/www.sabine-seyffert.de\/blog\/wp-content\/uploads\/2021\/05\/Deckel-Sonne-Sabine-Seyffert.de-0-300x225.jpg 300w, https:\/\/www.sabine-seyffert.de\/blog\/wp-content\/uploads\/2021\/05\/Deckel-Sonne-Sabine-Seyffert.de-0-768x576.jpg 768w\" sizes=\"auto, (max-width: 800px) 100vw, 800px\" \/><\/a><\/p>\n<p style=\"text-align: justify;\">Darauf gestaltest du das Gesicht der Sonne und nutze dazu einfach das Material, was du zur Verf\u00fcgung und in der Federmappe hast. Du kannst es malen, aus dem selbst gemachten Bastelpapier oder einer alten Zeitung ausschneiden, die Nase aus gerolltem Seidenpapier, einen Kopf oder einer Perle basteln u.a.m.<\/p>\n<p style=\"text-align: center;\"><a href=\"https:\/\/www.sabine-seyffert.de\/blog\/wp-content\/uploads\/2021\/05\/Deckel-Sonne-Sabine-Seyffert.de-6.jpg\"><img loading=\"lazy\" decoding=\"async\" class=\"alignnone size-full wp-image-19789\" src=\"https:\/\/www.sabine-seyffert.de\/blog\/wp-content\/uploads\/2021\/05\/Deckel-Sonne-Sabine-Seyffert.de-6.jpg\" alt=\"\" width=\"800\" height=\"600\" srcset=\"https:\/\/www.sabine-seyffert.de\/blog\/wp-content\/uploads\/2021\/05\/Deckel-Sonne-Sabine-Seyffert.de-6.jpg 800w, https:\/\/www.sabine-seyffert.de\/blog\/wp-content\/uploads\/2021\/05\/Deckel-Sonne-Sabine-Seyffert.de-6-300x225.jpg 300w, https:\/\/www.sabine-seyffert.de\/blog\/wp-content\/uploads\/2021\/05\/Deckel-Sonne-Sabine-Seyffert.de-6-768x576.jpg 768w\" sizes=\"auto, (max-width: 800px) 100vw, 800px\" \/><\/a><\/p>\n<p style=\"text-align: justify;\">F\u00fcr die Sonnenstrahlen schneidest du anschlie\u00dfend d\u00fcnne Streifen aus dem Bastelpapier und klebt die Enden auf der Deckelr\u00fcckseite fest. Zum Schluss kannst du die Sonnenstrahlen in die gew\u00fcnschte L\u00e4nge k\u00fcrzen und dann mittig in die K\u00e4seschachtel kleben.<\/p>\n<p style=\"text-align: center;\"><a href=\"https:\/\/www.sabine-seyffert.de\/blog\/wp-content\/uploads\/2021\/05\/Deckel-Sonne-Sabine-Seyffert.de-3.jpg\"><img loading=\"lazy\" decoding=\"async\" class=\"alignnone size-full wp-image-19788\" src=\"https:\/\/www.sabine-seyffert.de\/blog\/wp-content\/uploads\/2021\/05\/Deckel-Sonne-Sabine-Seyffert.de-3.jpg\" alt=\"\" width=\"800\" height=\"600\" srcset=\"https:\/\/www.sabine-seyffert.de\/blog\/wp-content\/uploads\/2021\/05\/Deckel-Sonne-Sabine-Seyffert.de-3.jpg 800w, https:\/\/www.sabine-seyffert.de\/blog\/wp-content\/uploads\/2021\/05\/Deckel-Sonne-Sabine-Seyffert.de-3-300x225.jpg 300w, https:\/\/www.sabine-seyffert.de\/blog\/wp-content\/uploads\/2021\/05\/Deckel-Sonne-Sabine-Seyffert.de-3-768x576.jpg 768w\" sizes=\"auto, (max-width: 800px) 100vw, 800px\" \/><\/a><\/p>\n<p style=\"text-align: justify;\">F\u00fcr die Aufh\u00e4ngung knotest du ein St\u00fcck Kordel zusammen und klebt es als Schlaufe auf die R\u00fcckseite der Schachtel.<\/p>\n<p style=\"text-align: center;\"><a href=\"https:\/\/www.sabine-seyffert.de\/blog\/wp-content\/uploads\/2021\/05\/Deckel-Sonne-Sabine-Seyffert.de-2.jpg\"><img loading=\"lazy\" decoding=\"async\" class=\"alignnone size-full wp-image-19787\" src=\"https:\/\/www.sabine-seyffert.de\/blog\/wp-content\/uploads\/2021\/05\/Deckel-Sonne-Sabine-Seyffert.de-2.jpg\" alt=\"\" width=\"800\" height=\"600\" srcset=\"https:\/\/www.sabine-seyffert.de\/blog\/wp-content\/uploads\/2021\/05\/Deckel-Sonne-Sabine-Seyffert.de-2.jpg 800w, https:\/\/www.sabine-seyffert.de\/blog\/wp-content\/uploads\/2021\/05\/Deckel-Sonne-Sabine-Seyffert.de-2-300x225.jpg 300w, https:\/\/www.sabine-seyffert.de\/blog\/wp-content\/uploads\/2021\/05\/Deckel-Sonne-Sabine-Seyffert.de-2-768x576.jpg 768w\" sizes=\"auto, (max-width: 800px) 100vw, 800px\" \/><\/a><\/p>\n<p style=\"text-align: justify;\"><strong>Ein kleiner Tipp:<\/strong><br \/>\nDie Kordel auf der R\u00fcckseite h\u00e4lt am besten, wenn man diese mit ein paar Tropfen Hei\u00dfkleber oder fl\u00fcssigem Kleber fixiert!<\/p>\n<p style=\"text-align: center;\"><a href=\"https:\/\/www.sabine-seyffert.de\/blog\/wp-content\/uploads\/2021\/05\/Deckel-Sonne-Sabine-Seyffert.de-8.jpg\"><img loading=\"lazy\" decoding=\"async\" class=\"alignnone size-full wp-image-19786\" src=\"https:\/\/www.sabine-seyffert.de\/blog\/wp-content\/uploads\/2021\/05\/Deckel-Sonne-Sabine-Seyffert.de-8.jpg\" alt=\"\" width=\"600\" height=\"800\" srcset=\"https:\/\/www.sabine-seyffert.de\/blog\/wp-content\/uploads\/2021\/05\/Deckel-Sonne-Sabine-Seyffert.de-8.jpg 600w, https:\/\/www.sabine-seyffert.de\/blog\/wp-content\/uploads\/2021\/05\/Deckel-Sonne-Sabine-Seyffert.de-8-225x300.jpg 225w\" sizes=\"auto, (max-width: 600px) 100vw, 600px\" \/><\/a><\/p>\n<p style=\"text-align: justify;\">Kreative DIY Ideen f\u00fcr Kinder findet ihr \u00fcbrigens in <a href=\"https:\/\/www.sabine-seyffert.de\/blog\/?cat=32\" target=\"_blank\" rel=\"noopener noreferrer\">dieser Blog Kategorie<\/a>, alles zum Thema Upcycling mit detaillierter Bastelanleitung gibt es in dieser Rubrik, himmlische Ideen sind in <a href=\"https:\/\/www.sabine-seyffert.de\/blog\/?cat=47\" target=\"_blank\" rel=\"noopener noreferrer\">diesem Blog Ordner<\/a> und bei der <a href=\"https:\/\/www.instagram.com\/diy_sabine_seyffert\/\" target=\"_blank\" rel=\"noopener noreferrer\">#DIYchallengederwoche<\/a> und andere kreative Sachen auch an <a href=\"https:\/\/www.pinterest.de\/diysabineseyffert\/\" target=\"_blank\" rel=\"noopener noreferrer\">dieser Stelle<\/a>.<\/p>\n<p style=\"text-align: center;\"><a href=\"https:\/\/www.sabine-seyffert.de\/blog\/wp-content\/uploads\/2021\/05\/Deckel-Sonne-Sabine-Seyffert.de-1.jpg\"><img loading=\"lazy\" decoding=\"async\" class=\"alignnone size-full wp-image-19785\" src=\"https:\/\/www.sabine-seyffert.de\/blog\/wp-content\/uploads\/2021\/05\/Deckel-Sonne-Sabine-Seyffert.de-1.jpg\" alt=\"\" width=\"600\" height=\"800\" srcset=\"https:\/\/www.sabine-seyffert.de\/blog\/wp-content\/uploads\/2021\/05\/Deckel-Sonne-Sabine-Seyffert.de-1.jpg 600w, https:\/\/www.sabine-seyffert.de\/blog\/wp-content\/uploads\/2021\/05\/Deckel-Sonne-Sabine-Seyffert.de-1-225x300.jpg 225w\" sizes=\"auto, (max-width: 600px) 100vw, 600px\" \/><\/a><\/p>\n<p style=\"text-align: justify;\"><a href=\"https:\/\/www.sabine-seyffert.de\/blog\/?page_id=32#urheberrecht\">urheberrechtlich gesch\u00fctzt<\/a>, \u00a9 Sabine Seyffert<\/p>\n","protected":false},"excerpt":{"rendered":"<p>Nach der einfachen &amp; schnellen Bastelidee mit der upcycelten Wolke samt der blauen Regentropfen gestern, gibt es heute mal wieder eine etwas aufw\u00e4ndigere Bastelidee. Allerdings ist diese ebenfalls aus kostenlosem Bastelmaterial gemacht. Bis auf Farbe und Kleber muss also nichts Neues gekauft werden. So k\u00f6nnt ihr auch ganz spontan mitmachen und gemeinsam mit uns eine&#8230; <a href=\"https:\/\/www.sabine-seyffert.de\/blog\/kreative-bastelidee-fuer-kinder-upcycling-sonne-aus-deckel-zeitung-kaeseschachtel\/\" class=\"more-link\">Read more: Kreative Bastelidee f\u00fcr Kinder: Upcycling Sonne aus Deckel, Zeitung &#038; K\u00e4seschachtel<\/a><\/p>\n","protected":false},"author":2,"featured_media":0,"comment_status":"open","ping_status":"open","sticky":false,"template":"","format":"standard","meta":{"_metis_text_type":"","_metis_text_length":2743,"_post_count":0,"footnotes":""},"categories":[32,37,47],"tags":[],"class_list":["post-19782","post","type-post","status-publish","format-standard","hentry","category-kreatives-fur-kleine-kinderhande","category-himmlisches","category-upcyceltes"],"_links":{"self":[{"href":"https:\/\/www.sabine-seyffert.de\/blog\/wp-json\/wp\/v2\/posts\/19782","targetHints":{"allow":["GET"]}}],"collection":[{"href":"https:\/\/www.sabine-seyffert.de\/blog\/wp-json\/wp\/v2\/posts"}],"about":[{"href":"https:\/\/www.sabine-seyffert.de\/blog\/wp-json\/wp\/v2\/types\/post"}],"author":[{"embeddable":true,"href":"https:\/\/www.sabine-seyffert.de\/blog\/wp-json\/wp\/v2\/users\/2"}],"replies":[{"embeddable":true,"href":"https:\/\/www.sabine-seyffert.de\/blog\/wp-json\/wp\/v2\/comments?post=19782"}],"version-history":[{"count":3,"href":"https:\/\/www.sabine-seyffert.de\/blog\/wp-json\/wp\/v2\/posts\/19782\/revisions"}],"predecessor-version":[{"id":23885,"href":"https:\/\/www.sabine-seyffert.de\/blog\/wp-json\/wp\/v2\/posts\/19782\/revisions\/23885"}],"wp:attachment":[{"href":"https:\/\/www.sabine-seyffert.de\/blog\/wp-json\/wp\/v2\/media?parent=19782"}],"wp:term":[{"taxonomy":"category","embeddable":true,"href":"https:\/\/www.sabine-seyffert.de\/blog\/wp-json\/wp\/v2\/categories?post=19782"},{"taxonomy":"post_tag","embeddable":true,"href":"https:\/\/www.sabine-seyffert.de\/blog\/wp-json\/wp\/v2\/tags?post=19782"}],"curies":[{"name":"wp","href":"https:\/\/api.w.org\/{rel}","templated":true}]}}