{"id":1951,"date":"2013-06-11T06:49:31","date_gmt":"2013-06-11T04:49:31","guid":{"rendered":"http:\/\/www.sabine-seyffert.de\/blog\/?p=1951"},"modified":"2017-03-06T17:22:36","modified_gmt":"2017-03-06T15:22:36","slug":"lowenzahn-pusteblume","status":"publish","type":"post","link":"https:\/\/www.sabine-seyffert.de\/blog\/lowenzahn-pusteblume\/","title":{"rendered":"L\u00f6wenzahn &#038; Pusteblume"},"content":{"rendered":"<p style=\"text-align: center;\"><img loading=\"lazy\" decoding=\"async\" src=\"https:\/\/ssl-vg03.met.vgwort.de\/na\/c9ee6d719bc84b758b80c43a662e00b1\" alt=\"\" width=\"1\" height=\"1\" \/><a href=\"http:\/\/www.sabine-seyffert.de\/blog\/wp-content\/uploads\/2013\/06\/Blumenwiese-2-alt.jpg\"><img loading=\"lazy\" decoding=\"async\" class=\"alignnone size-full wp-image-1952\" src=\"http:\/\/www.sabine-seyffert.de\/blog\/wp-content\/uploads\/2013\/06\/Blumenwiese-2-alt.jpg\" alt=\"Blumenwiese 2 alt\" width=\"800\" height=\"600\" srcset=\"https:\/\/www.sabine-seyffert.de\/blog\/wp-content\/uploads\/2013\/06\/Blumenwiese-2-alt.jpg 800w, https:\/\/www.sabine-seyffert.de\/blog\/wp-content\/uploads\/2013\/06\/Blumenwiese-2-alt-300x225.jpg 300w\" sizes=\"auto, (max-width: 800px) 100vw, 800px\" \/><\/a><\/p>\n<p style=\"text-align: justify;\">Die bunte Fr\u00fchlingswiese am Kinderzimmerfenster hat den lang anhaltenden Regen nicht \u00fcberlebt. Schlapp und farblos lie\u00dfen die bunten Blumen ihre K\u00f6pfe h\u00e4ngen. Somit h\u00f6chste Zeit f\u00fcr eine neue Fenstermalerei, die den Blick nach Drau\u00dfen etwas vers\u00fc\u00dft.<\/p>\n<p style=\"text-align: center;\"><a href=\"http:\/\/www.sabine-seyffert.de\/blog\/wp-content\/uploads\/2013\/06\/Blumenwiese-alt.jpg\"><img loading=\"lazy\" decoding=\"async\" class=\"alignnone size-full wp-image-1953\" src=\"http:\/\/www.sabine-seyffert.de\/blog\/wp-content\/uploads\/2013\/06\/Blumenwiese-alt.jpg\" alt=\"Blumenwiese alt\" width=\"800\" height=\"568\" srcset=\"https:\/\/www.sabine-seyffert.de\/blog\/wp-content\/uploads\/2013\/06\/Blumenwiese-alt.jpg 800w, https:\/\/www.sabine-seyffert.de\/blog\/wp-content\/uploads\/2013\/06\/Blumenwiese-alt-300x213.jpg 300w\" sizes=\"auto, (max-width: 800px) 100vw, 800px\" \/><\/a><\/p>\n<p style=\"text-align: justify;\">Spontan musste ich an leuchtend gelben L\u00f6wenzahn und plustrige Pusteblumen denken. Denn davon gibt es derzeit in unserem Garten reichlich. Gerade das sonnig warme Gelb der L\u00f6wenzahnbl\u00fcten hat es mir angetan. Noch gr\u00f6\u00dfer ist meine Liebe zu Pusteblumen. Welches Kind liebt es nicht, fest in diese zu pusten und vertr\u00e4umt den wei\u00dfen Schirmchen zu zuschauen, die ganz schwerelos und leicht durch die L\u00fcfte segeln\u2026?<\/p>\n<p style=\"text-align: center;\"><a href=\"http:\/\/www.sabine-seyffert.de\/blog\/wp-content\/uploads\/2013\/06\/Blumenwiese-l\u00f6wenzahnt.jpg\"><img loading=\"lazy\" decoding=\"async\" class=\"alignnone size-full wp-image-1954\" src=\"http:\/\/www.sabine-seyffert.de\/blog\/wp-content\/uploads\/2013\/06\/Blumenwiese-l\u00f6wenzahnt.jpg\" alt=\"Blumenwiese l\u00f6wenzahnt\" width=\"800\" height=\"600\" srcset=\"https:\/\/www.sabine-seyffert.de\/blog\/wp-content\/uploads\/2013\/06\/Blumenwiese-l\u00f6wenzahnt.jpg 800w, https:\/\/www.sabine-seyffert.de\/blog\/wp-content\/uploads\/2013\/06\/Blumenwiese-l\u00f6wenzahnt-300x225.jpg 300w\" sizes=\"auto, (max-width: 800px) 100vw, 800px\" \/><\/a><\/p>\n<p style=\"text-align: justify;\">F\u00fcr alle Skeptiker, die meiner bunten <a href=\"http:\/\/www.sabine-seyffert.de\/blog\/?p=1587\" target=\"_blank\">Papier-Tapetenkleister-Kleberei<\/a> nicht so recht getraut haben, gibt es ein paar Beweisfotos, auf denen man unschwer erkennt, dass die Basteleien sich ganz kinderleicht (meine Tochter hat diese fast eigenst\u00e4ndig vom Fenster entfernt!) wieder abmachen lassen und das ganz ohne Hilfsmittel! Die Blumen und Halme sind sogar allesamt heil geblieben, wie man auf den Fotos\u00a0 sehen kann. Die letzten Reste vom Kleister bekommt man dann beim Fensterputzen mit warmen Wasser und Schwamm ab.<\/p>\n<p style=\"text-align: center;\"><a href=\"http:\/\/www.sabine-seyffert.de\/blog\/wp-content\/uploads\/2013\/06\/Blumenwiese-Pusteblume-1.jpg\"><img loading=\"lazy\" decoding=\"async\" class=\"alignnone size-full wp-image-1955\" src=\"http:\/\/www.sabine-seyffert.de\/blog\/wp-content\/uploads\/2013\/06\/Blumenwiese-Pusteblume-1.jpg\" alt=\"Blumenwiese Pusteblume 1\" width=\"800\" height=\"529\" srcset=\"https:\/\/www.sabine-seyffert.de\/blog\/wp-content\/uploads\/2013\/06\/Blumenwiese-Pusteblume-1.jpg 800w, https:\/\/www.sabine-seyffert.de\/blog\/wp-content\/uploads\/2013\/06\/Blumenwiese-Pusteblume-1-300x198.jpg 300w\" sizes=\"auto, (max-width: 800px) 100vw, 800px\" \/><\/a><\/p>\n<p style=\"text-align: justify;\">Also auf eine neue, Juni m\u00e4\u00dfige Wiese mit langen Grashalmen, L\u00f6wenzahn und Pusteblumen\u2026<\/p>\n<p style=\"text-align: center;\"><a href=\"http:\/\/www.sabine-seyffert.de\/blog\/wp-content\/uploads\/2013\/06\/Blumenwiese-Pusteblume-3.jpg\"><img loading=\"lazy\" decoding=\"async\" class=\"alignnone size-full wp-image-1956\" src=\"http:\/\/www.sabine-seyffert.de\/blog\/wp-content\/uploads\/2013\/06\/Blumenwiese-Pusteblume-3.jpg\" alt=\"Blumenwiese Pusteblume 3\" width=\"800\" height=\"600\" srcset=\"https:\/\/www.sabine-seyffert.de\/blog\/wp-content\/uploads\/2013\/06\/Blumenwiese-Pusteblume-3.jpg 800w, https:\/\/www.sabine-seyffert.de\/blog\/wp-content\/uploads\/2013\/06\/Blumenwiese-Pusteblume-3-300x225.jpg 300w\" sizes=\"auto, (max-width: 800px) 100vw, 800px\" \/><\/a><\/p>\n<p style=\"text-align: justify;\"><strong>Das wird gebraucht:<\/strong> Gr\u00fcnes &amp; gelbes Kopierpapier (ersatzweise gr\u00fcnes, d\u00fcnneres Tonpapier \u2013 kein Karton!), etwas gelbes Krepppapier, eine Schere, Watte, eine kleine Sch\u00fcssel, Wasser, etwas 1 EL Tapetenkleister<\/p>\n<p style=\"text-align: center;\"><a href=\"http:\/\/www.sabine-seyffert.de\/blog\/wp-content\/uploads\/2013\/06\/Blumenwiese-Pusteblume-4.jpg\"><img loading=\"lazy\" decoding=\"async\" class=\"alignnone size-full wp-image-1957\" src=\"http:\/\/www.sabine-seyffert.de\/blog\/wp-content\/uploads\/2013\/06\/Blumenwiese-Pusteblume-4.jpg\" alt=\"Blumenwiese Pusteblume 4\" width=\"800\" height=\"600\" srcset=\"https:\/\/www.sabine-seyffert.de\/blog\/wp-content\/uploads\/2013\/06\/Blumenwiese-Pusteblume-4.jpg 800w, https:\/\/www.sabine-seyffert.de\/blog\/wp-content\/uploads\/2013\/06\/Blumenwiese-Pusteblume-4-300x225.jpg 300w\" sizes=\"auto, (max-width: 800px) 100vw, 800px\" \/><\/a><\/p>\n<p style=\"text-align: justify;\">Die detaillierte Anleitung kann man <a href=\"http:\/\/www.sabine-seyffert.de\/blog\/?p=1587\" target=\"_blank\">hier<\/a> nachlesen, da sich die Machart der Wiese und das Anr\u00fchren des Kleisters bei dieser Idee nicht wesentlich unterscheidet. Nur das bei unserer Juni Wiese statt bunter Blumen gelbe L\u00f6wenzahnknospen (aus gelben Krepppaier) und wei\u00dfe Pusteblumen (Wattekugeln) wachsen. Und damit das Wetter weiterhin so sch\u00f6n bleibt, gibt\u2019s noch ein paar wei\u00dfe Wattewolken und eine herrlich gelbe Sonne dazu!<\/p>\n<p style=\"text-align: center;\"><a href=\"http:\/\/www.sabine-seyffert.de\/blog\/wp-content\/uploads\/2013\/06\/Blumenwiese-Pusteblume-2.jpg\"><img loading=\"lazy\" decoding=\"async\" class=\"alignnone size-full wp-image-1958\" src=\"http:\/\/www.sabine-seyffert.de\/blog\/wp-content\/uploads\/2013\/06\/Blumenwiese-Pusteblume-2.jpg\" alt=\"Blumenwiese Pusteblume 2\" width=\"600\" height=\"739\" srcset=\"https:\/\/www.sabine-seyffert.de\/blog\/wp-content\/uploads\/2013\/06\/Blumenwiese-Pusteblume-2.jpg 600w, https:\/\/www.sabine-seyffert.de\/blog\/wp-content\/uploads\/2013\/06\/Blumenwiese-Pusteblume-2-243x300.jpg 243w\" sizes=\"auto, (max-width: 600px) 100vw, 600px\" \/><\/a><\/p>\n<p style=\"text-align: justify;\">Und weil die saftig gr\u00fcne Wiese so leicht nachzuwerkeln ist, schicke ich diese Bastelei zu Ankes <a href=\"http:\/\/www.creadienstag.de\/2013\/06\/077.html\" target=\"_blank\">Creadienstag<\/a>!<\/p>\n<p><a href=\"http:\/\/www.sabine-seyffert.de\/blog\/?page_id=32#urheberrecht\">urherrechtlich gesch\u00fctzt<\/a>, \u00a9 Sabine Seyffert<\/p>\n","protected":false},"excerpt":{"rendered":"<p>Die bunte Fr\u00fchlingswiese am Kinderzimmerfenster hat den lang anhaltenden Regen nicht \u00fcberlebt. Schlapp und farblos lie\u00dfen die bunten Blumen ihre K\u00f6pfe h\u00e4ngen. Somit h\u00f6chste Zeit f\u00fcr eine neue Fenstermalerei, die den Blick nach Drau\u00dfen etwas vers\u00fc\u00dft. Spontan musste ich an leuchtend gelben L\u00f6wenzahn und plustrige Pusteblumen denken. Denn davon gibt es derzeit in unserem Garten&#8230; <a href=\"https:\/\/www.sabine-seyffert.de\/blog\/lowenzahn-pusteblume\/\" class=\"more-link\">Read more: L\u00f6wenzahn &#038; Pusteblume<\/a><\/p>\n","protected":false},"author":2,"featured_media":0,"comment_status":"open","ping_status":"open","sticky":false,"template":"","format":"standard","meta":{"_metis_text_type":"","_metis_text_length":2061,"_post_count":0,"footnotes":""},"categories":[32],"tags":[],"class_list":["post-1951","post","type-post","status-publish","format-standard","hentry","category-kreatives-fur-kleine-kinderhande"],"_links":{"self":[{"href":"https:\/\/www.sabine-seyffert.de\/blog\/wp-json\/wp\/v2\/posts\/1951","targetHints":{"allow":["GET"]}}],"collection":[{"href":"https:\/\/www.sabine-seyffert.de\/blog\/wp-json\/wp\/v2\/posts"}],"about":[{"href":"https:\/\/www.sabine-seyffert.de\/blog\/wp-json\/wp\/v2\/types\/post"}],"author":[{"embeddable":true,"href":"https:\/\/www.sabine-seyffert.de\/blog\/wp-json\/wp\/v2\/users\/2"}],"replies":[{"embeddable":true,"href":"https:\/\/www.sabine-seyffert.de\/blog\/wp-json\/wp\/v2\/comments?post=1951"}],"version-history":[{"count":12,"href":"https:\/\/www.sabine-seyffert.de\/blog\/wp-json\/wp\/v2\/posts\/1951\/revisions"}],"predecessor-version":[{"id":9844,"href":"https:\/\/www.sabine-seyffert.de\/blog\/wp-json\/wp\/v2\/posts\/1951\/revisions\/9844"}],"wp:attachment":[{"href":"https:\/\/www.sabine-seyffert.de\/blog\/wp-json\/wp\/v2\/media?parent=1951"}],"wp:term":[{"taxonomy":"category","embeddable":true,"href":"https:\/\/www.sabine-seyffert.de\/blog\/wp-json\/wp\/v2\/categories?post=1951"},{"taxonomy":"post_tag","embeddable":true,"href":"https:\/\/www.sabine-seyffert.de\/blog\/wp-json\/wp\/v2\/tags?post=1951"}],"curies":[{"name":"wp","href":"https:\/\/api.w.org\/{rel}","templated":true}]}}