{"id":19362,"date":"2021-04-11T06:00:56","date_gmt":"2021-04-11T04:00:56","guid":{"rendered":"https:\/\/www.sabine-seyffert.de\/blog\/?p=19362"},"modified":"2021-04-09T18:53:29","modified_gmt":"2021-04-09T16:53:29","slug":"maerchenhafte-upcycling-idee-fuer-kinder-drache-aus-kaeseschachtel-basteln","status":"publish","type":"post","link":"https:\/\/www.sabine-seyffert.de\/blog\/maerchenhafte-upcycling-idee-fuer-kinder-drache-aus-kaeseschachtel-basteln\/","title":{"rendered":"M\u00e4rchenhafte Upcycling Idee f\u00fcr Kinder: Drache aus K\u00e4seschachtel basteln"},"content":{"rendered":"<p style=\"text-align: justify;\"><img loading=\"lazy\" decoding=\"async\" src=\"https:\/\/vg07.met.vgwort.de\/na\/5233d8ac118149ec9b0d98726d6b019c\" alt=\"\" width=\"1\" height=\"1\" \/>Neben Zwergen, Wichtel, Froschk\u00f6nig und Hexe geh\u00f6ren auch Drachen f\u00fcr mich zum Thema M\u00e4rchen. Und da es diese Woche bei der <a href=\"https:\/\/www.instagram.com\/diy_sabine_seyffert\/\" target=\"_blank\" rel=\"noopener noreferrer\">#DIYchallengederwoche<\/a> um das Thema \u201eZwerge, Feen und M\u00e4rchenwesen\u201c geht, darf ein solcher nat\u00fcrlich auf gar keinen Fall fehlen. Aber keine Angst \u2013 dieser Drache ist harmlos und ausgesprochen kinderlieb. In Kinderzimmer f\u00fchlt er sich ganz besonders wohl, weil es dort so viel zu entdecken gibt.<\/p>\n<p style=\"text-align: center;\"><a href=\"https:\/\/www.sabine-seyffert.de\/blog\/wp-content\/uploads\/2021\/04\/Drache-K\u00e4seschachtel-Sabine-Seyffert.de-4.jpg\"><img loading=\"lazy\" decoding=\"async\" class=\"alignnone size-full wp-image-19363\" src=\"https:\/\/www.sabine-seyffert.de\/blog\/wp-content\/uploads\/2021\/04\/Drache-K\u00e4seschachtel-Sabine-Seyffert.de-4.jpg\" alt=\"\" width=\"800\" height=\"600\" srcset=\"https:\/\/www.sabine-seyffert.de\/blog\/wp-content\/uploads\/2021\/04\/Drache-K\u00e4seschachtel-Sabine-Seyffert.de-4.jpg 800w, https:\/\/www.sabine-seyffert.de\/blog\/wp-content\/uploads\/2021\/04\/Drache-K\u00e4seschachtel-Sabine-Seyffert.de-4-300x225.jpg 300w, https:\/\/www.sabine-seyffert.de\/blog\/wp-content\/uploads\/2021\/04\/Drache-K\u00e4seschachtel-Sabine-Seyffert.de-4-768x576.jpg 768w\" sizes=\"auto, (max-width: 800px) 100vw, 800px\" \/><\/a><\/p>\n<p style=\"text-align: justify;\"><strong>Das wird gebraucht:<\/strong><br \/>\nEine leere K\u00e4seschachtel, Pappe \/ Karton, Bastelfarbe in gr\u00fcn, einen Wasserfarbkasten inclusiv Deckwei\u00df, Pinsel, eine alte Tageszeitung, etwas Seidenpapier (Krepppapier oder einfach bemaltes Zeitungspapier), Bastelkleber \/ Klebestift, eine Bastelschere, eine Hei\u00dfklebepistole samt Klebepatrone, eine Malunterlage und einen <a href=\"https:\/\/www.sabine-seyffert.de\/blog\/?p=12310\" target=\"_blank\" rel=\"noopener noreferrer\">Malkittel<\/a> pro Kind<\/p>\n<p style=\"text-align: center;\"><a href=\"https:\/\/www.sabine-seyffert.de\/blog\/wp-content\/uploads\/2021\/04\/Drache-K\u00e4seschachtel-Sabine-Seyffert.de_.jpg\"><img loading=\"lazy\" decoding=\"async\" class=\"alignnone size-full wp-image-19370\" src=\"https:\/\/www.sabine-seyffert.de\/blog\/wp-content\/uploads\/2021\/04\/Drache-K\u00e4seschachtel-Sabine-Seyffert.de_.jpg\" alt=\"\" width=\"800\" height=\"600\" srcset=\"https:\/\/www.sabine-seyffert.de\/blog\/wp-content\/uploads\/2021\/04\/Drache-K\u00e4seschachtel-Sabine-Seyffert.de_.jpg 800w, https:\/\/www.sabine-seyffert.de\/blog\/wp-content\/uploads\/2021\/04\/Drache-K\u00e4seschachtel-Sabine-Seyffert.de_-300x225.jpg 300w, https:\/\/www.sabine-seyffert.de\/blog\/wp-content\/uploads\/2021\/04\/Drache-K\u00e4seschachtel-Sabine-Seyffert.de_-768x576.jpg 768w\" sizes=\"auto, (max-width: 800px) 100vw, 800px\" \/><\/a><\/p>\n<p style=\"text-align: justify;\"><strong>So wird\u2019s gemacht:<\/strong><br \/>\nAls erstes deckt ihr den Tisch an dem ihr basteln wollt gut ab und zieht euch einen Bastelkittel \u00fcber.<\/p>\n<p><a href=\"https:\/\/www.sabine-seyffert.de\/blog\/wp-content\/uploads\/2021\/04\/Drache-K\u00e4seschachtel-Sabine-Seyffert.de-0.jpg\"><img loading=\"lazy\" decoding=\"async\" class=\"alignnone size-full wp-image-19371\" src=\"https:\/\/www.sabine-seyffert.de\/blog\/wp-content\/uploads\/2021\/04\/Drache-K\u00e4seschachtel-Sabine-Seyffert.de-0.jpg\" alt=\"\" width=\"800\" height=\"600\" srcset=\"https:\/\/www.sabine-seyffert.de\/blog\/wp-content\/uploads\/2021\/04\/Drache-K\u00e4seschachtel-Sabine-Seyffert.de-0.jpg 800w, https:\/\/www.sabine-seyffert.de\/blog\/wp-content\/uploads\/2021\/04\/Drache-K\u00e4seschachtel-Sabine-Seyffert.de-0-300x225.jpg 300w, https:\/\/www.sabine-seyffert.de\/blog\/wp-content\/uploads\/2021\/04\/Drache-K\u00e4seschachtel-Sabine-Seyffert.de-0-768x576.jpg 768w\" sizes=\"auto, (max-width: 800px) 100vw, 800px\" \/><\/a><\/p>\n<p style=\"text-align: justify;\">Danach k\u00f6nnt ihr euch aus dem Zeitungspapier und Wasserfarben euer <a href=\"https:\/\/www.sabine-seyffert.de\/blog\/?p=13917\" target=\"_blank\" rel=\"noopener noreferrer\">eigenes Bastelpapier<\/a> herstellen. Das ist jetzt mitten <a href=\"https:\/\/www.sabine-seyffert.de\/blog\/?p=16055\" target=\"_blank\" rel=\"noopener noreferrer\">im Lockdown<\/a> super praktisch und zudem auch nachhaltiger als gekauftes.<\/p>\n<p style=\"text-align: center;\"><a href=\"https:\/\/www.sabine-seyffert.de\/blog\/wp-content\/uploads\/2021\/04\/Drache-K\u00e4seschachtel-Sabine-Seyffert.de-6.jpg\"><img loading=\"lazy\" decoding=\"async\" class=\"alignnone size-full wp-image-19373\" src=\"https:\/\/www.sabine-seyffert.de\/blog\/wp-content\/uploads\/2021\/04\/Drache-K\u00e4seschachtel-Sabine-Seyffert.de-6.jpg\" alt=\"\" width=\"800\" height=\"600\" srcset=\"https:\/\/www.sabine-seyffert.de\/blog\/wp-content\/uploads\/2021\/04\/Drache-K\u00e4seschachtel-Sabine-Seyffert.de-6.jpg 800w, https:\/\/www.sabine-seyffert.de\/blog\/wp-content\/uploads\/2021\/04\/Drache-K\u00e4seschachtel-Sabine-Seyffert.de-6-300x225.jpg 300w, https:\/\/www.sabine-seyffert.de\/blog\/wp-content\/uploads\/2021\/04\/Drache-K\u00e4seschachtel-Sabine-Seyffert.de-6-768x576.jpg 768w\" sizes=\"auto, (max-width: 800px) 100vw, 800px\" \/><\/a><\/p>\n<p style=\"text-align: justify;\">Aus der Pappe schneidet ihr Kopf, Schwanz, Zacken und vier Drachenbeine. Bis auf die Zacken f\u00fcr den R\u00fccken, malt ihr alles mit gr\u00fcner (oder einer anderen Farbe eurer Wahl) an. Die Zacken beklebt ihr mit dem selbst hergestellten Bastelpapier. Innen wird die K\u00e4seschachtel mit Papier ausgef\u00fcllt. Wer kein Seiden- oder Krepppapier hat, nimmt einfach etwas von dem selbst gemachten Papier. Das klappt ebenso gut.<\/p>\n<p>&nbsp;<\/p>\n<p style=\"text-align: justify;\"><a href=\"https:\/\/www.sabine-seyffert.de\/blog\/wp-content\/uploads\/2021\/04\/Drache-K\u00e4seschachtel-Sabine-Seyffert.de-5.jpg\"><img loading=\"lazy\" decoding=\"async\" class=\"alignnone size-full wp-image-19374\" src=\"https:\/\/www.sabine-seyffert.de\/blog\/wp-content\/uploads\/2021\/04\/Drache-K\u00e4seschachtel-Sabine-Seyffert.de-5.jpg\" alt=\"\" width=\"800\" height=\"600\" srcset=\"https:\/\/www.sabine-seyffert.de\/blog\/wp-content\/uploads\/2021\/04\/Drache-K\u00e4seschachtel-Sabine-Seyffert.de-5.jpg 800w, https:\/\/www.sabine-seyffert.de\/blog\/wp-content\/uploads\/2021\/04\/Drache-K\u00e4seschachtel-Sabine-Seyffert.de-5-300x225.jpg 300w, https:\/\/www.sabine-seyffert.de\/blog\/wp-content\/uploads\/2021\/04\/Drache-K\u00e4seschachtel-Sabine-Seyffert.de-5-768x576.jpg 768w\" sizes=\"auto, (max-width: 800px) 100vw, 800px\" \/><\/a><br \/>\nAus rot bemaltem Zeitungspapier schnippelt man noch Krallen f\u00fcr die Drachentatzen und ein paar Zacken f\u00fcr den Kopf.<\/p>\n<p style=\"text-align: center;\"><a href=\"https:\/\/www.sabine-seyffert.de\/blog\/wp-content\/uploads\/2021\/04\/Drache-K\u00e4seschachtel-Sabine-Seyffert.de-2.jpg\"><img loading=\"lazy\" decoding=\"async\" class=\"alignnone size-full wp-image-19369\" src=\"https:\/\/www.sabine-seyffert.de\/blog\/wp-content\/uploads\/2021\/04\/Drache-K\u00e4seschachtel-Sabine-Seyffert.de-2.jpg\" alt=\"\" width=\"800\" height=\"600\" srcset=\"https:\/\/www.sabine-seyffert.de\/blog\/wp-content\/uploads\/2021\/04\/Drache-K\u00e4seschachtel-Sabine-Seyffert.de-2.jpg 800w, https:\/\/www.sabine-seyffert.de\/blog\/wp-content\/uploads\/2021\/04\/Drache-K\u00e4seschachtel-Sabine-Seyffert.de-2-300x225.jpg 300w, https:\/\/www.sabine-seyffert.de\/blog\/wp-content\/uploads\/2021\/04\/Drache-K\u00e4seschachtel-Sabine-Seyffert.de-2-768x576.jpg 768w\" sizes=\"auto, (max-width: 800px) 100vw, 800px\" \/><\/a><\/p>\n<p style=\"text-align: justify;\">Au\u00dferdem kann man mit Deckwei\u00df und Stiften (oder Papierresten) dem Drachen ein liebes Gesicht gestalten.<\/p>\n<p style=\"text-align: center;\"><a href=\"https:\/\/www.sabine-seyffert.de\/blog\/wp-content\/uploads\/2021\/04\/Drache-K\u00e4seschachtel-Sabine-Seyffert.de-3.jpg\"><img loading=\"lazy\" decoding=\"async\" class=\"alignnone size-full wp-image-19368\" src=\"https:\/\/www.sabine-seyffert.de\/blog\/wp-content\/uploads\/2021\/04\/Drache-K\u00e4seschachtel-Sabine-Seyffert.de-3.jpg\" alt=\"\" width=\"800\" height=\"600\" srcset=\"https:\/\/www.sabine-seyffert.de\/blog\/wp-content\/uploads\/2021\/04\/Drache-K\u00e4seschachtel-Sabine-Seyffert.de-3.jpg 800w, https:\/\/www.sabine-seyffert.de\/blog\/wp-content\/uploads\/2021\/04\/Drache-K\u00e4seschachtel-Sabine-Seyffert.de-3-300x225.jpg 300w, https:\/\/www.sabine-seyffert.de\/blog\/wp-content\/uploads\/2021\/04\/Drache-K\u00e4seschachtel-Sabine-Seyffert.de-3-768x576.jpg 768w\" sizes=\"auto, (max-width: 800px) 100vw, 800px\" \/><\/a><\/p>\n<p style=\"text-align: justify;\">Zum Schluss klebt man mit etwas Hei\u00dfkleber alle Teile an einander und hat so einen m\u00e4rchenhaften Drachen.<\/p>\n<p style=\"text-align: center;\"><a href=\"https:\/\/www.sabine-seyffert.de\/blog\/wp-content\/uploads\/2021\/04\/Drache-K\u00e4seschachtel-Sabine-Seyffert.de-1.jpg\"><img loading=\"lazy\" decoding=\"async\" class=\"alignnone size-full wp-image-19367\" src=\"https:\/\/www.sabine-seyffert.de\/blog\/wp-content\/uploads\/2021\/04\/Drache-K\u00e4seschachtel-Sabine-Seyffert.de-1.jpg\" alt=\"\" width=\"800\" height=\"600\" srcset=\"https:\/\/www.sabine-seyffert.de\/blog\/wp-content\/uploads\/2021\/04\/Drache-K\u00e4seschachtel-Sabine-Seyffert.de-1.jpg 800w, https:\/\/www.sabine-seyffert.de\/blog\/wp-content\/uploads\/2021\/04\/Drache-K\u00e4seschachtel-Sabine-Seyffert.de-1-300x225.jpg 300w, https:\/\/www.sabine-seyffert.de\/blog\/wp-content\/uploads\/2021\/04\/Drache-K\u00e4seschachtel-Sabine-Seyffert.de-1-768x576.jpg 768w\" sizes=\"auto, (max-width: 800px) 100vw, 800px\" \/><\/a><\/p>\n<p style=\"text-align: justify;\">Dieser Drache ist nicht gerne allein, vielleicht magst du noch einen zweiten basteln, damit er einen Freund zum Spielen hat?<\/p>\n<p style=\"text-align: center;\"><a href=\"https:\/\/www.sabine-seyffert.de\/blog\/wp-content\/uploads\/2021\/04\/Drache-K\u00e4seschachtel-Sabine-Seyffert.de-10.jpg\"><img loading=\"lazy\" decoding=\"async\" class=\"alignnone size-full wp-image-19366\" src=\"https:\/\/www.sabine-seyffert.de\/blog\/wp-content\/uploads\/2021\/04\/Drache-K\u00e4seschachtel-Sabine-Seyffert.de-10.jpg\" alt=\"\" width=\"600\" height=\"800\" srcset=\"https:\/\/www.sabine-seyffert.de\/blog\/wp-content\/uploads\/2021\/04\/Drache-K\u00e4seschachtel-Sabine-Seyffert.de-10.jpg 600w, https:\/\/www.sabine-seyffert.de\/blog\/wp-content\/uploads\/2021\/04\/Drache-K\u00e4seschachtel-Sabine-Seyffert.de-10-225x300.jpg 225w\" sizes=\"auto, (max-width: 600px) 100vw, 600px\" \/><\/a><\/p>\n<p style=\"text-align: justify;\">Hier noch mal alle der M\u00e4rchenideen in der \u00dcbersicht:<\/p>\n<p style=\"text-align: justify;\">&#x2b50; <a href=\"https:\/\/www.sabine-seyffert.de\/blog\/?p=19272\" target=\"_blank\" rel=\"noopener noreferrer\">Froschk\u00f6nig<\/a><br \/>\n&#x2b50; <a href=\"https:\/\/www.sabine-seyffert.de\/blog\/?p=19285\" target=\"_blank\" rel=\"noopener noreferrer\">Erdnuss Wichtel<\/a><br \/>\n&#x2b50; <a href=\"https:\/\/www.sabine-seyffert.de\/blog\/?p=19301\" target=\"_blank\" rel=\"noopener noreferrer\">Bunte Zwerge mit M\u00fctze<\/a><br \/>\n&#x2b50; <a href=\"https:\/\/www.sabine-seyffert.de\/blog\/?p=19318\" target=\"_blank\" rel=\"noopener noreferrer\">Kleine Fee mit Zauberstab<\/a><br \/>\n&#x2b50; <a href=\"https:\/\/www.sabine-seyffert.de\/blog\/?p=19333\" target=\"_blank\" rel=\"noopener noreferrer\">Zauberer mit Hut<\/a><br \/>\n&#x2b50; <a href=\"https:\/\/www.sabine-seyffert.de\/blog\/?p=19347\" target=\"_blank\" rel=\"noopener noreferrer\">Die kleine Hexe mit Besen<\/a><\/p>\n<p style=\"text-align: center;\"><a href=\"https:\/\/www.sabine-seyffert.de\/blog\/wp-content\/uploads\/2021\/04\/Drache-K\u00e4seschachtel-Sabine-Seyffert.de-8.jpg\"><img loading=\"lazy\" decoding=\"async\" class=\"alignnone size-full wp-image-19365\" src=\"https:\/\/www.sabine-seyffert.de\/blog\/wp-content\/uploads\/2021\/04\/Drache-K\u00e4seschachtel-Sabine-Seyffert.de-8.jpg\" alt=\"\" width=\"600\" height=\"800\" srcset=\"https:\/\/www.sabine-seyffert.de\/blog\/wp-content\/uploads\/2021\/04\/Drache-K\u00e4seschachtel-Sabine-Seyffert.de-8.jpg 600w, https:\/\/www.sabine-seyffert.de\/blog\/wp-content\/uploads\/2021\/04\/Drache-K\u00e4seschachtel-Sabine-Seyffert.de-8-225x300.jpg 225w\" sizes=\"auto, (max-width: 600px) 100vw, 600px\" \/><\/a><\/p>\n<p style=\"text-align: justify;\">Weitere kreative DIY Bastelideen f\u00fcr Kinder findet ihr \u00fcbrigens in <a href=\"https:\/\/www.sabine-seyffert.de\/blog\/?cat=32\" target=\"_blank\" rel=\"noopener noreferrer\">dieser Blog Kategorie<\/a>, alles zum Thema Upcycling mit detaillierter Bastelanleitung gibt es in <a href=\"https:\/\/www.sabine-seyffert.de\/blog\/?cat=47\" target=\"_blank\" rel=\"noopener noreferrer\">dieser Rubrik<\/a>, kunterbunte Ideen auch an <a href=\"https:\/\/www.pinterest.de\/diysabineseyffert\/\" target=\"_blank\" rel=\"noopener noreferrer\">meinen Pinnw\u00e4nden<\/a> und andere kreative Sachen da.<\/p>\n<p style=\"text-align: center;\"><a href=\"https:\/\/www.sabine-seyffert.de\/blog\/wp-content\/uploads\/2021\/04\/Drache-K\u00e4seschachtel-Sabine-Seyffert.de-9.jpg\"><img loading=\"lazy\" decoding=\"async\" class=\"alignnone size-full wp-image-19364\" src=\"https:\/\/www.sabine-seyffert.de\/blog\/wp-content\/uploads\/2021\/04\/Drache-K\u00e4seschachtel-Sabine-Seyffert.de-9.jpg\" alt=\"\" width=\"600\" height=\"800\" srcset=\"https:\/\/www.sabine-seyffert.de\/blog\/wp-content\/uploads\/2021\/04\/Drache-K\u00e4seschachtel-Sabine-Seyffert.de-9.jpg 600w, https:\/\/www.sabine-seyffert.de\/blog\/wp-content\/uploads\/2021\/04\/Drache-K\u00e4seschachtel-Sabine-Seyffert.de-9-225x300.jpg 225w\" sizes=\"auto, (max-width: 600px) 100vw, 600px\" \/><\/a><\/p>\n<p style=\"text-align: justify;\"><a href=\"https:\/\/www.sabine-seyffert.de\/blog\/?page_id=32#urheberrecht\">urheberrechtlich gesch\u00fctzt<\/a>, \u00a9 Sabine Seyffert<\/p>\n","protected":false},"excerpt":{"rendered":"<p>Neben Zwergen, Wichtel, Froschk\u00f6nig und Hexe geh\u00f6ren auch Drachen f\u00fcr mich zum Thema M\u00e4rchen. Und da es diese Woche bei der #DIYchallengederwoche um das Thema \u201eZwerge, Feen und M\u00e4rchenwesen\u201c geht, darf ein solcher nat\u00fcrlich auf gar keinen Fall fehlen. Aber keine Angst \u2013 dieser Drache ist harmlos und ausgesprochen kinderlieb. In Kinderzimmer f\u00fchlt er sich&#8230; <a href=\"https:\/\/www.sabine-seyffert.de\/blog\/maerchenhafte-upcycling-idee-fuer-kinder-drache-aus-kaeseschachtel-basteln\/\" class=\"more-link\">Read more: M\u00e4rchenhafte Upcycling Idee f\u00fcr Kinder: Drache aus K\u00e4seschachtel basteln<\/a><\/p>\n","protected":false},"author":2,"featured_media":0,"comment_status":"open","ping_status":"open","sticky":false,"template":"","format":"standard","meta":{"_metis_text_type":"","_metis_text_length":2486,"_post_count":0,"footnotes":""},"categories":[32,47],"tags":[],"class_list":["post-19362","post","type-post","status-publish","format-standard","hentry","category-kreatives-fur-kleine-kinderhande","category-upcyceltes"],"_links":{"self":[{"href":"https:\/\/www.sabine-seyffert.de\/blog\/wp-json\/wp\/v2\/posts\/19362","targetHints":{"allow":["GET"]}}],"collection":[{"href":"https:\/\/www.sabine-seyffert.de\/blog\/wp-json\/wp\/v2\/posts"}],"about":[{"href":"https:\/\/www.sabine-seyffert.de\/blog\/wp-json\/wp\/v2\/types\/post"}],"author":[{"embeddable":true,"href":"https:\/\/www.sabine-seyffert.de\/blog\/wp-json\/wp\/v2\/users\/2"}],"replies":[{"embeddable":true,"href":"https:\/\/www.sabine-seyffert.de\/blog\/wp-json\/wp\/v2\/comments?post=19362"}],"version-history":[{"count":4,"href":"https:\/\/www.sabine-seyffert.de\/blog\/wp-json\/wp\/v2\/posts\/19362\/revisions"}],"predecessor-version":[{"id":19378,"href":"https:\/\/www.sabine-seyffert.de\/blog\/wp-json\/wp\/v2\/posts\/19362\/revisions\/19378"}],"wp:attachment":[{"href":"https:\/\/www.sabine-seyffert.de\/blog\/wp-json\/wp\/v2\/media?parent=19362"}],"wp:term":[{"taxonomy":"category","embeddable":true,"href":"https:\/\/www.sabine-seyffert.de\/blog\/wp-json\/wp\/v2\/categories?post=19362"},{"taxonomy":"post_tag","embeddable":true,"href":"https:\/\/www.sabine-seyffert.de\/blog\/wp-json\/wp\/v2\/tags?post=19362"}],"curies":[{"name":"wp","href":"https:\/\/api.w.org\/{rel}","templated":true}]}}