{"id":1936,"date":"2013-06-10T11:53:03","date_gmt":"2013-06-10T09:53:03","guid":{"rendered":"http:\/\/www.sabine-seyffert.de\/blog\/?p=1936"},"modified":"2017-03-06T17:23:53","modified_gmt":"2017-03-06T15:23:53","slug":"heute-gibt-es-reis","status":"publish","type":"post","link":"https:\/\/www.sabine-seyffert.de\/blog\/heute-gibt-es-reis\/","title":{"rendered":"Heute gibt es Reis\u2026"},"content":{"rendered":"<p style=\"text-align: center;\"><img loading=\"lazy\" decoding=\"async\" src=\"https:\/\/ssl-vg03.met.vgwort.de\/na\/d93ccb919b53404089091d62e9d97a09\" alt=\"\" width=\"1\" height=\"1\" \/><a href=\"http:\/\/www.sabine-seyffert.de\/blog\/wp-content\/uploads\/2013\/06\/Reis-1.jpg\"><img loading=\"lazy\" decoding=\"async\" class=\"alignnone size-full wp-image-1937\" src=\"http:\/\/www.sabine-seyffert.de\/blog\/wp-content\/uploads\/2013\/06\/Reis-1.jpg\" alt=\"Reis 1\" width=\"800\" height=\"600\" srcset=\"https:\/\/www.sabine-seyffert.de\/blog\/wp-content\/uploads\/2013\/06\/Reis-1.jpg 800w, https:\/\/www.sabine-seyffert.de\/blog\/wp-content\/uploads\/2013\/06\/Reis-1-300x225.jpg 300w\" sizes=\"auto, (max-width: 800px) 100vw, 800px\" \/><\/a><\/p>\n<p style=\"text-align: justify;\">Heute gibt es mal ein ganz schnelles Rezept. Ganz fasziniert war ich von <a href=\"http:\/\/dieraumfee.blogspot.de\/2013\/06\/ruckblick.html\" target=\"_blank\">Katja<\/a>, die schrieb, sie w\u00fcrde nie l\u00e4nger als 30 Minuten f\u00fcrs t\u00e4glichen Kochen brauchen. Das ist bei uns als sechsk\u00f6pfige Familie ein wohl kaum zu erreichendes Ziel. Auch wenn ich immer versuche die Zeit f\u00fcr die Mittagsmahlzeiten im \u00fcberschaubaren Rahmen zu halten. Aber vielleicht kann die heutige Rezeptidee, zumindest zeitm\u00e4\u00dfig gesehen, mithalten!<\/p>\n<p style=\"text-align: center;\"><a href=\"http:\/\/www.sabine-seyffert.de\/blog\/wp-content\/uploads\/2013\/06\/Reis-2.jpg\"><img loading=\"lazy\" decoding=\"async\" class=\"alignnone size-full wp-image-1938\" src=\"http:\/\/www.sabine-seyffert.de\/blog\/wp-content\/uploads\/2013\/06\/Reis-2.jpg\" alt=\"Reis 2\" width=\"800\" height=\"600\" srcset=\"https:\/\/www.sabine-seyffert.de\/blog\/wp-content\/uploads\/2013\/06\/Reis-2.jpg 800w, https:\/\/www.sabine-seyffert.de\/blog\/wp-content\/uploads\/2013\/06\/Reis-2-300x225.jpg 300w\" sizes=\"auto, (max-width: 800px) 100vw, 800px\" \/><\/a><\/p>\n<p style=\"text-align: justify;\"><strong>Das wird gebraucht:<\/strong><br \/>\n500 gr Vollkornreis, 250 gr Zuckerschoten, 1 gro\u00dfe Zucchini, 1 gro\u00dfe Zwiebel, 2 Knoblauchzehen, Sojaso\u00dfe, Kr\u00e4utersalz, Pfeffer, 1 Glas mildes Ajvar, 1 St\u00fcck w\u00fcrzigen Bergk\u00e4se sowie etwas Fett zum Anbraten<\/p>\n<p style=\"text-align: center;\"><a href=\"http:\/\/www.sabine-seyffert.de\/blog\/wp-content\/uploads\/2013\/06\/Reis-3.jpg\"><img loading=\"lazy\" decoding=\"async\" class=\"alignnone size-full wp-image-1939\" src=\"http:\/\/www.sabine-seyffert.de\/blog\/wp-content\/uploads\/2013\/06\/Reis-3.jpg\" alt=\"Reis 3\" width=\"800\" height=\"673\" srcset=\"https:\/\/www.sabine-seyffert.de\/blog\/wp-content\/uploads\/2013\/06\/Reis-3.jpg 800w, https:\/\/www.sabine-seyffert.de\/blog\/wp-content\/uploads\/2013\/06\/Reis-3-300x252.jpg 300w\" sizes=\"auto, (max-width: 800px) 100vw, 800px\" \/><\/a><\/p>\n<p style=\"text-align: justify;\"><strong>So wird\u2019s gemacht:<\/strong><br \/>\nDen Reis gibt man reichlich Wasser und einer Prise Salz in einen Topf und l\u00e4sst diesen auf dem Herd k\u00f6cheln, bis er bissfest ist. Die genaue Dauer kann je nach Reis variieren, daher ab und an einfach testen, ob der Reis schon genie\u00dfbar ist.<\/p>\n<p style=\"text-align: center;\"><a href=\"http:\/\/www.sabine-seyffert.de\/blog\/wp-content\/uploads\/2013\/06\/Reis-41.jpg\"><img loading=\"lazy\" decoding=\"async\" class=\"alignnone size-full wp-image-1941\" src=\"http:\/\/www.sabine-seyffert.de\/blog\/wp-content\/uploads\/2013\/06\/Reis-41.jpg\" alt=\"Reis 4\" width=\"800\" height=\"667\" srcset=\"https:\/\/www.sabine-seyffert.de\/blog\/wp-content\/uploads\/2013\/06\/Reis-41.jpg 800w, https:\/\/www.sabine-seyffert.de\/blog\/wp-content\/uploads\/2013\/06\/Reis-41-300x250.jpg 300w\" sizes=\"auto, (max-width: 800px) 100vw, 800px\" \/><\/a><\/p>\n<p style=\"text-align: justify;\">Von den Zuckerschoten beiden Enden knapp abschneiden und diese in ca. 1 cm breite Streifen schneiden. Die Zucchini ebenfalls von den Enden befreien und w\u00fcrfeln. Das Gem\u00fcse mit etwas Fett oder Butter in einer Pfanne leicht anbraten. Kurz bevor dieses fertig ist, die Zwiebel sowie den Knoblauch sch\u00e4len und dann klein gew\u00fcrfelt zu dem Gem\u00fcse in die Pfanne geben. Wem es lieber ist, der kann den Knoblauch auch durch die Presse dr\u00fccken. Zum Schluss das Gem\u00fcse mit etwas Sojaso\u00dfe verfeinern sowie mit Kr\u00e4utersalz und Pfeffer w\u00fcrzen.<\/p>\n<p style=\"text-align: center;\"><a href=\"http:\/\/www.sabine-seyffert.de\/blog\/wp-content\/uploads\/2013\/06\/Reis-5.jpg\"><img loading=\"lazy\" decoding=\"async\" class=\"alignnone size-full wp-image-1942\" src=\"http:\/\/www.sabine-seyffert.de\/blog\/wp-content\/uploads\/2013\/06\/Reis-5.jpg\" alt=\"Reis 5\" width=\"800\" height=\"622\" srcset=\"https:\/\/www.sabine-seyffert.de\/blog\/wp-content\/uploads\/2013\/06\/Reis-5.jpg 800w, https:\/\/www.sabine-seyffert.de\/blog\/wp-content\/uploads\/2013\/06\/Reis-5-300x233.jpg 300w\" sizes=\"auto, (max-width: 800px) 100vw, 800px\" \/><\/a><\/p>\n<p style=\"text-align: justify;\">Wir haben \u00fcber den Reis bzw. das Gem\u00fcse etwas geriebenen Bergk\u00e4se gestreut und Ajvar dazu verspeist. Au\u00dferdem gab es bei uns als kleine Beilage noch ein paar vegetarische Nuggets \u2013 es schmeckt aber auch ohne!<br \/>\nLeider habe ich nicht genau auf die Uhr geschaut, aber gef\u00fchlsm\u00e4\u00dfig w\u00fcrde ich sagen, dass man f\u00fcr die Zubereitung nicht mehr als 30 Minuten ben\u00f6tigt \ud83d\ude09<\/p>\n<p style=\"text-align: justify;\">Wie jeden Montag schicke ich mein schnelles Rezept zu <a href=\"http:\/\/nozdesign.blogspot.de\/2013\/06\/my-monday-mhhhhhh-26.html\" target=\"_blank\">Katjas Gl\u00fccksmomenten<\/a> in die Sammlung\u2026<br \/>\n<a href=\"http:\/\/www.sabine-seyffert.de\/blog\/?page_id=32#urheberrecht\">urherrechtlich gesch\u00fctzt<\/a>, \u00a9 Sabine Seyffert<\/p>\n","protected":false},"excerpt":{"rendered":"<p>Heute gibt es mal ein ganz schnelles Rezept. Ganz fasziniert war ich von Katja, die schrieb, sie w\u00fcrde nie l\u00e4nger als 30 Minuten f\u00fcrs t\u00e4glichen Kochen brauchen. Das ist bei uns als sechsk\u00f6pfige Familie ein wohl kaum zu erreichendes Ziel. Auch wenn ich immer versuche die Zeit f\u00fcr die Mittagsmahlzeiten im \u00fcberschaubaren Rahmen zu halten&#8230;. <a href=\"https:\/\/www.sabine-seyffert.de\/blog\/heute-gibt-es-reis\/\" class=\"more-link\">Read more: Heute gibt es Reis\u2026<\/a><\/p>\n","protected":false},"author":2,"featured_media":0,"comment_status":"open","ping_status":"open","sticky":false,"template":"","format":"standard","meta":{"_metis_text_type":"","_metis_text_length":1934,"_post_count":0,"footnotes":""},"categories":[30],"tags":[],"class_list":["post-1936","post","type-post","status-publish","format-standard","hentry","category-rezepte-herzhaft"],"_links":{"self":[{"href":"https:\/\/www.sabine-seyffert.de\/blog\/wp-json\/wp\/v2\/posts\/1936","targetHints":{"allow":["GET"]}}],"collection":[{"href":"https:\/\/www.sabine-seyffert.de\/blog\/wp-json\/wp\/v2\/posts"}],"about":[{"href":"https:\/\/www.sabine-seyffert.de\/blog\/wp-json\/wp\/v2\/types\/post"}],"author":[{"embeddable":true,"href":"https:\/\/www.sabine-seyffert.de\/blog\/wp-json\/wp\/v2\/users\/2"}],"replies":[{"embeddable":true,"href":"https:\/\/www.sabine-seyffert.de\/blog\/wp-json\/wp\/v2\/comments?post=1936"}],"version-history":[{"count":9,"href":"https:\/\/www.sabine-seyffert.de\/blog\/wp-json\/wp\/v2\/posts\/1936\/revisions"}],"predecessor-version":[{"id":9845,"href":"https:\/\/www.sabine-seyffert.de\/blog\/wp-json\/wp\/v2\/posts\/1936\/revisions\/9845"}],"wp:attachment":[{"href":"https:\/\/www.sabine-seyffert.de\/blog\/wp-json\/wp\/v2\/media?parent=1936"}],"wp:term":[{"taxonomy":"category","embeddable":true,"href":"https:\/\/www.sabine-seyffert.de\/blog\/wp-json\/wp\/v2\/categories?post=1936"},{"taxonomy":"post_tag","embeddable":true,"href":"https:\/\/www.sabine-seyffert.de\/blog\/wp-json\/wp\/v2\/tags?post=1936"}],"curies":[{"name":"wp","href":"https:\/\/api.w.org\/{rel}","templated":true}]}}