{"id":19272,"date":"2021-04-05T06:00:08","date_gmt":"2021-04-05T04:00:08","guid":{"rendered":"https:\/\/www.sabine-seyffert.de\/blog\/?p=19272"},"modified":"2022-09-02T11:33:47","modified_gmt":"2022-09-02T09:33:47","slug":"bastelidee-fuer-kinder-kleinen-froschkoenig-aus-walnuss-basteln","status":"publish","type":"post","link":"https:\/\/www.sabine-seyffert.de\/blog\/bastelidee-fuer-kinder-kleinen-froschkoenig-aus-walnuss-basteln\/","title":{"rendered":"Bastelidee f\u00fcr Kinder: Kleinen Froschk\u00f6nig aus Walnuss basteln"},"content":{"rendered":"<p style=\"text-align: justify;\"><img loading=\"lazy\" decoding=\"async\" src=\"https:\/\/vg07.met.vgwort.de\/na\/6f4083e4be6e4a16916ab310d919989f\" alt=\"\" width=\"1\" height=\"1\" \/>In den n\u00e4chsten Tagen wird es hier auf dem Blog m\u00e4rchenhaft. Den Anfang macht der kleine Upcycling Froschk\u00f6nig, der sich wunderbar aus leeren Schalen von Waln\u00fcssen selbermachen l\u00e4sst. M\u00f6gt ihr M\u00e4rchen? Dann nutzt doch die Osterferien und bastelt flei\u00dfig mit. Durch <a href=\"https:\/\/www.sabine-seyffert.de\/blog\/?p=16055\" target=\"_blank\" rel=\"noopener noreferrer\">den Lockdown<\/a>, die strengen Kontaktbeschr\u00e4nkungen sowie dem Beherberungsverbot kann man die viele freie Zeit auf diese Weise sinnvoll nutzen.<\/p>\n<p style=\"text-align: center;\"><a href=\"https:\/\/www.sabine-seyffert.de\/blog\/wp-content\/uploads\/2021\/04\/Froschk\u00f6nig-Walnuss-Sabine-Seyffert.de-10.jpg\"><img loading=\"lazy\" decoding=\"async\" class=\"alignnone size-full wp-image-19273\" src=\"https:\/\/www.sabine-seyffert.de\/blog\/wp-content\/uploads\/2021\/04\/Froschk\u00f6nig-Walnuss-Sabine-Seyffert.de-10.jpg\" alt=\"\" width=\"800\" height=\"600\" srcset=\"https:\/\/www.sabine-seyffert.de\/blog\/wp-content\/uploads\/2021\/04\/Froschk\u00f6nig-Walnuss-Sabine-Seyffert.de-10.jpg 800w, https:\/\/www.sabine-seyffert.de\/blog\/wp-content\/uploads\/2021\/04\/Froschk\u00f6nig-Walnuss-Sabine-Seyffert.de-10-300x225.jpg 300w, https:\/\/www.sabine-seyffert.de\/blog\/wp-content\/uploads\/2021\/04\/Froschk\u00f6nig-Walnuss-Sabine-Seyffert.de-10-768x576.jpg 768w\" sizes=\"auto, (max-width: 800px) 100vw, 800px\" \/><\/a><\/p>\n<p style=\"text-align: justify;\"><strong>Das wird gebraucht:<\/strong><br \/>\nWalnuss Schalen, d\u00fcnne Pappe, eine alte Tageszeitung, Pinsel, Bastelfarbe in gr\u00fcn, rosa und schwarz, einen Wasserfarbkasten inclusiv Deckwei\u00df, Bastelkleber (fl\u00fcssig), eine Hei\u00dfklebepistole samt Klebepatrone, etwas Watte, glitzerndes Papier (Restst\u00fcck bzw. Verpackung von Ostereiern oder leere S\u00fc\u00dfigkeitsverpackungen), eine Malunterlage und sowie <a href=\"https:\/\/www.sabine-seyffert.de\/blog\/?p=12310\" target=\"_blank\" rel=\"noopener noreferrer\">Malkittel<\/a><\/p>\n<p style=\"text-align: center;\"><a href=\"https:\/\/www.sabine-seyffert.de\/blog\/wp-content\/uploads\/2021\/04\/Froschk\u00f6nig-Walnuss-Sabine-Seyffert.de-0.jpg\"><img loading=\"lazy\" decoding=\"async\" class=\"alignnone size-full wp-image-19274\" src=\"https:\/\/www.sabine-seyffert.de\/blog\/wp-content\/uploads\/2021\/04\/Froschk\u00f6nig-Walnuss-Sabine-Seyffert.de-0.jpg\" alt=\"\" width=\"800\" height=\"600\" srcset=\"https:\/\/www.sabine-seyffert.de\/blog\/wp-content\/uploads\/2021\/04\/Froschk\u00f6nig-Walnuss-Sabine-Seyffert.de-0.jpg 800w, https:\/\/www.sabine-seyffert.de\/blog\/wp-content\/uploads\/2021\/04\/Froschk\u00f6nig-Walnuss-Sabine-Seyffert.de-0-300x225.jpg 300w, https:\/\/www.sabine-seyffert.de\/blog\/wp-content\/uploads\/2021\/04\/Froschk\u00f6nig-Walnuss-Sabine-Seyffert.de-0-768x576.jpg 768w\" sizes=\"auto, (max-width: 800px) 100vw, 800px\" \/><\/a><\/p>\n<p style=\"text-align: justify;\"><strong>So wird\u2019s gemacht:<\/strong><br \/>\nAls erstes braucht man f\u00fcr den m\u00e4rchenhaften Bastelspa\u00df leere Nussschalen. Am besten lasst ihr euch von einem Erwachsenen vorsichtig ein paar Waln\u00fcsse knacken, so dass die Schale nicht zerbricht.<\/p>\n<p style=\"text-align: center;\"><a href=\"https:\/\/www.sabine-seyffert.de\/blog\/wp-content\/uploads\/2021\/04\/Froschk\u00f6nig-Walnuss-Sabine-Seyffert.de-6.jpg\"><img loading=\"lazy\" decoding=\"async\" class=\"alignnone size-full wp-image-19279\" src=\"https:\/\/www.sabine-seyffert.de\/blog\/wp-content\/uploads\/2021\/04\/Froschk\u00f6nig-Walnuss-Sabine-Seyffert.de-6.jpg\" alt=\"\" width=\"800\" height=\"600\" srcset=\"https:\/\/www.sabine-seyffert.de\/blog\/wp-content\/uploads\/2021\/04\/Froschk\u00f6nig-Walnuss-Sabine-Seyffert.de-6.jpg 800w, https:\/\/www.sabine-seyffert.de\/blog\/wp-content\/uploads\/2021\/04\/Froschk\u00f6nig-Walnuss-Sabine-Seyffert.de-6-300x225.jpg 300w, https:\/\/www.sabine-seyffert.de\/blog\/wp-content\/uploads\/2021\/04\/Froschk\u00f6nig-Walnuss-Sabine-Seyffert.de-6-768x576.jpg 768w\" sizes=\"auto, (max-width: 800px) 100vw, 800px\" \/><\/a><\/p>\n<p style=\"text-align: justify;\">Au\u00dferdem stellt ihr euch aus Zeitungspapier und Wasserfarben <a href=\"https:\/\/www.sabine-seyffert.de\/blog\/?p=13917\" target=\"_blank\" rel=\"noopener noreferrer\">gr\u00fcnes Bastelpapier<\/a> selber her. Das schont Geldbeutel &amp; Umwelt sowie den Gang in den Bastelladen.<\/p>\n<p style=\"text-align: center;\"><a href=\"https:\/\/www.sabine-seyffert.de\/blog\/wp-content\/uploads\/2021\/04\/Froschk\u00f6nig-Walnuss-Sabine-Seyffert.de-5.jpg\"><img loading=\"lazy\" decoding=\"async\" class=\"alignnone size-full wp-image-19280\" src=\"https:\/\/www.sabine-seyffert.de\/blog\/wp-content\/uploads\/2021\/04\/Froschk\u00f6nig-Walnuss-Sabine-Seyffert.de-5.jpg\" alt=\"\" width=\"800\" height=\"600\" srcset=\"https:\/\/www.sabine-seyffert.de\/blog\/wp-content\/uploads\/2021\/04\/Froschk\u00f6nig-Walnuss-Sabine-Seyffert.de-5.jpg 800w, https:\/\/www.sabine-seyffert.de\/blog\/wp-content\/uploads\/2021\/04\/Froschk\u00f6nig-Walnuss-Sabine-Seyffert.de-5-300x225.jpg 300w, https:\/\/www.sabine-seyffert.de\/blog\/wp-content\/uploads\/2021\/04\/Froschk\u00f6nig-Walnuss-Sabine-Seyffert.de-5-768x576.jpg 768w\" sizes=\"auto, (max-width: 800px) 100vw, 800px\" \/><\/a><\/p>\n<p style=\"text-align: justify;\">Mit dem gr\u00fcnen Bastelpapier beklebt ihr ein St\u00fcck d\u00fcnne Pappe, aus dem man sich Augen, Arme und Beine f\u00fcr den Frosch ausschneidet. Die Nuss Schale bemalt man mit Bastelfarbe.<br \/>\nAus glitzerndem Papier bastelt man sich eine kleine Krone. Wenn ihr dazu d\u00fcnnes Papier von ausgepackten Schokoladen Eiern nutzt, klebt auch das besser auf d\u00fcnne Pappe, damit es einen bessern Halt hat.<\/p>\n<p><a href=\"https:\/\/www.sabine-seyffert.de\/blog\/wp-content\/uploads\/2021\/04\/Froschk\u00f6nig-Walnuss-Sabine-Seyffert.de-1.jpg\"><img loading=\"lazy\" decoding=\"async\" class=\"alignnone size-full wp-image-19282\" src=\"https:\/\/www.sabine-seyffert.de\/blog\/wp-content\/uploads\/2021\/04\/Froschk\u00f6nig-Walnuss-Sabine-Seyffert.de-1.jpg\" alt=\"\" width=\"800\" height=\"600\" srcset=\"https:\/\/www.sabine-seyffert.de\/blog\/wp-content\/uploads\/2021\/04\/Froschk\u00f6nig-Walnuss-Sabine-Seyffert.de-1.jpg 800w, https:\/\/www.sabine-seyffert.de\/blog\/wp-content\/uploads\/2021\/04\/Froschk\u00f6nig-Walnuss-Sabine-Seyffert.de-1-300x225.jpg 300w, https:\/\/www.sabine-seyffert.de\/blog\/wp-content\/uploads\/2021\/04\/Froschk\u00f6nig-Walnuss-Sabine-Seyffert.de-1-768x576.jpg 768w\" sizes=\"auto, (max-width: 800px) 100vw, 800px\" \/><\/a><\/p>\n<p style=\"text-align: justify;\">Sobald alle Farbe trocken ist, klebt ihr dem bemalten Frosch alle Teile mit etwas Hei\u00dfkleber an. Das Innere der Krone haben wir mit Watte bef\u00fcllt, damit diese eine gr\u00f6\u00dfere Auflagefl\u00e4che hat und gut auf dem Kopf des Frosches kleben bleibt. Zum Schluss noch Augen, Mund und rosa Wangen aufmalen, fertig ist der Froschk\u00f6nig.<\/p>\n<p style=\"text-align: center;\"><a href=\"https:\/\/www.sabine-seyffert.de\/blog\/wp-content\/uploads\/2021\/04\/Froschk\u00f6nig-Walnuss-Sabine-Seyffert.de-9.jpg\"><img loading=\"lazy\" decoding=\"async\" class=\"alignnone size-full wp-image-19278\" src=\"https:\/\/www.sabine-seyffert.de\/blog\/wp-content\/uploads\/2021\/04\/Froschk\u00f6nig-Walnuss-Sabine-Seyffert.de-9.jpg\" alt=\"\" width=\"800\" height=\"600\" srcset=\"https:\/\/www.sabine-seyffert.de\/blog\/wp-content\/uploads\/2021\/04\/Froschk\u00f6nig-Walnuss-Sabine-Seyffert.de-9.jpg 800w, https:\/\/www.sabine-seyffert.de\/blog\/wp-content\/uploads\/2021\/04\/Froschk\u00f6nig-Walnuss-Sabine-Seyffert.de-9-300x225.jpg 300w, https:\/\/www.sabine-seyffert.de\/blog\/wp-content\/uploads\/2021\/04\/Froschk\u00f6nig-Walnuss-Sabine-Seyffert.de-9-768x576.jpg 768w\" sizes=\"auto, (max-width: 800px) 100vw, 800px\" \/><\/a><\/p>\n<p style=\"text-align: justify;\"><strong>Ein kleiner Tipp:<\/strong><br \/>\nDer kleine Froschk\u00f6nig macht sich besonders gut in einer kleinen Spiellandschaft. Vielleicht m\u00f6chtet ihr die Ferienzeit ja dazu nutzen aus Steinen, Papierresten etc. einen kleinen Teich samt Ufer oder einen Brunnen aus leeren Klorollen f\u00fcr den m\u00e4rchenhaften Frosch zu gestalten.<\/p>\n<p style=\"text-align: center;\"><a href=\"https:\/\/www.sabine-seyffert.de\/blog\/wp-content\/uploads\/2021\/04\/Froschk\u00f6nig-Walnuss-Sabine-Seyffert.de-11.jpg\"><img loading=\"lazy\" decoding=\"async\" class=\"alignnone size-full wp-image-19277\" src=\"https:\/\/www.sabine-seyffert.de\/blog\/wp-content\/uploads\/2021\/04\/Froschk\u00f6nig-Walnuss-Sabine-Seyffert.de-11.jpg\" alt=\"\" width=\"800\" height=\"600\" srcset=\"https:\/\/www.sabine-seyffert.de\/blog\/wp-content\/uploads\/2021\/04\/Froschk\u00f6nig-Walnuss-Sabine-Seyffert.de-11.jpg 800w, https:\/\/www.sabine-seyffert.de\/blog\/wp-content\/uploads\/2021\/04\/Froschk\u00f6nig-Walnuss-Sabine-Seyffert.de-11-300x225.jpg 300w, https:\/\/www.sabine-seyffert.de\/blog\/wp-content\/uploads\/2021\/04\/Froschk\u00f6nig-Walnuss-Sabine-Seyffert.de-11-768x576.jpg 768w\" sizes=\"auto, (max-width: 800px) 100vw, 800px\" \/><\/a><\/p>\n<p style=\"text-align: justify;\">Diese Woche lautet das neue Thema der <a href=\"https:\/\/www.instagram.com\/diy_sabine_seyffert\/\" target=\"_blank\" rel=\"noopener noreferrer\">DIY Challenge der Woche<\/a>: Zwerge, Feen, M\u00e4rchenwesen<\/p>\n<p style=\"text-align: center;\"><a href=\"https:\/\/www.sabine-seyffert.de\/blog\/wp-content\/uploads\/2021\/04\/Froschk\u00f6nig-Walnuss-Sabine-Seyffert.de-8.jpg\"><img loading=\"lazy\" decoding=\"async\" class=\"alignnone size-full wp-image-19276\" src=\"https:\/\/www.sabine-seyffert.de\/blog\/wp-content\/uploads\/2021\/04\/Froschk\u00f6nig-Walnuss-Sabine-Seyffert.de-8.jpg\" alt=\"\" width=\"600\" height=\"800\" srcset=\"https:\/\/www.sabine-seyffert.de\/blog\/wp-content\/uploads\/2021\/04\/Froschk\u00f6nig-Walnuss-Sabine-Seyffert.de-8.jpg 600w, https:\/\/www.sabine-seyffert.de\/blog\/wp-content\/uploads\/2021\/04\/Froschk\u00f6nig-Walnuss-Sabine-Seyffert.de-8-225x300.jpg 225w\" sizes=\"auto, (max-width: 600px) 100vw, 600px\" \/><\/a><\/p>\n<p style=\"text-align: justify;\">Weitere kreative Mitmachideen f\u00fcr Kinder findet ihr \u00fcbrigens in <a href=\"https:\/\/www.sabine-seyffert.de\/blog\/?cat=32\" target=\"_blank\" rel=\"noopener noreferrer\">dieser Blog Kategorie<\/a>, alles zum Thema Upcycling mit detaillierter Bastelanleitung gibt es in <a href=\"https:\/\/www.sabine-seyffert.de\/blog\/?cat=47\" target=\"_blank\" rel=\"noopener noreferrer\">dieser Rubrik<\/a>, bunte Besch\u00e4ftigungsideen auch an <a href=\"https:\/\/www.pinterest.de\/diysabineseyffert\/\" target=\"_blank\" rel=\"noopener noreferrer\">meinen Pinnw\u00e4nden<\/a> und andere kreative Sachen an <a href=\"http:\/\/www.lunaju.de\/2021\/04\/kiddikram-aprilmai.html\" target=\"_blank\" rel=\"noopener noreferrer\">dieser<\/a> Stelle.<\/p>\n<p style=\"text-align: center;\"><a href=\"https:\/\/www.sabine-seyffert.de\/blog\/wp-content\/uploads\/2021\/04\/Froschk\u00f6nig-Walnuss-Sabine-Seyffert.de_.jpg\"><img loading=\"lazy\" decoding=\"async\" class=\"alignnone size-full wp-image-19275\" src=\"https:\/\/www.sabine-seyffert.de\/blog\/wp-content\/uploads\/2021\/04\/Froschk\u00f6nig-Walnuss-Sabine-Seyffert.de_.jpg\" alt=\"\" width=\"600\" height=\"800\" srcset=\"https:\/\/www.sabine-seyffert.de\/blog\/wp-content\/uploads\/2021\/04\/Froschk\u00f6nig-Walnuss-Sabine-Seyffert.de_.jpg 600w, https:\/\/www.sabine-seyffert.de\/blog\/wp-content\/uploads\/2021\/04\/Froschk\u00f6nig-Walnuss-Sabine-Seyffert.de_-225x300.jpg 225w\" sizes=\"auto, (max-width: 600px) 100vw, 600px\" \/><\/a><\/p>\n<p style=\"text-align: justify;\"><a href=\"https:\/\/www.sabine-seyffert.de\/blog\/?page_id=32#urheberrecht\">urheberrechtlich gesch\u00fctzt<\/a>, \u00a9 Sabine Seyffert<\/p>\n","protected":false},"excerpt":{"rendered":"<p>In den n\u00e4chsten Tagen wird es hier auf dem Blog m\u00e4rchenhaft. Den Anfang macht der kleine Upcycling Froschk\u00f6nig, der sich wunderbar aus leeren Schalen von Waln\u00fcssen selbermachen l\u00e4sst. M\u00f6gt ihr M\u00e4rchen? Dann nutzt doch die Osterferien und bastelt flei\u00dfig mit. Durch den Lockdown, die strengen Kontaktbeschr\u00e4nkungen sowie dem Beherberungsverbot kann man die viele freie Zeit&#8230; <a href=\"https:\/\/www.sabine-seyffert.de\/blog\/bastelidee-fuer-kinder-kleinen-froschkoenig-aus-walnuss-basteln\/\" class=\"more-link\">Read more: Bastelidee f\u00fcr Kinder: Kleinen Froschk\u00f6nig aus Walnuss basteln<\/a><\/p>\n","protected":false},"author":2,"featured_media":0,"comment_status":"open","ping_status":"open","sticky":false,"template":"","format":"standard","meta":{"_metis_text_type":"","_metis_text_length":2560,"_post_count":0,"footnotes":""},"categories":[32,23,47],"tags":[],"class_list":["post-19272","post","type-post","status-publish","format-standard","hentry","category-kreatives-fur-kleine-kinderhande","category-fruhling","category-upcyceltes"],"_links":{"self":[{"href":"https:\/\/www.sabine-seyffert.de\/blog\/wp-json\/wp\/v2\/posts\/19272","targetHints":{"allow":["GET"]}}],"collection":[{"href":"https:\/\/www.sabine-seyffert.de\/blog\/wp-json\/wp\/v2\/posts"}],"about":[{"href":"https:\/\/www.sabine-seyffert.de\/blog\/wp-json\/wp\/v2\/types\/post"}],"author":[{"embeddable":true,"href":"https:\/\/www.sabine-seyffert.de\/blog\/wp-json\/wp\/v2\/users\/2"}],"replies":[{"embeddable":true,"href":"https:\/\/www.sabine-seyffert.de\/blog\/wp-json\/wp\/v2\/comments?post=19272"}],"version-history":[{"count":4,"href":"https:\/\/www.sabine-seyffert.de\/blog\/wp-json\/wp\/v2\/posts\/19272\/revisions"}],"predecessor-version":[{"id":23934,"href":"https:\/\/www.sabine-seyffert.de\/blog\/wp-json\/wp\/v2\/posts\/19272\/revisions\/23934"}],"wp:attachment":[{"href":"https:\/\/www.sabine-seyffert.de\/blog\/wp-json\/wp\/v2\/media?parent=19272"}],"wp:term":[{"taxonomy":"category","embeddable":true,"href":"https:\/\/www.sabine-seyffert.de\/blog\/wp-json\/wp\/v2\/categories?post=19272"},{"taxonomy":"post_tag","embeddable":true,"href":"https:\/\/www.sabine-seyffert.de\/blog\/wp-json\/wp\/v2\/tags?post=19272"}],"curies":[{"name":"wp","href":"https:\/\/api.w.org\/{rel}","templated":true}]}}