{"id":19230,"date":"2021-04-02T06:00:27","date_gmt":"2021-04-02T04:00:27","guid":{"rendered":"https:\/\/www.sabine-seyffert.de\/blog\/?p=19230"},"modified":"2021-04-01T10:22:21","modified_gmt":"2021-04-01T08:22:21","slug":"bastelidee-upcycling-fuer-kinder-fruehling-mit-tulpen-im-eierkarton","status":"publish","type":"post","link":"https:\/\/www.sabine-seyffert.de\/blog\/bastelidee-upcycling-fuer-kinder-fruehling-mit-tulpen-im-eierkarton\/","title":{"rendered":"Bastelidee &#038; Upcycling f\u00fcr Kinder: Fr\u00fchling mit Tulpen im Eierkarton"},"content":{"rendered":"<p style=\"text-align: justify;\"><img loading=\"lazy\" decoding=\"async\" src=\"https:\/\/vg07.met.vgwort.de\/na\/14455fd0cde74d0a8892314653e688ef\" alt=\"\" width=\"1\" height=\"1\" \/>Ich liebe es mit leeren Eierkartons zu basteln und so ist auch f\u00fcr dieses Fr\u00fchjahr eine kreative Upcyclingidee damit entstanden. \u00c4hnlich wie <a href=\"https:\/\/www.sabine-seyffert.de\/blog\/?p=16284\" target=\"_blank\" rel=\"noopener noreferrer\">diese fr\u00fchlingshafte Bastelidee<\/a>, jedoch deutlich einfacher und daher auch f\u00fcr j\u00fcngere Kinder besser geeignet. Denn diesmal haben in dem Fr\u00fchlingsbild zwei sch\u00f6ne Tulpen ihren Platz gefunden, die im Handumdrehen gebastelt sind. Nat\u00fcrlich darf auch bei dieser Variante ein kleiner Osterhase nicht fehlen, schlie\u00dflich ist Ostern nicht mehr weit. Auch dieser ist rundum aus Eierkartons gemacht.<\/p>\n<p style=\"text-align: center;\"><a href=\"https:\/\/www.sabine-seyffert.de\/blog\/wp-content\/uploads\/2021\/04\/Fr\u00fchling-im-Eierkarton-Sabine-Seyffert.de-11.jpg\"><img loading=\"lazy\" decoding=\"async\" class=\"alignnone size-full wp-image-19231\" src=\"https:\/\/www.sabine-seyffert.de\/blog\/wp-content\/uploads\/2021\/04\/Fr\u00fchling-im-Eierkarton-Sabine-Seyffert.de-11.jpg\" alt=\"\" width=\"800\" height=\"600\" srcset=\"https:\/\/www.sabine-seyffert.de\/blog\/wp-content\/uploads\/2021\/04\/Fr\u00fchling-im-Eierkarton-Sabine-Seyffert.de-11.jpg 800w, https:\/\/www.sabine-seyffert.de\/blog\/wp-content\/uploads\/2021\/04\/Fr\u00fchling-im-Eierkarton-Sabine-Seyffert.de-11-300x225.jpg 300w, https:\/\/www.sabine-seyffert.de\/blog\/wp-content\/uploads\/2021\/04\/Fr\u00fchling-im-Eierkarton-Sabine-Seyffert.de-11-768x576.jpg 768w\" sizes=\"auto, (max-width: 800px) 100vw, 800px\" \/><\/a><\/p>\n<p style=\"text-align: justify;\"><strong>Das wird gebraucht:<\/strong><br \/>\nEin leerer Eierkarton (klein, f\u00fcr 6 Eier), ein scharfes Bastelmesser \/ Cutter, eine Bastelschere, ein d\u00fcnner Ast \/ Zweig, Wasserfarbkasten inclusiv Deckwei\u00df und oder Acrylfarbe, Pinsel, eine alte Tageszeitung, Kordel, Bastelkleber \/ Klebestift, eine Malunterlage, eine Hei\u00dfklebepistole samt Klebepatrone und einen <a href=\"https:\/\/www.sabine-seyffert.de\/blog\/?p=12310\" target=\"_blank\" rel=\"noopener noreferrer\">Bastelkittel<\/a><\/p>\n<p style=\"text-align: center;\"><a href=\"https:\/\/www.sabine-seyffert.de\/blog\/wp-content\/uploads\/2021\/04\/Fr\u00fchling-im-Eierkarton-Sabine-Seyffert.de-3.jpg\"><img loading=\"lazy\" decoding=\"async\" class=\"alignnone size-full wp-image-19232\" src=\"https:\/\/www.sabine-seyffert.de\/blog\/wp-content\/uploads\/2021\/04\/Fr\u00fchling-im-Eierkarton-Sabine-Seyffert.de-3.jpg\" alt=\"\" width=\"800\" height=\"600\" srcset=\"https:\/\/www.sabine-seyffert.de\/blog\/wp-content\/uploads\/2021\/04\/Fr\u00fchling-im-Eierkarton-Sabine-Seyffert.de-3.jpg 800w, https:\/\/www.sabine-seyffert.de\/blog\/wp-content\/uploads\/2021\/04\/Fr\u00fchling-im-Eierkarton-Sabine-Seyffert.de-3-300x225.jpg 300w, https:\/\/www.sabine-seyffert.de\/blog\/wp-content\/uploads\/2021\/04\/Fr\u00fchling-im-Eierkarton-Sabine-Seyffert.de-3-768x576.jpg 768w\" sizes=\"auto, (max-width: 800px) 100vw, 800px\" \/><\/a><\/p>\n<p style=\"text-align: justify;\"><strong>So wird\u2019s gemacht:<\/strong><br \/>\nAls erstes ziehen sich die Kinder alle einen Malkittel \u00fcber. Der Tisch wird abgedeckt und dann darf sich jeder den Deckel von einem Eierkarton abschneiden und von Innen blau anmalen.<\/p>\n<p style=\"text-align: center;\"><a href=\"https:\/\/www.sabine-seyffert.de\/blog\/wp-content\/uploads\/2021\/04\/Fr\u00fchling-im-Eierkarton-Sabine-Seyffert.de-10.jpg\"><img loading=\"lazy\" decoding=\"async\" class=\"alignnone size-full wp-image-19236\" src=\"https:\/\/www.sabine-seyffert.de\/blog\/wp-content\/uploads\/2021\/04\/Fr\u00fchling-im-Eierkarton-Sabine-Seyffert.de-10.jpg\" alt=\"\" width=\"800\" height=\"600\" srcset=\"https:\/\/www.sabine-seyffert.de\/blog\/wp-content\/uploads\/2021\/04\/Fr\u00fchling-im-Eierkarton-Sabine-Seyffert.de-10.jpg 800w, https:\/\/www.sabine-seyffert.de\/blog\/wp-content\/uploads\/2021\/04\/Fr\u00fchling-im-Eierkarton-Sabine-Seyffert.de-10-300x225.jpg 300w, https:\/\/www.sabine-seyffert.de\/blog\/wp-content\/uploads\/2021\/04\/Fr\u00fchling-im-Eierkarton-Sabine-Seyffert.de-10-768x576.jpg 768w\" sizes=\"auto, (max-width: 800px) 100vw, 800px\" \/><\/a><\/p>\n<p style=\"text-align: justify;\">W\u00e4hrend der Deckel samt Farbe trocknet, schneidet man ein kleines St\u00fcck Text aus der Zeitung und bestreicht dieses nach <a href=\"https:\/\/www.sabine-seyffert.de\/blog\/?p=13917\" target=\"_blank\" rel=\"noopener noreferrer\">dieser Anleitung<\/a> mit Wasser verd\u00fcnntem Deckwei\u00df.<\/p>\n<p style=\"text-align: center;\"><a href=\"https:\/\/www.sabine-seyffert.de\/blog\/wp-content\/uploads\/2021\/04\/Fr\u00fchling-im-Eierkarton-Sabine-Seyffert.de-9.jpg\"><img loading=\"lazy\" decoding=\"async\" class=\"alignnone size-full wp-image-19237\" src=\"https:\/\/www.sabine-seyffert.de\/blog\/wp-content\/uploads\/2021\/04\/Fr\u00fchling-im-Eierkarton-Sabine-Seyffert.de-9.jpg\" alt=\"\" width=\"800\" height=\"600\" srcset=\"https:\/\/www.sabine-seyffert.de\/blog\/wp-content\/uploads\/2021\/04\/Fr\u00fchling-im-Eierkarton-Sabine-Seyffert.de-9.jpg 800w, https:\/\/www.sabine-seyffert.de\/blog\/wp-content\/uploads\/2021\/04\/Fr\u00fchling-im-Eierkarton-Sabine-Seyffert.de-9-300x225.jpg 300w, https:\/\/www.sabine-seyffert.de\/blog\/wp-content\/uploads\/2021\/04\/Fr\u00fchling-im-Eierkarton-Sabine-Seyffert.de-9-768x576.jpg 768w\" sizes=\"auto, (max-width: 800px) 100vw, 800px\" \/><\/a><\/p>\n<p style=\"text-align: justify;\">Aus der unteren Kartonh\u00e4lfte schneidet man von der Seitenlasche zwei St\u00fccke f\u00fcr die Bl\u00fcten der Tulpen sowie etwas Gras und gr\u00fcne Bl\u00fctenbl\u00e4tter.<\/p>\n<p style=\"text-align: center;\"><a href=\"https:\/\/www.sabine-seyffert.de\/blog\/wp-content\/uploads\/2021\/04\/Fr\u00fchling-im-Eierkarton-Sabine-Seyffert.de-8.jpg\"><img loading=\"lazy\" decoding=\"async\" class=\"alignnone size-full wp-image-19238\" src=\"https:\/\/www.sabine-seyffert.de\/blog\/wp-content\/uploads\/2021\/04\/Fr\u00fchling-im-Eierkarton-Sabine-Seyffert.de-8.jpg\" alt=\"\" width=\"800\" height=\"600\" srcset=\"https:\/\/www.sabine-seyffert.de\/blog\/wp-content\/uploads\/2021\/04\/Fr\u00fchling-im-Eierkarton-Sabine-Seyffert.de-8.jpg 800w, https:\/\/www.sabine-seyffert.de\/blog\/wp-content\/uploads\/2021\/04\/Fr\u00fchling-im-Eierkarton-Sabine-Seyffert.de-8-300x225.jpg 300w, https:\/\/www.sabine-seyffert.de\/blog\/wp-content\/uploads\/2021\/04\/Fr\u00fchling-im-Eierkarton-Sabine-Seyffert.de-8-768x576.jpg 768w\" sizes=\"auto, (max-width: 800px) 100vw, 800px\" \/><\/a><\/p>\n<p style=\"text-align: justify;\">F\u00fcr den Hasen ben\u00f6tigt man die beiden spitzen Kegel aus dem unteren Eierkartonteil. Dabei sollte ein Erwachsener helfen und diese am besten mit einem scharfen Cutter heraustrennen.<\/p>\n<p style=\"text-align: center;\"><a href=\"https:\/\/www.sabine-seyffert.de\/blog\/wp-content\/uploads\/2021\/04\/Fr\u00fchling-im-Eierkarton-Sabine-Seyffert.de-7.jpg\"><img loading=\"lazy\" decoding=\"async\" class=\"alignnone size-full wp-image-19239\" src=\"https:\/\/www.sabine-seyffert.de\/blog\/wp-content\/uploads\/2021\/04\/Fr\u00fchling-im-Eierkarton-Sabine-Seyffert.de-7.jpg\" alt=\"\" width=\"800\" height=\"600\" srcset=\"https:\/\/www.sabine-seyffert.de\/blog\/wp-content\/uploads\/2021\/04\/Fr\u00fchling-im-Eierkarton-Sabine-Seyffert.de-7.jpg 800w, https:\/\/www.sabine-seyffert.de\/blog\/wp-content\/uploads\/2021\/04\/Fr\u00fchling-im-Eierkarton-Sabine-Seyffert.de-7-300x225.jpg 300w, https:\/\/www.sabine-seyffert.de\/blog\/wp-content\/uploads\/2021\/04\/Fr\u00fchling-im-Eierkarton-Sabine-Seyffert.de-7-768x576.jpg 768w\" sizes=\"auto, (max-width: 800px) 100vw, 800px\" \/><\/a><\/p>\n<p style=\"text-align: justify;\">Der eine Kegel wird leicht gek\u00fcrzt. Aus dem anderen Kegel schneidet man zwei lange Hasenohren. Beides wird mit brauner Farbe bemalt. Auch die Tulpen bekommen einen farbigen Anstrich.<\/p>\n<p style=\"text-align: center;\"><a href=\"https:\/\/www.sabine-seyffert.de\/blog\/wp-content\/uploads\/2021\/04\/Fr\u00fchling-im-Eierkarton-Sabine-Seyffert.de-2.jpg\"><img loading=\"lazy\" decoding=\"async\" class=\"alignnone size-full wp-image-19240\" src=\"https:\/\/www.sabine-seyffert.de\/blog\/wp-content\/uploads\/2021\/04\/Fr\u00fchling-im-Eierkarton-Sabine-Seyffert.de-2.jpg\" alt=\"\" width=\"800\" height=\"600\" srcset=\"https:\/\/www.sabine-seyffert.de\/blog\/wp-content\/uploads\/2021\/04\/Fr\u00fchling-im-Eierkarton-Sabine-Seyffert.de-2.jpg 800w, https:\/\/www.sabine-seyffert.de\/blog\/wp-content\/uploads\/2021\/04\/Fr\u00fchling-im-Eierkarton-Sabine-Seyffert.de-2-300x225.jpg 300w, https:\/\/www.sabine-seyffert.de\/blog\/wp-content\/uploads\/2021\/04\/Fr\u00fchling-im-Eierkarton-Sabine-Seyffert.de-2-768x576.jpg 768w\" sizes=\"auto, (max-width: 800px) 100vw, 800px\" \/><\/a><\/p>\n<p style=\"text-align: justify;\">Die Nase des Hasen kann man einfach aus einem Restst\u00fcck Kordel oder Wolle darstellen. Einfach mittig verknoten, die Enden k\u00fcrzen und ankleben. Die Augen tupft man mit Deckwei\u00df auf.<\/p>\n<p style=\"text-align: center;\"><a href=\"https:\/\/www.sabine-seyffert.de\/blog\/wp-content\/uploads\/2021\/04\/Fr\u00fchling-im-Eierkarton-Sabine-Seyffert.de-6.jpg\"><img loading=\"lazy\" decoding=\"async\" class=\"alignnone size-full wp-image-19241\" src=\"https:\/\/www.sabine-seyffert.de\/blog\/wp-content\/uploads\/2021\/04\/Fr\u00fchling-im-Eierkarton-Sabine-Seyffert.de-6.jpg\" alt=\"\" width=\"800\" height=\"600\" srcset=\"https:\/\/www.sabine-seyffert.de\/blog\/wp-content\/uploads\/2021\/04\/Fr\u00fchling-im-Eierkarton-Sabine-Seyffert.de-6.jpg 800w, https:\/\/www.sabine-seyffert.de\/blog\/wp-content\/uploads\/2021\/04\/Fr\u00fchling-im-Eierkarton-Sabine-Seyffert.de-6-300x225.jpg 300w, https:\/\/www.sabine-seyffert.de\/blog\/wp-content\/uploads\/2021\/04\/Fr\u00fchling-im-Eierkarton-Sabine-Seyffert.de-6-768x576.jpg 768w\" sizes=\"auto, (max-width: 800px) 100vw, 800px\" \/><\/a><\/p>\n<p style=\"text-align: justify;\">Nun noch aus dem wei\u00dfen Zeitungspapier eine Wolke schneiden und alle Teile aufkleben. Die Tulpen, mit dem Stiel aus einem Ast, halten am besten mit etwas Hei\u00dfkleber.<\/p>\n<p style=\"text-align: justify;\"><a href=\"https:\/\/www.sabine-seyffert.de\/blog\/wp-content\/uploads\/2021\/04\/Fr\u00fchling-im-Eierkarton-Sabine-Seyffert.de-5.jpg\"><img loading=\"lazy\" decoding=\"async\" class=\"alignnone size-full wp-image-19235\" src=\"https:\/\/www.sabine-seyffert.de\/blog\/wp-content\/uploads\/2021\/04\/Fr\u00fchling-im-Eierkarton-Sabine-Seyffert.de-5.jpg\" alt=\"\" width=\"800\" height=\"600\" srcset=\"https:\/\/www.sabine-seyffert.de\/blog\/wp-content\/uploads\/2021\/04\/Fr\u00fchling-im-Eierkarton-Sabine-Seyffert.de-5.jpg 800w, https:\/\/www.sabine-seyffert.de\/blog\/wp-content\/uploads\/2021\/04\/Fr\u00fchling-im-Eierkarton-Sabine-Seyffert.de-5-300x225.jpg 300w, https:\/\/www.sabine-seyffert.de\/blog\/wp-content\/uploads\/2021\/04\/Fr\u00fchling-im-Eierkarton-Sabine-Seyffert.de-5-768x576.jpg 768w\" sizes=\"auto, (max-width: 800px) 100vw, 800px\" \/><\/a><\/p>\n<p style=\"text-align: justify;\">Der Hase steht \u201elose\u201c im Karton, da er so beweglich ist und als Spielfigur dient.<\/p>\n<p style=\"text-align: center;\"><a href=\"https:\/\/www.sabine-seyffert.de\/blog\/wp-content\/uploads\/2021\/04\/Fr\u00fchling-im-Eierkarton-Sabine-Seyffert.de-4.jpg\"><img loading=\"lazy\" decoding=\"async\" class=\"alignnone size-full wp-image-19234\" src=\"https:\/\/www.sabine-seyffert.de\/blog\/wp-content\/uploads\/2021\/04\/Fr\u00fchling-im-Eierkarton-Sabine-Seyffert.de-4.jpg\" alt=\"\" width=\"800\" height=\"600\" srcset=\"https:\/\/www.sabine-seyffert.de\/blog\/wp-content\/uploads\/2021\/04\/Fr\u00fchling-im-Eierkarton-Sabine-Seyffert.de-4.jpg 800w, https:\/\/www.sabine-seyffert.de\/blog\/wp-content\/uploads\/2021\/04\/Fr\u00fchling-im-Eierkarton-Sabine-Seyffert.de-4-300x225.jpg 300w, https:\/\/www.sabine-seyffert.de\/blog\/wp-content\/uploads\/2021\/04\/Fr\u00fchling-im-Eierkarton-Sabine-Seyffert.de-4-768x576.jpg 768w\" sizes=\"auto, (max-width: 800px) 100vw, 800px\" \/><\/a><\/p>\n<p style=\"text-align: justify;\">Weitere DIY Bastelideen f\u00fcr Kinder findet ihr \u00fcbrigens in <a href=\"https:\/\/www.sabine-seyffert.de\/blog\/?cat=32\" target=\"_blank\" rel=\"noopener noreferrer\">dieser Blog Kategorie<\/a>, alles zum Thema Upcycling mit detaillierter Bastelanleitung gibt es in <a href=\"https:\/\/www.sabine-seyffert.de\/blog\/?cat=47\" target=\"_blank\" rel=\"noopener noreferrer\">dieser Rubrik<\/a>, alles rund um Ostern und die Fr\u00fchlingszeit sind in <a href=\"https:\/\/www.sabine-seyffert.de\/blog\/?cat=23\" target=\"_blank\" rel=\"noopener noreferrer\">diesem Blog Ordner<\/a> und andere kreative Sachen <a href=\"https:\/\/www.pinterest.de\/diysabineseyffert\/\" target=\"_blank\" rel=\"noopener noreferrer\">da<\/a>.<\/p>\n<p style=\"text-align: center;\"><a href=\"https:\/\/www.sabine-seyffert.de\/blog\/wp-content\/uploads\/2021\/04\/Fr\u00fchling-im-Eierkarton-Sabine-Seyffert.de-1.jpg\"><img loading=\"lazy\" decoding=\"async\" class=\"alignnone size-full wp-image-19233\" src=\"https:\/\/www.sabine-seyffert.de\/blog\/wp-content\/uploads\/2021\/04\/Fr\u00fchling-im-Eierkarton-Sabine-Seyffert.de-1.jpg\" alt=\"\" width=\"600\" height=\"800\" srcset=\"https:\/\/www.sabine-seyffert.de\/blog\/wp-content\/uploads\/2021\/04\/Fr\u00fchling-im-Eierkarton-Sabine-Seyffert.de-1.jpg 600w, https:\/\/www.sabine-seyffert.de\/blog\/wp-content\/uploads\/2021\/04\/Fr\u00fchling-im-Eierkarton-Sabine-Seyffert.de-1-225x300.jpg 225w\" sizes=\"auto, (max-width: 600px) 100vw, 600px\" \/><\/a><\/p>\n<p style=\"text-align: justify;\"><a href=\"https:\/\/www.sabine-seyffert.de\/blog\/?page_id=32#urheberrecht\">urheberrechtlich gesch\u00fctzt<\/a>, \u00a9 Sabine Seyffert<\/p>\n","protected":false},"excerpt":{"rendered":"<p>Ich liebe es mit leeren Eierkartons zu basteln und so ist auch f\u00fcr dieses Fr\u00fchjahr eine kreative Upcyclingidee damit entstanden. \u00c4hnlich wie diese fr\u00fchlingshafte Bastelidee, jedoch deutlich einfacher und daher auch f\u00fcr j\u00fcngere Kinder besser geeignet. Denn diesmal haben in dem Fr\u00fchlingsbild zwei sch\u00f6ne Tulpen ihren Platz gefunden, die im Handumdrehen gebastelt sind. Nat\u00fcrlich darf&#8230; <a href=\"https:\/\/www.sabine-seyffert.de\/blog\/bastelidee-upcycling-fuer-kinder-fruehling-mit-tulpen-im-eierkarton\/\" class=\"more-link\">Read more: Bastelidee &#038; Upcycling f\u00fcr Kinder: Fr\u00fchling mit Tulpen im Eierkarton<\/a><\/p>\n","protected":false},"author":2,"featured_media":0,"comment_status":"open","ping_status":"open","sticky":false,"template":"","format":"standard","meta":{"_metis_text_type":"","_metis_text_length":2500,"_post_count":0,"footnotes":""},"categories":[32,23,47],"tags":[],"class_list":["post-19230","post","type-post","status-publish","format-standard","hentry","category-kreatives-fur-kleine-kinderhande","category-fruhling","category-upcyceltes"],"_links":{"self":[{"href":"https:\/\/www.sabine-seyffert.de\/blog\/wp-json\/wp\/v2\/posts\/19230","targetHints":{"allow":["GET"]}}],"collection":[{"href":"https:\/\/www.sabine-seyffert.de\/blog\/wp-json\/wp\/v2\/posts"}],"about":[{"href":"https:\/\/www.sabine-seyffert.de\/blog\/wp-json\/wp\/v2\/types\/post"}],"author":[{"embeddable":true,"href":"https:\/\/www.sabine-seyffert.de\/blog\/wp-json\/wp\/v2\/users\/2"}],"replies":[{"embeddable":true,"href":"https:\/\/www.sabine-seyffert.de\/blog\/wp-json\/wp\/v2\/comments?post=19230"}],"version-history":[{"count":2,"href":"https:\/\/www.sabine-seyffert.de\/blog\/wp-json\/wp\/v2\/posts\/19230\/revisions"}],"predecessor-version":[{"id":19243,"href":"https:\/\/www.sabine-seyffert.de\/blog\/wp-json\/wp\/v2\/posts\/19230\/revisions\/19243"}],"wp:attachment":[{"href":"https:\/\/www.sabine-seyffert.de\/blog\/wp-json\/wp\/v2\/media?parent=19230"}],"wp:term":[{"taxonomy":"category","embeddable":true,"href":"https:\/\/www.sabine-seyffert.de\/blog\/wp-json\/wp\/v2\/categories?post=19230"},{"taxonomy":"post_tag","embeddable":true,"href":"https:\/\/www.sabine-seyffert.de\/blog\/wp-json\/wp\/v2\/tags?post=19230"}],"curies":[{"name":"wp","href":"https:\/\/api.w.org\/{rel}","templated":true}]}}