{"id":19216,"date":"2021-04-01T21:00:52","date_gmt":"2021-04-01T19:00:52","guid":{"rendered":"https:\/\/www.sabine-seyffert.de\/blog\/?p=19216"},"modified":"2023-02-16T16:13:47","modified_gmt":"2023-02-16T14:13:47","slug":"diy-geschenkidee-fuer-ostern-upcycling-osternest-aus-tetrapak-basteln","status":"publish","type":"post","link":"https:\/\/www.sabine-seyffert.de\/blog\/diy-geschenkidee-fuer-ostern-upcycling-osternest-aus-tetrapak-basteln\/","title":{"rendered":"DIY Geschenkidee f\u00fcr Ostern: Upcycling Osternest aus Tetrapak basteln"},"content":{"rendered":"<p style=\"text-align: justify;\"><img loading=\"lazy\" decoding=\"async\" src=\"https:\/\/vg07.met.vgwort.de\/na\/f03d650b1ebd46919611e2c27139e4d6\" alt=\"\" width=\"1\" height=\"1\" \/>Ostern naht und daher habe ich heute noch eine tolle Last Minute Idee zum Selbermachen f\u00fcr euch. Wer hier mitliest wei\u00df, dass ich kleine Mitbringsel und selbst gemachte Geschenkideen liebe. Au\u00dferdem verpacke ich ausgesprochen gerne Geschenke. So kurz vor Ostern habe ich kurzerhand beide Vorlieben vereint und aus allerhand leeren Milchkartons kleine Osternester gebastelt. Die lassen sich prima bef\u00fcllen und sehen richtig sch\u00f6n aus. Ob mit selbst gebackenen Leckereien (bsp. <a href=\"https:\/\/www.sabine-seyffert.de\/blog\/?p=14312\" target=\"_blank\" rel=\"noopener noreferrer\">diese Osterkekse<\/a>, die <a href=\"https:\/\/www.sabine-seyffert.de\/blog\/?p=12095\" target=\"_blank\" rel=\"noopener noreferrer\">lustigen Spiegeleier<\/a> oder auch <a href=\"https:\/\/www.sabine-seyffert.de\/blog\/?p=14145\" target=\"_blank\" rel=\"noopener noreferrer\">mit Blumen<\/a>) ist ganz egal. Ein perfektes Ostermitbringsel, das man ohne gro\u00dfen Aufwand und Kosten selbermachen und verschenken kann.<\/p>\n<p style=\"text-align: center;\"><a href=\"https:\/\/www.sabine-seyffert.de\/blog\/wp-content\/uploads\/2021\/04\/Osternest-Milcht\u00fcte-Sabine-Seyffert.de-3.jpg\"><img loading=\"lazy\" decoding=\"async\" class=\"alignnone size-full wp-image-19217\" src=\"https:\/\/www.sabine-seyffert.de\/blog\/wp-content\/uploads\/2021\/04\/Osternest-Milcht\u00fcte-Sabine-Seyffert.de-3.jpg\" alt=\"\" width=\"800\" height=\"600\" srcset=\"https:\/\/www.sabine-seyffert.de\/blog\/wp-content\/uploads\/2021\/04\/Osternest-Milcht\u00fcte-Sabine-Seyffert.de-3.jpg 800w, https:\/\/www.sabine-seyffert.de\/blog\/wp-content\/uploads\/2021\/04\/Osternest-Milcht\u00fcte-Sabine-Seyffert.de-3-300x225.jpg 300w, https:\/\/www.sabine-seyffert.de\/blog\/wp-content\/uploads\/2021\/04\/Osternest-Milcht\u00fcte-Sabine-Seyffert.de-3-768x576.jpg 768w\" sizes=\"auto, (max-width: 800px) 100vw, 800px\" \/><\/a><\/p>\n<p style=\"text-align: justify;\"><strong>Das wird gebraucht:<\/strong><br \/>\nLeere Milcht\u00fcten, ein scharfes Bastelmesser \/ Cutter, Acrylfarbe \/ Bastelfarbe auf Wasserbasis, Pinsel, Bastelkleber \/ Klebestift, eine Malunterlage, d\u00fcnne Pappe (alternativ Packpapier) sowie optional Buchstabenstempel samt Stempelkissen und Schaschlikst\u00e4be aus Holz<\/p>\n<p style=\"text-align: center;\"><a href=\"https:\/\/www.sabine-seyffert.de\/blog\/wp-content\/uploads\/2021\/04\/Osternest-Milcht\u00fcte-Sabine-Seyffert.de-7.jpg\"><img loading=\"lazy\" decoding=\"async\" class=\"alignnone size-full wp-image-19218\" src=\"https:\/\/www.sabine-seyffert.de\/blog\/wp-content\/uploads\/2021\/04\/Osternest-Milcht\u00fcte-Sabine-Seyffert.de-7.jpg\" alt=\"\" width=\"800\" height=\"600\" srcset=\"https:\/\/www.sabine-seyffert.de\/blog\/wp-content\/uploads\/2021\/04\/Osternest-Milcht\u00fcte-Sabine-Seyffert.de-7.jpg 800w, https:\/\/www.sabine-seyffert.de\/blog\/wp-content\/uploads\/2021\/04\/Osternest-Milcht\u00fcte-Sabine-Seyffert.de-7-300x225.jpg 300w, https:\/\/www.sabine-seyffert.de\/blog\/wp-content\/uploads\/2021\/04\/Osternest-Milcht\u00fcte-Sabine-Seyffert.de-7-768x576.jpg 768w\" sizes=\"auto, (max-width: 800px) 100vw, 800px\" \/><\/a><\/p>\n<p style=\"text-align: justify;\"><strong>So wird\u2019s gemacht:<\/strong><br \/>\nAls erstes zieht ihr von der Milchverpackung die \u00e4u\u00dferste Beschichtung ab. Wie das am besten funktioniert, k\u00f6nnt ihr in <a href=\"https:\/\/www.sabine-seyffert.de\/blog\/?p=14184\" target=\"_blank\" rel=\"noopener noreferrer\">dieser Bastelanleitung<\/a> nachlesen.<\/p>\n<p style=\"text-align: center;\"><a href=\"https:\/\/www.sabine-seyffert.de\/blog\/wp-content\/uploads\/2021\/04\/Osternest-Milcht\u00fcte-Sabine-Seyffert.de-6.jpg\"><img loading=\"lazy\" decoding=\"async\" class=\"alignnone size-full wp-image-19219\" src=\"https:\/\/www.sabine-seyffert.de\/blog\/wp-content\/uploads\/2021\/04\/Osternest-Milcht\u00fcte-Sabine-Seyffert.de-6.jpg\" alt=\"\" width=\"800\" height=\"600\" srcset=\"https:\/\/www.sabine-seyffert.de\/blog\/wp-content\/uploads\/2021\/04\/Osternest-Milcht\u00fcte-Sabine-Seyffert.de-6.jpg 800w, https:\/\/www.sabine-seyffert.de\/blog\/wp-content\/uploads\/2021\/04\/Osternest-Milcht\u00fcte-Sabine-Seyffert.de-6-300x225.jpg 300w, https:\/\/www.sabine-seyffert.de\/blog\/wp-content\/uploads\/2021\/04\/Osternest-Milcht\u00fcte-Sabine-Seyffert.de-6-768x576.jpg 768w\" sizes=\"auto, (max-width: 800px) 100vw, 800px\" \/><\/a><\/p>\n<p style=\"text-align: justify;\">Allerdings habe ich die Tetrapaks hier nicht geknetet damit die Osternester stabiler sind (nur ganz oben am Rand, damit diese beim Falten und Umklappen nicht einrei\u00dfen).<\/p>\n<p style=\"text-align: center;\"><a href=\"https:\/\/www.sabine-seyffert.de\/blog\/wp-content\/uploads\/2021\/04\/Osternest-Milcht\u00fcte-Sabine-Seyffert.de-1.jpg\"><img loading=\"lazy\" decoding=\"async\" class=\"alignnone size-full wp-image-19226\" src=\"https:\/\/www.sabine-seyffert.de\/blog\/wp-content\/uploads\/2021\/04\/Osternest-Milcht\u00fcte-Sabine-Seyffert.de-1.jpg\" alt=\"\" width=\"800\" height=\"600\" srcset=\"https:\/\/www.sabine-seyffert.de\/blog\/wp-content\/uploads\/2021\/04\/Osternest-Milcht\u00fcte-Sabine-Seyffert.de-1.jpg 800w, https:\/\/www.sabine-seyffert.de\/blog\/wp-content\/uploads\/2021\/04\/Osternest-Milcht\u00fcte-Sabine-Seyffert.de-1-300x225.jpg 300w, https:\/\/www.sabine-seyffert.de\/blog\/wp-content\/uploads\/2021\/04\/Osternest-Milcht\u00fcte-Sabine-Seyffert.de-1-768x576.jpg 768w\" sizes=\"auto, (max-width: 800px) 100vw, 800px\" \/><\/a><\/p>\n<p style=\"text-align: justify;\">Vorne habe ich diese mit Farbe bemalt. Ob als Kreis, in Osterei Form oder Oval \u2013 ist ganz egal. Hauptsache der aus Pappe ausgeschnittene Hase passt von der Gr\u00f6\u00dfe her hinein.<\/p>\n<p style=\"text-align: center;\"><a href=\"https:\/\/www.sabine-seyffert.de\/blog\/wp-content\/uploads\/2021\/04\/Osternest-Milcht\u00fcte-Sabine-Seyffert.de-5.jpg\"><img loading=\"lazy\" decoding=\"async\" class=\"alignnone size-full wp-image-19225\" src=\"https:\/\/www.sabine-seyffert.de\/blog\/wp-content\/uploads\/2021\/04\/Osternest-Milcht\u00fcte-Sabine-Seyffert.de-5.jpg\" alt=\"\" width=\"800\" height=\"600\" srcset=\"https:\/\/www.sabine-seyffert.de\/blog\/wp-content\/uploads\/2021\/04\/Osternest-Milcht\u00fcte-Sabine-Seyffert.de-5.jpg 800w, https:\/\/www.sabine-seyffert.de\/blog\/wp-content\/uploads\/2021\/04\/Osternest-Milcht\u00fcte-Sabine-Seyffert.de-5-300x225.jpg 300w, https:\/\/www.sabine-seyffert.de\/blog\/wp-content\/uploads\/2021\/04\/Osternest-Milcht\u00fcte-Sabine-Seyffert.de-5-768x576.jpg 768w\" sizes=\"auto, (max-width: 800px) 100vw, 800px\" \/><\/a><\/p>\n<p style=\"text-align: justify;\">Den Osterhasen klebt man fest, sobald die Farbe ganz getrocknet ist.<\/p>\n<p style=\"text-align: center;\"><a href=\"https:\/\/www.sabine-seyffert.de\/blog\/wp-content\/uploads\/2021\/04\/Osternest-Milcht\u00fcte-Sabine-Seyffert.de-3-1.jpg\"><img loading=\"lazy\" decoding=\"async\" class=\"alignnone size-full wp-image-19224\" src=\"https:\/\/www.sabine-seyffert.de\/blog\/wp-content\/uploads\/2021\/04\/Osternest-Milcht\u00fcte-Sabine-Seyffert.de-3-1.jpg\" alt=\"\" width=\"800\" height=\"600\" srcset=\"https:\/\/www.sabine-seyffert.de\/blog\/wp-content\/uploads\/2021\/04\/Osternest-Milcht\u00fcte-Sabine-Seyffert.de-3-1.jpg 800w, https:\/\/www.sabine-seyffert.de\/blog\/wp-content\/uploads\/2021\/04\/Osternest-Milcht\u00fcte-Sabine-Seyffert.de-3-1-300x225.jpg 300w, https:\/\/www.sabine-seyffert.de\/blog\/wp-content\/uploads\/2021\/04\/Osternest-Milcht\u00fcte-Sabine-Seyffert.de-3-1-768x576.jpg 768w\" sizes=\"auto, (max-width: 800px) 100vw, 800px\" \/><\/a><\/p>\n<p style=\"text-align: justify;\">Aus d\u00fcnnen Holzst\u00e4ben und d\u00fcnner Pappe habe ich kleine Wimpel gebastelt und mit Ostergru\u00df bestempelt.<\/p>\n<p style=\"text-align: center;\"><a href=\"https:\/\/www.sabine-seyffert.de\/blog\/wp-content\/uploads\/2021\/04\/Osternest-Milcht\u00fcte-Sabine-Seyffert.de-2.jpg\"><img loading=\"lazy\" decoding=\"async\" class=\"alignnone size-full wp-image-19223\" src=\"https:\/\/www.sabine-seyffert.de\/blog\/wp-content\/uploads\/2021\/04\/Osternest-Milcht\u00fcte-Sabine-Seyffert.de-2.jpg\" alt=\"\" width=\"800\" height=\"600\" srcset=\"https:\/\/www.sabine-seyffert.de\/blog\/wp-content\/uploads\/2021\/04\/Osternest-Milcht\u00fcte-Sabine-Seyffert.de-2.jpg 800w, https:\/\/www.sabine-seyffert.de\/blog\/wp-content\/uploads\/2021\/04\/Osternest-Milcht\u00fcte-Sabine-Seyffert.de-2-300x225.jpg 300w, https:\/\/www.sabine-seyffert.de\/blog\/wp-content\/uploads\/2021\/04\/Osternest-Milcht\u00fcte-Sabine-Seyffert.de-2-768x576.jpg 768w\" sizes=\"auto, (max-width: 800px) 100vw, 800px\" \/><\/a><\/p>\n<p style=\"text-align: justify;\">Die Osternester f\u00fcllt man nun mit etwas Ostergras, den gew\u00fcnschten Leckereien und Schokohase.<\/p>\n<p style=\"text-align: center;\"><a href=\"https:\/\/www.sabine-seyffert.de\/blog\/wp-content\/uploads\/2021\/04\/Osternest-Milcht\u00fcte-Sabine-Seyffert.de-10.jpg\"><img loading=\"lazy\" decoding=\"async\" class=\"alignnone size-full wp-image-19222\" src=\"https:\/\/www.sabine-seyffert.de\/blog\/wp-content\/uploads\/2021\/04\/Osternest-Milcht\u00fcte-Sabine-Seyffert.de-10.jpg\" alt=\"\" width=\"600\" height=\"800\" srcset=\"https:\/\/www.sabine-seyffert.de\/blog\/wp-content\/uploads\/2021\/04\/Osternest-Milcht\u00fcte-Sabine-Seyffert.de-10.jpg 600w, https:\/\/www.sabine-seyffert.de\/blog\/wp-content\/uploads\/2021\/04\/Osternest-Milcht\u00fcte-Sabine-Seyffert.de-10-225x300.jpg 225w\" sizes=\"auto, (max-width: 600px) 100vw, 600px\" \/><\/a><\/p>\n<p style=\"text-align: justify;\">Zum Schluss den bedruckten Wimpel an der Seite hineinstecken und schon hat man ein wunderbares Mitbringsel, mit dem man an Ostern Freunde, Nachbarn &amp; Co. \u00fcberraschen kann.<\/p>\n<p style=\"text-align: center;\"><a href=\"https:\/\/www.sabine-seyffert.de\/blog\/wp-content\/uploads\/2021\/04\/Osternest-Milcht\u00fcte-Sabine-Seyffert.de-8.jpg\"><img loading=\"lazy\" decoding=\"async\" class=\"alignnone size-full wp-image-19221\" src=\"https:\/\/www.sabine-seyffert.de\/blog\/wp-content\/uploads\/2021\/04\/Osternest-Milcht\u00fcte-Sabine-Seyffert.de-8.jpg\" alt=\"\" width=\"600\" height=\"800\" srcset=\"https:\/\/www.sabine-seyffert.de\/blog\/wp-content\/uploads\/2021\/04\/Osternest-Milcht\u00fcte-Sabine-Seyffert.de-8.jpg 600w, https:\/\/www.sabine-seyffert.de\/blog\/wp-content\/uploads\/2021\/04\/Osternest-Milcht\u00fcte-Sabine-Seyffert.de-8-225x300.jpg 225w\" sizes=\"auto, (max-width: 600px) 100vw, 600px\" \/><\/a><\/p>\n<p style=\"text-align: justify;\">Weitere Do-it-Yourself Geschenkideen zum Selbermachen findet ihr \u00fcbrigens in <a href=\"https:\/\/www.sabine-seyffert.de\/blog\/?cat=36\" target=\"_blank\" rel=\"noopener noreferrer\">dieser Blog Kategorie<\/a>, alles zum Thema Upcycling mit detaillierter Bastelanleitung gibt es in <a href=\"https:\/\/www.sabine-seyffert.de\/blog\/?cat=47\" target=\"_blank\" rel=\"noopener noreferrer\">dieser Rubrik<\/a>, alles rund um Ostern und die Fr\u00fchlingszeit sind in <a href=\"https:\/\/www.sabine-seyffert.de\/blog\/?cat=23\" target=\"_blank\" rel=\"noopener noreferrer\">diesem Blog Ordner<\/a> und andere kreative Sachen <a href=\"https:\/\/www.pinterest.de\/diysabineseyffert\/\" target=\"_blank\" rel=\"noopener noreferrer\">da<\/a>.<\/p>\n<p style=\"text-align: center;\"><a href=\"https:\/\/www.sabine-seyffert.de\/blog\/wp-content\/uploads\/2021\/04\/Osternest-Milcht\u00fcte-Sabine-Seyffert.de-9.jpg\"><img loading=\"lazy\" decoding=\"async\" class=\"alignnone size-full wp-image-19220\" src=\"https:\/\/www.sabine-seyffert.de\/blog\/wp-content\/uploads\/2021\/04\/Osternest-Milcht\u00fcte-Sabine-Seyffert.de-9.jpg\" alt=\"\" width=\"600\" height=\"800\" srcset=\"https:\/\/www.sabine-seyffert.de\/blog\/wp-content\/uploads\/2021\/04\/Osternest-Milcht\u00fcte-Sabine-Seyffert.de-9.jpg 600w, https:\/\/www.sabine-seyffert.de\/blog\/wp-content\/uploads\/2021\/04\/Osternest-Milcht\u00fcte-Sabine-Seyffert.de-9-225x300.jpg 225w\" sizes=\"auto, (max-width: 600px) 100vw, 600px\" \/><\/a><\/p>\n<p style=\"text-align: justify;\"><a href=\"https:\/\/www.sabine-seyffert.de\/blog\/?page_id=32#urheberrecht\">urheberrechtlich gesch\u00fctzt<\/a>, \u00a9 Sabine Seyffert<\/p>\n","protected":false},"excerpt":{"rendered":"<p>Ostern naht und daher habe ich heute noch eine tolle Last Minute Idee zum Selbermachen f\u00fcr euch. Wer hier mitliest wei\u00df, dass ich kleine Mitbringsel und selbst gemachte Geschenkideen liebe. Au\u00dferdem verpacke ich ausgesprochen gerne Geschenke. So kurz vor Ostern habe ich kurzerhand beide Vorlieben vereint und aus allerhand leeren Milchkartons kleine Osternester gebastelt. Die&#8230; <a href=\"https:\/\/www.sabine-seyffert.de\/blog\/diy-geschenkidee-fuer-ostern-upcycling-osternest-aus-tetrapak-basteln\/\" class=\"more-link\">Read more: DIY Geschenkidee f\u00fcr Ostern: Upcycling Osternest aus Tetrapak basteln<\/a><\/p>\n","protected":false},"author":2,"featured_media":0,"comment_status":"open","ping_status":"open","sticky":false,"template":"","format":"standard","meta":{"_metis_text_type":"","_metis_text_length":2239,"_post_count":0,"footnotes":""},"categories":[49,57,47],"tags":[],"class_list":["post-19216","post","type-post","status-publish","format-standard","hentry","category-verpackungsideen","category-ostern","category-upcyceltes"],"_links":{"self":[{"href":"https:\/\/www.sabine-seyffert.de\/blog\/wp-json\/wp\/v2\/posts\/19216","targetHints":{"allow":["GET"]}}],"collection":[{"href":"https:\/\/www.sabine-seyffert.de\/blog\/wp-json\/wp\/v2\/posts"}],"about":[{"href":"https:\/\/www.sabine-seyffert.de\/blog\/wp-json\/wp\/v2\/types\/post"}],"author":[{"embeddable":true,"href":"https:\/\/www.sabine-seyffert.de\/blog\/wp-json\/wp\/v2\/users\/2"}],"replies":[{"embeddable":true,"href":"https:\/\/www.sabine-seyffert.de\/blog\/wp-json\/wp\/v2\/comments?post=19216"}],"version-history":[{"count":4,"href":"https:\/\/www.sabine-seyffert.de\/blog\/wp-json\/wp\/v2\/posts\/19216\/revisions"}],"predecessor-version":[{"id":25389,"href":"https:\/\/www.sabine-seyffert.de\/blog\/wp-json\/wp\/v2\/posts\/19216\/revisions\/25389"}],"wp:attachment":[{"href":"https:\/\/www.sabine-seyffert.de\/blog\/wp-json\/wp\/v2\/media?parent=19216"}],"wp:term":[{"taxonomy":"category","embeddable":true,"href":"https:\/\/www.sabine-seyffert.de\/blog\/wp-json\/wp\/v2\/categories?post=19216"},{"taxonomy":"post_tag","embeddable":true,"href":"https:\/\/www.sabine-seyffert.de\/blog\/wp-json\/wp\/v2\/tags?post=19216"}],"curies":[{"name":"wp","href":"https:\/\/api.w.org\/{rel}","templated":true}]}}