{"id":19182,"date":"2021-03-29T06:00:55","date_gmt":"2021-03-29T04:00:55","guid":{"rendered":"https:\/\/www.sabine-seyffert.de\/blog\/?p=19182"},"modified":"2023-02-16T16:14:13","modified_gmt":"2023-02-16T14:14:13","slug":"mit-kindern-basteln-lustige-osterpost-mit-upcycling-osterhasen","status":"publish","type":"post","link":"https:\/\/www.sabine-seyffert.de\/blog\/mit-kindern-basteln-lustige-osterpost-mit-upcycling-osterhasen\/","title":{"rendered":"Mit Kindern basteln: Lustige Osterpost mit Upcycling Osterhasen"},"content":{"rendered":"<p style=\"text-align: justify;\"><img loading=\"lazy\" decoding=\"async\" src=\"https:\/\/vg07.met.vgwort.de\/na\/5a753901eda24c96bc8d65b39fed69fd\" alt=\"\" width=\"1\" height=\"1\" \/>Zugegeben, wirklich viele Osterkarten werden bei uns meist nicht geschrieben. Zumindest nicht so zahlreich, wie zu Weihnachten. Aber aufgrund der Situation im letzten Jahr, hatte ich das dringende Bed\u00fcrfnis ein paar fr\u00f6hliche, richtig kunterbunte Ostergr\u00fc\u00dfe zu verschicken. Da diese Gru\u00dfkarten schnell gemacht sind und Basteln in der Osterzeit einfach gro\u00dfen Spa\u00df macht, verrate ich euch hier die detaillierte Bastelanleitung f\u00fcr alle, die auch ein paar lustige Osterhasen mit Gru\u00df verschicken oder verschenken m\u00f6chten.<\/p>\n<p style=\"text-align: center;\"><a href=\"https:\/\/www.sabine-seyffert.de\/blog\/wp-content\/uploads\/2021\/03\/Osterpost-bunte-Hasen-Sabine-Seyffert.de-5.jpg\"><img loading=\"lazy\" decoding=\"async\" class=\"alignnone size-full wp-image-19183\" src=\"https:\/\/www.sabine-seyffert.de\/blog\/wp-content\/uploads\/2021\/03\/Osterpost-bunte-Hasen-Sabine-Seyffert.de-5.jpg\" alt=\"\" width=\"800\" height=\"600\" srcset=\"https:\/\/www.sabine-seyffert.de\/blog\/wp-content\/uploads\/2021\/03\/Osterpost-bunte-Hasen-Sabine-Seyffert.de-5.jpg 800w, https:\/\/www.sabine-seyffert.de\/blog\/wp-content\/uploads\/2021\/03\/Osterpost-bunte-Hasen-Sabine-Seyffert.de-5-300x225.jpg 300w, https:\/\/www.sabine-seyffert.de\/blog\/wp-content\/uploads\/2021\/03\/Osterpost-bunte-Hasen-Sabine-Seyffert.de-5-768x576.jpg 768w\" sizes=\"auto, (max-width: 800px) 100vw, 800px\" \/><\/a><\/p>\n<p style=\"text-align: justify;\"><strong>Das wird gebraucht:<\/strong><br \/>\nBlanko Postkarte \/ Klappkarte aus Kraftpapier (alternativ d\u00fcnne, unbedruckte Pappe), eine alte Tageszeitung, eine Bastelschere, einen Wasserfarbkasten inclusiv Deckwei\u00df, d\u00fcnne Pappe, Pinsel, Bastelkleber \/ Klebestift, eine Malunterlage und <a href=\"https:\/\/www.sabine-seyffert.de\/blog\/?p=12310\" target=\"_blank\" rel=\"noopener noreferrer\">einen Bastelkittel<\/a> sowie optional Buchstabenstempel und ein Stempelkissen<\/p>\n<p style=\"text-align: center;\"><a href=\"https:\/\/www.sabine-seyffert.de\/blog\/wp-content\/uploads\/2021\/03\/Osterpost-bunte-Hasen-Sabine-Seyffert.de-.jpg\"><img loading=\"lazy\" decoding=\"async\" class=\"alignnone size-full wp-image-19184\" src=\"https:\/\/www.sabine-seyffert.de\/blog\/wp-content\/uploads\/2021\/03\/Osterpost-bunte-Hasen-Sabine-Seyffert.de-.jpg\" alt=\"\" width=\"800\" height=\"600\" srcset=\"https:\/\/www.sabine-seyffert.de\/blog\/wp-content\/uploads\/2021\/03\/Osterpost-bunte-Hasen-Sabine-Seyffert.de-.jpg 800w, https:\/\/www.sabine-seyffert.de\/blog\/wp-content\/uploads\/2021\/03\/Osterpost-bunte-Hasen-Sabine-Seyffert.de--300x225.jpg 300w, https:\/\/www.sabine-seyffert.de\/blog\/wp-content\/uploads\/2021\/03\/Osterpost-bunte-Hasen-Sabine-Seyffert.de--768x576.jpg 768w\" sizes=\"auto, (max-width: 800px) 100vw, 800px\" \/><\/a><\/p>\n<p style=\"text-align: justify;\"><strong>So wird\u2019s gemacht:<\/strong><br \/>\nAls erstes deckt man den Tisch gut ab, die Kinder ziehen sich einen Malkittel \u00fcber und dann bemalt man das Zeitungspapier nach <a href=\"https:\/\/www.sabine-seyffert.de\/blog\/?p=13917\" target=\"_blank\" rel=\"noopener noreferrer\">dieser Anleitung<\/a> mit bunter Wasserfarbe.<\/p>\n<p style=\"text-align: center;\"><a href=\"https:\/\/www.sabine-seyffert.de\/blog\/wp-content\/uploads\/2021\/03\/Osterpost-blauer-Hase-Sabine-Seyffert.de-quer-1.jpg\"><img loading=\"lazy\" decoding=\"async\" class=\"alignnone size-full wp-image-19185\" src=\"https:\/\/www.sabine-seyffert.de\/blog\/wp-content\/uploads\/2021\/03\/Osterpost-blauer-Hase-Sabine-Seyffert.de-quer-1.jpg\" alt=\"\" width=\"800\" height=\"600\" srcset=\"https:\/\/www.sabine-seyffert.de\/blog\/wp-content\/uploads\/2021\/03\/Osterpost-blauer-Hase-Sabine-Seyffert.de-quer-1.jpg 800w, https:\/\/www.sabine-seyffert.de\/blog\/wp-content\/uploads\/2021\/03\/Osterpost-blauer-Hase-Sabine-Seyffert.de-quer-1-300x225.jpg 300w, https:\/\/www.sabine-seyffert.de\/blog\/wp-content\/uploads\/2021\/03\/Osterpost-blauer-Hase-Sabine-Seyffert.de-quer-1-768x576.jpg 768w\" sizes=\"auto, (max-width: 800px) 100vw, 800px\" \/><\/a><\/p>\n<p style=\"text-align: justify;\">Der Text darf unter der Farbe ruhig durchscheinen! Dieses <a href=\"https:\/\/www.sabine-seyffert.de\/blog\/?p=13917\" target=\"_blank\" rel=\"noopener noreferrer\">selbst gemachte Bastelpapier<\/a> ist nicht nur umweltfreundlicher, sondern auch schnell aus kostenlosem Material gemacht.<\/p>\n<p style=\"text-align: center;\"><a href=\"https:\/\/www.sabine-seyffert.de\/blog\/wp-content\/uploads\/2021\/03\/Osterpost-bunte-Hasen-Sabine-Seyffert.de-9.jpg\"><img loading=\"lazy\" decoding=\"async\" class=\"alignnone size-full wp-image-19193\" src=\"https:\/\/www.sabine-seyffert.de\/blog\/wp-content\/uploads\/2021\/03\/Osterpost-bunte-Hasen-Sabine-Seyffert.de-9.jpg\" alt=\"\" width=\"800\" height=\"600\" srcset=\"https:\/\/www.sabine-seyffert.de\/blog\/wp-content\/uploads\/2021\/03\/Osterpost-bunte-Hasen-Sabine-Seyffert.de-9.jpg 800w, https:\/\/www.sabine-seyffert.de\/blog\/wp-content\/uploads\/2021\/03\/Osterpost-bunte-Hasen-Sabine-Seyffert.de-9-300x225.jpg 300w, https:\/\/www.sabine-seyffert.de\/blog\/wp-content\/uploads\/2021\/03\/Osterpost-bunte-Hasen-Sabine-Seyffert.de-9-768x576.jpg 768w\" sizes=\"auto, (max-width: 800px) 100vw, 800px\" \/><\/a><\/p>\n<p style=\"text-align: justify;\">Sobald die Farbe getrocknet ist, schneidet man aus dem bunten Bastelpapier allerhand Osterhasen K\u00f6pfe mit langen Hasenohren. Wer mag, zeichnet sich die Form auf der R\u00fcckseite mit Bleistift vor.<\/p>\n<p style=\"text-align: center;\"><a href=\"https:\/\/www.sabine-seyffert.de\/blog\/wp-content\/uploads\/2021\/03\/Osterpost-bunte-Hasen-Sabine-Seyffert.de-8.jpg\"><img loading=\"lazy\" decoding=\"async\" class=\"alignnone size-full wp-image-19194\" src=\"https:\/\/www.sabine-seyffert.de\/blog\/wp-content\/uploads\/2021\/03\/Osterpost-bunte-Hasen-Sabine-Seyffert.de-8.jpg\" alt=\"\" width=\"800\" height=\"600\" srcset=\"https:\/\/www.sabine-seyffert.de\/blog\/wp-content\/uploads\/2021\/03\/Osterpost-bunte-Hasen-Sabine-Seyffert.de-8.jpg 800w, https:\/\/www.sabine-seyffert.de\/blog\/wp-content\/uploads\/2021\/03\/Osterpost-bunte-Hasen-Sabine-Seyffert.de-8-300x225.jpg 300w, https:\/\/www.sabine-seyffert.de\/blog\/wp-content\/uploads\/2021\/03\/Osterpost-bunte-Hasen-Sabine-Seyffert.de-8-768x576.jpg 768w\" sizes=\"auto, (max-width: 800px) 100vw, 800px\" \/><\/a><\/p>\n<p style=\"text-align: justify;\">Die Hasen werden ausgeschnitten und die Ohren Innen mit einer anderen Farbe versch\u00f6nert. Diese wiederum habe ich mit kleinen P\u00fcnktchen bemalt.<\/p>\n<p style=\"text-align: center;\"><a href=\"https:\/\/www.sabine-seyffert.de\/blog\/wp-content\/uploads\/2021\/03\/Osterpost-bunte-Hasen-Sabine-Seyffert.de-4.jpg\"><img loading=\"lazy\" decoding=\"async\" class=\"alignnone size-full wp-image-19192\" src=\"https:\/\/www.sabine-seyffert.de\/blog\/wp-content\/uploads\/2021\/03\/Osterpost-bunte-Hasen-Sabine-Seyffert.de-4.jpg\" alt=\"\" width=\"800\" height=\"600\" srcset=\"https:\/\/www.sabine-seyffert.de\/blog\/wp-content\/uploads\/2021\/03\/Osterpost-bunte-Hasen-Sabine-Seyffert.de-4.jpg 800w, https:\/\/www.sabine-seyffert.de\/blog\/wp-content\/uploads\/2021\/03\/Osterpost-bunte-Hasen-Sabine-Seyffert.de-4-300x225.jpg 300w, https:\/\/www.sabine-seyffert.de\/blog\/wp-content\/uploads\/2021\/03\/Osterpost-bunte-Hasen-Sabine-Seyffert.de-4-768x576.jpg 768w\" sizes=\"auto, (max-width: 800px) 100vw, 800px\" \/><\/a><\/p>\n<p style=\"text-align: justify;\">Aus wei\u00df bemaltem Papier schneidet man zwei Kreise f\u00fcr die Augen, und aus der d\u00fcnnen Pappe die Nase.<\/p>\n<p style=\"text-align: center;\"><a href=\"https:\/\/www.sabine-seyffert.de\/blog\/wp-content\/uploads\/2021\/03\/Osterpost-bunte-Hasen-Sabine-Seyffert.de-5-1.jpg\"><img loading=\"lazy\" decoding=\"async\" class=\"alignnone size-full wp-image-19191\" src=\"https:\/\/www.sabine-seyffert.de\/blog\/wp-content\/uploads\/2021\/03\/Osterpost-bunte-Hasen-Sabine-Seyffert.de-5-1.jpg\" alt=\"\" width=\"800\" height=\"600\" srcset=\"https:\/\/www.sabine-seyffert.de\/blog\/wp-content\/uploads\/2021\/03\/Osterpost-bunte-Hasen-Sabine-Seyffert.de-5-1.jpg 800w, https:\/\/www.sabine-seyffert.de\/blog\/wp-content\/uploads\/2021\/03\/Osterpost-bunte-Hasen-Sabine-Seyffert.de-5-1-300x225.jpg 300w, https:\/\/www.sabine-seyffert.de\/blog\/wp-content\/uploads\/2021\/03\/Osterpost-bunte-Hasen-Sabine-Seyffert.de-5-1-768x576.jpg 768w\" sizes=\"auto, (max-width: 800px) 100vw, 800px\" \/><\/a><\/p>\n<p style=\"text-align: justify;\">Das Innere der Augen kann man mit Farbe aufmalen, mit selbst gemachtem \u201eKonfetti\u201c bekleben oder auch mit einem schwarzen Stift hineinmalen. Letztere Variante ist f\u00fcr Kinder das Einfachste.<\/p>\n<p style=\"text-align: center;\"><a href=\"https:\/\/www.sabine-seyffert.de\/blog\/wp-content\/uploads\/2021\/03\/Osterpost-bunte-Hasen-Sabine-Seyffert.de-6.jpg\"><img loading=\"lazy\" decoding=\"async\" class=\"alignnone size-full wp-image-19190\" src=\"https:\/\/www.sabine-seyffert.de\/blog\/wp-content\/uploads\/2021\/03\/Osterpost-bunte-Hasen-Sabine-Seyffert.de-6.jpg\" alt=\"\" width=\"800\" height=\"600\" srcset=\"https:\/\/www.sabine-seyffert.de\/blog\/wp-content\/uploads\/2021\/03\/Osterpost-bunte-Hasen-Sabine-Seyffert.de-6.jpg 800w, https:\/\/www.sabine-seyffert.de\/blog\/wp-content\/uploads\/2021\/03\/Osterpost-bunte-Hasen-Sabine-Seyffert.de-6-300x225.jpg 300w, https:\/\/www.sabine-seyffert.de\/blog\/wp-content\/uploads\/2021\/03\/Osterpost-bunte-Hasen-Sabine-Seyffert.de-6-768x576.jpg 768w\" sizes=\"auto, (max-width: 800px) 100vw, 800px\" \/><\/a><\/p>\n<p style=\"text-align: justify;\">Wenn die Hasen fertig sind und alle Karten damit beklebt wurden, stempelt man an den oberen Rand noch einen Ostergru\u00df.<\/p>\n<p style=\"text-align: center;\"><a href=\"https:\/\/www.sabine-seyffert.de\/blog\/wp-content\/uploads\/2021\/03\/Osterpost-blauer-Hase-Sabine-Seyffert.de-1.jpg\"><img loading=\"lazy\" decoding=\"async\" class=\"alignnone size-full wp-image-19188\" src=\"https:\/\/www.sabine-seyffert.de\/blog\/wp-content\/uploads\/2021\/03\/Osterpost-blauer-Hase-Sabine-Seyffert.de-1.jpg\" alt=\"\" width=\"600\" height=\"800\" srcset=\"https:\/\/www.sabine-seyffert.de\/blog\/wp-content\/uploads\/2021\/03\/Osterpost-blauer-Hase-Sabine-Seyffert.de-1.jpg 600w, https:\/\/www.sabine-seyffert.de\/blog\/wp-content\/uploads\/2021\/03\/Osterpost-blauer-Hase-Sabine-Seyffert.de-1-225x300.jpg 225w\" sizes=\"auto, (max-width: 600px) 100vw, 600px\" \/><\/a><\/p>\n<p>&#x1f33c; <a href=\"https:\/\/www.sabine-seyffert.de\/blog\/?p=16256\" target=\"_blank\" rel=\"noopener noreferrer\">Osterpost mit lustigen Kronkorken Tieren<\/a> basteln<\/p>\n<p>&#x1f33c; <a href=\"https:\/\/www.sabine-seyffert.de\/blog\/?p=14286\" target=\"_blank\" rel=\"noopener noreferrer\">Osterpost mit Kranz<\/a><\/p>\n<p>&#x1f33c; <a href=\"https:\/\/www.sabine-seyffert.de\/blog\/?p=12155\" target=\"_blank\" rel=\"noopener noreferrer\">Osterpost mit Osterhase<\/a><\/p>\n<p style=\"text-align: center;\"><a href=\"https:\/\/www.sabine-seyffert.de\/blog\/wp-content\/uploads\/2021\/03\/Osterpost-bunte-Hasen-Sabine-Seyffert.de-2.jpg\"><img loading=\"lazy\" decoding=\"async\" class=\"alignnone size-full wp-image-19187\" src=\"https:\/\/www.sabine-seyffert.de\/blog\/wp-content\/uploads\/2021\/03\/Osterpost-bunte-Hasen-Sabine-Seyffert.de-2.jpg\" alt=\"\" width=\"600\" height=\"800\" srcset=\"https:\/\/www.sabine-seyffert.de\/blog\/wp-content\/uploads\/2021\/03\/Osterpost-bunte-Hasen-Sabine-Seyffert.de-2.jpg 600w, https:\/\/www.sabine-seyffert.de\/blog\/wp-content\/uploads\/2021\/03\/Osterpost-bunte-Hasen-Sabine-Seyffert.de-2-225x300.jpg 225w\" sizes=\"auto, (max-width: 600px) 100vw, 600px\" \/><\/a><\/p>\n<p style=\"text-align: justify;\">Weitere DIY rund um die Osterzeit findet ihr \u00fcbrigens in <a href=\"https:\/\/www.sabine-seyffert.de\/blog\/?cat=23\" target=\"_blank\" rel=\"noopener noreferrer\">dieser Blog Kategorie<\/a>, kreative Bastelanleitungen f\u00fcr selbst gemachte Postkarten gibt es in <a href=\"https:\/\/www.sabine-seyffert.de\/blog\/?cat=51\" target=\"_blank\" rel=\"noopener noreferrer\">dieser Rubrik<\/a>, pfiffige Besch\u00e4ftigungsideen f\u00fcr Kinder tummeln sich in <a href=\"https:\/\/www.sabine-seyffert.de\/blog\/?cat=32\" target=\"_blank\" rel=\"noopener noreferrer\">dieser Kategorie<\/a> und alles zum Thema Upcycling sind in <a href=\"https:\/\/www.sabine-seyffert.de\/blog\/?cat=47\" target=\"_blank\" rel=\"noopener noreferrer\">diesem Blog Ordner<\/a>.<\/p>\n<p style=\"text-align: center;\"><a href=\"https:\/\/www.sabine-seyffert.de\/blog\/wp-content\/uploads\/2021\/03\/Osterpost-bunte-Hasen-Sabine-Seyffert.de-1.jpg\"><img loading=\"lazy\" decoding=\"async\" class=\"alignnone size-full wp-image-19186\" src=\"https:\/\/www.sabine-seyffert.de\/blog\/wp-content\/uploads\/2021\/03\/Osterpost-bunte-Hasen-Sabine-Seyffert.de-1.jpg\" alt=\"\" width=\"600\" height=\"800\" srcset=\"https:\/\/www.sabine-seyffert.de\/blog\/wp-content\/uploads\/2021\/03\/Osterpost-bunte-Hasen-Sabine-Seyffert.de-1.jpg 600w, https:\/\/www.sabine-seyffert.de\/blog\/wp-content\/uploads\/2021\/03\/Osterpost-bunte-Hasen-Sabine-Seyffert.de-1-225x300.jpg 225w\" sizes=\"auto, (max-width: 600px) 100vw, 600px\" \/><\/a><\/p>\n<p style=\"text-align: justify;\"><a href=\"https:\/\/www.sabine-seyffert.de\/blog\/?page_id=32#urheberrecht\">urheberrechtlich gesch\u00fctzt<\/a>, \u00a9 Sabine Seyffert<\/p>\n","protected":false},"excerpt":{"rendered":"<p>Zugegeben, wirklich viele Osterkarten werden bei uns meist nicht geschrieben. Zumindest nicht so zahlreich, wie zu Weihnachten. Aber aufgrund der Situation im letzten Jahr, hatte ich das dringende Bed\u00fcrfnis ein paar fr\u00f6hliche, richtig kunterbunte Ostergr\u00fc\u00dfe zu verschicken. Da diese Gru\u00dfkarten schnell gemacht sind und Basteln in der Osterzeit einfach gro\u00dfen Spa\u00df macht, verrate ich euch&#8230; <a href=\"https:\/\/www.sabine-seyffert.de\/blog\/mit-kindern-basteln-lustige-osterpost-mit-upcycling-osterhasen\/\" class=\"more-link\">Read more: Mit Kindern basteln: Lustige Osterpost mit Upcycling Osterhasen<\/a><\/p>\n","protected":false},"author":2,"featured_media":0,"comment_status":"open","ping_status":"open","sticky":false,"template":"","format":"standard","meta":{"_metis_text_type":"","_metis_text_length":2426,"_post_count":0,"footnotes":""},"categories":[32,57,51,47],"tags":[],"class_list":["post-19182","post","type-post","status-publish","format-standard","hentry","category-kreatives-fur-kleine-kinderhande","category-ostern","category-postkarten-grusskarten","category-upcyceltes"],"_links":{"self":[{"href":"https:\/\/www.sabine-seyffert.de\/blog\/wp-json\/wp\/v2\/posts\/19182","targetHints":{"allow":["GET"]}}],"collection":[{"href":"https:\/\/www.sabine-seyffert.de\/blog\/wp-json\/wp\/v2\/posts"}],"about":[{"href":"https:\/\/www.sabine-seyffert.de\/blog\/wp-json\/wp\/v2\/types\/post"}],"author":[{"embeddable":true,"href":"https:\/\/www.sabine-seyffert.de\/blog\/wp-json\/wp\/v2\/users\/2"}],"replies":[{"embeddable":true,"href":"https:\/\/www.sabine-seyffert.de\/blog\/wp-json\/wp\/v2\/comments?post=19182"}],"version-history":[{"count":5,"href":"https:\/\/www.sabine-seyffert.de\/blog\/wp-json\/wp\/v2\/posts\/19182\/revisions"}],"predecessor-version":[{"id":25390,"href":"https:\/\/www.sabine-seyffert.de\/blog\/wp-json\/wp\/v2\/posts\/19182\/revisions\/25390"}],"wp:attachment":[{"href":"https:\/\/www.sabine-seyffert.de\/blog\/wp-json\/wp\/v2\/media?parent=19182"}],"wp:term":[{"taxonomy":"category","embeddable":true,"href":"https:\/\/www.sabine-seyffert.de\/blog\/wp-json\/wp\/v2\/categories?post=19182"},{"taxonomy":"post_tag","embeddable":true,"href":"https:\/\/www.sabine-seyffert.de\/blog\/wp-json\/wp\/v2\/tags?post=19182"}],"curies":[{"name":"wp","href":"https:\/\/api.w.org\/{rel}","templated":true}]}}