{"id":1915,"date":"2013-06-08T07:43:35","date_gmt":"2013-06-08T05:43:35","guid":{"rendered":"http:\/\/www.sabine-seyffert.de\/blog\/?p=1915"},"modified":"2013-06-08T07:43:35","modified_gmt":"2013-06-08T05:43:35","slug":"himmlisches-wolkenallerlei","status":"publish","type":"post","link":"https:\/\/www.sabine-seyffert.de\/blog\/himmlisches-wolkenallerlei\/","title":{"rendered":"Himmlisches Wolkenallerlei\u2026"},"content":{"rendered":"<p style=\"text-align: center;\"><img loading=\"lazy\" decoding=\"async\" alt=\"\" src=\"https:\/\/ssl-vg03.met.vgwort.de\/na\/5cbf35ce8d284b30bef7f1a7ac7f322f\" width=\"1\" height=\"1\" \/><br \/>\n<a href=\"http:\/\/www.sabine-seyffert.de\/blog\/wp-content\/uploads\/2013\/06\/Himmel-10.jpg\"><img loading=\"lazy\" decoding=\"async\" class=\"alignnone size-full wp-image-1923\" alt=\"Himmel 10\" src=\"http:\/\/www.sabine-seyffert.de\/blog\/wp-content\/uploads\/2013\/06\/Himmel-10.jpg\" width=\"800\" height=\"600\" srcset=\"https:\/\/www.sabine-seyffert.de\/blog\/wp-content\/uploads\/2013\/06\/Himmel-10.jpg 800w, https:\/\/www.sabine-seyffert.de\/blog\/wp-content\/uploads\/2013\/06\/Himmel-10-300x225.jpg 300w\" sizes=\"auto, (max-width: 800px) 100vw, 800px\" \/><\/a><\/p>\n<p style=\"text-align: justify;\">Seit ein paar Tagen ist er vorbei, der Wonnemonat Mai und mit ihm hoffentlich auch der lang anhaltende Regen, der mich etwas m\u00fcrbe gemacht und mir allerhand an Kraft geraubt hat. In Wuppertal ist man Regen zwar gew\u00f6hnt, aber das dauerhafte Nass im Mai schlug wirklich aufs Gem\u00fct.<\/p>\n<p style=\"text-align: center;\"><a href=\"http:\/\/www.sabine-seyffert.de\/blog\/wp-content\/uploads\/2013\/06\/Himmel-2.jpg\"><img loading=\"lazy\" decoding=\"async\" class=\"alignnone size-full wp-image-1916\" alt=\"Himmel 2\" src=\"http:\/\/www.sabine-seyffert.de\/blog\/wp-content\/uploads\/2013\/06\/Himmel-2.jpg\" width=\"800\" height=\"504\" srcset=\"https:\/\/www.sabine-seyffert.de\/blog\/wp-content\/uploads\/2013\/06\/Himmel-2.jpg 800w, https:\/\/www.sabine-seyffert.de\/blog\/wp-content\/uploads\/2013\/06\/Himmel-2-300x189.jpg 300w\" sizes=\"auto, (max-width: 800px) 100vw, 800px\" \/><\/a><\/p>\n<p style=\"text-align: justify;\">Zudem h\u00e4lt mich ein neues Buchprojekt derzeit so auf Trapp, dass ich kaum zum Luftholen oder gar anderen Dingen komme. Ein sch\u00f6ner Lichtblick, aber auch eine riesengro\u00dfe Herausforderung, die mich im Moment doch sehr an meine Grenzen bringt&#8230;<\/p>\n<p style=\"text-align: center;\"><a href=\"http:\/\/www.sabine-seyffert.de\/blog\/wp-content\/uploads\/2013\/06\/Himmel-3.jpg\"><img loading=\"lazy\" decoding=\"async\" class=\"alignnone size-full wp-image-1917\" alt=\"Himmel 3\" src=\"http:\/\/www.sabine-seyffert.de\/blog\/wp-content\/uploads\/2013\/06\/Himmel-3.jpg\" width=\"800\" height=\"571\" srcset=\"https:\/\/www.sabine-seyffert.de\/blog\/wp-content\/uploads\/2013\/06\/Himmel-3.jpg 800w, https:\/\/www.sabine-seyffert.de\/blog\/wp-content\/uploads\/2013\/06\/Himmel-3-300x214.jpg 300w\" sizes=\"auto, (max-width: 800px) 100vw, 800px\" \/><\/a><\/p>\n<p style=\"text-align: justify;\">Wie wohltuend f\u00fcr Leib und Seele ist der blaue Himmel mit seinem himmlischen Wolkenallerlei, dass uns der Juni seit einer Woche beschert. Ist das nicht herrlich?<\/p>\n<p style=\"text-align: center;\"><a href=\"http:\/\/www.sabine-seyffert.de\/blog\/wp-content\/uploads\/2013\/06\/Himmel-4.jpg\"><img loading=\"lazy\" decoding=\"async\" class=\"alignnone size-full wp-image-1918\" alt=\"Himmel 4\" src=\"http:\/\/www.sabine-seyffert.de\/blog\/wp-content\/uploads\/2013\/06\/Himmel-4.jpg\" width=\"800\" height=\"595\" srcset=\"https:\/\/www.sabine-seyffert.de\/blog\/wp-content\/uploads\/2013\/06\/Himmel-4.jpg 800w, https:\/\/www.sabine-seyffert.de\/blog\/wp-content\/uploads\/2013\/06\/Himmel-4-300x223.jpg 300w\" sizes=\"auto, (max-width: 800px) 100vw, 800px\" \/><\/a><\/p>\n<p style=\"text-align: justify;\">Ich k\u00f6nnte mich daran gar nicht satt sehen! So wohltuend ist der Blick nach oben ins Himmelsblau. Dem Spiel und Treiben der Wolken k\u00f6nnte ich stundenlang zuschauen und mich daran erfreuen. Allein die Sonne, die sich im Moment recht flei\u00dfig zeigt, schenkt neue Kraft. So habe ich mir in dieser Woche hier und da spontan einige kleine Auszeiten genommen um das Wetter zu genie\u00dfen: Ein gem\u00fctlicher Spaziergang durchs Gr\u00fcne, ein entspannter Ausflug am Nachmittag oder einfach mal eine Stunde im Garten, um die Seele baumeln lassen.<\/p>\n<p style=\"text-align: center;\"><a href=\"http:\/\/www.sabine-seyffert.de\/blog\/wp-content\/uploads\/2013\/06\/Himmel-5.jpg\"><img loading=\"lazy\" decoding=\"async\" class=\"alignnone size-full wp-image-1919\" alt=\"Himmel 5\" src=\"http:\/\/www.sabine-seyffert.de\/blog\/wp-content\/uploads\/2013\/06\/Himmel-5.jpg\" width=\"800\" height=\"593\" srcset=\"https:\/\/www.sabine-seyffert.de\/blog\/wp-content\/uploads\/2013\/06\/Himmel-5.jpg 800w, https:\/\/www.sabine-seyffert.de\/blog\/wp-content\/uploads\/2013\/06\/Himmel-5-300x222.jpg 300w\" sizes=\"auto, (max-width: 800px) 100vw, 800px\" \/><\/a><\/p>\n<p style=\"text-align: justify;\">G\u00f6nnt Euch doch am Wochenende (oder auch w\u00e4hrend der Woche) eine kleine &#8220;Wolkenauszeit&#8221;! So gehts:<\/p>\n<p style=\"text-align: center;\"><a href=\"http:\/\/www.sabine-seyffert.de\/blog\/wp-content\/uploads\/2013\/06\/Himmel-6.jpg\"><img loading=\"lazy\" decoding=\"async\" class=\"alignnone size-full wp-image-1920\" alt=\"Himmel 6\" src=\"http:\/\/www.sabine-seyffert.de\/blog\/wp-content\/uploads\/2013\/06\/Himmel-6.jpg\" width=\"800\" height=\"600\" srcset=\"https:\/\/www.sabine-seyffert.de\/blog\/wp-content\/uploads\/2013\/06\/Himmel-6.jpg 800w, https:\/\/www.sabine-seyffert.de\/blog\/wp-content\/uploads\/2013\/06\/Himmel-6-300x225.jpg 300w\" sizes=\"auto, (max-width: 800px) 100vw, 800px\" \/><\/a><\/p>\n<p style=\"text-align: justify;\">Man sucht sich einen gem\u00fctlichen Platz im Gr\u00fcnen, von dem man eine gute Aussicht in den Himmel hat. Einen Moment die Augen schlie\u00dfen und in sich gehen. Dann den Blick gen Himmel richten und diesen einfach f\u00fcr eine Weile in Ruhe auf sich wirken lassen: Das wunderbare Blau und vor allem die Wolken\u2026 Von kleinen Sch\u00e4fchenwolken, die am Himmel grasen, plustrigen Wattewolken, die ein gem\u00fctliches Wolkenbett abgeben w\u00fcrden, verschleierten Wolkenwischerein, die den Himmel bemalen und anderem Wolkenallerlei. So eine himmlische Auszeit tut einfach gut\u2026<\/p>\n<p style=\"text-align: center;\"><a href=\"http:\/\/www.sabine-seyffert.de\/blog\/wp-content\/uploads\/2013\/06\/Himmel-7.jpg\"><img loading=\"lazy\" decoding=\"async\" class=\"alignnone size-full wp-image-1921\" alt=\"Himmel 7\" src=\"http:\/\/www.sabine-seyffert.de\/blog\/wp-content\/uploads\/2013\/06\/Himmel-7.jpg\" width=\"800\" height=\"587\" srcset=\"https:\/\/www.sabine-seyffert.de\/blog\/wp-content\/uploads\/2013\/06\/Himmel-7.jpg 800w, https:\/\/www.sabine-seyffert.de\/blog\/wp-content\/uploads\/2013\/06\/Himmel-7-300x220.jpg 300w\" sizes=\"auto, (max-width: 800px) 100vw, 800px\" \/><\/a><\/p>\n<p style=\"text-align: justify;\">Meine Himmelsblicke schicke ich, wie jeden Samstag zur <a href=\"http:\/\/dieraumfee.blogspot.de\/2013\/06\/in-heaven-no-69-wild.html\" target=\"_blank\">Raumfee Katja<\/a> in die Bildergalerie\u2026<\/p>\n<p style=\"text-align: center;\"><a href=\"http:\/\/www.sabine-seyffert.de\/blog\/wp-content\/uploads\/2013\/06\/Himmel-9.jpg\"><img loading=\"lazy\" decoding=\"async\" class=\"alignnone size-full wp-image-1922\" alt=\"Himmel 9\" src=\"http:\/\/www.sabine-seyffert.de\/blog\/wp-content\/uploads\/2013\/06\/Himmel-9.jpg\" width=\"800\" height=\"558\" srcset=\"https:\/\/www.sabine-seyffert.de\/blog\/wp-content\/uploads\/2013\/06\/Himmel-9.jpg 800w, https:\/\/www.sabine-seyffert.de\/blog\/wp-content\/uploads\/2013\/06\/Himmel-9-300x209.jpg 300w\" sizes=\"auto, (max-width: 800px) 100vw, 800px\" \/><\/a><\/p>\n<p><a href=\"http:\/\/www.sabine-seyffert.de\/blog\/?page_id=32#urheberrecht\">urherrechtlich gesch\u00fctzt<\/a>, \u00a9 Sabine Seyffert<\/p>\n","protected":false},"excerpt":{"rendered":"<p>Seit ein paar Tagen ist er vorbei, der Wonnemonat Mai und mit ihm hoffentlich auch der lang anhaltende Regen, der mich etwas m\u00fcrbe gemacht und mir allerhand an Kraft geraubt hat. In Wuppertal ist man Regen zwar gew\u00f6hnt, aber das dauerhafte Nass im Mai schlug wirklich aufs Gem\u00fct. Zudem h\u00e4lt mich ein neues Buchprojekt derzeit&#8230; <a href=\"https:\/\/www.sabine-seyffert.de\/blog\/himmlisches-wolkenallerlei\/\" class=\"more-link\">Read more: Himmlisches Wolkenallerlei\u2026<\/a><\/p>\n","protected":false},"author":2,"featured_media":0,"comment_status":"open","ping_status":"open","sticky":false,"template":"","format":"standard","meta":{"_metis_text_type":"","_metis_text_length":2010,"_post_count":0,"footnotes":""},"categories":[37],"tags":[],"class_list":["post-1915","post","type-post","status-publish","format-standard","hentry","category-himmlisches"],"_links":{"self":[{"href":"https:\/\/www.sabine-seyffert.de\/blog\/wp-json\/wp\/v2\/posts\/1915","targetHints":{"allow":["GET"]}}],"collection":[{"href":"https:\/\/www.sabine-seyffert.de\/blog\/wp-json\/wp\/v2\/posts"}],"about":[{"href":"https:\/\/www.sabine-seyffert.de\/blog\/wp-json\/wp\/v2\/types\/post"}],"author":[{"embeddable":true,"href":"https:\/\/www.sabine-seyffert.de\/blog\/wp-json\/wp\/v2\/users\/2"}],"replies":[{"embeddable":true,"href":"https:\/\/www.sabine-seyffert.de\/blog\/wp-json\/wp\/v2\/comments?post=1915"}],"version-history":[{"count":11,"href":"https:\/\/www.sabine-seyffert.de\/blog\/wp-json\/wp\/v2\/posts\/1915\/revisions"}],"predecessor-version":[{"id":1934,"href":"https:\/\/www.sabine-seyffert.de\/blog\/wp-json\/wp\/v2\/posts\/1915\/revisions\/1934"}],"wp:attachment":[{"href":"https:\/\/www.sabine-seyffert.de\/blog\/wp-json\/wp\/v2\/media?parent=1915"}],"wp:term":[{"taxonomy":"category","embeddable":true,"href":"https:\/\/www.sabine-seyffert.de\/blog\/wp-json\/wp\/v2\/categories?post=1915"},{"taxonomy":"post_tag","embeddable":true,"href":"https:\/\/www.sabine-seyffert.de\/blog\/wp-json\/wp\/v2\/tags?post=1915"}],"curies":[{"name":"wp","href":"https:\/\/api.w.org\/{rel}","templated":true}]}}