{"id":19115,"date":"2021-03-23T18:46:49","date_gmt":"2021-03-23T16:46:49","guid":{"rendered":"https:\/\/www.sabine-seyffert.de\/blog\/?p=19115"},"modified":"2023-02-16T16:16:21","modified_gmt":"2023-02-16T14:16:21","slug":"diy-osterdeko-selbst-gemacht-osterkranz-mit-osterhase-basteln","status":"publish","type":"post","link":"https:\/\/www.sabine-seyffert.de\/blog\/diy-osterdeko-selbst-gemacht-osterkranz-mit-osterhase-basteln\/","title":{"rendered":"DIY Osterdeko selbst gemacht: Osterkranz mit Osterhase basteln"},"content":{"rendered":"<p style=\"text-align: justify;\"><img loading=\"lazy\" decoding=\"async\" src=\"https:\/\/vg07.met.vgwort.de\/na\/b0710cfee53d41f8b651eb84fdd80869\" alt=\"\" width=\"1\" height=\"1\" \/>Nachdem ich einer Freundin im letzten Jahr diese selbst gemachte <a href=\"https:\/\/www.sabine-seyffert.de\/blog\/?p=16337\" target=\"_blank\" rel=\"noopener noreferrer\">Upcycling Ostergirlande<\/a> geschenkt habe, gab es in diesem Fr\u00fchjahr nun einen passenden T\u00fcrkranz dazu. Da in der N\u00e4he allerhand Birken zu finden sind, habe ich frisches Birkenreisig gesammelt und kurzerhand einen fr\u00fchlingshaften Kranz daraus gebunden und anschlie\u00dfend verziert.<\/p>\n<p style=\"text-align: center;\"><a href=\"https:\/\/www.sabine-seyffert.de\/blog\/wp-content\/uploads\/2021\/03\/Osterkranz-Hase-blau-Sabine-Seyffert.de-7.jpg\"><img loading=\"lazy\" decoding=\"async\" class=\"alignnone size-full wp-image-19116\" src=\"https:\/\/www.sabine-seyffert.de\/blog\/wp-content\/uploads\/2021\/03\/Osterkranz-Hase-blau-Sabine-Seyffert.de-7.jpg\" alt=\"\" width=\"800\" height=\"600\" srcset=\"https:\/\/www.sabine-seyffert.de\/blog\/wp-content\/uploads\/2021\/03\/Osterkranz-Hase-blau-Sabine-Seyffert.de-7.jpg 800w, https:\/\/www.sabine-seyffert.de\/blog\/wp-content\/uploads\/2021\/03\/Osterkranz-Hase-blau-Sabine-Seyffert.de-7-300x225.jpg 300w, https:\/\/www.sabine-seyffert.de\/blog\/wp-content\/uploads\/2021\/03\/Osterkranz-Hase-blau-Sabine-Seyffert.de-7-768x576.jpg 768w\" sizes=\"auto, (max-width: 800px) 100vw, 800px\" \/><\/a><\/p>\n<p style=\"text-align: justify;\"><strong>Das wird gebraucht:<\/strong><br \/>\nBirkenzweige, Draht, eine Schere, d\u00fcnne Pappe, Pinsel, Bastelfarbe, Ostergras, eine Hei\u00dfklebepistole samt Klebepatrone, d\u00fcnnes und breites Geschenkband, einen Bleistift sowie etwas Zeitungspapier als Unterlage<\/p>\n<p style=\"text-align: center;\"><a href=\"https:\/\/www.sabine-seyffert.de\/blog\/wp-content\/uploads\/2021\/03\/Osterkranz-Hase-blau-Sabine-Seyffert.de-5.jpg\"><img loading=\"lazy\" decoding=\"async\" class=\"alignnone size-full wp-image-19117\" src=\"https:\/\/www.sabine-seyffert.de\/blog\/wp-content\/uploads\/2021\/03\/Osterkranz-Hase-blau-Sabine-Seyffert.de-5.jpg\" alt=\"\" width=\"800\" height=\"600\" srcset=\"https:\/\/www.sabine-seyffert.de\/blog\/wp-content\/uploads\/2021\/03\/Osterkranz-Hase-blau-Sabine-Seyffert.de-5.jpg 800w, https:\/\/www.sabine-seyffert.de\/blog\/wp-content\/uploads\/2021\/03\/Osterkranz-Hase-blau-Sabine-Seyffert.de-5-300x225.jpg 300w, https:\/\/www.sabine-seyffert.de\/blog\/wp-content\/uploads\/2021\/03\/Osterkranz-Hase-blau-Sabine-Seyffert.de-5-768x576.jpg 768w\" sizes=\"auto, (max-width: 800px) 100vw, 800px\" \/><\/a><\/p>\n<p style=\"text-align: justify;\"><strong>So wird\u2019s gemacht:<\/strong><br \/>\nDen Kranz k\u00f6nnt ihr nach <a href=\"https:\/\/www.sabine-seyffert.de\/blog\/?p=12328\" target=\"_blank\" rel=\"noopener noreferrer\">dieser Bastelanleitung<\/a> binden. Achtet unbedingt darauf, dass die d\u00fcnnen Zweige und \u00c4ste \u201efrisch\u201c sind bzw. direkt nach dem Sammeln verarbeitet werden. Ansonsten brechen diese beim Binden!<br \/>\nAls Motiv habe ich aus Pappe einen Osterhasen ausgeschnitten, den ich mir zuvor mit Bleistift vorgezeichnet habe. Anschlie\u00dfend schneidet ihr diesen aus dem Karton und bemalt ihn in der Farbe eurer Wahl. Wenn ihr die Farbe nur d\u00fcnn auftragt, ist diese schnell getrocknet, so dass ihr im Anschluss den Hasen verzieren und mit Muster oder Details versehen k\u00f6nnt.<\/p>\n<p><a href=\"https:\/\/www.sabine-seyffert.de\/blog\/wp-content\/uploads\/2021\/03\/Osterkranz-Hase-blau-Sabine-Seyffert.de-5-1.jpg\"><img loading=\"lazy\" decoding=\"async\" class=\"size-full wp-image-19121 aligncenter\" src=\"https:\/\/www.sabine-seyffert.de\/blog\/wp-content\/uploads\/2021\/03\/Osterkranz-Hase-blau-Sabine-Seyffert.de-5-1.jpg\" alt=\"\" width=\"800\" height=\"600\" srcset=\"https:\/\/www.sabine-seyffert.de\/blog\/wp-content\/uploads\/2021\/03\/Osterkranz-Hase-blau-Sabine-Seyffert.de-5-1.jpg 800w, https:\/\/www.sabine-seyffert.de\/blog\/wp-content\/uploads\/2021\/03\/Osterkranz-Hase-blau-Sabine-Seyffert.de-5-1-300x225.jpg 300w, https:\/\/www.sabine-seyffert.de\/blog\/wp-content\/uploads\/2021\/03\/Osterkranz-Hase-blau-Sabine-Seyffert.de-5-1-768x576.jpg 768w\" sizes=\"auto, (max-width: 800px) 100vw, 800px\" \/><\/a><\/p>\n<p style=\"text-align: justify;\">Mein Exemplar hat ein allover Muster aus wei\u00dfen P\u00fcnktchen bekommen, die ich mit wei\u00dfer Farbe und einem Streichholz vorsichtig aufgetupft habe. Mit einem d\u00fcnnen Pinsel klappt dies nat\u00fcrlich auch. Falls ihr einen Lackstift \/ Gelstift zur Hand habt, k\u00f6nnt ihr auch diesen verwenden. Damit ist es nat\u00fcrlich noch einfacher ein filigranes Muster zu gestalten. Aus d\u00fcnnem Geschenkband hat der Hase eine schicke Schleife um den Hals bekommen.<\/p>\n<p style=\"text-align: center;\"><a href=\"https:\/\/www.sabine-seyffert.de\/blog\/wp-content\/uploads\/2021\/03\/Osterkranz-Hase-blau-Sabine-Seyffert.de-6.jpg\"><img loading=\"lazy\" decoding=\"async\" class=\"alignnone size-full wp-image-19122\" src=\"https:\/\/www.sabine-seyffert.de\/blog\/wp-content\/uploads\/2021\/03\/Osterkranz-Hase-blau-Sabine-Seyffert.de-6.jpg\" alt=\"\" width=\"800\" height=\"600\" srcset=\"https:\/\/www.sabine-seyffert.de\/blog\/wp-content\/uploads\/2021\/03\/Osterkranz-Hase-blau-Sabine-Seyffert.de-6.jpg 800w, https:\/\/www.sabine-seyffert.de\/blog\/wp-content\/uploads\/2021\/03\/Osterkranz-Hase-blau-Sabine-Seyffert.de-6-300x225.jpg 300w, https:\/\/www.sabine-seyffert.de\/blog\/wp-content\/uploads\/2021\/03\/Osterkranz-Hase-blau-Sabine-Seyffert.de-6-768x576.jpg 768w\" sizes=\"auto, (max-width: 800px) 100vw, 800px\" \/><\/a><\/p>\n<p style=\"text-align: justify;\">Anschlie\u00dfend klebt man an den unteren Rand des Kranzes etwas Ostergras und anschlie\u00dfend den gebastelten Osterhasen darauf. Dazu solltet ihr unbedingt Hei\u00dfkleber verwenden, damit alles sicher und schnell am Kranz h\u00e4lt und kleben bleibt!<br \/>\nZum Schluss noch etwas Geschenkband als Aufh\u00e4ngung am Kranz anbringen und fertig ist die selbst gemachte Osterdeko f\u00fcr Wand oder T\u00fcr.<\/p>\n<p style=\"text-align: center;\"><a href=\"https:\/\/www.sabine-seyffert.de\/blog\/wp-content\/uploads\/2021\/03\/Osterkranz-Hase-blau-Sabine-Seyffert.de-3.jpg\"><img loading=\"lazy\" decoding=\"async\" class=\"alignnone size-full wp-image-19120\" src=\"https:\/\/www.sabine-seyffert.de\/blog\/wp-content\/uploads\/2021\/03\/Osterkranz-Hase-blau-Sabine-Seyffert.de-3.jpg\" alt=\"\" width=\"600\" height=\"800\" srcset=\"https:\/\/www.sabine-seyffert.de\/blog\/wp-content\/uploads\/2021\/03\/Osterkranz-Hase-blau-Sabine-Seyffert.de-3.jpg 600w, https:\/\/www.sabine-seyffert.de\/blog\/wp-content\/uploads\/2021\/03\/Osterkranz-Hase-blau-Sabine-Seyffert.de-3-225x300.jpg 225w\" sizes=\"auto, (max-width: 600px) 100vw, 600px\" \/><\/a><\/p>\n<p style=\"text-align: justify;\"><strong>Ein kleiner Tipp:<\/strong><br \/>\nDie Farben k\u00f6nnt ihr nat\u00fcrlich nach euren Vorlieben beliebig ab\u00e4ndern und varrieren!<\/p>\n<p style=\"text-align: center;\"><a href=\"https:\/\/www.sabine-seyffert.de\/blog\/wp-content\/uploads\/2021\/03\/Osterkranz-Hase-blau-Sabine-Seyffert.de-1.jpg\"><img loading=\"lazy\" decoding=\"async\" class=\"alignnone size-full wp-image-19119\" src=\"https:\/\/www.sabine-seyffert.de\/blog\/wp-content\/uploads\/2021\/03\/Osterkranz-Hase-blau-Sabine-Seyffert.de-1.jpg\" alt=\"\" width=\"600\" height=\"800\" srcset=\"https:\/\/www.sabine-seyffert.de\/blog\/wp-content\/uploads\/2021\/03\/Osterkranz-Hase-blau-Sabine-Seyffert.de-1.jpg 600w, https:\/\/www.sabine-seyffert.de\/blog\/wp-content\/uploads\/2021\/03\/Osterkranz-Hase-blau-Sabine-Seyffert.de-1-225x300.jpg 225w\" sizes=\"auto, (max-width: 600px) 100vw, 600px\" \/><\/a><\/p>\n<p style=\"text-align: justify;\">Weitere DIY Dekoideen findet ihr \u00fcbrigens in <a href=\"https:\/\/www.sabine-seyffert.de\/blog\/?cat=12\" target=\"_blank\" rel=\"noopener noreferrer\">dieser Blog Kategorie<\/a>, alles zum Thema Upcycling mit detaillierter Bastelanleitung gibt es in <a href=\"https:\/\/www.sabine-seyffert.de\/blog\/?cat=47\" target=\"_blank\" rel=\"noopener noreferrer\">dieser Rubrik<\/a>, Geschenkideen zum Selbermachen an <a href=\"https:\/\/www.sabine-seyffert.de\/blog\/?cat=36\" target=\"_blank\" rel=\"noopener noreferrer\">dieser Stelle<\/a>, alles rund um Ostern und die Fr\u00fchlingszeit sind in <a href=\"https:\/\/www.sabine-seyffert.de\/blog\/?cat=23\" target=\"_blank\" rel=\"noopener noreferrer\">diesem Blog Ordner<\/a> und andere kreative Sachen da.<\/p>\n<p style=\"text-align: center;\"><a href=\"https:\/\/www.sabine-seyffert.de\/blog\/wp-content\/uploads\/2021\/03\/Osterkranz-Hase-blau-Sabine-Seyffert.de-2.jpg\"><img loading=\"lazy\" decoding=\"async\" class=\"alignnone size-full wp-image-19118\" src=\"https:\/\/www.sabine-seyffert.de\/blog\/wp-content\/uploads\/2021\/03\/Osterkranz-Hase-blau-Sabine-Seyffert.de-2.jpg\" alt=\"\" width=\"600\" height=\"800\" srcset=\"https:\/\/www.sabine-seyffert.de\/blog\/wp-content\/uploads\/2021\/03\/Osterkranz-Hase-blau-Sabine-Seyffert.de-2.jpg 600w, https:\/\/www.sabine-seyffert.de\/blog\/wp-content\/uploads\/2021\/03\/Osterkranz-Hase-blau-Sabine-Seyffert.de-2-225x300.jpg 225w\" sizes=\"auto, (max-width: 600px) 100vw, 600px\" \/><\/a><\/p>\n<p style=\"text-align: justify;\"><a href=\"https:\/\/www.sabine-seyffert.de\/blog\/?page_id=32#urheberrecht\">urheberrechtlich gesch\u00fctzt<\/a>, \u00a9 Sabine Seyffert<\/p>\n","protected":false},"excerpt":{"rendered":"<p>Nachdem ich einer Freundin im letzten Jahr diese selbst gemachte Upcycling Ostergirlande geschenkt habe, gab es in diesem Fr\u00fchjahr nun einen passenden T\u00fcrkranz dazu. Da in der N\u00e4he allerhand Birken zu finden sind, habe ich frisches Birkenreisig gesammelt und kurzerhand einen fr\u00fchlingshaften Kranz daraus gebunden und anschlie\u00dfend verziert. Das wird gebraucht: Birkenzweige, Draht, eine Schere,&#8230; <a href=\"https:\/\/www.sabine-seyffert.de\/blog\/diy-osterdeko-selbst-gemacht-osterkranz-mit-osterhase-basteln\/\" class=\"more-link\">Read more: DIY Osterdeko selbst gemacht: Osterkranz mit Osterhase basteln<\/a><\/p>\n","protected":false},"author":2,"featured_media":0,"comment_status":"open","ping_status":"open","sticky":false,"template":"","format":"standard","meta":{"_metis_text_type":"","_metis_text_length":2420,"_post_count":0,"footnotes":""},"categories":[12,36,57,47],"tags":[],"class_list":["post-19115","post","type-post","status-publish","format-standard","hentry","category-deko-ideen","category-klitzekleine-geschenkideen","category-ostern","category-upcyceltes"],"_links":{"self":[{"href":"https:\/\/www.sabine-seyffert.de\/blog\/wp-json\/wp\/v2\/posts\/19115","targetHints":{"allow":["GET"]}}],"collection":[{"href":"https:\/\/www.sabine-seyffert.de\/blog\/wp-json\/wp\/v2\/posts"}],"about":[{"href":"https:\/\/www.sabine-seyffert.de\/blog\/wp-json\/wp\/v2\/types\/post"}],"author":[{"embeddable":true,"href":"https:\/\/www.sabine-seyffert.de\/blog\/wp-json\/wp\/v2\/users\/2"}],"replies":[{"embeddable":true,"href":"https:\/\/www.sabine-seyffert.de\/blog\/wp-json\/wp\/v2\/comments?post=19115"}],"version-history":[{"count":3,"href":"https:\/\/www.sabine-seyffert.de\/blog\/wp-json\/wp\/v2\/posts\/19115\/revisions"}],"predecessor-version":[{"id":25395,"href":"https:\/\/www.sabine-seyffert.de\/blog\/wp-json\/wp\/v2\/posts\/19115\/revisions\/25395"}],"wp:attachment":[{"href":"https:\/\/www.sabine-seyffert.de\/blog\/wp-json\/wp\/v2\/media?parent=19115"}],"wp:term":[{"taxonomy":"category","embeddable":true,"href":"https:\/\/www.sabine-seyffert.de\/blog\/wp-json\/wp\/v2\/categories?post=19115"},{"taxonomy":"post_tag","embeddable":true,"href":"https:\/\/www.sabine-seyffert.de\/blog\/wp-json\/wp\/v2\/tags?post=19115"}],"curies":[{"name":"wp","href":"https:\/\/api.w.org\/{rel}","templated":true}]}}