{"id":19102,"date":"2021-03-22T06:00:04","date_gmt":"2021-03-22T04:00:04","guid":{"rendered":"https:\/\/www.sabine-seyffert.de\/blog\/?p=19102"},"modified":"2023-02-16T16:16:48","modified_gmt":"2023-02-16T14:16:48","slug":"selbst-gemachte-geschenkverpackung-zu-ostern-ostertuete-mit-osterhasen-bluetenkranz","status":"publish","type":"post","link":"https:\/\/www.sabine-seyffert.de\/blog\/selbst-gemachte-geschenkverpackung-zu-ostern-ostertuete-mit-osterhasen-bluetenkranz\/","title":{"rendered":"Selbst gemachte Geschenkverpackung zu Ostern: Ostert\u00fcte mit Osterhasen &#038; Bl\u00fctenkranz"},"content":{"rendered":"<p style=\"text-align: justify;\"><img loading=\"lazy\" decoding=\"async\" src=\"https:\/\/vg07.met.vgwort.de\/na\/a1380bc821cb4780879587377235addb\" alt=\"\" width=\"1\" height=\"1\" \/>Diese Woche hei\u00dft das Thema bei der <a href=\"https:\/\/www.instagram.com\/diy_sabine_seyffert\/\" target=\"_blank\" rel=\"noopener noreferrer\">DIY Challenge der Woche<\/a>: Ostern. Und wie in diesem Jahr, verschenken wir gerne kleine Ostert\u00fcten mit Leckereien, wie selbst <a href=\"https:\/\/www.sabine-seyffert.de\/blog\/?p=14312\" target=\"_blank\" rel=\"noopener noreferrer\">gebackenen Osterkeksen<\/a>, <a href=\"https:\/\/www.sabine-seyffert.de\/blog\/?p=12095\" target=\"_blank\" rel=\"noopener noreferrer\">Spiegelei Keksen<\/a>, <a href=\"https:\/\/www.sabine-seyffert.de\/blog\/?p=10091\" target=\"_blank\" rel=\"noopener noreferrer\">knusprigen M\u00f6hren<\/a>, s\u00fc\u00dfer <a href=\"https:\/\/www.sabine-seyffert.de\/blog\/?p=16310\" target=\"_blank\" rel=\"noopener noreferrer\">Osterschokolade<\/a> oder <a href=\"https:\/\/www.sabine-seyffert.de\/blog\/?p=16353\" target=\"_blank\" rel=\"noopener noreferrer\">s\u00fc\u00dfen Osterhasen<\/a>.<br \/>\nGerade in der Pandemie, wo Kontakte immer noch beschr\u00e4nkt sind und wir an Ostern sicherlich nicht in gr\u00f6\u00dferem Kreis gemeinsam Feiern k\u00f6nnen, werden also flei\u00dfig Ostersachen gebastelt und Geschenkt\u00fcten vorbereitet. Diese Variante hier ist recht schnell gemacht.<\/p>\n<p style=\"text-align: center;\"><a href=\"https:\/\/www.sabine-seyffert.de\/blog\/wp-content\/uploads\/2021\/03\/Ostert\u00fcte-rosa-Stempelkranz-Sabine-Seyffert.de-3.jpg\"><img loading=\"lazy\" decoding=\"async\" class=\"alignnone size-full wp-image-19103\" src=\"https:\/\/www.sabine-seyffert.de\/blog\/wp-content\/uploads\/2021\/03\/Ostert\u00fcte-rosa-Stempelkranz-Sabine-Seyffert.de-3.jpg\" alt=\"\" width=\"800\" height=\"600\" srcset=\"https:\/\/www.sabine-seyffert.de\/blog\/wp-content\/uploads\/2021\/03\/Ostert\u00fcte-rosa-Stempelkranz-Sabine-Seyffert.de-3.jpg 800w, https:\/\/www.sabine-seyffert.de\/blog\/wp-content\/uploads\/2021\/03\/Ostert\u00fcte-rosa-Stempelkranz-Sabine-Seyffert.de-3-300x225.jpg 300w, https:\/\/www.sabine-seyffert.de\/blog\/wp-content\/uploads\/2021\/03\/Ostert\u00fcte-rosa-Stempelkranz-Sabine-Seyffert.de-3-768x576.jpg 768w\" sizes=\"auto, (max-width: 800px) 100vw, 800px\" \/><\/a><\/p>\n<p style=\"text-align: justify;\"><strong>Das wird gebraucht:<\/strong><br \/>\nPapierbeutel \/ Bodenbeutel aus stabilem Packpapier, einen Locher, etwas Naturbast oder Kordel, einen breiten Borstenpinsel, Acryllack oder Bastelfarbe auf Wasserbasis und evtl. ein Glas mit Leitungswasser, Kraftpapier, etwas Deckwei\u00df, Buchstabenstempel &amp; Bl\u00fctenstempel samt Stempelkissen, etwas Zeitungspapier und \/ oder eine alte Buchseite, Schere, Lochzange und Bastelkleber<\/p>\n<p style=\"text-align: center;\"><a href=\"https:\/\/www.sabine-seyffert.de\/blog\/wp-content\/uploads\/2021\/03\/Ostert\u00fcte-rosa-Stempelkranz-Sabine-Seyffert.de-7.jpg\"><img loading=\"lazy\" decoding=\"async\" class=\"alignnone size-full wp-image-19107\" src=\"https:\/\/www.sabine-seyffert.de\/blog\/wp-content\/uploads\/2021\/03\/Ostert\u00fcte-rosa-Stempelkranz-Sabine-Seyffert.de-7.jpg\" alt=\"\" width=\"800\" height=\"600\" srcset=\"https:\/\/www.sabine-seyffert.de\/blog\/wp-content\/uploads\/2021\/03\/Ostert\u00fcte-rosa-Stempelkranz-Sabine-Seyffert.de-7.jpg 800w, https:\/\/www.sabine-seyffert.de\/blog\/wp-content\/uploads\/2021\/03\/Ostert\u00fcte-rosa-Stempelkranz-Sabine-Seyffert.de-7-300x225.jpg 300w, https:\/\/www.sabine-seyffert.de\/blog\/wp-content\/uploads\/2021\/03\/Ostert\u00fcte-rosa-Stempelkranz-Sabine-Seyffert.de-7-768x576.jpg 768w\" sizes=\"auto, (max-width: 800px) 100vw, 800px\" \/><\/a><\/p>\n<p style=\"text-align: justify;\"><strong>So wird\u2019s gemacht:<\/strong><br \/>\nZuerst malt man auf die T\u00fctenvorderseite einen Kreis in der gew\u00fcnschten Farbe. Diese habe ich mit etwas Wasser verd\u00fcnnt, \u00e4hnlich wie bei dem Hintergrund der <a href=\"https:\/\/www.sabine-seyffert.de\/blog\/?p=13771\" target=\"_blank\" rel=\"noopener noreferrer\">selbst gemachten Postkarten<\/a>.<\/p>\n<p style=\"text-align: center;\"><a href=\"https:\/\/www.sabine-seyffert.de\/blog\/wp-content\/uploads\/2021\/03\/Ostert\u00fcte-rosa-Stempelkranz-Sabine-Seyffert.de-6.jpg\"><img loading=\"lazy\" decoding=\"async\" class=\"alignnone size-full wp-image-19108\" src=\"https:\/\/www.sabine-seyffert.de\/blog\/wp-content\/uploads\/2021\/03\/Ostert\u00fcte-rosa-Stempelkranz-Sabine-Seyffert.de-6.jpg\" alt=\"\" width=\"800\" height=\"600\" srcset=\"https:\/\/www.sabine-seyffert.de\/blog\/wp-content\/uploads\/2021\/03\/Ostert\u00fcte-rosa-Stempelkranz-Sabine-Seyffert.de-6.jpg 800w, https:\/\/www.sabine-seyffert.de\/blog\/wp-content\/uploads\/2021\/03\/Ostert\u00fcte-rosa-Stempelkranz-Sabine-Seyffert.de-6-300x225.jpg 300w, https:\/\/www.sabine-seyffert.de\/blog\/wp-content\/uploads\/2021\/03\/Ostert\u00fcte-rosa-Stempelkranz-Sabine-Seyffert.de-6-768x576.jpg 768w\" sizes=\"auto, (max-width: 800px) 100vw, 800px\" \/><\/a><\/p>\n<p style=\"text-align: justify;\">W\u00e4hrend die Farbe trocknet, kann man die gew\u00fcnschten Motive vorbereiten. Auf einen schmalen Streifen einer alten Buchseite habe ich den Schriftzug \u201eFrohe Ostern\u201c gestempelt und dann auf ein St\u00fcck wei\u00df <a href=\"https:\/\/www.sabine-seyffert.de\/blog\/?p=13917\" target=\"_blank\" rel=\"noopener noreferrer\">bemaltem Zeitungspapier<\/a> geklebt. Wenn man diesen als Wimpel zuschneidet, kann man damit die Papiert\u00fcte weiter verzieren.<\/p>\n<p style=\"text-align: center;\"><a href=\"https:\/\/www.sabine-seyffert.de\/blog\/wp-content\/uploads\/2021\/03\/Ostert\u00fcte-rosa-Stempelkranz-Sabine-Seyffert.de-5.jpg\"><img loading=\"lazy\" decoding=\"async\" class=\"alignnone size-full wp-image-19109\" src=\"https:\/\/www.sabine-seyffert.de\/blog\/wp-content\/uploads\/2021\/03\/Ostert\u00fcte-rosa-Stempelkranz-Sabine-Seyffert.de-5.jpg\" alt=\"\" width=\"800\" height=\"600\" srcset=\"https:\/\/www.sabine-seyffert.de\/blog\/wp-content\/uploads\/2021\/03\/Ostert\u00fcte-rosa-Stempelkranz-Sabine-Seyffert.de-5.jpg 800w, https:\/\/www.sabine-seyffert.de\/blog\/wp-content\/uploads\/2021\/03\/Ostert\u00fcte-rosa-Stempelkranz-Sabine-Seyffert.de-5-300x225.jpg 300w, https:\/\/www.sabine-seyffert.de\/blog\/wp-content\/uploads\/2021\/03\/Ostert\u00fcte-rosa-Stempelkranz-Sabine-Seyffert.de-5-768x576.jpg 768w\" sizes=\"auto, (max-width: 800px) 100vw, 800px\" \/><\/a><\/p>\n<p style=\"text-align: justify;\">Von einem der gebastelten Schutzengel hatte ich noch ein St\u00fcck mit wei\u00df bemalter Farbe Kraftpapier \u00fcbrig. Daraus habe ich einen kleinen Hasen geschnitten und au\u00dferdem aus einem klitzekleinen St\u00fcck Tonkarton noch kleine Punkte gestanzt.<\/p>\n<p style=\"text-align: center;\"><a href=\"https:\/\/www.sabine-seyffert.de\/blog\/wp-content\/uploads\/2021\/03\/Ostert\u00fcte-rosa-Stempelkranz-Sabine-Seyffert.de-4.jpg\"><img loading=\"lazy\" decoding=\"async\" class=\"alignnone size-full wp-image-19110\" src=\"https:\/\/www.sabine-seyffert.de\/blog\/wp-content\/uploads\/2021\/03\/Ostert\u00fcte-rosa-Stempelkranz-Sabine-Seyffert.de-4.jpg\" alt=\"\" width=\"800\" height=\"600\" srcset=\"https:\/\/www.sabine-seyffert.de\/blog\/wp-content\/uploads\/2021\/03\/Ostert\u00fcte-rosa-Stempelkranz-Sabine-Seyffert.de-4.jpg 800w, https:\/\/www.sabine-seyffert.de\/blog\/wp-content\/uploads\/2021\/03\/Ostert\u00fcte-rosa-Stempelkranz-Sabine-Seyffert.de-4-300x225.jpg 300w, https:\/\/www.sabine-seyffert.de\/blog\/wp-content\/uploads\/2021\/03\/Ostert\u00fcte-rosa-Stempelkranz-Sabine-Seyffert.de-4-768x576.jpg 768w\" sizes=\"auto, (max-width: 800px) 100vw, 800px\" \/><\/a><\/p>\n<p style=\"text-align: justify;\">Jetzt l\u00e4sst sich der Hase mittig auf die bemalte Fl\u00e4che kleben. Den \u00e4u\u00dferen Rand habe ich mit dem neuen Stempel versehen und damit eine Bl\u00e4tter Bord\u00fcre gestempelt, statt diese wie sonst oft getan, zu malen. Zwischen diese Bl\u00e4tter habe ich die gelochten P\u00fcnktchen geklebt sowie den Wimpel an den unteren Rand.<\/p>\n<p style=\"text-align: center;\"><a href=\"https:\/\/www.sabine-seyffert.de\/blog\/wp-content\/uploads\/2021\/03\/Ostert\u00fcte-rosa-Stempelkranz-Sabine-Seyffert.de-2.jpg\"><img loading=\"lazy\" decoding=\"async\" class=\"alignnone size-full wp-image-19111\" src=\"https:\/\/www.sabine-seyffert.de\/blog\/wp-content\/uploads\/2021\/03\/Ostert\u00fcte-rosa-Stempelkranz-Sabine-Seyffert.de-2.jpg\" alt=\"\" width=\"800\" height=\"600\" srcset=\"https:\/\/www.sabine-seyffert.de\/blog\/wp-content\/uploads\/2021\/03\/Ostert\u00fcte-rosa-Stempelkranz-Sabine-Seyffert.de-2.jpg 800w, https:\/\/www.sabine-seyffert.de\/blog\/wp-content\/uploads\/2021\/03\/Ostert\u00fcte-rosa-Stempelkranz-Sabine-Seyffert.de-2-300x225.jpg 300w, https:\/\/www.sabine-seyffert.de\/blog\/wp-content\/uploads\/2021\/03\/Ostert\u00fcte-rosa-Stempelkranz-Sabine-Seyffert.de-2-768x576.jpg 768w\" sizes=\"auto, (max-width: 800px) 100vw, 800px\" \/><\/a><\/p>\n<p style=\"text-align: justify;\">Jetzt l\u00e4sst sich die T\u00fcte mit einer kleinen \u00dcberraschung oder s\u00fc\u00dfen Leckereien bef\u00fcllen. Danach faltet man den Rand nach Hinten, locht diesen und zieht etwas Bast hindurch, das man vorne zu einer Schleife bindet.<\/p>\n<p style=\"text-align: center;\"><a href=\"https:\/\/www.sabine-seyffert.de\/blog\/wp-content\/uploads\/2021\/03\/Ostert\u00fcte-rosa-Stempelkranz-Sabine-Seyffert.de-1.jpg\"><img loading=\"lazy\" decoding=\"async\" class=\"alignnone size-full wp-image-19106\" src=\"https:\/\/www.sabine-seyffert.de\/blog\/wp-content\/uploads\/2021\/03\/Ostert\u00fcte-rosa-Stempelkranz-Sabine-Seyffert.de-1.jpg\" alt=\"\" width=\"800\" height=\"600\" srcset=\"https:\/\/www.sabine-seyffert.de\/blog\/wp-content\/uploads\/2021\/03\/Ostert\u00fcte-rosa-Stempelkranz-Sabine-Seyffert.de-1.jpg 800w, https:\/\/www.sabine-seyffert.de\/blog\/wp-content\/uploads\/2021\/03\/Ostert\u00fcte-rosa-Stempelkranz-Sabine-Seyffert.de-1-300x225.jpg 300w, https:\/\/www.sabine-seyffert.de\/blog\/wp-content\/uploads\/2021\/03\/Ostert\u00fcte-rosa-Stempelkranz-Sabine-Seyffert.de-1-768x576.jpg 768w\" sizes=\"auto, (max-width: 800px) 100vw, 800px\" \/><\/a><\/p>\n<p>Hier findet ihr die Ostert\u00fcten der letzten Jahre mit Bastelanleitung:<\/p>\n<p>&#x1f33c; <a href=\"https:\/\/www.sabine-seyffert.de\/blog\/?p=14301\" target=\"_blank\" rel=\"noopener noreferrer\">Osterhase mit Schleife<\/a><\/p>\n<p>&#x1f33c; <a href=\"https:\/\/www.sabine-seyffert.de\/blog\/?p=12188\" target=\"_blank\" rel=\"noopener noreferrer\">Ostert\u00fcte aus kaputter Jeans<\/a><\/p>\n<p>&#x1f33c; <a href=\"https:\/\/www.sabine-seyffert.de\/blog\/?p=12169\" target=\"_blank\" rel=\"noopener noreferrer\">Osterhase mit Kleid &amp; Blume<\/a><\/p>\n<p>&#x1f33c; <a href=\"https:\/\/www.sabine-seyffert.de\/blog\/?p=16297\" target=\"_blank\" rel=\"noopener noreferrer\">Osterhase aus Zeitung &amp; Eierkarton<\/a><\/p>\n<p>&#x1f33c; <a href=\"https:\/\/www.sabine-seyffert.de\/blog\/?p=10125\" target=\"_blank\" rel=\"noopener noreferrer\">Osterhase aus alter Buchseite<\/a> mit G\u00e4nsebl\u00fcmchen<\/p>\n<p>&#x1f33c; <a href=\"https:\/\/www.sabine-seyffert.de\/blog\/?p=6995\" target=\"_blank\" rel=\"noopener noreferrer\">Ostern to go<\/a><\/p>\n<p><a href=\"https:\/\/www.sabine-seyffert.de\/blog\/wp-content\/uploads\/2021\/03\/Ostert\u00fcte-rosa-Stempelkranz-Sabine-Seyffert.de-8.jpg\"><img loading=\"lazy\" decoding=\"async\" class=\"size-full wp-image-19105 aligncenter\" src=\"https:\/\/www.sabine-seyffert.de\/blog\/wp-content\/uploads\/2021\/03\/Ostert\u00fcte-rosa-Stempelkranz-Sabine-Seyffert.de-8.jpg\" alt=\"\" width=\"600\" height=\"800\" srcset=\"https:\/\/www.sabine-seyffert.de\/blog\/wp-content\/uploads\/2021\/03\/Ostert\u00fcte-rosa-Stempelkranz-Sabine-Seyffert.de-8.jpg 600w, https:\/\/www.sabine-seyffert.de\/blog\/wp-content\/uploads\/2021\/03\/Ostert\u00fcte-rosa-Stempelkranz-Sabine-Seyffert.de-8-225x300.jpg 225w\" sizes=\"auto, (max-width: 600px) 100vw, 600px\" \/><\/a><\/p>\n<p style=\"text-align: justify;\">Weitere Geschenkideen zum Selbermachen findet ihr \u00fcbrigens in <a href=\"https:\/\/www.sabine-seyffert.de\/blog\/?cat=36\" target=\"_blank\" rel=\"noopener noreferrer\">dieser Rubrik<\/a>, andere Geschenkverpackungen zum Selbermachen findet ihr in <a href=\"https:\/\/www.sabine-seyffert.de\/blog\/?cat=49\" target=\"_blank\" rel=\"noopener noreferrer\">dieser Blog Kategorie<\/a>, alle Ideen rund um die Osterzeit gibt es in <a href=\"https:\/\/www.sabine-seyffert.de\/blog\/?cat=23\" target=\"_blank\" rel=\"noopener noreferrer\">diesem Ordner<\/a> und andere kreative Sachen gibt es auch an <a href=\"https:\/\/www.pinterest.de\/diysabineseyffert\/\" target=\"_blank\" rel=\"noopener noreferrer\">dieser Stelle<\/a>.<\/p>\n<p style=\"text-align: center;\"><a href=\"https:\/\/www.sabine-seyffert.de\/blog\/wp-content\/uploads\/2021\/03\/Ostert\u00fcte-rosa-Stempelkranz-Sabine-Seyffert.de-9.jpg\"><img loading=\"lazy\" decoding=\"async\" class=\"alignnone size-full wp-image-19104\" src=\"https:\/\/www.sabine-seyffert.de\/blog\/wp-content\/uploads\/2021\/03\/Ostert\u00fcte-rosa-Stempelkranz-Sabine-Seyffert.de-9.jpg\" alt=\"\" width=\"600\" height=\"800\" srcset=\"https:\/\/www.sabine-seyffert.de\/blog\/wp-content\/uploads\/2021\/03\/Ostert\u00fcte-rosa-Stempelkranz-Sabine-Seyffert.de-9.jpg 600w, https:\/\/www.sabine-seyffert.de\/blog\/wp-content\/uploads\/2021\/03\/Ostert\u00fcte-rosa-Stempelkranz-Sabine-Seyffert.de-9-225x300.jpg 225w\" sizes=\"auto, (max-width: 600px) 100vw, 600px\" \/><\/a><\/p>\n<p style=\"text-align: justify;\"><a href=\"https:\/\/www.sabine-seyffert.de\/blog\/?page_id=32#urheberrecht\">urheberrechtlich gesch\u00fctzt<\/a>, \u00a9 Sabine Seyffert<\/p>\n","protected":false},"excerpt":{"rendered":"<p>Diese Woche hei\u00dft das Thema bei der DIY Challenge der Woche: Ostern. Und wie in diesem Jahr, verschenken wir gerne kleine Ostert\u00fcten mit Leckereien, wie selbst gebackenen Osterkeksen, Spiegelei Keksen, knusprigen M\u00f6hren, s\u00fc\u00dfer Osterschokolade oder s\u00fc\u00dfen Osterhasen. Gerade in der Pandemie, wo Kontakte immer noch beschr\u00e4nkt sind und wir an Ostern sicherlich nicht in gr\u00f6\u00dferem&#8230; <a href=\"https:\/\/www.sabine-seyffert.de\/blog\/selbst-gemachte-geschenkverpackung-zu-ostern-ostertuete-mit-osterhasen-bluetenkranz\/\" class=\"more-link\">Read more: Selbst gemachte Geschenkverpackung zu Ostern: Ostert\u00fcte mit Osterhasen &#038; Bl\u00fctenkranz<\/a><\/p>\n","protected":false},"author":2,"featured_media":0,"comment_status":"open","ping_status":"open","sticky":false,"template":"","format":"standard","meta":{"_metis_text_type":"","_metis_text_length":2847,"_post_count":0,"footnotes":""},"categories":[36,49,57],"tags":[],"class_list":["post-19102","post","type-post","status-publish","format-standard","hentry","category-klitzekleine-geschenkideen","category-verpackungsideen","category-ostern"],"_links":{"self":[{"href":"https:\/\/www.sabine-seyffert.de\/blog\/wp-json\/wp\/v2\/posts\/19102","targetHints":{"allow":["GET"]}}],"collection":[{"href":"https:\/\/www.sabine-seyffert.de\/blog\/wp-json\/wp\/v2\/posts"}],"about":[{"href":"https:\/\/www.sabine-seyffert.de\/blog\/wp-json\/wp\/v2\/types\/post"}],"author":[{"embeddable":true,"href":"https:\/\/www.sabine-seyffert.de\/blog\/wp-json\/wp\/v2\/users\/2"}],"replies":[{"embeddable":true,"href":"https:\/\/www.sabine-seyffert.de\/blog\/wp-json\/wp\/v2\/comments?post=19102"}],"version-history":[{"count":4,"href":"https:\/\/www.sabine-seyffert.de\/blog\/wp-json\/wp\/v2\/posts\/19102\/revisions"}],"predecessor-version":[{"id":25396,"href":"https:\/\/www.sabine-seyffert.de\/blog\/wp-json\/wp\/v2\/posts\/19102\/revisions\/25396"}],"wp:attachment":[{"href":"https:\/\/www.sabine-seyffert.de\/blog\/wp-json\/wp\/v2\/media?parent=19102"}],"wp:term":[{"taxonomy":"category","embeddable":true,"href":"https:\/\/www.sabine-seyffert.de\/blog\/wp-json\/wp\/v2\/categories?post=19102"},{"taxonomy":"post_tag","embeddable":true,"href":"https:\/\/www.sabine-seyffert.de\/blog\/wp-json\/wp\/v2\/tags?post=19102"}],"curies":[{"name":"wp","href":"https:\/\/api.w.org\/{rel}","templated":true}]}}