{"id":19059,"date":"2021-03-19T06:00:10","date_gmt":"2021-03-19T04:00:10","guid":{"rendered":"https:\/\/www.sabine-seyffert.de\/blog\/?p=19059"},"modified":"2021-03-18T18:39:12","modified_gmt":"2021-03-18T16:39:12","slug":"wir-locken-den-fruehling-basteln-bunte-tulpen-aus-papier-loeffeln-fruehlingsbasteln-fuer-kinder","status":"publish","type":"post","link":"https:\/\/www.sabine-seyffert.de\/blog\/wir-locken-den-fruehling-basteln-bunte-tulpen-aus-papier-loeffeln-fruehlingsbasteln-fuer-kinder\/","title":{"rendered":"Wir locken den Fr\u00fchling &#038; basteln bunte Tulpen aus Papier &#038; L\u00f6ffeln \u2013 Fr\u00fchlingsbasteln f\u00fcr Kinder"},"content":{"rendered":"<p style=\"text-align: justify;\"><img loading=\"lazy\" decoding=\"async\" src=\"https:\/\/vg07.met.vgwort.de\/na\/abc148d445de48ae8c88b9b8fe4b97c7\" alt=\"\" width=\"1\" height=\"1\" \/>Der Fr\u00fchling hat sich gut versteckt. Aber wer wei\u00df, vielleicht l\u00e4sst er sich mit dieser fr\u00fchlingshaften Bastelidee hinter den Wolken hervor locken. <a href=\"https:\/\/www.sabine-seyffert.de\/blog\/?p=18128\" target=\"_blank\" rel=\"noopener noreferrer\">Der Lockdown<\/a> zieht sich nun schon so lange dahin und das schl\u00e4gt bei dem schlechten Wetter auch schon mal aufs Gem\u00fct. Ein bisschen Sonnenschein und blauer Himmel w\u00fcrden der Stimmung gut tun. Schauen wir mal und basteln bis dahin ein wenig Fr\u00fchling f\u00fcr Zuhause. Macht ihr mit? Nach den <a href=\"https:\/\/www.sabine-seyffert.de\/blog\/?p=15982\" target=\"_blank\" rel=\"noopener noreferrer\">Tulpen aus Eierkartons<\/a> gibt es heute eine pfiffige Variante.<\/p>\n<p style=\"text-align: center;\"><a href=\"https:\/\/www.sabine-seyffert.de\/blog\/wp-content\/uploads\/2021\/03\/Fr\u00fchling-Tulpen-L\u00f6ffel-Sabine-Seyffert.de-3.jpg\"><img loading=\"lazy\" decoding=\"async\" class=\"alignnone size-full wp-image-19060\" src=\"https:\/\/www.sabine-seyffert.de\/blog\/wp-content\/uploads\/2021\/03\/Fr\u00fchling-Tulpen-L\u00f6ffel-Sabine-Seyffert.de-3.jpg\" alt=\"\" width=\"800\" height=\"600\" srcset=\"https:\/\/www.sabine-seyffert.de\/blog\/wp-content\/uploads\/2021\/03\/Fr\u00fchling-Tulpen-L\u00f6ffel-Sabine-Seyffert.de-3.jpg 800w, https:\/\/www.sabine-seyffert.de\/blog\/wp-content\/uploads\/2021\/03\/Fr\u00fchling-Tulpen-L\u00f6ffel-Sabine-Seyffert.de-3-300x225.jpg 300w, https:\/\/www.sabine-seyffert.de\/blog\/wp-content\/uploads\/2021\/03\/Fr\u00fchling-Tulpen-L\u00f6ffel-Sabine-Seyffert.de-3-768x576.jpg 768w\" sizes=\"auto, (max-width: 800px) 100vw, 800px\" \/><\/a><\/p>\n<p style=\"text-align: justify;\"><strong>Das wird gebraucht:<\/strong><br \/>\nKleine Holzl\u00f6ffel (alternativ klappt es sicher auch mit Eisstielen, wenn diese etwas breiter sind), Bastelfarbe, Zeitung, Pinsel, eine Bastelschere, Wasserfarbkasten, Bastelkleber \/ Klebestift, etwas Seidenpapier in den Farben eurer Wahl, eine Bastelunterlage sowie <a href=\"https:\/\/www.sabine-seyffert.de\/blog\/?p=12310\" target=\"_blank\" rel=\"noopener noreferrer\">Malkittel<\/a> f\u00fcr jedes Kind.<\/p>\n<p style=\"text-align: center;\"><a href=\"https:\/\/www.sabine-seyffert.de\/blog\/wp-content\/uploads\/2021\/03\/Fr\u00fchling-Tulpen-L\u00f6ffel-Sabine-Seyffert.de_.jpg\"><img loading=\"lazy\" decoding=\"async\" class=\"alignnone size-full wp-image-19064\" src=\"https:\/\/www.sabine-seyffert.de\/blog\/wp-content\/uploads\/2021\/03\/Fr\u00fchling-Tulpen-L\u00f6ffel-Sabine-Seyffert.de_.jpg\" alt=\"\" width=\"800\" height=\"600\" srcset=\"https:\/\/www.sabine-seyffert.de\/blog\/wp-content\/uploads\/2021\/03\/Fr\u00fchling-Tulpen-L\u00f6ffel-Sabine-Seyffert.de_.jpg 800w, https:\/\/www.sabine-seyffert.de\/blog\/wp-content\/uploads\/2021\/03\/Fr\u00fchling-Tulpen-L\u00f6ffel-Sabine-Seyffert.de_-300x225.jpg 300w, https:\/\/www.sabine-seyffert.de\/blog\/wp-content\/uploads\/2021\/03\/Fr\u00fchling-Tulpen-L\u00f6ffel-Sabine-Seyffert.de_-768x576.jpg 768w\" sizes=\"auto, (max-width: 800px) 100vw, 800px\" \/><\/a><\/p>\n<p style=\"text-align: justify;\"><strong>So wird\u2019s gemacht:<\/strong><br \/>\nBevor ihr loslegt, deckt den Tisch ab und denkt an die Malkittel. Dann nehmt euch einen L\u00f6ffel und bemalt diesen, wie auf den Detailbildern ersichtlich, oben mit einer bunten Knospe bzw. Bl\u00fcte und den Stiel in einem sch\u00f6nen Gr\u00fcn.<\/p>\n<p style=\"text-align: center;\"><a href=\"https:\/\/www.sabine-seyffert.de\/blog\/wp-content\/uploads\/2021\/03\/Fr\u00fchling-Tulpen-L\u00f6ffel-Sabine-Seyffert.de-5.jpg\"><img loading=\"lazy\" decoding=\"async\" class=\"alignnone size-full wp-image-19065\" src=\"https:\/\/www.sabine-seyffert.de\/blog\/wp-content\/uploads\/2021\/03\/Fr\u00fchling-Tulpen-L\u00f6ffel-Sabine-Seyffert.de-5.jpg\" alt=\"\" width=\"800\" height=\"600\" srcset=\"https:\/\/www.sabine-seyffert.de\/blog\/wp-content\/uploads\/2021\/03\/Fr\u00fchling-Tulpen-L\u00f6ffel-Sabine-Seyffert.de-5.jpg 800w, https:\/\/www.sabine-seyffert.de\/blog\/wp-content\/uploads\/2021\/03\/Fr\u00fchling-Tulpen-L\u00f6ffel-Sabine-Seyffert.de-5-300x225.jpg 300w, https:\/\/www.sabine-seyffert.de\/blog\/wp-content\/uploads\/2021\/03\/Fr\u00fchling-Tulpen-L\u00f6ffel-Sabine-Seyffert.de-5-768x576.jpg 768w\" sizes=\"auto, (max-width: 800px) 100vw, 800px\" \/><\/a><\/p>\n<p style=\"text-align: justify;\">Ob ihr die Farbe nur ganz d\u00fcnn und etwas ungleichm\u00e4\u00dfig oder sorgf\u00e4ltig deckend aufmalt, ihr Geschmackssache und euch \u00fcberlassen. Bei dem ungleichm\u00e4\u00dfigen Farbanstrich, bekommt die Blume etwas mehr Struktur und Lebendigkeit.<\/p>\n<p style=\"text-align: center;\"><a href=\"https:\/\/www.sabine-seyffert.de\/blog\/wp-content\/uploads\/2021\/03\/Fr\u00fchling-Tulpen-L\u00f6ffel-Sabine-Seyffert.de-8.jpg\"><img loading=\"lazy\" decoding=\"async\" class=\"alignnone size-full wp-image-19066\" src=\"https:\/\/www.sabine-seyffert.de\/blog\/wp-content\/uploads\/2021\/03\/Fr\u00fchling-Tulpen-L\u00f6ffel-Sabine-Seyffert.de-8.jpg\" alt=\"\" width=\"800\" height=\"600\" srcset=\"https:\/\/www.sabine-seyffert.de\/blog\/wp-content\/uploads\/2021\/03\/Fr\u00fchling-Tulpen-L\u00f6ffel-Sabine-Seyffert.de-8.jpg 800w, https:\/\/www.sabine-seyffert.de\/blog\/wp-content\/uploads\/2021\/03\/Fr\u00fchling-Tulpen-L\u00f6ffel-Sabine-Seyffert.de-8-300x225.jpg 300w, https:\/\/www.sabine-seyffert.de\/blog\/wp-content\/uploads\/2021\/03\/Fr\u00fchling-Tulpen-L\u00f6ffel-Sabine-Seyffert.de-8-768x576.jpg 768w\" sizes=\"auto, (max-width: 800px) 100vw, 800px\" \/><\/a><\/p>\n<p style=\"text-align: justify;\">W\u00e4hrend die Farbe trocknet, stellt ihr aus gr\u00fcner Wasserfarbe und Zeitung <a href=\"https:\/\/www.sabine-seyffert.de\/blog\/?p=13917\" target=\"_blank\" rel=\"noopener noreferrer\">kostenloses Bastelpapier<\/a> her.<\/p>\n<p style=\"text-align: center;\"><a href=\"https:\/\/www.sabine-seyffert.de\/blog\/wp-content\/uploads\/2021\/03\/Fr\u00fchling-Tulpen-L\u00f6ffel-Sabine-Seyffert.de-7.jpg\"><img loading=\"lazy\" decoding=\"async\" class=\"alignnone size-full wp-image-19067\" src=\"https:\/\/www.sabine-seyffert.de\/blog\/wp-content\/uploads\/2021\/03\/Fr\u00fchling-Tulpen-L\u00f6ffel-Sabine-Seyffert.de-7.jpg\" alt=\"\" width=\"800\" height=\"600\" srcset=\"https:\/\/www.sabine-seyffert.de\/blog\/wp-content\/uploads\/2021\/03\/Fr\u00fchling-Tulpen-L\u00f6ffel-Sabine-Seyffert.de-7.jpg 800w, https:\/\/www.sabine-seyffert.de\/blog\/wp-content\/uploads\/2021\/03\/Fr\u00fchling-Tulpen-L\u00f6ffel-Sabine-Seyffert.de-7-300x225.jpg 300w, https:\/\/www.sabine-seyffert.de\/blog\/wp-content\/uploads\/2021\/03\/Fr\u00fchling-Tulpen-L\u00f6ffel-Sabine-Seyffert.de-7-768x576.jpg 768w\" sizes=\"auto, (max-width: 800px) 100vw, 800px\" \/><\/a><\/p>\n<p style=\"text-align: justify;\">Au\u00dferdem braucht ihr noch Bl\u00fctenbl\u00e4tter, die sich gut aus d\u00fcnnem Seidenpapier schneiden lassen. Dazu habe ich einen Streifen geschnitten diesen gefaltet und daraus ein Blatt geschnitten. Pro Tulpe braucht man zwei dieser Bl\u00e4tter, die man dann wahlweise von Vorne an die obere L\u00f6ffelspitze oder von hinten seitlich an die R\u00e4nder klebt.<\/p>\n<p style=\"text-align: center;\"><a href=\"https:\/\/www.sabine-seyffert.de\/blog\/wp-content\/uploads\/2021\/03\/Fr\u00fchling-Tulpen-L\u00f6ffel-Sabine-Seyffert.de-4.jpg\"><img loading=\"lazy\" decoding=\"async\" class=\"alignnone size-full wp-image-19068\" src=\"https:\/\/www.sabine-seyffert.de\/blog\/wp-content\/uploads\/2021\/03\/Fr\u00fchling-Tulpen-L\u00f6ffel-Sabine-Seyffert.de-4.jpg\" alt=\"\" width=\"800\" height=\"600\" srcset=\"https:\/\/www.sabine-seyffert.de\/blog\/wp-content\/uploads\/2021\/03\/Fr\u00fchling-Tulpen-L\u00f6ffel-Sabine-Seyffert.de-4.jpg 800w, https:\/\/www.sabine-seyffert.de\/blog\/wp-content\/uploads\/2021\/03\/Fr\u00fchling-Tulpen-L\u00f6ffel-Sabine-Seyffert.de-4-300x225.jpg 300w, https:\/\/www.sabine-seyffert.de\/blog\/wp-content\/uploads\/2021\/03\/Fr\u00fchling-Tulpen-L\u00f6ffel-Sabine-Seyffert.de-4-768x576.jpg 768w\" sizes=\"auto, (max-width: 800px) 100vw, 800px\" \/><\/a><\/p>\n<p style=\"text-align: justify;\">Aus dem gr\u00fcn bemalten Zeitungspapier schneidet man noch gr\u00fcne, l\u00e4ngliche Bl\u00e4tter f\u00fcr die Tulpen und klebt diese am L\u00f6ffelstiel fest.<br \/>\nDie Tulpen eignen sich \u00fcbrigens prima als kleines Mitbringsel oder Ostergeschenk.<\/p>\n<p style=\"text-align: center;\"><a href=\"https:\/\/www.sabine-seyffert.de\/blog\/wp-content\/uploads\/2021\/03\/Fr\u00fchling-Tulpen-L\u00f6ffel-Sabine-Seyffert.de-2.jpg\"><img loading=\"lazy\" decoding=\"async\" class=\"alignnone size-full wp-image-19063\" src=\"https:\/\/www.sabine-seyffert.de\/blog\/wp-content\/uploads\/2021\/03\/Fr\u00fchling-Tulpen-L\u00f6ffel-Sabine-Seyffert.de-2.jpg\" alt=\"\" width=\"800\" height=\"600\" srcset=\"https:\/\/www.sabine-seyffert.de\/blog\/wp-content\/uploads\/2021\/03\/Fr\u00fchling-Tulpen-L\u00f6ffel-Sabine-Seyffert.de-2.jpg 800w, https:\/\/www.sabine-seyffert.de\/blog\/wp-content\/uploads\/2021\/03\/Fr\u00fchling-Tulpen-L\u00f6ffel-Sabine-Seyffert.de-2-300x225.jpg 300w, https:\/\/www.sabine-seyffert.de\/blog\/wp-content\/uploads\/2021\/03\/Fr\u00fchling-Tulpen-L\u00f6ffel-Sabine-Seyffert.de-2-768x576.jpg 768w\" sizes=\"auto, (max-width: 800px) 100vw, 800px\" \/><\/a><\/p>\n<p style=\"text-align: justify;\"><strong>Ein kleiner Tipp:<\/strong><br \/>\nIhr k\u00f6nnt aus den selbst gemachten Tulpen auch Bilder gestalten. Dazu k\u00f6nnt ihr diese auf etwas Pappe kleben und eine Fr\u00fchlingslandschaft passend dazu gestalten, wie beispielsweise Sonne, blauer Himmel und eine sch\u00f6ne Wiese<\/p>\n<p style=\"text-align: center;\"><a href=\"https:\/\/www.sabine-seyffert.de\/blog\/wp-content\/uploads\/2021\/03\/Fr\u00fchling-Tulpen-L\u00f6ffel-Sabine-Seyffert.de-1.jpg\"><img loading=\"lazy\" decoding=\"async\" class=\"alignnone size-full wp-image-19062\" src=\"https:\/\/www.sabine-seyffert.de\/blog\/wp-content\/uploads\/2021\/03\/Fr\u00fchling-Tulpen-L\u00f6ffel-Sabine-Seyffert.de-1.jpg\" alt=\"\" width=\"800\" height=\"600\" srcset=\"https:\/\/www.sabine-seyffert.de\/blog\/wp-content\/uploads\/2021\/03\/Fr\u00fchling-Tulpen-L\u00f6ffel-Sabine-Seyffert.de-1.jpg 800w, https:\/\/www.sabine-seyffert.de\/blog\/wp-content\/uploads\/2021\/03\/Fr\u00fchling-Tulpen-L\u00f6ffel-Sabine-Seyffert.de-1-300x225.jpg 300w, https:\/\/www.sabine-seyffert.de\/blog\/wp-content\/uploads\/2021\/03\/Fr\u00fchling-Tulpen-L\u00f6ffel-Sabine-Seyffert.de-1-768x576.jpg 768w\" sizes=\"auto, (max-width: 800px) 100vw, 800px\" \/><\/a><\/p>\n<p style=\"text-align: justify;\">Kunterbunte, kreative &amp; fr\u00f6hliche Besch\u00e4ftigungsideen zum Mitmachen f\u00fcr Kinder findet ihr \u00fcbrigens in <a href=\"https:\/\/www.sabine-seyffert.de\/blog\/?cat=32\" target=\"_blank\" rel=\"noopener noreferrer\">dieser Blog Kategorie<\/a>, alles zum Thema Upcycling mit detaillierter Bastelanleitung gibt es in <a href=\"https:\/\/www.sabine-seyffert.de\/blog\/?cat=47\" target=\"_blank\" rel=\"noopener noreferrer\">dieser Rubrik<\/a>, alles rund um die Fr\u00fchlingszeit werden in <a href=\"https:\/\/www.sabine-seyffert.de\/blog\/?cat=23\" target=\"_blank\" rel=\"noopener noreferrer\">diesem Blog Ordner<\/a> gesammelt und weitere pfiffige Do-it-Yourself Ideen gibt es auch an <a href=\"https:\/\/www.pinterest.de\/diysabineseyffert\/\" target=\"_blank\" rel=\"noopener noreferrer\">meinen Pinnw\u00e4nden<\/a>.<\/p>\n<p style=\"text-align: center;\"><a href=\"https:\/\/www.sabine-seyffert.de\/blog\/wp-content\/uploads\/2021\/03\/Fr\u00fchling-Tulpen-L\u00f6ffel-Sabine-Seyffert.de-9.jpg\"><img loading=\"lazy\" decoding=\"async\" class=\"alignnone size-full wp-image-19061\" src=\"https:\/\/www.sabine-seyffert.de\/blog\/wp-content\/uploads\/2021\/03\/Fr\u00fchling-Tulpen-L\u00f6ffel-Sabine-Seyffert.de-9.jpg\" alt=\"\" width=\"600\" height=\"800\" srcset=\"https:\/\/www.sabine-seyffert.de\/blog\/wp-content\/uploads\/2021\/03\/Fr\u00fchling-Tulpen-L\u00f6ffel-Sabine-Seyffert.de-9.jpg 600w, https:\/\/www.sabine-seyffert.de\/blog\/wp-content\/uploads\/2021\/03\/Fr\u00fchling-Tulpen-L\u00f6ffel-Sabine-Seyffert.de-9-225x300.jpg 225w\" sizes=\"auto, (max-width: 600px) 100vw, 600px\" \/><\/a><\/p>\n<p style=\"text-align: justify;\"><a href=\"https:\/\/www.sabine-seyffert.de\/blog\/?page_id=32#urheberrecht\">urheberrechtlich gesch\u00fctzt<\/a>, \u00a9 Sabine Seyffert<\/p>\n","protected":false},"excerpt":{"rendered":"<p>Der Fr\u00fchling hat sich gut versteckt. Aber wer wei\u00df, vielleicht l\u00e4sst er sich mit dieser fr\u00fchlingshaften Bastelidee hinter den Wolken hervor locken. Der Lockdown zieht sich nun schon so lange dahin und das schl\u00e4gt bei dem schlechten Wetter auch schon mal aufs Gem\u00fct. Ein bisschen Sonnenschein und blauer Himmel w\u00fcrden der Stimmung gut tun. Schauen&#8230; <a href=\"https:\/\/www.sabine-seyffert.de\/blog\/wir-locken-den-fruehling-basteln-bunte-tulpen-aus-papier-loeffeln-fruehlingsbasteln-fuer-kinder\/\" class=\"more-link\">Read more: Wir locken den Fr\u00fchling &#038; basteln bunte Tulpen aus Papier &#038; L\u00f6ffeln \u2013 Fr\u00fchlingsbasteln f\u00fcr Kinder<\/a><\/p>\n","protected":false},"author":2,"featured_media":0,"comment_status":"open","ping_status":"open","sticky":false,"template":"","format":"standard","meta":{"_metis_text_type":"","_metis_text_length":2582,"_post_count":0,"footnotes":""},"categories":[32,23,47],"tags":[],"class_list":["post-19059","post","type-post","status-publish","format-standard","hentry","category-kreatives-fur-kleine-kinderhande","category-fruhling","category-upcyceltes"],"_links":{"self":[{"href":"https:\/\/www.sabine-seyffert.de\/blog\/wp-json\/wp\/v2\/posts\/19059","targetHints":{"allow":["GET"]}}],"collection":[{"href":"https:\/\/www.sabine-seyffert.de\/blog\/wp-json\/wp\/v2\/posts"}],"about":[{"href":"https:\/\/www.sabine-seyffert.de\/blog\/wp-json\/wp\/v2\/types\/post"}],"author":[{"embeddable":true,"href":"https:\/\/www.sabine-seyffert.de\/blog\/wp-json\/wp\/v2\/users\/2"}],"replies":[{"embeddable":true,"href":"https:\/\/www.sabine-seyffert.de\/blog\/wp-json\/wp\/v2\/comments?post=19059"}],"version-history":[{"count":3,"href":"https:\/\/www.sabine-seyffert.de\/blog\/wp-json\/wp\/v2\/posts\/19059\/revisions"}],"predecessor-version":[{"id":19071,"href":"https:\/\/www.sabine-seyffert.de\/blog\/wp-json\/wp\/v2\/posts\/19059\/revisions\/19071"}],"wp:attachment":[{"href":"https:\/\/www.sabine-seyffert.de\/blog\/wp-json\/wp\/v2\/media?parent=19059"}],"wp:term":[{"taxonomy":"category","embeddable":true,"href":"https:\/\/www.sabine-seyffert.de\/blog\/wp-json\/wp\/v2\/categories?post=19059"},{"taxonomy":"post_tag","embeddable":true,"href":"https:\/\/www.sabine-seyffert.de\/blog\/wp-json\/wp\/v2\/tags?post=19059"}],"curies":[{"name":"wp","href":"https:\/\/api.w.org\/{rel}","templated":true}]}}