{"id":19000,"date":"2021-03-14T10:49:57","date_gmt":"2021-03-14T08:49:57","guid":{"rendered":"https:\/\/www.sabine-seyffert.de\/blog\/?p=19000"},"modified":"2021-03-14T10:49:57","modified_gmt":"2021-03-14T08:49:57","slug":"basteln-fuer-den-fruehling-geschenktuete-mit-bluehenden-muscari","status":"publish","type":"post","link":"https:\/\/www.sabine-seyffert.de\/blog\/basteln-fuer-den-fruehling-geschenktuete-mit-bluehenden-muscari\/","title":{"rendered":"Basteln f\u00fcr den Fr\u00fchling: Geschenkt\u00fcte mit bl\u00fchenden Muscari"},"content":{"rendered":"<p style=\"text-align: justify;\"><img loading=\"lazy\" decoding=\"async\" src=\"https:\/\/vg07.met.vgwort.de\/na\/0c02bbf77c8a49618df978cc799be52d\" alt=\"\" width=\"1\" height=\"1\" \/>Im M\u00e4rz jagt bei uns wirklich ein Geburtstag den n\u00e4chsten. Da es aufgrund <a href=\"https:\/\/www.sabine-seyffert.de\/blog\/?p=18128\" target=\"_blank\" rel=\"noopener noreferrer\">des Lockdowns<\/a> derzeit mit Feiern ja schwierig ist, gibt es dieses Jahr mal <a href=\"https:\/\/www.sabine-seyffert.de\/blog\/?p=14108\" target=\"_blank\" rel=\"noopener noreferrer\">Geburtstag to go<\/a>. Als Geschenkverpackung habe ich eine Papiert\u00fcte mit Fr\u00fchbl\u00fchern gestaltet. Passend zum Thema der <a href=\"https:\/\/www.instagram.com\/diy_sabine_seyffert\/\" target=\"_blank\" rel=\"noopener noreferrer\">DIY Challenge der Woche<\/a>.<br \/>\nBesonders gerne mag ich hierbei die Traubenhyazinthe, weil mir das Blau so gut gef\u00e4llt. Auf dem Blog habe ich mit diesen Fr\u00fchlingsblumen schon <a href=\"https:\/\/www.sabine-seyffert.de\/blog\/?p=14173\" target=\"_blank\" rel=\"noopener noreferrer\">eine Geschenkverpackung<\/a> sowie eine <a href=\"https:\/\/www.sabine-seyffert.de\/blog\/?p=12026\" target=\"_blank\" rel=\"noopener noreferrer\">Gutschein Box<\/a> gezeigt.<\/p>\n<p style=\"text-align: center;\"><a href=\"https:\/\/www.sabine-seyffert.de\/blog\/wp-content\/uploads\/2021\/03\/Fr\u00fchbl\u00fcher-Muscari-Sabine-Seyffert.de-7.jpg\"><img loading=\"lazy\" decoding=\"async\" class=\"alignnone size-full wp-image-19001\" src=\"https:\/\/www.sabine-seyffert.de\/blog\/wp-content\/uploads\/2021\/03\/Fr\u00fchbl\u00fcher-Muscari-Sabine-Seyffert.de-7.jpg\" alt=\"\" width=\"800\" height=\"600\" srcset=\"https:\/\/www.sabine-seyffert.de\/blog\/wp-content\/uploads\/2021\/03\/Fr\u00fchbl\u00fcher-Muscari-Sabine-Seyffert.de-7.jpg 800w, https:\/\/www.sabine-seyffert.de\/blog\/wp-content\/uploads\/2021\/03\/Fr\u00fchbl\u00fcher-Muscari-Sabine-Seyffert.de-7-300x225.jpg 300w, https:\/\/www.sabine-seyffert.de\/blog\/wp-content\/uploads\/2021\/03\/Fr\u00fchbl\u00fcher-Muscari-Sabine-Seyffert.de-7-768x576.jpg 768w\" sizes=\"auto, (max-width: 800px) 100vw, 800px\" \/><\/a><\/p>\n<p style=\"text-align: justify;\"><strong>Das wird gebraucht:<\/strong><br \/>\nEine stabile Papiert\u00fcte, blaue Bastelfarbe, d\u00fcnne Pappe (oder Packpapier), eine alte Tageszeitung, Pinsel, einen Wasserfarbkasten, ein Wattest\u00e4bchen oder Streichholz, eine Bastelschere, Bastelkleber \/ Klebestift<\/p>\n<p style=\"text-align: center;\"><a href=\"https:\/\/www.sabine-seyffert.de\/blog\/wp-content\/uploads\/2021\/03\/Fr\u00fchbl\u00fcher-Muscari-Sabine-Seyffert.de-0.jpg\"><img loading=\"lazy\" decoding=\"async\" class=\"alignnone size-full wp-image-19006\" src=\"https:\/\/www.sabine-seyffert.de\/blog\/wp-content\/uploads\/2021\/03\/Fr\u00fchbl\u00fcher-Muscari-Sabine-Seyffert.de-0.jpg\" alt=\"\" width=\"800\" height=\"600\" srcset=\"https:\/\/www.sabine-seyffert.de\/blog\/wp-content\/uploads\/2021\/03\/Fr\u00fchbl\u00fcher-Muscari-Sabine-Seyffert.de-0.jpg 800w, https:\/\/www.sabine-seyffert.de\/blog\/wp-content\/uploads\/2021\/03\/Fr\u00fchbl\u00fcher-Muscari-Sabine-Seyffert.de-0-300x225.jpg 300w, https:\/\/www.sabine-seyffert.de\/blog\/wp-content\/uploads\/2021\/03\/Fr\u00fchbl\u00fcher-Muscari-Sabine-Seyffert.de-0-768x576.jpg 768w\" sizes=\"auto, (max-width: 800px) 100vw, 800px\" \/><\/a><\/p>\n<p style=\"text-align: justify;\"><strong>So wird\u2019s gemacht:<\/strong><br \/>\nDeckt den Tisch mit etwas Zeitung ab und dann stellt euch zuerst aus einem St\u00fcck Zeitung und der Wasserfarbe (gr\u00fcn) <a href=\"https:\/\/www.sabine-seyffert.de\/blog\/?p=13917\" target=\"_blank\" rel=\"noopener noreferrer\">kostenloses Bastelpapier<\/a> her. Das braucht ihr sp\u00e4ter zum Basteln der langen Blumenbl\u00e4tter.<\/p>\n<p style=\"text-align: center;\"><a href=\"https:\/\/www.sabine-seyffert.de\/blog\/wp-content\/uploads\/2021\/03\/Fr\u00fchbl\u00fcher-Muscari-Sabine-Seyffert.de-9.jpg\"><img loading=\"lazy\" decoding=\"async\" class=\"alignnone size-full wp-image-19007\" src=\"https:\/\/www.sabine-seyffert.de\/blog\/wp-content\/uploads\/2021\/03\/Fr\u00fchbl\u00fcher-Muscari-Sabine-Seyffert.de-9.jpg\" alt=\"\" width=\"800\" height=\"600\" srcset=\"https:\/\/www.sabine-seyffert.de\/blog\/wp-content\/uploads\/2021\/03\/Fr\u00fchbl\u00fcher-Muscari-Sabine-Seyffert.de-9.jpg 800w, https:\/\/www.sabine-seyffert.de\/blog\/wp-content\/uploads\/2021\/03\/Fr\u00fchbl\u00fcher-Muscari-Sabine-Seyffert.de-9-300x225.jpg 300w, https:\/\/www.sabine-seyffert.de\/blog\/wp-content\/uploads\/2021\/03\/Fr\u00fchbl\u00fcher-Muscari-Sabine-Seyffert.de-9-768x576.jpg 768w\" sizes=\"auto, (max-width: 800px) 100vw, 800px\" \/><\/a><\/p>\n<p style=\"text-align: justify;\">W\u00e4hrend das bemalte Papier an der Heizung trocknet, bereitet ihr die blauen Bl\u00fcten der Traubenhyazinthen vor.<\/p>\n<p style=\"text-align: center;\"><a href=\"https:\/\/www.sabine-seyffert.de\/blog\/wp-content\/uploads\/2021\/03\/Fr\u00fchbl\u00fcher-Muscari-Sabine-Seyffert.de-3.jpg\"><img loading=\"lazy\" decoding=\"async\" class=\"alignnone size-full wp-image-19010\" src=\"https:\/\/www.sabine-seyffert.de\/blog\/wp-content\/uploads\/2021\/03\/Fr\u00fchbl\u00fcher-Muscari-Sabine-Seyffert.de-3.jpg\" alt=\"\" width=\"800\" height=\"600\" srcset=\"https:\/\/www.sabine-seyffert.de\/blog\/wp-content\/uploads\/2021\/03\/Fr\u00fchbl\u00fcher-Muscari-Sabine-Seyffert.de-3.jpg 800w, https:\/\/www.sabine-seyffert.de\/blog\/wp-content\/uploads\/2021\/03\/Fr\u00fchbl\u00fcher-Muscari-Sabine-Seyffert.de-3-300x225.jpg 300w, https:\/\/www.sabine-seyffert.de\/blog\/wp-content\/uploads\/2021\/03\/Fr\u00fchbl\u00fcher-Muscari-Sabine-Seyffert.de-3-768x576.jpg 768w\" sizes=\"auto, (max-width: 800px) 100vw, 800px\" \/><\/a><\/p>\n<p style=\"text-align: justify;\">Dazu tupft ihr mit einem Wattest\u00e4bchen (diese kann man trocknen lassen und immer wieder zu diesem Zweck verwenden!) oder mit einem Streichholz kleine Punkte auf das Papier.<\/p>\n<p style=\"text-align: justify;\"><a href=\"https:\/\/www.sabine-seyffert.de\/blog\/wp-content\/uploads\/2021\/03\/Fr\u00fchbl\u00fcher-Muscari-Sabine-Seyffert.de-7-1.jpg\"><img loading=\"lazy\" decoding=\"async\" class=\"alignnone size-full wp-image-19008\" src=\"https:\/\/www.sabine-seyffert.de\/blog\/wp-content\/uploads\/2021\/03\/Fr\u00fchbl\u00fcher-Muscari-Sabine-Seyffert.de-7-1.jpg\" alt=\"\" width=\"800\" height=\"600\" srcset=\"https:\/\/www.sabine-seyffert.de\/blog\/wp-content\/uploads\/2021\/03\/Fr\u00fchbl\u00fcher-Muscari-Sabine-Seyffert.de-7-1.jpg 800w, https:\/\/www.sabine-seyffert.de\/blog\/wp-content\/uploads\/2021\/03\/Fr\u00fchbl\u00fcher-Muscari-Sabine-Seyffert.de-7-1-300x225.jpg 300w, https:\/\/www.sabine-seyffert.de\/blog\/wp-content\/uploads\/2021\/03\/Fr\u00fchbl\u00fcher-Muscari-Sabine-Seyffert.de-7-1-768x576.jpg 768w\" sizes=\"auto, (max-width: 800px) 100vw, 800px\" \/><\/a><br \/>\nAus der d\u00fcnnen Pappe schneidet ihr f\u00fcr jede Blume einen Stiel und klebt ihn fest. Aus dem gr\u00fcn bemalten Zeitungspapier kommen noch ein oder mehrere lange Bl\u00e4tter dazu.<\/p>\n<p style=\"text-align: center;\"><a href=\"https:\/\/www.sabine-seyffert.de\/blog\/wp-content\/uploads\/2021\/03\/Fr\u00fchbl\u00fcher-Muscari-Sabine-Seyffert.de-2.jpg\"><img loading=\"lazy\" decoding=\"async\" class=\"alignnone size-full wp-image-19005\" src=\"https:\/\/www.sabine-seyffert.de\/blog\/wp-content\/uploads\/2021\/03\/Fr\u00fchbl\u00fcher-Muscari-Sabine-Seyffert.de-2.jpg\" alt=\"\" width=\"800\" height=\"600\" srcset=\"https:\/\/www.sabine-seyffert.de\/blog\/wp-content\/uploads\/2021\/03\/Fr\u00fchbl\u00fcher-Muscari-Sabine-Seyffert.de-2.jpg 800w, https:\/\/www.sabine-seyffert.de\/blog\/wp-content\/uploads\/2021\/03\/Fr\u00fchbl\u00fcher-Muscari-Sabine-Seyffert.de-2-300x225.jpg 300w, https:\/\/www.sabine-seyffert.de\/blog\/wp-content\/uploads\/2021\/03\/Fr\u00fchbl\u00fcher-Muscari-Sabine-Seyffert.de-2-768x576.jpg 768w\" sizes=\"auto, (max-width: 800px) 100vw, 800px\" \/><\/a><\/p>\n<p style=\"text-align: justify;\">Damit es etwas lebendiger aussieht, habe ich mal mehr und auch mal weniger der gr\u00fcnen Bl\u00e4tter um die Blumen verteilt.<\/p>\n<p style=\"text-align: center;\"><a href=\"https:\/\/www.sabine-seyffert.de\/blog\/wp-content\/uploads\/2021\/03\/Fr\u00fchbl\u00fcher-Muscari-Sabine-Seyffert.de-1.jpg\"><img loading=\"lazy\" decoding=\"async\" class=\"alignnone size-full wp-image-19004\" src=\"https:\/\/www.sabine-seyffert.de\/blog\/wp-content\/uploads\/2021\/03\/Fr\u00fchbl\u00fcher-Muscari-Sabine-Seyffert.de-1.jpg\" alt=\"\" width=\"800\" height=\"600\" srcset=\"https:\/\/www.sabine-seyffert.de\/blog\/wp-content\/uploads\/2021\/03\/Fr\u00fchbl\u00fcher-Muscari-Sabine-Seyffert.de-1.jpg 800w, https:\/\/www.sabine-seyffert.de\/blog\/wp-content\/uploads\/2021\/03\/Fr\u00fchbl\u00fcher-Muscari-Sabine-Seyffert.de-1-300x225.jpg 300w, https:\/\/www.sabine-seyffert.de\/blog\/wp-content\/uploads\/2021\/03\/Fr\u00fchbl\u00fcher-Muscari-Sabine-Seyffert.de-1-768x576.jpg 768w\" sizes=\"auto, (max-width: 800px) 100vw, 800px\" \/><\/a><\/p>\n<p style=\"text-align: justify;\"><strong>Ein kleiner Tipp:<\/strong><br \/>\nMit Buchstabenstempeln k\u00f6nnt ihr noch den Namen oder einen kleinen Gru\u00df auf die T\u00fcte oder ein St\u00fcck Pappe stempeln, als Wimpel zuschneiden, mittig lochen und mit etwas Kordel (Wolle oder d\u00fcnnem Geschenkband) an den Henkeln befestigen. So bekommt die Geschenkpackung noch eine pers\u00f6nliche Note.<\/p>\n<p style=\"text-align: center;\"><a href=\"https:\/\/www.sabine-seyffert.de\/blog\/wp-content\/uploads\/2021\/03\/Fr\u00fchbl\u00fcher-Muscari-Sabine-Seyffert.de-6.jpg\"><img loading=\"lazy\" decoding=\"async\" class=\"alignnone size-full wp-image-19003\" src=\"https:\/\/www.sabine-seyffert.de\/blog\/wp-content\/uploads\/2021\/03\/Fr\u00fchbl\u00fcher-Muscari-Sabine-Seyffert.de-6.jpg\" alt=\"\" width=\"600\" height=\"800\" srcset=\"https:\/\/www.sabine-seyffert.de\/blog\/wp-content\/uploads\/2021\/03\/Fr\u00fchbl\u00fcher-Muscari-Sabine-Seyffert.de-6.jpg 600w, https:\/\/www.sabine-seyffert.de\/blog\/wp-content\/uploads\/2021\/03\/Fr\u00fchbl\u00fcher-Muscari-Sabine-Seyffert.de-6-225x300.jpg 225w\" sizes=\"auto, (max-width: 600px) 100vw, 600px\" \/><\/a><\/p>\n<p style=\"text-align: justify;\">Weitere ausgefallene Verpackungsideen zu unterschiedlichen Anl\u00e4ssen findet ihr \u00fcbrigens in <a href=\"https:\/\/www.sabine-seyffert.de\/blog\/?cat=49\" target=\"_blank\" rel=\"noopener noreferrer\">dieser Blog Kategorie<\/a>, alles zum Thema Upcycling mit detaillierter Bastelanleitung gibt es in <a href=\"https:\/\/www.sabine-seyffert.de\/blog\/?cat=47\" target=\"_blank\" rel=\"noopener noreferrer\">dieser Rubrik<\/a>, alles rund um die Fr\u00fchlingszeit sind in <a href=\"https:\/\/www.sabine-seyffert.de\/blog\/?cat=23\" target=\"_blank\" rel=\"noopener noreferrer\">diesem Blog Ordner<\/a> oder auch an <a href=\"https:\/\/www.pinterest.de\/diysabineseyffert\/\" target=\"_blank\" rel=\"noopener noreferrer\">meinen Pinnw\u00e4nden<\/a>.<\/p>\n<p style=\"text-align: center;\"><a href=\"https:\/\/www.sabine-seyffert.de\/blog\/wp-content\/uploads\/2021\/03\/Fr\u00fchbl\u00fcher-Muscari-Sabine-Seyffert.de-5.jpg\"><img loading=\"lazy\" decoding=\"async\" class=\"alignnone size-full wp-image-19002\" src=\"https:\/\/www.sabine-seyffert.de\/blog\/wp-content\/uploads\/2021\/03\/Fr\u00fchbl\u00fcher-Muscari-Sabine-Seyffert.de-5.jpg\" alt=\"\" width=\"600\" height=\"800\" srcset=\"https:\/\/www.sabine-seyffert.de\/blog\/wp-content\/uploads\/2021\/03\/Fr\u00fchbl\u00fcher-Muscari-Sabine-Seyffert.de-5.jpg 600w, https:\/\/www.sabine-seyffert.de\/blog\/wp-content\/uploads\/2021\/03\/Fr\u00fchbl\u00fcher-Muscari-Sabine-Seyffert.de-5-225x300.jpg 225w\" sizes=\"auto, (max-width: 600px) 100vw, 600px\" \/><\/a><\/p>\n<p style=\"text-align: justify;\"><a href=\"https:\/\/www.sabine-seyffert.de\/blog\/?page_id=32#urheberrecht\">urheberrechtlich gesch\u00fctzt<\/a>, \u00a9 Sabine Seyffert<\/p>\n","protected":false},"excerpt":{"rendered":"<p>Im M\u00e4rz jagt bei uns wirklich ein Geburtstag den n\u00e4chsten. Da es aufgrund des Lockdowns derzeit mit Feiern ja schwierig ist, gibt es dieses Jahr mal Geburtstag to go. Als Geschenkverpackung habe ich eine Papiert\u00fcte mit Fr\u00fchbl\u00fchern gestaltet. Passend zum Thema der DIY Challenge der Woche. Besonders gerne mag ich hierbei die Traubenhyazinthe, weil mir&#8230; <a href=\"https:\/\/www.sabine-seyffert.de\/blog\/basteln-fuer-den-fruehling-geschenktuete-mit-bluehenden-muscari\/\" class=\"more-link\">Read more: Basteln f\u00fcr den Fr\u00fchling: Geschenkt\u00fcte mit bl\u00fchenden Muscari<\/a><\/p>\n","protected":false},"author":2,"featured_media":19007,"comment_status":"open","ping_status":"open","sticky":false,"template":"","format":"standard","meta":{"_metis_text_type":"","_metis_text_length":2165,"_post_count":0,"footnotes":""},"categories":[23,49,47],"tags":[],"class_list":["post-19000","post","type-post","status-publish","format-standard","has-post-thumbnail","hentry","category-fruhling","category-verpackungsideen","category-upcyceltes"],"_links":{"self":[{"href":"https:\/\/www.sabine-seyffert.de\/blog\/wp-json\/wp\/v2\/posts\/19000","targetHints":{"allow":["GET"]}}],"collection":[{"href":"https:\/\/www.sabine-seyffert.de\/blog\/wp-json\/wp\/v2\/posts"}],"about":[{"href":"https:\/\/www.sabine-seyffert.de\/blog\/wp-json\/wp\/v2\/types\/post"}],"author":[{"embeddable":true,"href":"https:\/\/www.sabine-seyffert.de\/blog\/wp-json\/wp\/v2\/users\/2"}],"replies":[{"embeddable":true,"href":"https:\/\/www.sabine-seyffert.de\/blog\/wp-json\/wp\/v2\/comments?post=19000"}],"version-history":[{"count":4,"href":"https:\/\/www.sabine-seyffert.de\/blog\/wp-json\/wp\/v2\/posts\/19000\/revisions"}],"predecessor-version":[{"id":19014,"href":"https:\/\/www.sabine-seyffert.de\/blog\/wp-json\/wp\/v2\/posts\/19000\/revisions\/19014"}],"wp:featuredmedia":[{"embeddable":true,"href":"https:\/\/www.sabine-seyffert.de\/blog\/wp-json\/wp\/v2\/media\/19007"}],"wp:attachment":[{"href":"https:\/\/www.sabine-seyffert.de\/blog\/wp-json\/wp\/v2\/media?parent=19000"}],"wp:term":[{"taxonomy":"category","embeddable":true,"href":"https:\/\/www.sabine-seyffert.de\/blog\/wp-json\/wp\/v2\/categories?post=19000"},{"taxonomy":"post_tag","embeddable":true,"href":"https:\/\/www.sabine-seyffert.de\/blog\/wp-json\/wp\/v2\/tags?post=19000"}],"curies":[{"name":"wp","href":"https:\/\/api.w.org\/{rel}","templated":true}]}}