{"id":18984,"date":"2021-03-13T09:43:24","date_gmt":"2021-03-13T07:43:24","guid":{"rendered":"https:\/\/www.sabine-seyffert.de\/blog\/?p=18984"},"modified":"2021-03-13T09:43:24","modified_gmt":"2021-03-13T07:43:24","slug":"bastelidee-fuer-den-fruehling-diy-geschenkidee-kleiner-gaensebluemchen-gruss","status":"publish","type":"post","link":"https:\/\/www.sabine-seyffert.de\/blog\/bastelidee-fuer-den-fruehling-diy-geschenkidee-kleiner-gaensebluemchen-gruss\/","title":{"rendered":"Bastelidee f\u00fcr den Fr\u00fchling: DIY Geschenkidee \u2013 Kleiner G\u00e4nsebl\u00fcmchen Gru\u00df"},"content":{"rendered":"<p style=\"text-align: justify;\"><img loading=\"lazy\" decoding=\"async\" src=\"https:\/\/vg07.met.vgwort.de\/na\/4be44b31249e4fb2be8432190abf5b69\" alt=\"\" width=\"1\" height=\"1\" \/>Der Fr\u00fchling l\u00e4sst auf sich warten. Dabei t\u00e4te etwas blauer Himmel und warmer Sonnenschein <a href=\"https:\/\/www.sabine-seyffert.de\/blog\/?p=18128\" target=\"_blank\" rel=\"noopener noreferrer\">im Lockdown<\/a> wirklich gut. Aber was soll\u00b4s, wir k\u00f6nnen es nicht \u00e4ndern. Aber wir k\u00f6nnen das Beste draus machen. Wie w\u00e4re es mit einem selbst gemachten Fr\u00fchlingsgru\u00df bzw. Geschenk, das sich schnell basteln und ganz leicht an liebe Verwandte, beste Freunde oder Nachbarn verteilen l\u00e4sst?<br \/>\nViel Bastelmaterial braucht hier daf\u00fcr zum Gl\u00fcck auch nicht. Macht ihr mit? Dann los!<\/p>\n<p style=\"text-align: center;\"><a href=\"https:\/\/www.sabine-seyffert.de\/blog\/wp-content\/uploads\/2021\/03\/G\u00e4nsebl\u00fcmchen-Schachtel-Sabine-Seyffert.de-1.jpg\"><img loading=\"lazy\" decoding=\"async\" class=\"alignnone size-full wp-image-18985\" src=\"https:\/\/www.sabine-seyffert.de\/blog\/wp-content\/uploads\/2021\/03\/G\u00e4nsebl\u00fcmchen-Schachtel-Sabine-Seyffert.de-1.jpg\" alt=\"\" width=\"800\" height=\"600\" srcset=\"https:\/\/www.sabine-seyffert.de\/blog\/wp-content\/uploads\/2021\/03\/G\u00e4nsebl\u00fcmchen-Schachtel-Sabine-Seyffert.de-1.jpg 800w, https:\/\/www.sabine-seyffert.de\/blog\/wp-content\/uploads\/2021\/03\/G\u00e4nsebl\u00fcmchen-Schachtel-Sabine-Seyffert.de-1-300x225.jpg 300w, https:\/\/www.sabine-seyffert.de\/blog\/wp-content\/uploads\/2021\/03\/G\u00e4nsebl\u00fcmchen-Schachtel-Sabine-Seyffert.de-1-768x576.jpg 768w\" sizes=\"auto, (max-width: 800px) 100vw, 800px\" \/><\/a><\/p>\n<p style=\"text-align: justify;\"><strong>Das wird gebraucht:<\/strong><br \/>\nPro Gru\u00df eine leere Streichholzschachtel, eine ausgelesene Tageszeitung (oder alte Buchseiten), Geschenkpapierreste, Bastelfarbe oder einen Wasserfarbkasten, Pinsel, etwas Papierdraht (Basteldraht oder notfalls d\u00fcnne Pappe), gelbes Seidenpapier (oder Wasserfarbe), Bastelkleber \/ Klebestift, Mini Motivlocher Blume (geht auch ohne!), eine Bastelunterlage, ggf. <a href=\"https:\/\/www.sabine-seyffert.de\/blog\/?p=12310\" target=\"_blank\" rel=\"noopener noreferrer\">Malkittel<\/a> sowie optional kleine Buchstabenstempel samt Stempelkissen<\/p>\n<p style=\"text-align: center;\"><a href=\"https:\/\/www.sabine-seyffert.de\/blog\/wp-content\/uploads\/2021\/03\/G\u00e4nsebl\u00fcmchen-Schachtel-Sabine-Seyffert.de_.jpg\"><img loading=\"lazy\" decoding=\"async\" class=\"alignnone size-full wp-image-18991\" src=\"https:\/\/www.sabine-seyffert.de\/blog\/wp-content\/uploads\/2021\/03\/G\u00e4nsebl\u00fcmchen-Schachtel-Sabine-Seyffert.de_.jpg\" alt=\"\" width=\"800\" height=\"600\" srcset=\"https:\/\/www.sabine-seyffert.de\/blog\/wp-content\/uploads\/2021\/03\/G\u00e4nsebl\u00fcmchen-Schachtel-Sabine-Seyffert.de_.jpg 800w, https:\/\/www.sabine-seyffert.de\/blog\/wp-content\/uploads\/2021\/03\/G\u00e4nsebl\u00fcmchen-Schachtel-Sabine-Seyffert.de_-300x225.jpg 300w, https:\/\/www.sabine-seyffert.de\/blog\/wp-content\/uploads\/2021\/03\/G\u00e4nsebl\u00fcmchen-Schachtel-Sabine-Seyffert.de_-768x576.jpg 768w\" sizes=\"auto, (max-width: 800px) 100vw, 800px\" \/><\/a><\/p>\n<p style=\"text-align: justify;\"><strong>So wird\u2019s gemacht:<\/strong><br \/>\nSchnappt euch die leere Streichholzschachtel und bemalt diese Innen in der Farbe eurer Wahl.<\/p>\n<p style=\"text-align: center;\"><a href=\"https:\/\/www.sabine-seyffert.de\/blog\/wp-content\/uploads\/2021\/03\/G\u00e4nsebl\u00fcmchen-Schachtel-Sabine-Seyffert.de-9.jpg\"><img loading=\"lazy\" decoding=\"async\" class=\"alignnone size-full wp-image-18992\" src=\"https:\/\/www.sabine-seyffert.de\/blog\/wp-content\/uploads\/2021\/03\/G\u00e4nsebl\u00fcmchen-Schachtel-Sabine-Seyffert.de-9.jpg\" alt=\"\" width=\"800\" height=\"600\" srcset=\"https:\/\/www.sabine-seyffert.de\/blog\/wp-content\/uploads\/2021\/03\/G\u00e4nsebl\u00fcmchen-Schachtel-Sabine-Seyffert.de-9.jpg 800w, https:\/\/www.sabine-seyffert.de\/blog\/wp-content\/uploads\/2021\/03\/G\u00e4nsebl\u00fcmchen-Schachtel-Sabine-Seyffert.de-9-300x225.jpg 300w, https:\/\/www.sabine-seyffert.de\/blog\/wp-content\/uploads\/2021\/03\/G\u00e4nsebl\u00fcmchen-Schachtel-Sabine-Seyffert.de-9-768x576.jpg 768w\" sizes=\"auto, (max-width: 800px) 100vw, 800px\" \/><\/a><\/p>\n<p style=\"text-align: justify;\">Von Au\u00dfen beklebt ihr die Schachtel mit einem Streifen Geschenkpapier (wir verwahren die Reste zum Basteln in der Regel auf) und stellt euch aus Zeitungspapier und Wasserfarbe <a href=\"https:\/\/www.sabine-seyffert.de\/blog\/?p=13917\" target=\"_blank\" rel=\"noopener noreferrer\">kostenloses Bastelpapier<\/a> her.<\/p>\n<p style=\"text-align: center;\"><a href=\"https:\/\/www.sabine-seyffert.de\/blog\/wp-content\/uploads\/2021\/03\/G\u00e4nsebl\u00fcmchen-Schachtel-Sabine-Seyffert.de-8.jpg\"><img loading=\"lazy\" decoding=\"async\" class=\"alignnone size-full wp-image-18993\" src=\"https:\/\/www.sabine-seyffert.de\/blog\/wp-content\/uploads\/2021\/03\/G\u00e4nsebl\u00fcmchen-Schachtel-Sabine-Seyffert.de-8.jpg\" alt=\"\" width=\"800\" height=\"600\" srcset=\"https:\/\/www.sabine-seyffert.de\/blog\/wp-content\/uploads\/2021\/03\/G\u00e4nsebl\u00fcmchen-Schachtel-Sabine-Seyffert.de-8.jpg 800w, https:\/\/www.sabine-seyffert.de\/blog\/wp-content\/uploads\/2021\/03\/G\u00e4nsebl\u00fcmchen-Schachtel-Sabine-Seyffert.de-8-300x225.jpg 300w, https:\/\/www.sabine-seyffert.de\/blog\/wp-content\/uploads\/2021\/03\/G\u00e4nsebl\u00fcmchen-Schachtel-Sabine-Seyffert.de-8-768x576.jpg 768w\" sizes=\"auto, (max-width: 800px) 100vw, 800px\" \/><\/a><\/p>\n<p style=\"text-align: justify;\">Falls ihr keine Geschenkpapierreste haben solltet, nehmt zum Bekleben einfach das selbst gemachte Bastelpapier!<\/p>\n<p style=\"text-align: center;\"><a href=\"https:\/\/www.sabine-seyffert.de\/blog\/wp-content\/uploads\/2021\/03\/G\u00e4nsebl\u00fcmchen-Schachtel-Sabine-Seyffert.de-7.jpg\"><img loading=\"lazy\" decoding=\"async\" class=\"alignnone size-full wp-image-18994\" src=\"https:\/\/www.sabine-seyffert.de\/blog\/wp-content\/uploads\/2021\/03\/G\u00e4nsebl\u00fcmchen-Schachtel-Sabine-Seyffert.de-7.jpg\" alt=\"\" width=\"800\" height=\"600\" srcset=\"https:\/\/www.sabine-seyffert.de\/blog\/wp-content\/uploads\/2021\/03\/G\u00e4nsebl\u00fcmchen-Schachtel-Sabine-Seyffert.de-7.jpg 800w, https:\/\/www.sabine-seyffert.de\/blog\/wp-content\/uploads\/2021\/03\/G\u00e4nsebl\u00fcmchen-Schachtel-Sabine-Seyffert.de-7-300x225.jpg 300w, https:\/\/www.sabine-seyffert.de\/blog\/wp-content\/uploads\/2021\/03\/G\u00e4nsebl\u00fcmchen-Schachtel-Sabine-Seyffert.de-7-768x576.jpg 768w\" sizes=\"auto, (max-width: 800px) 100vw, 800px\" \/><\/a><\/p>\n<p style=\"text-align: justify;\">Aus wei\u00df bemaltem Papier stanzt euch mit dem Motivlocher kleine Bl\u00fcten f\u00fcr die Blumen. Falls ihr keinen Motivstanzer in dieser Gr\u00f6\u00dfe habt, schneidet euch einfach ein paar Fr\u00fchlingsblumen per Hand aus.<\/p>\n<p style=\"text-align: center;\"><a href=\"https:\/\/www.sabine-seyffert.de\/blog\/wp-content\/uploads\/2021\/03\/G\u00e4nsebl\u00fcmchen-Schachtel-Sabine-Seyffert.de-6.jpg\"><img loading=\"lazy\" decoding=\"async\" class=\"alignnone size-full wp-image-18995\" src=\"https:\/\/www.sabine-seyffert.de\/blog\/wp-content\/uploads\/2021\/03\/G\u00e4nsebl\u00fcmchen-Schachtel-Sabine-Seyffert.de-6.jpg\" alt=\"\" width=\"800\" height=\"600\" srcset=\"https:\/\/www.sabine-seyffert.de\/blog\/wp-content\/uploads\/2021\/03\/G\u00e4nsebl\u00fcmchen-Schachtel-Sabine-Seyffert.de-6.jpg 800w, https:\/\/www.sabine-seyffert.de\/blog\/wp-content\/uploads\/2021\/03\/G\u00e4nsebl\u00fcmchen-Schachtel-Sabine-Seyffert.de-6-300x225.jpg 300w, https:\/\/www.sabine-seyffert.de\/blog\/wp-content\/uploads\/2021\/03\/G\u00e4nsebl\u00fcmchen-Schachtel-Sabine-Seyffert.de-6-768x576.jpg 768w\" sizes=\"auto, (max-width: 800px) 100vw, 800px\" \/><\/a><\/p>\n<p style=\"text-align: justify;\">Aus dem Papierdraht ben\u00f6tigt ihr kleine Stiele f\u00fcr die Fr\u00fchbl\u00fcher und klebt diese Innen in die bemalte Schachtel hinein.<\/p>\n<p style=\"text-align: center;\"><a href=\"https:\/\/www.sabine-seyffert.de\/blog\/wp-content\/uploads\/2021\/03\/G\u00e4nsebl\u00fcmchen-Schachtel-Sabine-Seyffert.de-5.jpg\"><img loading=\"lazy\" decoding=\"async\" class=\"alignnone size-full wp-image-18996\" src=\"https:\/\/www.sabine-seyffert.de\/blog\/wp-content\/uploads\/2021\/03\/G\u00e4nsebl\u00fcmchen-Schachtel-Sabine-Seyffert.de-5.jpg\" alt=\"\" width=\"800\" height=\"600\" srcset=\"https:\/\/www.sabine-seyffert.de\/blog\/wp-content\/uploads\/2021\/03\/G\u00e4nsebl\u00fcmchen-Schachtel-Sabine-Seyffert.de-5.jpg 800w, https:\/\/www.sabine-seyffert.de\/blog\/wp-content\/uploads\/2021\/03\/G\u00e4nsebl\u00fcmchen-Schachtel-Sabine-Seyffert.de-5-300x225.jpg 300w, https:\/\/www.sabine-seyffert.de\/blog\/wp-content\/uploads\/2021\/03\/G\u00e4nsebl\u00fcmchen-Schachtel-Sabine-Seyffert.de-5-768x576.jpg 768w\" sizes=\"auto, (max-width: 800px) 100vw, 800px\" \/><\/a><\/p>\n<p style=\"text-align: justify;\">Dar\u00fcber bringt ihr die kleinen Bl\u00fcten an. Aus Seidenpapier rollt man kleine Kugeln und klebt diese in die Bl\u00fctenmitte.<\/p>\n<p><a href=\"https:\/\/www.sabine-seyffert.de\/blog\/wp-content\/uploads\/2021\/03\/G\u00e4nsebl\u00fcmchen-Schachtel-Sabine-Seyffert.de-2.jpg\"><img loading=\"lazy\" decoding=\"async\" class=\"alignnone size-full wp-image-18990\" src=\"https:\/\/www.sabine-seyffert.de\/blog\/wp-content\/uploads\/2021\/03\/G\u00e4nsebl\u00fcmchen-Schachtel-Sabine-Seyffert.de-2.jpg\" alt=\"\" width=\"800\" height=\"600\" srcset=\"https:\/\/www.sabine-seyffert.de\/blog\/wp-content\/uploads\/2021\/03\/G\u00e4nsebl\u00fcmchen-Schachtel-Sabine-Seyffert.de-2.jpg 800w, https:\/\/www.sabine-seyffert.de\/blog\/wp-content\/uploads\/2021\/03\/G\u00e4nsebl\u00fcmchen-Schachtel-Sabine-Seyffert.de-2-300x225.jpg 300w, https:\/\/www.sabine-seyffert.de\/blog\/wp-content\/uploads\/2021\/03\/G\u00e4nsebl\u00fcmchen-Schachtel-Sabine-Seyffert.de-2-768x576.jpg 768w\" sizes=\"auto, (max-width: 800px) 100vw, 800px\" \/><\/a><\/p>\n<p style=\"text-align: justify;\">Wer dieses Papier nicht hat, kann einfach mit einem gelben Stift oder Wasserfarbe gelbe Punkte hinein tupfen. Aus gr\u00fcnem Papier kommen noch ein paar Bl\u00e4tter hinzu und fertig ist der Fr\u00fchlingsgarten to go.<\/p>\n<p><a href=\"https:\/\/www.sabine-seyffert.de\/blog\/wp-content\/uploads\/2021\/03\/G\u00e4nsebl\u00fcmchen-Schachtel-Sabine-Seyffert.de-4.jpg\"><img loading=\"lazy\" decoding=\"async\" class=\"alignnone size-full wp-image-18989\" src=\"https:\/\/www.sabine-seyffert.de\/blog\/wp-content\/uploads\/2021\/03\/G\u00e4nsebl\u00fcmchen-Schachtel-Sabine-Seyffert.de-4.jpg\" alt=\"\" width=\"800\" height=\"600\" srcset=\"https:\/\/www.sabine-seyffert.de\/blog\/wp-content\/uploads\/2021\/03\/G\u00e4nsebl\u00fcmchen-Schachtel-Sabine-Seyffert.de-4.jpg 800w, https:\/\/www.sabine-seyffert.de\/blog\/wp-content\/uploads\/2021\/03\/G\u00e4nsebl\u00fcmchen-Schachtel-Sabine-Seyffert.de-4-300x225.jpg 300w, https:\/\/www.sabine-seyffert.de\/blog\/wp-content\/uploads\/2021\/03\/G\u00e4nsebl\u00fcmchen-Schachtel-Sabine-Seyffert.de-4-768x576.jpg 768w\" sizes=\"auto, (max-width: 800px) 100vw, 800px\" \/><\/a><\/p>\n<p style=\"text-align: justify;\"><strong>Ein kleiner Tipp:<\/strong><br \/>\nWer mag, kann die Schachtel au\u00dfen noch mit Namen oder einem kurzen Gru\u00df bestempeln und diese nach eigenen Vorstellungen verzieren. Dann wird das Geschenk noch pers\u00f6nlicher.<\/p>\n<p style=\"text-align: center;\"><a href=\"https:\/\/www.sabine-seyffert.de\/blog\/wp-content\/uploads\/2021\/03\/G\u00e4nsebl\u00fcmchen-Schachtel-Sabine-Seyffert.de-3.jpg\"><img loading=\"lazy\" decoding=\"async\" class=\"alignnone size-full wp-image-18988\" src=\"https:\/\/www.sabine-seyffert.de\/blog\/wp-content\/uploads\/2021\/03\/G\u00e4nsebl\u00fcmchen-Schachtel-Sabine-Seyffert.de-3.jpg\" alt=\"\" width=\"800\" height=\"600\" srcset=\"https:\/\/www.sabine-seyffert.de\/blog\/wp-content\/uploads\/2021\/03\/G\u00e4nsebl\u00fcmchen-Schachtel-Sabine-Seyffert.de-3.jpg 800w, https:\/\/www.sabine-seyffert.de\/blog\/wp-content\/uploads\/2021\/03\/G\u00e4nsebl\u00fcmchen-Schachtel-Sabine-Seyffert.de-3-300x225.jpg 300w, https:\/\/www.sabine-seyffert.de\/blog\/wp-content\/uploads\/2021\/03\/G\u00e4nsebl\u00fcmchen-Schachtel-Sabine-Seyffert.de-3-768x576.jpg 768w\" sizes=\"auto, (max-width: 800px) 100vw, 800px\" \/><\/a><\/p>\n<p style=\"text-align: justify;\">Mehr G\u00e4nsebl\u00fcmchen Ideen gibt es auch hier auf dem Blog: Eine <a href=\"https:\/\/www.sabine-seyffert.de\/blog\/?p=12242\" target=\"_blank\" rel=\"noopener noreferrer\">selbst gemachte Postkarte<\/a>, ein toller <a href=\"https:\/\/www.sabine-seyffert.de\/blog\/?p=12242\" target=\"_blank\" rel=\"noopener noreferrer\">Deko Kranz mit G\u00e4nsebl\u00fcmchen<\/a> f\u00fcr T\u00fcr oder Fenster sowie eine <a href=\"https:\/\/www.sabine-seyffert.de\/blog\/?p=9973\" target=\"_blank\" rel=\"noopener noreferrer\">stimmungsvolle Geschenkverpackung<\/a> mit G\u00e4nsebl\u00fcmchenwiese\u2026<\/p>\n<p style=\"text-align: center;\"><a href=\"https:\/\/www.sabine-seyffert.de\/blog\/wp-content\/uploads\/2021\/03\/G\u00e4nsebl\u00fcmchen-Schachtel-Sabine-Seyffert.de-10.jpg\"><img loading=\"lazy\" decoding=\"async\" class=\"alignnone size-full wp-image-18987\" src=\"https:\/\/www.sabine-seyffert.de\/blog\/wp-content\/uploads\/2021\/03\/G\u00e4nsebl\u00fcmchen-Schachtel-Sabine-Seyffert.de-10.jpg\" alt=\"\" width=\"600\" height=\"800\" srcset=\"https:\/\/www.sabine-seyffert.de\/blog\/wp-content\/uploads\/2021\/03\/G\u00e4nsebl\u00fcmchen-Schachtel-Sabine-Seyffert.de-10.jpg 600w, https:\/\/www.sabine-seyffert.de\/blog\/wp-content\/uploads\/2021\/03\/G\u00e4nsebl\u00fcmchen-Schachtel-Sabine-Seyffert.de-10-225x300.jpg 225w\" sizes=\"auto, (max-width: 600px) 100vw, 600px\" \/><\/a><\/p>\n<p style=\"text-align: justify;\">Weitere tolle Besch\u00e4ftigungsideen zum Kreativsein f\u00fcr Kinder findet ihr \u00fcbrigens in <a href=\"https:\/\/www.sabine-seyffert.de\/blog\/?cat=32\" target=\"_blank\" rel=\"noopener noreferrer\">dieser Blog Kategorie<\/a>, klitzekleine Geschenkideen zum Selbermachen in <a href=\"https:\/\/www.sabine-seyffert.de\/blog\/?cat=36\" target=\"_blank\" rel=\"noopener noreferrer\">dieser Kategorie<\/a>, alles zum Thema Upcycling mit detaillierter Bastelanleitung gibt es in <a href=\"https:\/\/www.sabine-seyffert.de\/blog\/?cat=47\" target=\"_blank\" rel=\"noopener noreferrer\">dieser Rubrik<\/a>, alles rund um die Fr\u00fchlingszeit sind in <a href=\"https:\/\/www.sabine-seyffert.de\/blog\/?cat=23\" target=\"_blank\" rel=\"noopener noreferrer\">diesem Blog Ordner<\/a> oder <a href=\"https:\/\/www.pinterest.de\/diysabineseyffert\/\" target=\"_blank\" rel=\"noopener noreferrer\">meinen Pinnw\u00e4nden<\/a> und andere kreative Sachen da.<\/p>\n<p style=\"text-align: center;\"><a href=\"https:\/\/www.sabine-seyffert.de\/blog\/wp-content\/uploads\/2021\/03\/G\u00e4nsebl\u00fcmchen-Schachtel-Sabine-Seyffert.de-12.jpg\"><img loading=\"lazy\" decoding=\"async\" class=\"alignnone size-full wp-image-18986\" src=\"https:\/\/www.sabine-seyffert.de\/blog\/wp-content\/uploads\/2021\/03\/G\u00e4nsebl\u00fcmchen-Schachtel-Sabine-Seyffert.de-12.jpg\" alt=\"\" width=\"600\" height=\"800\" srcset=\"https:\/\/www.sabine-seyffert.de\/blog\/wp-content\/uploads\/2021\/03\/G\u00e4nsebl\u00fcmchen-Schachtel-Sabine-Seyffert.de-12.jpg 600w, https:\/\/www.sabine-seyffert.de\/blog\/wp-content\/uploads\/2021\/03\/G\u00e4nsebl\u00fcmchen-Schachtel-Sabine-Seyffert.de-12-225x300.jpg 225w\" sizes=\"auto, (max-width: 600px) 100vw, 600px\" \/><\/a><\/p>\n<p style=\"text-align: justify;\"><a href=\"https:\/\/www.sabine-seyffert.de\/blog\/?page_id=32#urheberrecht\">urheberrechtlich gesch\u00fctzt<\/a>, \u00a9 Sabine Seyffert<\/p>\n","protected":false},"excerpt":{"rendered":"<p>Der Fr\u00fchling l\u00e4sst auf sich warten. Dabei t\u00e4te etwas blauer Himmel und warmer Sonnenschein im Lockdown wirklich gut. Aber was soll\u00b4s, wir k\u00f6nnen es nicht \u00e4ndern. Aber wir k\u00f6nnen das Beste draus machen. Wie w\u00e4re es mit einem selbst gemachten Fr\u00fchlingsgru\u00df bzw. Geschenk, das sich schnell basteln und ganz leicht an liebe Verwandte, beste Freunde&#8230; <a href=\"https:\/\/www.sabine-seyffert.de\/blog\/bastelidee-fuer-den-fruehling-diy-geschenkidee-kleiner-gaensebluemchen-gruss\/\" class=\"more-link\">Read more: Bastelidee f\u00fcr den Fr\u00fchling: DIY Geschenkidee \u2013 Kleiner G\u00e4nsebl\u00fcmchen Gru\u00df<\/a><\/p>\n","protected":false},"author":2,"featured_media":0,"comment_status":"open","ping_status":"open","sticky":false,"template":"","format":"standard","meta":{"_metis_text_type":"","_metis_text_length":2814,"_post_count":0,"footnotes":""},"categories":[32,23,36,47],"tags":[],"class_list":["post-18984","post","type-post","status-publish","format-standard","hentry","category-kreatives-fur-kleine-kinderhande","category-fruhling","category-klitzekleine-geschenkideen","category-upcyceltes"],"_links":{"self":[{"href":"https:\/\/www.sabine-seyffert.de\/blog\/wp-json\/wp\/v2\/posts\/18984","targetHints":{"allow":["GET"]}}],"collection":[{"href":"https:\/\/www.sabine-seyffert.de\/blog\/wp-json\/wp\/v2\/posts"}],"about":[{"href":"https:\/\/www.sabine-seyffert.de\/blog\/wp-json\/wp\/v2\/types\/post"}],"author":[{"embeddable":true,"href":"https:\/\/www.sabine-seyffert.de\/blog\/wp-json\/wp\/v2\/users\/2"}],"replies":[{"embeddable":true,"href":"https:\/\/www.sabine-seyffert.de\/blog\/wp-json\/wp\/v2\/comments?post=18984"}],"version-history":[{"count":2,"href":"https:\/\/www.sabine-seyffert.de\/blog\/wp-json\/wp\/v2\/posts\/18984\/revisions"}],"predecessor-version":[{"id":18998,"href":"https:\/\/www.sabine-seyffert.de\/blog\/wp-json\/wp\/v2\/posts\/18984\/revisions\/18998"}],"wp:attachment":[{"href":"https:\/\/www.sabine-seyffert.de\/blog\/wp-json\/wp\/v2\/media?parent=18984"}],"wp:term":[{"taxonomy":"category","embeddable":true,"href":"https:\/\/www.sabine-seyffert.de\/blog\/wp-json\/wp\/v2\/categories?post=18984"},{"taxonomy":"post_tag","embeddable":true,"href":"https:\/\/www.sabine-seyffert.de\/blog\/wp-json\/wp\/v2\/tags?post=18984"}],"curies":[{"name":"wp","href":"https:\/\/api.w.org\/{rel}","templated":true}]}}