{"id":18950,"date":"2021-03-10T21:27:05","date_gmt":"2021-03-10T19:27:05","guid":{"rendered":"https:\/\/www.sabine-seyffert.de\/blog\/?p=18950"},"modified":"2021-03-10T21:27:05","modified_gmt":"2021-03-10T19:27:05","slug":"diy-upcycling-idee-fuer-kinder-kleine-schneegloeckchen-als-collage","status":"publish","type":"post","link":"https:\/\/www.sabine-seyffert.de\/blog\/diy-upcycling-idee-fuer-kinder-kleine-schneegloeckchen-als-collage\/","title":{"rendered":"DIY Upcycling Idee f\u00fcr Kinder: Kleine Schneegl\u00f6ckchen als Collage"},"content":{"rendered":"<p style=\"text-align: justify;\"><img loading=\"lazy\" decoding=\"async\" src=\"https:\/\/vg07.met.vgwort.de\/na\/15add694ca7447059e79a0afa09cf95c\" alt=\"\" width=\"1\" height=\"1\" \/>Nach den <a href=\"https:\/\/www.sabine-seyffert.de\/blog\/?p=18924\" target=\"_blank\" rel=\"noopener noreferrer\">selbst gemachten Krokussen<\/a> und <a href=\"https:\/\/www.sabine-seyffert.de\/blog\/?p=18938\" target=\"_blank\" rel=\"noopener noreferrer\">der Forsythie<\/a> gibt es heute passend zum Thema Fr\u00fchbl\u00fcher der <a href=\"https:\/\/www.instagram.com\/diy_sabine_seyffert\/\" target=\"_blank\" rel=\"noopener noreferrer\">DIY Challenge der Woche<\/a> ein paar Schneegl\u00f6ckchen. Die sind neben den Krokussen die zweite Sorte an Blumen, die sich nach dem Winter in unserem Garten zeigen. Schneegl\u00f6ckchen mag ich ganz besonders gerne. Vielleicht erinnert ihr euch noch an die selbst gemachten <a href=\"https:\/\/www.sabine-seyffert.de\/blog\/?p=11839\" target=\"_blank\" rel=\"noopener noreferrer\">Schneegl\u00f6ckchen aus Eierkarton<\/a> als Fr\u00fchlingsdeko in der Vase? Dieses Mal haben wir die Blumen aus Pappe und bemaltem Zeitungspapier gebastelt.<\/p>\n<p style=\"text-align: center;\"><a href=\"https:\/\/www.sabine-seyffert.de\/blog\/wp-content\/uploads\/2021\/03\/Fr\u00fchbl\u00fcher-Schneegl\u00f6ckchen-Sabine-Seyffert.de-3.jpg\"><img loading=\"lazy\" decoding=\"async\" class=\"alignnone size-full wp-image-18951\" src=\"https:\/\/www.sabine-seyffert.de\/blog\/wp-content\/uploads\/2021\/03\/Fr\u00fchbl\u00fcher-Schneegl\u00f6ckchen-Sabine-Seyffert.de-3.jpg\" alt=\"\" width=\"800\" height=\"600\" srcset=\"https:\/\/www.sabine-seyffert.de\/blog\/wp-content\/uploads\/2021\/03\/Fr\u00fchbl\u00fcher-Schneegl\u00f6ckchen-Sabine-Seyffert.de-3.jpg 800w, https:\/\/www.sabine-seyffert.de\/blog\/wp-content\/uploads\/2021\/03\/Fr\u00fchbl\u00fcher-Schneegl\u00f6ckchen-Sabine-Seyffert.de-3-300x225.jpg 300w, https:\/\/www.sabine-seyffert.de\/blog\/wp-content\/uploads\/2021\/03\/Fr\u00fchbl\u00fcher-Schneegl\u00f6ckchen-Sabine-Seyffert.de-3-768x576.jpg 768w\" sizes=\"auto, (max-width: 800px) 100vw, 800px\" \/><\/a><\/p>\n<p style=\"text-align: justify;\"><strong>Das wird gebraucht:<\/strong><br \/>\nPappe \/ Karton, eine Bastelschere, eine alte Tageszeitung, einen Wasserfarbkasten mit Deckwei\u00df, einen Bleistift oder Zirkel, Pinsel, Bastelkleber \/ Klebestift, eine Lochzange, Watte und etwas Kordel (Wolle oder d\u00fcnnes Geschenkband), eine Bastelunterlage sowie <a href=\"https:\/\/www.sabine-seyffert.de\/blog\/?p=12310\" target=\"_blank\" rel=\"noopener noreferrer\">Malkittel<\/a><\/p>\n<p style=\"text-align: center;\"><a href=\"https:\/\/www.sabine-seyffert.de\/blog\/wp-content\/uploads\/2021\/03\/Fr\u00fchbl\u00fcher-Schneegl\u00f6ckchen-Sabine-Seyffert.de-10.jpg\"><img loading=\"lazy\" decoding=\"async\" class=\"alignnone size-full wp-image-18955\" src=\"https:\/\/www.sabine-seyffert.de\/blog\/wp-content\/uploads\/2021\/03\/Fr\u00fchbl\u00fcher-Schneegl\u00f6ckchen-Sabine-Seyffert.de-10.jpg\" alt=\"\" width=\"800\" height=\"600\" srcset=\"https:\/\/www.sabine-seyffert.de\/blog\/wp-content\/uploads\/2021\/03\/Fr\u00fchbl\u00fcher-Schneegl\u00f6ckchen-Sabine-Seyffert.de-10.jpg 800w, https:\/\/www.sabine-seyffert.de\/blog\/wp-content\/uploads\/2021\/03\/Fr\u00fchbl\u00fcher-Schneegl\u00f6ckchen-Sabine-Seyffert.de-10-300x225.jpg 300w, https:\/\/www.sabine-seyffert.de\/blog\/wp-content\/uploads\/2021\/03\/Fr\u00fchbl\u00fcher-Schneegl\u00f6ckchen-Sabine-Seyffert.de-10-768x576.jpg 768w\" sizes=\"auto, (max-width: 800px) 100vw, 800px\" \/><\/a><\/p>\n<p style=\"text-align: justify;\"><strong>So wird\u2019s gemacht:<\/strong><br \/>\nDenkt daran den Tisch mit einer Bastelunterlage oder etwas Zeitung abzudecken und einen Malkittel \u00fcberzuziehen.<\/p>\n<p style=\"text-align: center;\"><a href=\"https:\/\/www.sabine-seyffert.de\/blog\/wp-content\/uploads\/2021\/03\/Fr\u00fchbl\u00fcher-Schneegl\u00f6ckchen-Sabine-Seyffert.de-9.jpg\"><img loading=\"lazy\" decoding=\"async\" class=\"alignnone size-full wp-image-18956\" src=\"https:\/\/www.sabine-seyffert.de\/blog\/wp-content\/uploads\/2021\/03\/Fr\u00fchbl\u00fcher-Schneegl\u00f6ckchen-Sabine-Seyffert.de-9.jpg\" alt=\"\" width=\"800\" height=\"600\" srcset=\"https:\/\/www.sabine-seyffert.de\/blog\/wp-content\/uploads\/2021\/03\/Fr\u00fchbl\u00fcher-Schneegl\u00f6ckchen-Sabine-Seyffert.de-9.jpg 800w, https:\/\/www.sabine-seyffert.de\/blog\/wp-content\/uploads\/2021\/03\/Fr\u00fchbl\u00fcher-Schneegl\u00f6ckchen-Sabine-Seyffert.de-9-300x225.jpg 300w, https:\/\/www.sabine-seyffert.de\/blog\/wp-content\/uploads\/2021\/03\/Fr\u00fchbl\u00fcher-Schneegl\u00f6ckchen-Sabine-Seyffert.de-9-768x576.jpg 768w\" sizes=\"auto, (max-width: 800px) 100vw, 800px\" \/><\/a><\/p>\n<p style=\"text-align: justify;\">Dann zeichnet euch Hilfe einer kleinen Sch\u00fcssel und dem Bleistift oder einem Zirkel einen Kreis auf ein St\u00fcck feste Pappe. Den schneidet ihr aus.<\/p>\n<p style=\"text-align: center;\"><a href=\"https:\/\/www.sabine-seyffert.de\/blog\/wp-content\/uploads\/2021\/03\/Fr\u00fchbl\u00fcher-Schneegl\u00f6ckchen-Sabine-Seyffert.de-8.jpg\"><img loading=\"lazy\" decoding=\"async\" class=\"alignnone size-full wp-image-18957\" src=\"https:\/\/www.sabine-seyffert.de\/blog\/wp-content\/uploads\/2021\/03\/Fr\u00fchbl\u00fcher-Schneegl\u00f6ckchen-Sabine-Seyffert.de-8.jpg\" alt=\"\" width=\"800\" height=\"600\" srcset=\"https:\/\/www.sabine-seyffert.de\/blog\/wp-content\/uploads\/2021\/03\/Fr\u00fchbl\u00fcher-Schneegl\u00f6ckchen-Sabine-Seyffert.de-8.jpg 800w, https:\/\/www.sabine-seyffert.de\/blog\/wp-content\/uploads\/2021\/03\/Fr\u00fchbl\u00fcher-Schneegl\u00f6ckchen-Sabine-Seyffert.de-8-300x225.jpg 300w, https:\/\/www.sabine-seyffert.de\/blog\/wp-content\/uploads\/2021\/03\/Fr\u00fchbl\u00fcher-Schneegl\u00f6ckchen-Sabine-Seyffert.de-8-768x576.jpg 768w\" sizes=\"auto, (max-width: 800px) 100vw, 800px\" \/><\/a><\/p>\n<p style=\"text-align: justify;\">Aus d\u00fcnnerer Pappe (bsp. ein leerer Nudelkarton oder eine Klorolle) schneidet ihr pro Schneegl\u00f6ckchen drei Bl\u00fctenbl\u00e4tter aus.<\/p>\n<p style=\"text-align: center;\"><a href=\"https:\/\/www.sabine-seyffert.de\/blog\/wp-content\/uploads\/2021\/03\/Fr\u00fchbl\u00fcher-Schneegl\u00f6ckchen-Sabine-Seyffert.de-7.jpg\"><img loading=\"lazy\" decoding=\"async\" class=\"alignnone size-full wp-image-18958\" src=\"https:\/\/www.sabine-seyffert.de\/blog\/wp-content\/uploads\/2021\/03\/Fr\u00fchbl\u00fcher-Schneegl\u00f6ckchen-Sabine-Seyffert.de-7.jpg\" alt=\"\" width=\"800\" height=\"600\" srcset=\"https:\/\/www.sabine-seyffert.de\/blog\/wp-content\/uploads\/2021\/03\/Fr\u00fchbl\u00fcher-Schneegl\u00f6ckchen-Sabine-Seyffert.de-7.jpg 800w, https:\/\/www.sabine-seyffert.de\/blog\/wp-content\/uploads\/2021\/03\/Fr\u00fchbl\u00fcher-Schneegl\u00f6ckchen-Sabine-Seyffert.de-7-300x225.jpg 300w, https:\/\/www.sabine-seyffert.de\/blog\/wp-content\/uploads\/2021\/03\/Fr\u00fchbl\u00fcher-Schneegl\u00f6ckchen-Sabine-Seyffert.de-7-768x576.jpg 768w\" sizes=\"auto, (max-width: 800px) 100vw, 800px\" \/><\/a><\/p>\n<p style=\"text-align: justify;\">Habt ihr gen\u00fcgend Bl\u00e4tter beisammen, malt ihr diese d\u00fcnn mit Deckwei\u00df (oder einer anderen wei\u00dfen Bastelfarbe) an.<\/p>\n<p style=\"text-align: center;\"><a href=\"https:\/\/www.sabine-seyffert.de\/blog\/wp-content\/uploads\/2021\/03\/Fr\u00fchbl\u00fcher-Schneegl\u00f6ckchen-Sabine-Seyffert.de-6.jpg\"><img loading=\"lazy\" decoding=\"async\" class=\"alignnone size-full wp-image-18959\" src=\"https:\/\/www.sabine-seyffert.de\/blog\/wp-content\/uploads\/2021\/03\/Fr\u00fchbl\u00fcher-Schneegl\u00f6ckchen-Sabine-Seyffert.de-6.jpg\" alt=\"\" width=\"800\" height=\"600\" srcset=\"https:\/\/www.sabine-seyffert.de\/blog\/wp-content\/uploads\/2021\/03\/Fr\u00fchbl\u00fcher-Schneegl\u00f6ckchen-Sabine-Seyffert.de-6.jpg 800w, https:\/\/www.sabine-seyffert.de\/blog\/wp-content\/uploads\/2021\/03\/Fr\u00fchbl\u00fcher-Schneegl\u00f6ckchen-Sabine-Seyffert.de-6-300x225.jpg 300w, https:\/\/www.sabine-seyffert.de\/blog\/wp-content\/uploads\/2021\/03\/Fr\u00fchbl\u00fcher-Schneegl\u00f6ckchen-Sabine-Seyffert.de-6-768x576.jpg 768w\" sizes=\"auto, (max-width: 800px) 100vw, 800px\" \/><\/a><\/p>\n<p style=\"text-align: justify;\">Aus etwas Zeitungspapier und gr\u00fcner Farbe stellt ihr euch <a href=\"https:\/\/www.sabine-seyffert.de\/blog\/?p=13917\" target=\"_blank\" rel=\"noopener noreferrer\">kostenloses Bastelpapier<\/a> her. Au\u00dferdem ben\u00f6tigt ihr ein paar Stiele f\u00fcr die Blumen.<\/p>\n<p style=\"text-align: center;\"><a href=\"https:\/\/www.sabine-seyffert.de\/blog\/wp-content\/uploads\/2021\/03\/Fr\u00fchbl\u00fcher-Schneegl\u00f6ckchen-Sabine-Seyffert.de-5.jpg\"><img loading=\"lazy\" decoding=\"async\" class=\"alignnone size-full wp-image-18960\" src=\"https:\/\/www.sabine-seyffert.de\/blog\/wp-content\/uploads\/2021\/03\/Fr\u00fchbl\u00fcher-Schneegl\u00f6ckchen-Sabine-Seyffert.de-5.jpg\" alt=\"\" width=\"800\" height=\"600\" srcset=\"https:\/\/www.sabine-seyffert.de\/blog\/wp-content\/uploads\/2021\/03\/Fr\u00fchbl\u00fcher-Schneegl\u00f6ckchen-Sabine-Seyffert.de-5.jpg 800w, https:\/\/www.sabine-seyffert.de\/blog\/wp-content\/uploads\/2021\/03\/Fr\u00fchbl\u00fcher-Schneegl\u00f6ckchen-Sabine-Seyffert.de-5-300x225.jpg 300w, https:\/\/www.sabine-seyffert.de\/blog\/wp-content\/uploads\/2021\/03\/Fr\u00fchbl\u00fcher-Schneegl\u00f6ckchen-Sabine-Seyffert.de-5-768x576.jpg 768w\" sizes=\"auto, (max-width: 800px) 100vw, 800px\" \/><\/a><\/p>\n<p style=\"text-align: justify;\">Am besten klappt dies mit d\u00fcnner Pappe, die man anschlie\u00dfend ebenfalls mit gr\u00fcner Wasserfarbe anpinselt.<\/p>\n<p><a href=\"https:\/\/www.sabine-seyffert.de\/blog\/wp-content\/uploads\/2021\/03\/Fr\u00fchbl\u00fcher-Schneegl\u00f6ckchen-Sabine-Seyffert.de-4.jpg\"><img loading=\"lazy\" decoding=\"async\" class=\"alignnone size-full wp-image-18961\" src=\"https:\/\/www.sabine-seyffert.de\/blog\/wp-content\/uploads\/2021\/03\/Fr\u00fchbl\u00fcher-Schneegl\u00f6ckchen-Sabine-Seyffert.de-4.jpg\" alt=\"\" width=\"800\" height=\"600\" srcset=\"https:\/\/www.sabine-seyffert.de\/blog\/wp-content\/uploads\/2021\/03\/Fr\u00fchbl\u00fcher-Schneegl\u00f6ckchen-Sabine-Seyffert.de-4.jpg 800w, https:\/\/www.sabine-seyffert.de\/blog\/wp-content\/uploads\/2021\/03\/Fr\u00fchbl\u00fcher-Schneegl\u00f6ckchen-Sabine-Seyffert.de-4-300x225.jpg 300w, https:\/\/www.sabine-seyffert.de\/blog\/wp-content\/uploads\/2021\/03\/Fr\u00fchbl\u00fcher-Schneegl\u00f6ckchen-Sabine-Seyffert.de-4-768x576.jpg 768w\" sizes=\"auto, (max-width: 800px) 100vw, 800px\" \/><\/a><\/p>\n<p style=\"text-align: justify;\">Sobald die Farbe trocken ist, schneidet ihr aus dem angemalten Zeitungspapier noch ein paar Bl\u00e4tter f\u00fcr die Schneegl\u00f6ckchen und klebt dies auf der runden Pappe zu einer sch\u00f6nen Collage.<\/p>\n<p style=\"text-align: center;\"><a href=\"https:\/\/www.sabine-seyffert.de\/blog\/wp-content\/uploads\/2021\/03\/Fr\u00fchbl\u00fcher-Schneegl\u00f6ckchen-Sabine-Seyffert.de-1.jpg\"><img loading=\"lazy\" decoding=\"async\" class=\"alignnone size-full wp-image-18954\" src=\"https:\/\/www.sabine-seyffert.de\/blog\/wp-content\/uploads\/2021\/03\/Fr\u00fchbl\u00fcher-Schneegl\u00f6ckchen-Sabine-Seyffert.de-1.jpg\" alt=\"\" width=\"800\" height=\"600\" srcset=\"https:\/\/www.sabine-seyffert.de\/blog\/wp-content\/uploads\/2021\/03\/Fr\u00fchbl\u00fcher-Schneegl\u00f6ckchen-Sabine-Seyffert.de-1.jpg 800w, https:\/\/www.sabine-seyffert.de\/blog\/wp-content\/uploads\/2021\/03\/Fr\u00fchbl\u00fcher-Schneegl\u00f6ckchen-Sabine-Seyffert.de-1-300x225.jpg 300w, https:\/\/www.sabine-seyffert.de\/blog\/wp-content\/uploads\/2021\/03\/Fr\u00fchbl\u00fcher-Schneegl\u00f6ckchen-Sabine-Seyffert.de-1-768x576.jpg 768w\" sizes=\"auto, (max-width: 800px) 100vw, 800px\" \/><\/a><\/p>\n<p style=\"text-align: justify;\">Zum Schlu\u00df locht ihr das Bild oben in der Mitte, zieht ein St\u00fcck Kordel hindurch und knotet die Enden fest zusammen. Daran k\u00f6nnt ihr die selbst gemachte Collage aufh\u00e4ngen und als Fr\u00fchlingsdeko nutzen.<\/p>\n<p style=\"text-align: center;\"><a href=\"https:\/\/www.sabine-seyffert.de\/blog\/wp-content\/uploads\/2021\/03\/Fr\u00fchbl\u00fcher-Schneegl\u00f6ckchen-Sabine-Seyffert.de-2.jpg\"><img loading=\"lazy\" decoding=\"async\" class=\"alignnone size-full wp-image-18953\" src=\"https:\/\/www.sabine-seyffert.de\/blog\/wp-content\/uploads\/2021\/03\/Fr\u00fchbl\u00fcher-Schneegl\u00f6ckchen-Sabine-Seyffert.de-2.jpg\" alt=\"\" width=\"800\" height=\"600\" srcset=\"https:\/\/www.sabine-seyffert.de\/blog\/wp-content\/uploads\/2021\/03\/Fr\u00fchbl\u00fcher-Schneegl\u00f6ckchen-Sabine-Seyffert.de-2.jpg 800w, https:\/\/www.sabine-seyffert.de\/blog\/wp-content\/uploads\/2021\/03\/Fr\u00fchbl\u00fcher-Schneegl\u00f6ckchen-Sabine-Seyffert.de-2-300x225.jpg 300w, https:\/\/www.sabine-seyffert.de\/blog\/wp-content\/uploads\/2021\/03\/Fr\u00fchbl\u00fcher-Schneegl\u00f6ckchen-Sabine-Seyffert.de-2-768x576.jpg 768w\" sizes=\"auto, (max-width: 800px) 100vw, 800px\" \/><\/a><\/p>\n<p style=\"text-align: justify;\">Weitere DIY Bastelideen f\u00fcr Kinder findet ihr \u00fcbrigens in <a href=\"https:\/\/www.sabine-seyffert.de\/blog\/?cat=32\" target=\"_blank\" rel=\"noopener noreferrer\">dieser Blog Kategorie<\/a>, alles zum Thema Upcycling mit detaillierter Bastelanleitung gibt es in <a href=\"https:\/\/www.sabine-seyffert.de\/blog\/?cat=47\" target=\"_blank\" rel=\"noopener noreferrer\">dieser Rubrik<\/a>, alles rund um die Fr\u00fchlingszeit sind in <a href=\"https:\/\/www.sabine-seyffert.de\/blog\/?cat=23\" target=\"_blank\" rel=\"noopener noreferrer\">diesem Blog Ordner<\/a> oder <a href=\"https:\/\/www.pinterest.de\/diysabineseyffert\/\" target=\"_blank\" rel=\"noopener noreferrer\">meinen Pinnw\u00e4nden<\/a> und andere kreative Sachen auch da.<\/p>\n<p style=\"text-align: center;\"><a href=\"https:\/\/www.sabine-seyffert.de\/blog\/wp-content\/uploads\/2021\/03\/Fr\u00fchbl\u00fcher-Schneegl\u00f6ckchen-Sabine-Seyffert.de-11.jpg\"><img loading=\"lazy\" decoding=\"async\" class=\"alignnone size-full wp-image-18952\" src=\"https:\/\/www.sabine-seyffert.de\/blog\/wp-content\/uploads\/2021\/03\/Fr\u00fchbl\u00fcher-Schneegl\u00f6ckchen-Sabine-Seyffert.de-11.jpg\" alt=\"\" width=\"600\" height=\"800\" srcset=\"https:\/\/www.sabine-seyffert.de\/blog\/wp-content\/uploads\/2021\/03\/Fr\u00fchbl\u00fcher-Schneegl\u00f6ckchen-Sabine-Seyffert.de-11.jpg 600w, https:\/\/www.sabine-seyffert.de\/blog\/wp-content\/uploads\/2021\/03\/Fr\u00fchbl\u00fcher-Schneegl\u00f6ckchen-Sabine-Seyffert.de-11-225x300.jpg 225w\" sizes=\"auto, (max-width: 600px) 100vw, 600px\" \/><\/a><\/p>\n<p style=\"text-align: justify;\"><a href=\"https:\/\/www.sabine-seyffert.de\/blog\/?page_id=32#urheberrecht\">urheberrechtlich gesch\u00fctzt<\/a>, \u00a9 Sabine Seyffert<\/p>\n","protected":false},"excerpt":{"rendered":"<p>Nach den selbst gemachten Krokussen und der Forsythie gibt es heute passend zum Thema Fr\u00fchbl\u00fcher der DIY Challenge der Woche ein paar Schneegl\u00f6ckchen. Die sind neben den Krokussen die zweite Sorte an Blumen, die sich nach dem Winter in unserem Garten zeigen. Schneegl\u00f6ckchen mag ich ganz besonders gerne. Vielleicht erinnert ihr euch noch an die&#8230; <a href=\"https:\/\/www.sabine-seyffert.de\/blog\/diy-upcycling-idee-fuer-kinder-kleine-schneegloeckchen-als-collage\/\" class=\"more-link\">Read more: DIY Upcycling Idee f\u00fcr Kinder: Kleine Schneegl\u00f6ckchen als Collage<\/a><\/p>\n","protected":false},"author":2,"featured_media":0,"comment_status":"open","ping_status":"open","sticky":false,"template":"","format":"standard","meta":{"_metis_text_type":"","_metis_text_length":2277,"_post_count":0,"footnotes":""},"categories":[32,23,47],"tags":[],"class_list":["post-18950","post","type-post","status-publish","format-standard","hentry","category-kreatives-fur-kleine-kinderhande","category-fruhling","category-upcyceltes"],"_links":{"self":[{"href":"https:\/\/www.sabine-seyffert.de\/blog\/wp-json\/wp\/v2\/posts\/18950","targetHints":{"allow":["GET"]}}],"collection":[{"href":"https:\/\/www.sabine-seyffert.de\/blog\/wp-json\/wp\/v2\/posts"}],"about":[{"href":"https:\/\/www.sabine-seyffert.de\/blog\/wp-json\/wp\/v2\/types\/post"}],"author":[{"embeddable":true,"href":"https:\/\/www.sabine-seyffert.de\/blog\/wp-json\/wp\/v2\/users\/2"}],"replies":[{"embeddable":true,"href":"https:\/\/www.sabine-seyffert.de\/blog\/wp-json\/wp\/v2\/comments?post=18950"}],"version-history":[{"count":3,"href":"https:\/\/www.sabine-seyffert.de\/blog\/wp-json\/wp\/v2\/posts\/18950\/revisions"}],"predecessor-version":[{"id":18964,"href":"https:\/\/www.sabine-seyffert.de\/blog\/wp-json\/wp\/v2\/posts\/18950\/revisions\/18964"}],"wp:attachment":[{"href":"https:\/\/www.sabine-seyffert.de\/blog\/wp-json\/wp\/v2\/media?parent=18950"}],"wp:term":[{"taxonomy":"category","embeddable":true,"href":"https:\/\/www.sabine-seyffert.de\/blog\/wp-json\/wp\/v2\/categories?post=18950"},{"taxonomy":"post_tag","embeddable":true,"href":"https:\/\/www.sabine-seyffert.de\/blog\/wp-json\/wp\/v2\/tags?post=18950"}],"curies":[{"name":"wp","href":"https:\/\/api.w.org\/{rel}","templated":true}]}}