{"id":18908,"date":"2021-03-07T06:00:54","date_gmt":"2021-03-07T04:00:54","guid":{"rendered":"https:\/\/www.sabine-seyffert.de\/blog\/?p=18908"},"modified":"2021-03-05T13:58:54","modified_gmt":"2021-03-05T11:58:54","slug":"bastelidee-fuer-den-kindergeburtstag-selbst-gemachte-geschenktueten-mit-regenbogen-aus-tetrapak-als-mitgebsel","status":"publish","type":"post","link":"https:\/\/www.sabine-seyffert.de\/blog\/bastelidee-fuer-den-kindergeburtstag-selbst-gemachte-geschenktueten-mit-regenbogen-aus-tetrapak-als-mitgebsel\/","title":{"rendered":"Bastelidee f\u00fcr den Kindergeburtstag: Selbst gemachte Geschenkt\u00fcten mit Regenbogen aus Tetrapak als Mitgebsel"},"content":{"rendered":"<p style=\"text-align: justify;\"><img loading=\"lazy\" decoding=\"async\" src=\"https:\/\/vg07.met.vgwort.de\/na\/0e2902ec4bbc4c7a951740a7ad22a9b5\" alt=\"\" width=\"1\" height=\"1\" \/>Auf Kindergeburtstagen ist es ja meist \u00fcblich am Schluss an jeden kleinen Gast ein kleines Gastgeschenk zu verteilen. Selbst gekaufte T\u00fcten mag ich pers\u00f6nlich \u00fcberhaupt nicht. Wir basteln dazu in der Regel gerne selber kleine Geschenke samt passender T\u00fcte (bsp. die <a href=\"https:\/\/www.sabine-seyffert.de\/blog\/?p=7525\" target=\"_blank\" rel=\"noopener noreferrer\">T\u00fcten vom Unterwasserfest<\/a>, die <a href=\"https:\/\/www.sabine-seyffert.de\/blog\/?p=18748\" target=\"_blank\" rel=\"noopener noreferrer\">Papiert\u00fcte mit Pferd<\/a> oder <a href=\"https:\/\/www.sabine-seyffert.de\/blog\/?p=5596\" target=\"_blank\" rel=\"noopener noreferrer\">diese<\/a> beim Fuchsgeburtstag). Dieses Mal habe ich eine ganz umweltfreundliche, nachhaltige Verpackungsidee f\u00fcr euch. Schlie\u00dflich kann man auch Kindergeburtstage nachhaltig feiern, wie in <a href=\"https:\/\/www.sabine-seyffert.de\/blog\/?p=14381\" target=\"_blank\" rel=\"noopener noreferrer\">diesem Artikel<\/a> schon mal ausf\u00fchrlich beschrieben und mit Tipps versehen.<br \/>\nDenn passend zum Regenbogengeburtstag gibt es bunte Upcycling Geschenkboxen, die man ganz leicht aus leeren Milchkartons selbermachen kann.<\/p>\n<p style=\"text-align: center;\"><a href=\"https:\/\/www.sabine-seyffert.de\/blog\/wp-content\/uploads\/2021\/03\/Mitgebsel-Regenbogen-Sabine-Seyffert.de-3.jpg\"><img loading=\"lazy\" decoding=\"async\" class=\"alignnone size-full wp-image-18909\" src=\"https:\/\/www.sabine-seyffert.de\/blog\/wp-content\/uploads\/2021\/03\/Mitgebsel-Regenbogen-Sabine-Seyffert.de-3.jpg\" alt=\"\" width=\"800\" height=\"600\" srcset=\"https:\/\/www.sabine-seyffert.de\/blog\/wp-content\/uploads\/2021\/03\/Mitgebsel-Regenbogen-Sabine-Seyffert.de-3.jpg 800w, https:\/\/www.sabine-seyffert.de\/blog\/wp-content\/uploads\/2021\/03\/Mitgebsel-Regenbogen-Sabine-Seyffert.de-3-300x225.jpg 300w, https:\/\/www.sabine-seyffert.de\/blog\/wp-content\/uploads\/2021\/03\/Mitgebsel-Regenbogen-Sabine-Seyffert.de-3-768x576.jpg 768w\" sizes=\"auto, (max-width: 800px) 100vw, 800px\" \/><\/a><\/p>\n<p style=\"text-align: justify;\"><strong>Das wird gebraucht:<\/strong><br \/>\nLeere Milcht\u00fcten, ein scharfes Bastelmesser, Pinsel, wei\u00dfe Bastelfarbe oder Deckwei\u00df (optional), einen Wasserfarbkasten, eine Bastelschere, Bastelkleber \/ Klebestift, d\u00fcnne Pappe, eine alte Tageszeitung, kleine Buchstabenstempel samt Stempelkissen sowie eine kleine \u00dcberraschung oder S\u00fc\u00dfigkeiten zum Bef\u00fcllen.<\/p>\n<p style=\"text-align: center;\"><a href=\"https:\/\/www.sabine-seyffert.de\/blog\/wp-content\/uploads\/2021\/03\/Mitgebsel-Regenbogen-Sabine-Seyffert.de_.jpg\"><img loading=\"lazy\" decoding=\"async\" class=\"alignnone size-full wp-image-18918\" src=\"https:\/\/www.sabine-seyffert.de\/blog\/wp-content\/uploads\/2021\/03\/Mitgebsel-Regenbogen-Sabine-Seyffert.de_.jpg\" alt=\"\" width=\"800\" height=\"600\" srcset=\"https:\/\/www.sabine-seyffert.de\/blog\/wp-content\/uploads\/2021\/03\/Mitgebsel-Regenbogen-Sabine-Seyffert.de_.jpg 800w, https:\/\/www.sabine-seyffert.de\/blog\/wp-content\/uploads\/2021\/03\/Mitgebsel-Regenbogen-Sabine-Seyffert.de_-300x225.jpg 300w, https:\/\/www.sabine-seyffert.de\/blog\/wp-content\/uploads\/2021\/03\/Mitgebsel-Regenbogen-Sabine-Seyffert.de_-768x576.jpg 768w\" sizes=\"auto, (max-width: 800px) 100vw, 800px\" \/><\/a><\/p>\n<p style=\"text-align: justify;\"><strong>So wird\u2019s gemacht:<\/strong><br \/>\nDie Tetrapaks sollten gut gesp\u00fclt und Innen ganz trocken sein. Dann kann man sie f\u00fcr die Geschenkverpackung herrichten.<\/p>\n<p><a href=\"https:\/\/www.sabine-seyffert.de\/blog\/wp-content\/uploads\/2021\/03\/Mitgebsel-Regenbogen-Sabine-Seyffert.de-9.jpg\"><img loading=\"lazy\" decoding=\"async\" class=\"alignnone size-full wp-image-18917\" src=\"https:\/\/www.sabine-seyffert.de\/blog\/wp-content\/uploads\/2021\/03\/Mitgebsel-Regenbogen-Sabine-Seyffert.de-9.jpg\" alt=\"\" width=\"800\" height=\"600\" srcset=\"https:\/\/www.sabine-seyffert.de\/blog\/wp-content\/uploads\/2021\/03\/Mitgebsel-Regenbogen-Sabine-Seyffert.de-9.jpg 800w, https:\/\/www.sabine-seyffert.de\/blog\/wp-content\/uploads\/2021\/03\/Mitgebsel-Regenbogen-Sabine-Seyffert.de-9-300x225.jpg 300w, https:\/\/www.sabine-seyffert.de\/blog\/wp-content\/uploads\/2021\/03\/Mitgebsel-Regenbogen-Sabine-Seyffert.de-9-768x576.jpg 768w\" sizes=\"auto, (max-width: 800px) 100vw, 800px\" \/><\/a><\/p>\n<p style=\"text-align: justify;\">Dazu schneidet man die oberste Beschichtung vorsichtig an allen R\u00e4ndern mit dem Cutter ein und bearbeitet diese so, wie in <a href=\"https:\/\/www.sabine-seyffert.de\/blog\/?p=14184\" target=\"_blank\" rel=\"noopener noreferrer\">dieser Bastelanleitung<\/a> ausf\u00fchrlich beschrieben.<\/p>\n<p style=\"text-align: center;\"><a href=\"https:\/\/www.sabine-seyffert.de\/blog\/wp-content\/uploads\/2021\/03\/Mitgebsel-Regenbogen-Sabine-Seyffert.de-8.jpg\"><img loading=\"lazy\" decoding=\"async\" class=\"alignnone size-full wp-image-18919\" src=\"https:\/\/www.sabine-seyffert.de\/blog\/wp-content\/uploads\/2021\/03\/Mitgebsel-Regenbogen-Sabine-Seyffert.de-8.jpg\" alt=\"\" width=\"800\" height=\"600\" srcset=\"https:\/\/www.sabine-seyffert.de\/blog\/wp-content\/uploads\/2021\/03\/Mitgebsel-Regenbogen-Sabine-Seyffert.de-8.jpg 800w, https:\/\/www.sabine-seyffert.de\/blog\/wp-content\/uploads\/2021\/03\/Mitgebsel-Regenbogen-Sabine-Seyffert.de-8-300x225.jpg 300w, https:\/\/www.sabine-seyffert.de\/blog\/wp-content\/uploads\/2021\/03\/Mitgebsel-Regenbogen-Sabine-Seyffert.de-8-768x576.jpg 768w\" sizes=\"auto, (max-width: 800px) 100vw, 800px\" \/><\/a><\/p>\n<p style=\"text-align: justify;\">Dort erhaltet ihr auch hilfreiche Tipps, was man dabei beachten sollte.<\/p>\n<p style=\"text-align: center;\"><a href=\"https:\/\/www.sabine-seyffert.de\/blog\/wp-content\/uploads\/2021\/03\/Mitgebsel-Regenbogen-Sabine-Seyffert.de-5.jpg\"><img loading=\"lazy\" decoding=\"async\" class=\"alignnone size-full wp-image-18920\" src=\"https:\/\/www.sabine-seyffert.de\/blog\/wp-content\/uploads\/2021\/03\/Mitgebsel-Regenbogen-Sabine-Seyffert.de-5.jpg\" alt=\"\" width=\"800\" height=\"600\" srcset=\"https:\/\/www.sabine-seyffert.de\/blog\/wp-content\/uploads\/2021\/03\/Mitgebsel-Regenbogen-Sabine-Seyffert.de-5.jpg 800w, https:\/\/www.sabine-seyffert.de\/blog\/wp-content\/uploads\/2021\/03\/Mitgebsel-Regenbogen-Sabine-Seyffert.de-5-300x225.jpg 300w, https:\/\/www.sabine-seyffert.de\/blog\/wp-content\/uploads\/2021\/03\/Mitgebsel-Regenbogen-Sabine-Seyffert.de-5-768x576.jpg 768w\" sizes=\"auto, (max-width: 800px) 100vw, 800px\" \/><\/a><\/p>\n<p style=\"text-align: justify;\">Wer mag, kann seine T\u00fcten vor dem Verzieren noch d\u00fcnn mit wei\u00dfer Farbe anmalen.<\/p>\n<p style=\"text-align: center;\"><a href=\"https:\/\/www.sabine-seyffert.de\/blog\/wp-content\/uploads\/2021\/03\/Mitgebsel-Regenbogen-Sabine-Seyffert.de-6.jpg\"><img loading=\"lazy\" decoding=\"async\" class=\"alignnone size-full wp-image-18921\" src=\"https:\/\/www.sabine-seyffert.de\/blog\/wp-content\/uploads\/2021\/03\/Mitgebsel-Regenbogen-Sabine-Seyffert.de-6.jpg\" alt=\"\" width=\"800\" height=\"600\" srcset=\"https:\/\/www.sabine-seyffert.de\/blog\/wp-content\/uploads\/2021\/03\/Mitgebsel-Regenbogen-Sabine-Seyffert.de-6.jpg 800w, https:\/\/www.sabine-seyffert.de\/blog\/wp-content\/uploads\/2021\/03\/Mitgebsel-Regenbogen-Sabine-Seyffert.de-6-300x225.jpg 300w, https:\/\/www.sabine-seyffert.de\/blog\/wp-content\/uploads\/2021\/03\/Mitgebsel-Regenbogen-Sabine-Seyffert.de-6-768x576.jpg 768w\" sizes=\"auto, (max-width: 800px) 100vw, 800px\" \/><\/a><\/p>\n<p style=\"text-align: justify;\">Noch umweltfreundlicher ist es nat\u00fcrlich ohne zus\u00e4tzliche Farbschicht, wie bsp. bei <a href=\"https:\/\/www.sabine-seyffert.de\/blog\/?p=14145\" target=\"_blank\" rel=\"noopener noreferrer\">diesem Milcht\u00fcten Upcycling<\/a>.<\/p>\n<p style=\"text-align: center;\"><a href=\"https:\/\/www.sabine-seyffert.de\/blog\/wp-content\/uploads\/2021\/03\/Mitgebsel-Regenbogen-Sabine-Seyffert.de-4.jpg\"><img loading=\"lazy\" decoding=\"async\" class=\"alignnone size-full wp-image-18916\" src=\"https:\/\/www.sabine-seyffert.de\/blog\/wp-content\/uploads\/2021\/03\/Mitgebsel-Regenbogen-Sabine-Seyffert.de-4.jpg\" alt=\"\" width=\"800\" height=\"600\" srcset=\"https:\/\/www.sabine-seyffert.de\/blog\/wp-content\/uploads\/2021\/03\/Mitgebsel-Regenbogen-Sabine-Seyffert.de-4.jpg 800w, https:\/\/www.sabine-seyffert.de\/blog\/wp-content\/uploads\/2021\/03\/Mitgebsel-Regenbogen-Sabine-Seyffert.de-4-300x225.jpg 300w, https:\/\/www.sabine-seyffert.de\/blog\/wp-content\/uploads\/2021\/03\/Mitgebsel-Regenbogen-Sabine-Seyffert.de-4-768x576.jpg 768w\" sizes=\"auto, (max-width: 800px) 100vw, 800px\" \/><\/a><\/p>\n<p style=\"text-align: justify;\">Aus dem Zeitungspapier und Wasserfarbe stellt ihr euch f\u00fcr den Regenbogen <a href=\"https:\/\/www.sabine-seyffert.de\/blog\/?p=13917\" target=\"_blank\" rel=\"noopener noreferrer\">kostenloses Bastelpapier<\/a> her. Jetzt im Lockdown doppelt praktisch, da die Bastell\u00e4den ja noch geschlossen sind.<\/p>\n<p style=\"text-align: center;\"><a href=\"https:\/\/www.sabine-seyffert.de\/blog\/wp-content\/uploads\/2021\/03\/Mitgebsel-Regenbogen-Sabine-Seyffert.de-3-1.jpg\"><img loading=\"lazy\" decoding=\"async\" class=\"alignnone size-full wp-image-18915\" src=\"https:\/\/www.sabine-seyffert.de\/blog\/wp-content\/uploads\/2021\/03\/Mitgebsel-Regenbogen-Sabine-Seyffert.de-3-1.jpg\" alt=\"\" width=\"800\" height=\"600\" srcset=\"https:\/\/www.sabine-seyffert.de\/blog\/wp-content\/uploads\/2021\/03\/Mitgebsel-Regenbogen-Sabine-Seyffert.de-3-1.jpg 800w, https:\/\/www.sabine-seyffert.de\/blog\/wp-content\/uploads\/2021\/03\/Mitgebsel-Regenbogen-Sabine-Seyffert.de-3-1-300x225.jpg 300w, https:\/\/www.sabine-seyffert.de\/blog\/wp-content\/uploads\/2021\/03\/Mitgebsel-Regenbogen-Sabine-Seyffert.de-3-1-768x576.jpg 768w\" sizes=\"auto, (max-width: 800px) 100vw, 800px\" \/><\/a><\/p>\n<p style=\"text-align: justify;\">Daraus schnippelt ihr euch wie bei <a href=\"https:\/\/www.sabine-seyffert.de\/blog\/?p=18856\" target=\"_blank\" rel=\"noopener noreferrer\">diesem Windlindlicht<\/a> B\u00f6gen in den Regenbogenfarben (rot, orange, gelb, gr\u00fcn, blau und lila) sowie eine kleine Wolke aus Pappe.<\/p>\n<p><a href=\"https:\/\/www.sabine-seyffert.de\/blog\/wp-content\/uploads\/2021\/03\/Mitgebsel-Regenbogen-Sabine-Seyffert.de-1.jpg\"><img loading=\"lazy\" decoding=\"async\" class=\"alignnone size-full wp-image-18914\" src=\"https:\/\/www.sabine-seyffert.de\/blog\/wp-content\/uploads\/2021\/03\/Mitgebsel-Regenbogen-Sabine-Seyffert.de-1.jpg\" alt=\"\" width=\"800\" height=\"600\" srcset=\"https:\/\/www.sabine-seyffert.de\/blog\/wp-content\/uploads\/2021\/03\/Mitgebsel-Regenbogen-Sabine-Seyffert.de-1.jpg 800w, https:\/\/www.sabine-seyffert.de\/blog\/wp-content\/uploads\/2021\/03\/Mitgebsel-Regenbogen-Sabine-Seyffert.de-1-300x225.jpg 300w, https:\/\/www.sabine-seyffert.de\/blog\/wp-content\/uploads\/2021\/03\/Mitgebsel-Regenbogen-Sabine-Seyffert.de-1-768x576.jpg 768w\" sizes=\"auto, (max-width: 800px) 100vw, 800px\" \/><\/a><\/p>\n<p style=\"text-align: justify;\">Auf die Wolken stempelt ihr jeweils den Namen der kleinen Partyg\u00e4ste.<\/p>\n<p style=\"text-align: center;\"><a href=\"https:\/\/www.sabine-seyffert.de\/blog\/wp-content\/uploads\/2021\/03\/Mitgebsel-Regenbogen-Sabine-Seyffert.de-2.jpg\"><img loading=\"lazy\" decoding=\"async\" class=\"alignnone size-full wp-image-18913\" src=\"https:\/\/www.sabine-seyffert.de\/blog\/wp-content\/uploads\/2021\/03\/Mitgebsel-Regenbogen-Sabine-Seyffert.de-2.jpg\" alt=\"\" width=\"800\" height=\"600\" srcset=\"https:\/\/www.sabine-seyffert.de\/blog\/wp-content\/uploads\/2021\/03\/Mitgebsel-Regenbogen-Sabine-Seyffert.de-2.jpg 800w, https:\/\/www.sabine-seyffert.de\/blog\/wp-content\/uploads\/2021\/03\/Mitgebsel-Regenbogen-Sabine-Seyffert.de-2-300x225.jpg 300w, https:\/\/www.sabine-seyffert.de\/blog\/wp-content\/uploads\/2021\/03\/Mitgebsel-Regenbogen-Sabine-Seyffert.de-2-768x576.jpg 768w\" sizes=\"auto, (max-width: 800px) 100vw, 800px\" \/><\/a><\/p>\n<p style=\"text-align: justify;\">Habt ihr alle Teile fertig, klebt ihr diese als ganzes auf die Vorderseite der Milcht\u00fcte. Und schon k\u00f6nnt ihr diese nach euren Ideen bef\u00fcllen, wie beispielsweise <a href=\"https:\/\/www.sabine-seyffert.de\/blog\/?p=14145\" target=\"_blank\" rel=\"noopener noreferrer\">hier<\/a> mit Blumen, in <a href=\"https:\/\/www.sabine-seyffert.de\/blog\/?p=17341\" target=\"_blank\" rel=\"noopener noreferrer\">dieser Idee<\/a> mit selbst gebackenen Keksen, den <a href=\"https:\/\/www.sabine-seyffert.de\/blog\/?p=17872\" target=\"_blank\" rel=\"noopener noreferrer\">bef\u00fcllten Roboter<\/a> oder diesem <a href=\"https:\/\/www.sabine-seyffert.de\/blog\/?p=16842\" target=\"_blank\" rel=\"noopener noreferrer\">maritimen Mitbringse<\/a>l.<\/p>\n<p style=\"text-align: center;\"><a href=\"https:\/\/www.sabine-seyffert.de\/blog\/wp-content\/uploads\/2021\/03\/Mitgebsel-Regenbogen-Sabine-Seyffert.de13.jpg\"><img loading=\"lazy\" decoding=\"async\" class=\"alignnone size-full wp-image-18912\" src=\"https:\/\/www.sabine-seyffert.de\/blog\/wp-content\/uploads\/2021\/03\/Mitgebsel-Regenbogen-Sabine-Seyffert.de13.jpg\" alt=\"\" width=\"600\" height=\"800\" srcset=\"https:\/\/www.sabine-seyffert.de\/blog\/wp-content\/uploads\/2021\/03\/Mitgebsel-Regenbogen-Sabine-Seyffert.de13.jpg 600w, https:\/\/www.sabine-seyffert.de\/blog\/wp-content\/uploads\/2021\/03\/Mitgebsel-Regenbogen-Sabine-Seyffert.de13-225x300.jpg 225w\" sizes=\"auto, (max-width: 600px) 100vw, 600px\" \/><\/a><\/p>\n<p style=\"text-align: justify;\">Passend zum Regenbogen gab es bei uns essbare Goldtaler<\/p>\n<p style=\"text-align: center;\"><a href=\"https:\/\/www.sabine-seyffert.de\/blog\/wp-content\/uploads\/2021\/03\/Mitgebsel-Regenbogen-Sabine-Seyffert.de-10.jpg\"><img loading=\"lazy\" decoding=\"async\" class=\"alignnone size-full wp-image-18911\" src=\"https:\/\/www.sabine-seyffert.de\/blog\/wp-content\/uploads\/2021\/03\/Mitgebsel-Regenbogen-Sabine-Seyffert.de-10.jpg\" alt=\"\" width=\"600\" height=\"800\" srcset=\"https:\/\/www.sabine-seyffert.de\/blog\/wp-content\/uploads\/2021\/03\/Mitgebsel-Regenbogen-Sabine-Seyffert.de-10.jpg 600w, https:\/\/www.sabine-seyffert.de\/blog\/wp-content\/uploads\/2021\/03\/Mitgebsel-Regenbogen-Sabine-Seyffert.de-10-225x300.jpg 225w\" sizes=\"auto, (max-width: 600px) 100vw, 600px\" \/><\/a><\/p>\n<p style=\"text-align: justify;\">Weitere bunte Do-it-Yourself Ideen rund um das Thema \u201eFeiern mit Kindern\u201c findet ihr \u00fcbrigens in <a href=\"https:\/\/www.sabine-seyffert.de\/blog\/?cat=21\" target=\"_blank\" rel=\"noopener noreferrer\">dieser Blog Kategorie<\/a>, alles zum Thema Upcycling mit detaillierter Bastelanleitung gibt es in <a href=\"https:\/\/www.sabine-seyffert.de\/blog\/?cat=47\" target=\"_blank\" rel=\"noopener noreferrer\">dieser Rubrik<\/a>, pfiffige Bastelideen f\u00fcr Kinder sind in <a href=\"https:\/\/www.sabine-seyffert.de\/blog\/?cat=32\" target=\"_blank\" rel=\"noopener noreferrer\">diesem Blog Ordner<\/a> oder <a href=\"https:\/\/www.pinterest.de\/diysabineseyffert\/\" target=\"_blank\" rel=\"noopener noreferrer\">meinen Pinnw\u00e4nden<\/a> und andere kreative Sachen auch da.<\/p>\n<p style=\"text-align: center;\"><a href=\"https:\/\/www.sabine-seyffert.de\/blog\/wp-content\/uploads\/2021\/03\/Mitgebsel-Regenbogen-Sabine-Seyffert.de11.jpg\"><img loading=\"lazy\" decoding=\"async\" class=\"alignnone size-full wp-image-18910\" src=\"https:\/\/www.sabine-seyffert.de\/blog\/wp-content\/uploads\/2021\/03\/Mitgebsel-Regenbogen-Sabine-Seyffert.de11.jpg\" alt=\"\" width=\"600\" height=\"800\" srcset=\"https:\/\/www.sabine-seyffert.de\/blog\/wp-content\/uploads\/2021\/03\/Mitgebsel-Regenbogen-Sabine-Seyffert.de11.jpg 600w, https:\/\/www.sabine-seyffert.de\/blog\/wp-content\/uploads\/2021\/03\/Mitgebsel-Regenbogen-Sabine-Seyffert.de11-225x300.jpg 225w\" sizes=\"auto, (max-width: 600px) 100vw, 600px\" \/><\/a><\/p>\n<p style=\"text-align: justify;\"><a href=\"https:\/\/www.sabine-seyffert.de\/blog\/?page_id=32#urheberrecht\">urheberrechtlich gesch\u00fctzt<\/a>, \u00a9 Sabine Seyffert<\/p>\n","protected":false},"excerpt":{"rendered":"<p>Auf Kindergeburtstagen ist es ja meist \u00fcblich am Schluss an jeden kleinen Gast ein kleines Gastgeschenk zu verteilen. Selbst gekaufte T\u00fcten mag ich pers\u00f6nlich \u00fcberhaupt nicht. Wir basteln dazu in der Regel gerne selber kleine Geschenke samt passender T\u00fcte (bsp. die T\u00fcten vom Unterwasserfest, die Papiert\u00fcte mit Pferd oder diese beim Fuchsgeburtstag). Dieses Mal habe&#8230; <a href=\"https:\/\/www.sabine-seyffert.de\/blog\/bastelidee-fuer-den-kindergeburtstag-selbst-gemachte-geschenktueten-mit-regenbogen-aus-tetrapak-als-mitgebsel\/\" class=\"more-link\">Read more: Bastelidee f\u00fcr den Kindergeburtstag: Selbst gemachte Geschenkt\u00fcten mit Regenbogen aus Tetrapak als Mitgebsel<\/a><\/p>\n","protected":false},"author":2,"featured_media":0,"comment_status":"open","ping_status":"open","sticky":false,"template":"","format":"standard","meta":{"_metis_text_type":"","_metis_text_length":2751,"_post_count":0,"footnotes":""},"categories":[32,49,37,21,47],"tags":[],"class_list":["post-18908","post","type-post","status-publish","format-standard","hentry","category-kreatives-fur-kleine-kinderhande","category-verpackungsideen","category-himmlisches","category-kinderfeste-partys","category-upcyceltes"],"_links":{"self":[{"href":"https:\/\/www.sabine-seyffert.de\/blog\/wp-json\/wp\/v2\/posts\/18908","targetHints":{"allow":["GET"]}}],"collection":[{"href":"https:\/\/www.sabine-seyffert.de\/blog\/wp-json\/wp\/v2\/posts"}],"about":[{"href":"https:\/\/www.sabine-seyffert.de\/blog\/wp-json\/wp\/v2\/types\/post"}],"author":[{"embeddable":true,"href":"https:\/\/www.sabine-seyffert.de\/blog\/wp-json\/wp\/v2\/users\/2"}],"replies":[{"embeddable":true,"href":"https:\/\/www.sabine-seyffert.de\/blog\/wp-json\/wp\/v2\/comments?post=18908"}],"version-history":[{"count":2,"href":"https:\/\/www.sabine-seyffert.de\/blog\/wp-json\/wp\/v2\/posts\/18908\/revisions"}],"predecessor-version":[{"id":18923,"href":"https:\/\/www.sabine-seyffert.de\/blog\/wp-json\/wp\/v2\/posts\/18908\/revisions\/18923"}],"wp:attachment":[{"href":"https:\/\/www.sabine-seyffert.de\/blog\/wp-json\/wp\/v2\/media?parent=18908"}],"wp:term":[{"taxonomy":"category","embeddable":true,"href":"https:\/\/www.sabine-seyffert.de\/blog\/wp-json\/wp\/v2\/categories?post=18908"},{"taxonomy":"post_tag","embeddable":true,"href":"https:\/\/www.sabine-seyffert.de\/blog\/wp-json\/wp\/v2\/tags?post=18908"}],"curies":[{"name":"wp","href":"https:\/\/api.w.org\/{rel}","templated":true}]}}