{"id":1884,"date":"2013-06-01T08:07:39","date_gmt":"2013-06-01T06:07:39","guid":{"rendered":"http:\/\/www.sabine-seyffert.de\/blog\/?p=1884"},"modified":"2017-03-06T17:26:26","modified_gmt":"2017-03-06T15:26:26","slug":"etwas-rosa-fur-den-juni","status":"publish","type":"post","link":"https:\/\/www.sabine-seyffert.de\/blog\/etwas-rosa-fur-den-juni\/","title":{"rendered":"Etwas Rosa f\u00fcr den Juni"},"content":{"rendered":"<p style=\"text-align: justify;\"><img loading=\"lazy\" decoding=\"async\" src=\"https:\/\/ssl-vg03.met.vgwort.de\/na\/453bfbea8c404c9cbbfaf6899fd2c96b\" alt=\"\" width=\"1\" height=\"1\" \/>Die farbenfrohe Fotochallenge \u201ecolor me happy\u201c von <a href=\"http:\/\/www.waseigenes.com\/\" target=\"_blank\">was eigenes<\/a> und <a href=\"http:\/\/jolijou.blogspot.com\/\" target=\"_blank\">jolijou<\/a> geht in die n\u00e4chste Runde. Diesmal steht die Farbe <span style=\"color: #ff99cc;\">lovely rose<\/span> an. F\u00fcr mich etwas kniffelig, da dies zugegebenerma\u00dfen nicht so meine Farbe ist. Dennoch konnte ich etwas ganz Passendes auftreiben, dass ich selbst entworfen und mit ganz viel Herzblut f\u00fcr die Tochter einer Freundin angefertigt habe:<\/p>\n<p style=\"text-align: center;\"><a href=\"http:\/\/www.sabine-seyffert.de\/blog\/wp-content\/uploads\/2013\/05\/Girland-ausschnitt.jpg\"><img loading=\"lazy\" decoding=\"async\" class=\"alignnone size-full wp-image-1885\" src=\"http:\/\/www.sabine-seyffert.de\/blog\/wp-content\/uploads\/2013\/05\/Girland-ausschnitt.jpg\" alt=\"Girland ausschnitt\" width=\"800\" height=\"476\" srcset=\"https:\/\/www.sabine-seyffert.de\/blog\/wp-content\/uploads\/2013\/05\/Girland-ausschnitt.jpg 800w, https:\/\/www.sabine-seyffert.de\/blog\/wp-content\/uploads\/2013\/05\/Girland-ausschnitt-300x178.jpg 300w\" sizes=\"auto, (max-width: 800px) 100vw, 800px\" \/><\/a><\/p>\n<p style=\"text-align: justify;\"><strong>Das wird gebraucht:<\/strong><br \/>\nMind. 3 Meter unifarbenes Schr\u00e4gband, N\u00e4hgarn, eine Stoffschere, Stoffkreide, uni wei\u00dfer Stoff, verschiedene rosa-wei\u00df gemusterte Baumwollstoffe, Vliesofix, ein Ma\u00dfband, Bleistift, ein St\u00fcck Pappe oder Tonkarton, ggf. eine Buchstabenvorlage, falls die Girlande mit Namen versehen werden soll<\/p>\n<p style=\"text-align: center;\"><a href=\"http:\/\/www.sabine-seyffert.de\/blog\/wp-content\/uploads\/2013\/05\/Girland-.jpg\"><img loading=\"lazy\" decoding=\"async\" class=\"alignnone size-full wp-image-1886\" src=\"http:\/\/www.sabine-seyffert.de\/blog\/wp-content\/uploads\/2013\/05\/Girland-.jpg\" alt=\"Girland\" width=\"800\" height=\"600\" srcset=\"https:\/\/www.sabine-seyffert.de\/blog\/wp-content\/uploads\/2013\/05\/Girland-.jpg 800w, https:\/\/www.sabine-seyffert.de\/blog\/wp-content\/uploads\/2013\/05\/Girland--300x225.jpg 300w\" sizes=\"auto, (max-width: 800px) 100vw, 800px\" \/><\/a><\/p>\n<p style=\"text-align: justify;\"><strong>So wird\u2019s gemacht:<\/strong><br \/>\nAls erstes habe ich mir auf die Pappe einen Entwurf f\u00fcr die Wimpel gemacht und geschaut, welche Gr\u00f6\u00dfe hierf\u00fcr am besten passt. Das h\u00e4ngt nat\u00fcrlich ganz davon ab wof\u00fcr man die Girlande braucht und wo diese zum Einsatz kommen soll.<\/p>\n<p style=\"text-align: center;\"><a href=\"http:\/\/www.sabine-seyffert.de\/blog\/wp-content\/uploads\/2013\/05\/Girland-2.jpg\"><img loading=\"lazy\" decoding=\"async\" class=\"alignnone size-full wp-image-1887\" src=\"http:\/\/www.sabine-seyffert.de\/blog\/wp-content\/uploads\/2013\/05\/Girland-2.jpg\" alt=\"Girland 2\" width=\"800\" height=\"625\" srcset=\"https:\/\/www.sabine-seyffert.de\/blog\/wp-content\/uploads\/2013\/05\/Girland-2.jpg 800w, https:\/\/www.sabine-seyffert.de\/blog\/wp-content\/uploads\/2013\/05\/Girland-2-300x234.jpg 300w\" sizes=\"auto, (max-width: 800px) 100vw, 800px\" \/><\/a><\/p>\n<p style=\"text-align: justify;\">Dann habe ich die Buchstaben f\u00fcr den Namen auf das Vliesofix \u00fcbertragen (spiegelverkehrt!) und ausgeschnitten. Als n\u00e4chstes habe ich mir aus den unterschiedlichen Stoffen die gew\u00fcnschte Anzahl Wimpel (diese ben\u00f6tigt man jeweils doppelt) mit Nahtzugabe ausgeschnitten. Bevor man mit dem N\u00e4hen startet, sollte man die Wimpel erst einmal ein eine Reihe legen und schauen welche Muster am besten nebeneinander aussehen und so die verschiedenen Stoffe in die Reihenfolge bringen, in der man diese haben m\u00f6chte. Dann legt man die Buchstaben auf die Wimpel, so dass diese m\u00f6glichst mittig liegen und b\u00fcgelt diese gleich auf den Stoff.<\/p>\n<p style=\"text-align: center;\"><a href=\"http:\/\/www.sabine-seyffert.de\/blog\/wp-content\/uploads\/2013\/05\/Girland-nah.jpg\"><img loading=\"lazy\" decoding=\"async\" class=\"alignnone size-full wp-image-1888\" src=\"http:\/\/www.sabine-seyffert.de\/blog\/wp-content\/uploads\/2013\/05\/Girland-nah.jpg\" alt=\"Girland nah\" width=\"800\" height=\"600\" srcset=\"https:\/\/www.sabine-seyffert.de\/blog\/wp-content\/uploads\/2013\/05\/Girland-nah.jpg 800w, https:\/\/www.sabine-seyffert.de\/blog\/wp-content\/uploads\/2013\/05\/Girland-nah-300x225.jpg 300w\" sizes=\"auto, (max-width: 800px) 100vw, 800px\" \/><\/a><\/p>\n<p style=\"text-align: justify;\">Als n\u00e4chstes n\u00e4ht man die Buchstaben mit einer engen Zickzacknaht fest. Nun legt man die Wimpel doppelt, so dass die Au\u00dfenseiten Innen gegen\u00fcber liegen und n\u00e4ht diese zusammen. Die obere Kante l\u00e4sst man offen und dreht den Wimpel nun wieder auf rechts um, dass die gew\u00fcnschte Au\u00dfenseite auch wirklich au\u00dfen liegt. Ich habe die R\u00e4nder an den Seiten nochmals mit einer normalen Naht versehen, damit es ordentlicher aussieht.<\/p>\n<p style=\"text-align: center;\"><a href=\"http:\/\/www.sabine-seyffert.de\/blog\/wp-content\/uploads\/2013\/05\/Girland-h\u00e4ngend.jpg\"><img loading=\"lazy\" decoding=\"async\" class=\"alignnone size-full wp-image-1889\" src=\"http:\/\/www.sabine-seyffert.de\/blog\/wp-content\/uploads\/2013\/05\/Girland-h\u00e4ngend.jpg\" alt=\"Girland h\u00e4ngend\" width=\"800\" height=\"600\" srcset=\"https:\/\/www.sabine-seyffert.de\/blog\/wp-content\/uploads\/2013\/05\/Girland-h\u00e4ngend.jpg 800w, https:\/\/www.sabine-seyffert.de\/blog\/wp-content\/uploads\/2013\/05\/Girland-h\u00e4ngend-300x225.jpg 300w\" sizes=\"auto, (max-width: 800px) 100vw, 800px\" \/><\/a><\/p>\n<p style=\"text-align: justify;\">Sind alle Wimpel auf diese Weise fertig, steckt man diese mit den oberen, offenen Seiten zwischen das Schr\u00e4gband. Nun noch einmal mit der Maschine eine gerade Naht dar\u00fcber n\u00e4hen, so dass die Wimpel fest im dem Schr\u00e4gband sitzen und hierdurch auch gleich sauber vern\u00e4ht sind.<\/p>\n<p style=\"text-align: justify;\">Wer au\u00dfer der Farbe Rosa noch weitere, kreative Anleitungen sucht, wird am Dienstag sicher bei <a href=\"http:\/\/www.creadienstag.de\/2013\/06\/076.html\" target=\"_blank\">Anke<\/a> f\u00fcndig!<\/p>\n<p><a href=\"http:\/\/www.sabine-seyffert.de\/blog\/?page_id=32#urheberrecht\">urherrechtlich gesch\u00fctzt<\/a>, \u00a9 Sabine Seyffert<\/p>\n","protected":false},"excerpt":{"rendered":"<p>Die farbenfrohe Fotochallenge \u201ecolor me happy\u201c von was eigenes und jolijou geht in die n\u00e4chste Runde. Diesmal steht die Farbe lovely rose an. F\u00fcr mich etwas kniffelig, da dies zugegebenerma\u00dfen nicht so meine Farbe ist. Dennoch konnte ich etwas ganz Passendes auftreiben, dass ich selbst entworfen und mit ganz viel Herzblut f\u00fcr die Tochter einer&#8230; <a href=\"https:\/\/www.sabine-seyffert.de\/blog\/etwas-rosa-fur-den-juni\/\" class=\"more-link\">Read more: Etwas Rosa f\u00fcr den Juni<\/a><\/p>\n","protected":false},"author":2,"featured_media":0,"comment_status":"open","ping_status":"open","sticky":false,"template":"","format":"standard","meta":{"_metis_text_type":"","_metis_text_length":2411,"_post_count":0,"footnotes":""},"categories":[21,33],"tags":[],"class_list":["post-1884","post","type-post","status-publish","format-standard","hentry","category-kinderfeste-partys","category-kreative-naherein"],"_links":{"self":[{"href":"https:\/\/www.sabine-seyffert.de\/blog\/wp-json\/wp\/v2\/posts\/1884","targetHints":{"allow":["GET"]}}],"collection":[{"href":"https:\/\/www.sabine-seyffert.de\/blog\/wp-json\/wp\/v2\/posts"}],"about":[{"href":"https:\/\/www.sabine-seyffert.de\/blog\/wp-json\/wp\/v2\/types\/post"}],"author":[{"embeddable":true,"href":"https:\/\/www.sabine-seyffert.de\/blog\/wp-json\/wp\/v2\/users\/2"}],"replies":[{"embeddable":true,"href":"https:\/\/www.sabine-seyffert.de\/blog\/wp-json\/wp\/v2\/comments?post=1884"}],"version-history":[{"count":14,"href":"https:\/\/www.sabine-seyffert.de\/blog\/wp-json\/wp\/v2\/posts\/1884\/revisions"}],"predecessor-version":[{"id":9848,"href":"https:\/\/www.sabine-seyffert.de\/blog\/wp-json\/wp\/v2\/posts\/1884\/revisions\/9848"}],"wp:attachment":[{"href":"https:\/\/www.sabine-seyffert.de\/blog\/wp-json\/wp\/v2\/media?parent=1884"}],"wp:term":[{"taxonomy":"category","embeddable":true,"href":"https:\/\/www.sabine-seyffert.de\/blog\/wp-json\/wp\/v2\/categories?post=1884"},{"taxonomy":"post_tag","embeddable":true,"href":"https:\/\/www.sabine-seyffert.de\/blog\/wp-json\/wp\/v2\/tags?post=1884"}],"curies":[{"name":"wp","href":"https:\/\/api.w.org\/{rel}","templated":true}]}}