{"id":18838,"date":"2021-03-01T06:00:45","date_gmt":"2021-03-01T04:00:45","guid":{"rendered":"https:\/\/www.sabine-seyffert.de\/blog\/?p=18838"},"modified":"2021-02-24T18:24:38","modified_gmt":"2021-02-24T16:24:38","slug":"bastelidee-fuer-kinder-selbst-gemachte-einladungskarte-luftballon-fuer-den-kindergeburtstag","status":"publish","type":"post","link":"https:\/\/www.sabine-seyffert.de\/blog\/bastelidee-fuer-kinder-selbst-gemachte-einladungskarte-luftballon-fuer-den-kindergeburtstag\/","title":{"rendered":"Bastelidee f\u00fcr Kinder: Selbst gemachte Einladungskarte \u201eLuftballon\u201c f\u00fcr den Kindergeburtstag"},"content":{"rendered":"<p style=\"text-align: justify;\"><img loading=\"lazy\" decoding=\"async\" src=\"https:\/\/vg07.met.vgwort.de\/na\/823708e6bd87412eba76df01a06a0dfb\" alt=\"\" width=\"1\" height=\"1\" \/>Wir starten in die n\u00e4chste Runde der <a href=\"https:\/\/www.instagram.com\/diy_sabine_seyffert\/\" target=\"_blank\" rel=\"noopener noreferrer\">DIY Challenge der Woche<\/a> und nat\u00fcrlich gibt es hierbei auch wieder ein neues Thema. Dieses lautet Kindergeburtstag. Schlie\u00dflich haben Kinder auch w\u00e4hrend <a href=\"https:\/\/www.sabine-seyffert.de\/blog\/?p=18128\" target=\"_blank\" rel=\"noopener noreferrer\">des Lockdowns<\/a> Geburtstag. Auch wenn man ihn aufgrund der Kontaktbeschr\u00e4nkungen derzeit nicht so feiern kann wie sonst, sorgen wir daf\u00fcr, dass dieser Tag etwas ganz besonders f\u00fcr das Geburtstagskind ist.<br \/>\nDenken wir mal einen Moment nicht an Corona und freuen uns auch die Zeit, wenn ein unbeschwertes Feiern wieder m\u00f6glich ist. Da darf zum Geburtstag eine tolle Einladung nicht fehlen. Wie w\u00e4re es mit einem Himmel voller Luftballons, die gleich die Vorfreude wecken &amp; f\u00fcr gute Laune sorgen?<\/p>\n<p style=\"text-align: center;\"><a href=\"https:\/\/www.sabine-seyffert.de\/blog\/wp-content\/uploads\/2021\/02\/Geburtstag-Einladung-Klorolle-Sabine-Seyffert.de-3.jpg\"><img loading=\"lazy\" decoding=\"async\" class=\"alignnone size-full wp-image-18839\" src=\"https:\/\/www.sabine-seyffert.de\/blog\/wp-content\/uploads\/2021\/02\/Geburtstag-Einladung-Klorolle-Sabine-Seyffert.de-3.jpg\" alt=\"\" width=\"800\" height=\"600\" srcset=\"https:\/\/www.sabine-seyffert.de\/blog\/wp-content\/uploads\/2021\/02\/Geburtstag-Einladung-Klorolle-Sabine-Seyffert.de-3.jpg 800w, https:\/\/www.sabine-seyffert.de\/blog\/wp-content\/uploads\/2021\/02\/Geburtstag-Einladung-Klorolle-Sabine-Seyffert.de-3-300x225.jpg 300w, https:\/\/www.sabine-seyffert.de\/blog\/wp-content\/uploads\/2021\/02\/Geburtstag-Einladung-Klorolle-Sabine-Seyffert.de-3-768x576.jpg 768w\" sizes=\"auto, (max-width: 800px) 100vw, 800px\" \/><\/a><\/p>\n<p style=\"text-align: justify;\"><strong>Das wird gebraucht:<\/strong><br \/>\nBasteldraht, Holzspatel \/ Eisstiele, eine Lochzange, leere Klorollen, Wasserfarben, bunte Papierreste \/ Papierschnipsel (alternativ <a href=\"https:\/\/www.sabine-seyffert.de\/blog\/?p=13917\" target=\"_blank\" rel=\"noopener noreferrer\">selbst gemachtes Bastelpapier<\/a> oder d\u00fcnne Pappe), Basteldraht, eine Bastelschere, wei\u00dfes Papier, Bastelkleber \/ Klebestift, einen Stift oder kleine Buchstabenstempel samt Stempelkissen, eine Bastelunterlage sowie einen <a href=\"https:\/\/www.sabine-seyffert.de\/blog\/?p=12310\" target=\"_blank\" rel=\"noopener noreferrer\">Malkittel<\/a><\/p>\n<p style=\"text-align: center;\"><a href=\"https:\/\/www.sabine-seyffert.de\/blog\/wp-content\/uploads\/2021\/02\/Geburtstag-Einladung-Klorolle-Sabine-Seyffert.de_.jpg\"><img loading=\"lazy\" decoding=\"async\" class=\"alignnone size-full wp-image-18842\" src=\"https:\/\/www.sabine-seyffert.de\/blog\/wp-content\/uploads\/2021\/02\/Geburtstag-Einladung-Klorolle-Sabine-Seyffert.de_.jpg\" alt=\"\" width=\"800\" height=\"600\" srcset=\"https:\/\/www.sabine-seyffert.de\/blog\/wp-content\/uploads\/2021\/02\/Geburtstag-Einladung-Klorolle-Sabine-Seyffert.de_.jpg 800w, https:\/\/www.sabine-seyffert.de\/blog\/wp-content\/uploads\/2021\/02\/Geburtstag-Einladung-Klorolle-Sabine-Seyffert.de_-300x225.jpg 300w, https:\/\/www.sabine-seyffert.de\/blog\/wp-content\/uploads\/2021\/02\/Geburtstag-Einladung-Klorolle-Sabine-Seyffert.de_-768x576.jpg 768w\" sizes=\"auto, (max-width: 800px) 100vw, 800px\" \/><\/a><\/p>\n<p style=\"text-align: justify;\"><strong>So wird\u2019s gemacht:<\/strong><br \/>\nErst den Tisch abdecken und die Malkittel anziehen. Dann wird als erstes die Klopapierrolle bemalt.<\/p>\n<p style=\"text-align: center;\"><a href=\"https:\/\/www.sabine-seyffert.de\/blog\/wp-content\/uploads\/2021\/02\/Geburtstag-Einladung-Klorolle-Sabine-Seyffert.de-0.jpg\"><img loading=\"lazy\" decoding=\"async\" class=\"alignnone size-full wp-image-18843\" src=\"https:\/\/www.sabine-seyffert.de\/blog\/wp-content\/uploads\/2021\/02\/Geburtstag-Einladung-Klorolle-Sabine-Seyffert.de-0.jpg\" alt=\"\" width=\"800\" height=\"600\" srcset=\"https:\/\/www.sabine-seyffert.de\/blog\/wp-content\/uploads\/2021\/02\/Geburtstag-Einladung-Klorolle-Sabine-Seyffert.de-0.jpg 800w, https:\/\/www.sabine-seyffert.de\/blog\/wp-content\/uploads\/2021\/02\/Geburtstag-Einladung-Klorolle-Sabine-Seyffert.de-0-300x225.jpg 300w, https:\/\/www.sabine-seyffert.de\/blog\/wp-content\/uploads\/2021\/02\/Geburtstag-Einladung-Klorolle-Sabine-Seyffert.de-0-768x576.jpg 768w\" sizes=\"auto, (max-width: 800px) 100vw, 800px\" \/><\/a><\/p>\n<p style=\"text-align: justify;\">Wenn ihr mit Wasserfarbe malt, verwendet viel Farbe und nur wenig Wasser. So deckt es am besten und die Farbe leuchtet auf diese Weise auch intensiver.<\/p>\n<p style=\"text-align: center;\"><a href=\"https:\/\/www.sabine-seyffert.de\/blog\/wp-content\/uploads\/2021\/02\/Geburtstag-Einladung-Klorolle-Sabine-Seyffert.de-9.jpg\"><img loading=\"lazy\" decoding=\"async\" class=\"alignnone size-full wp-image-18844\" src=\"https:\/\/www.sabine-seyffert.de\/blog\/wp-content\/uploads\/2021\/02\/Geburtstag-Einladung-Klorolle-Sabine-Seyffert.de-9.jpg\" alt=\"\" width=\"800\" height=\"600\" srcset=\"https:\/\/www.sabine-seyffert.de\/blog\/wp-content\/uploads\/2021\/02\/Geburtstag-Einladung-Klorolle-Sabine-Seyffert.de-9.jpg 800w, https:\/\/www.sabine-seyffert.de\/blog\/wp-content\/uploads\/2021\/02\/Geburtstag-Einladung-Klorolle-Sabine-Seyffert.de-9-300x225.jpg 300w, https:\/\/www.sabine-seyffert.de\/blog\/wp-content\/uploads\/2021\/02\/Geburtstag-Einladung-Klorolle-Sabine-Seyffert.de-9-768x576.jpg 768w\" sizes=\"auto, (max-width: 800px) 100vw, 800px\" \/><\/a><\/p>\n<p style=\"text-align: justify;\">W\u00e4hrend die Farbe trocknet, bereitet den Rest vor: Der Holzstiel wird mit oben mittig mit einem Loch versehen, dass man \u2013 \u00e4hnlich wie bei <a href=\"https:\/\/www.sabine-seyffert.de\/blog\/?p=17971\" target=\"_blank\" rel=\"noopener noreferrer\">diesen Lesezeichen<\/a>, prima mit einer Lochzange hineinstanzen kann.<\/p>\n<p style=\"text-align: center;\"><a href=\"https:\/\/www.sabine-seyffert.de\/blog\/wp-content\/uploads\/2021\/02\/Geburtstag-Einladung-Klorolle-Sabine-Seyffert.de-10.jpg\"><img loading=\"lazy\" decoding=\"async\" class=\"alignnone size-full wp-image-18845\" src=\"https:\/\/www.sabine-seyffert.de\/blog\/wp-content\/uploads\/2021\/02\/Geburtstag-Einladung-Klorolle-Sabine-Seyffert.de-10.jpg\" alt=\"\" width=\"800\" height=\"600\" srcset=\"https:\/\/www.sabine-seyffert.de\/blog\/wp-content\/uploads\/2021\/02\/Geburtstag-Einladung-Klorolle-Sabine-Seyffert.de-10.jpg 800w, https:\/\/www.sabine-seyffert.de\/blog\/wp-content\/uploads\/2021\/02\/Geburtstag-Einladung-Klorolle-Sabine-Seyffert.de-10-300x225.jpg 300w, https:\/\/www.sabine-seyffert.de\/blog\/wp-content\/uploads\/2021\/02\/Geburtstag-Einladung-Klorolle-Sabine-Seyffert.de-10-768x576.jpg 768w\" sizes=\"auto, (max-width: 800px) 100vw, 800px\" \/><\/a><\/p>\n<p style=\"text-align: justify;\">Aus bunten Papierresten schnippelt ihr bunte Ballons. Diese kommen nat\u00fcrlich an eine \u201eSchnur\u201c, damit sie nicht davonfliegen.<\/p>\n<p style=\"text-align: center;\"><a href=\"https:\/\/www.sabine-seyffert.de\/blog\/wp-content\/uploads\/2021\/02\/Geburtstag-Einladung-Klorolle-Sabine-Seyffert.de-8.jpg\"><img loading=\"lazy\" decoding=\"async\" class=\"alignnone size-full wp-image-18846\" src=\"https:\/\/www.sabine-seyffert.de\/blog\/wp-content\/uploads\/2021\/02\/Geburtstag-Einladung-Klorolle-Sabine-Seyffert.de-8.jpg\" alt=\"\" width=\"800\" height=\"600\" srcset=\"https:\/\/www.sabine-seyffert.de\/blog\/wp-content\/uploads\/2021\/02\/Geburtstag-Einladung-Klorolle-Sabine-Seyffert.de-8.jpg 800w, https:\/\/www.sabine-seyffert.de\/blog\/wp-content\/uploads\/2021\/02\/Geburtstag-Einladung-Klorolle-Sabine-Seyffert.de-8-300x225.jpg 300w, https:\/\/www.sabine-seyffert.de\/blog\/wp-content\/uploads\/2021\/02\/Geburtstag-Einladung-Klorolle-Sabine-Seyffert.de-8-768x576.jpg 768w\" sizes=\"auto, (max-width: 800px) 100vw, 800px\" \/><\/a><\/p>\n<p style=\"text-align: justify;\">Dazu ben\u00f6tigt ihr d\u00fcnnen Basteldraht, den zieht ihr durch das Loch im Holzstiel und verdreht es so, dass der Draht fest in der \u00d6ffnung sitzt.<\/p>\n<p style=\"text-align: center;\"><a href=\"https:\/\/www.sabine-seyffert.de\/blog\/wp-content\/uploads\/2021\/02\/Geburtstag-Einladung-Klorolle-Sabine-Seyffert.de-7.jpg\"><img loading=\"lazy\" decoding=\"async\" class=\"alignnone size-full wp-image-18847\" src=\"https:\/\/www.sabine-seyffert.de\/blog\/wp-content\/uploads\/2021\/02\/Geburtstag-Einladung-Klorolle-Sabine-Seyffert.de-7.jpg\" alt=\"\" width=\"800\" height=\"600\" srcset=\"https:\/\/www.sabine-seyffert.de\/blog\/wp-content\/uploads\/2021\/02\/Geburtstag-Einladung-Klorolle-Sabine-Seyffert.de-7.jpg 800w, https:\/\/www.sabine-seyffert.de\/blog\/wp-content\/uploads\/2021\/02\/Geburtstag-Einladung-Klorolle-Sabine-Seyffert.de-7-300x225.jpg 300w, https:\/\/www.sabine-seyffert.de\/blog\/wp-content\/uploads\/2021\/02\/Geburtstag-Einladung-Klorolle-Sabine-Seyffert.de-7-768x576.jpg 768w\" sizes=\"auto, (max-width: 800px) 100vw, 800px\" \/><\/a><\/p>\n<p style=\"text-align: justify;\">Die Enden klebt ihr hinter die Luftballons. Entweder ihr arbeitet die Ballons in doppelter Ausf\u00fchrung und klebt den Draht dazwischen oder ihr klebt einen kleinen Papierstreifen von der R\u00fcckseite \u00fcber das Drahtende.<\/p>\n<p style=\"text-align: center;\"><a href=\"https:\/\/www.sabine-seyffert.de\/blog\/wp-content\/uploads\/2021\/02\/Geburtstag-Einladung-Klorolle-Sabine-Seyffert.de-6.jpg\"><img loading=\"lazy\" decoding=\"async\" class=\"alignnone size-full wp-image-18848\" src=\"https:\/\/www.sabine-seyffert.de\/blog\/wp-content\/uploads\/2021\/02\/Geburtstag-Einladung-Klorolle-Sabine-Seyffert.de-6.jpg\" alt=\"\" width=\"800\" height=\"600\" srcset=\"https:\/\/www.sabine-seyffert.de\/blog\/wp-content\/uploads\/2021\/02\/Geburtstag-Einladung-Klorolle-Sabine-Seyffert.de-6.jpg 800w, https:\/\/www.sabine-seyffert.de\/blog\/wp-content\/uploads\/2021\/02\/Geburtstag-Einladung-Klorolle-Sabine-Seyffert.de-6-300x225.jpg 300w, https:\/\/www.sabine-seyffert.de\/blog\/wp-content\/uploads\/2021\/02\/Geburtstag-Einladung-Klorolle-Sabine-Seyffert.de-6-768x576.jpg 768w\" sizes=\"auto, (max-width: 800px) 100vw, 800px\" \/><\/a><\/p>\n<p style=\"text-align: justify;\">Aus dem wei\u00dfen Papier schneidet ihr eine kleine Wolke und beschriftet sie mit \u201eEinladung\u201c. Diese wird vorne auf die Rolle geklebt.<\/p>\n<p style=\"text-align: center;\"><a href=\"https:\/\/www.sabine-seyffert.de\/blog\/wp-content\/uploads\/2021\/02\/Geburtstag-Einladung-Klorolle-Sabine-Seyffert.de-5.jpg\"><img loading=\"lazy\" decoding=\"async\" class=\"alignnone size-full wp-image-18849\" src=\"https:\/\/www.sabine-seyffert.de\/blog\/wp-content\/uploads\/2021\/02\/Geburtstag-Einladung-Klorolle-Sabine-Seyffert.de-5.jpg\" alt=\"\" width=\"800\" height=\"600\" srcset=\"https:\/\/www.sabine-seyffert.de\/blog\/wp-content\/uploads\/2021\/02\/Geburtstag-Einladung-Klorolle-Sabine-Seyffert.de-5.jpg 800w, https:\/\/www.sabine-seyffert.de\/blog\/wp-content\/uploads\/2021\/02\/Geburtstag-Einladung-Klorolle-Sabine-Seyffert.de-5-300x225.jpg 300w, https:\/\/www.sabine-seyffert.de\/blog\/wp-content\/uploads\/2021\/02\/Geburtstag-Einladung-Klorolle-Sabine-Seyffert.de-5-768x576.jpg 768w\" sizes=\"auto, (max-width: 800px) 100vw, 800px\" \/><\/a><\/p>\n<p style=\"text-align: justify;\">Den Stiel an dem oben die vielen Ballons h\u00e4ngen klebt man nun so in die Rolle hinein, dass die Ballons oben herausragen. Den Text f\u00fcr die Einladung k\u00f6nnt ihr auf die R\u00fcckseite der Rolle schreiben oder kleben. Wie gef\u00e4llt euch diese Einladungsidee?<\/p>\n<p><a href=\"https:\/\/www.sabine-seyffert.de\/blog\/wp-content\/uploads\/2021\/02\/Geburtstag-Einladung-Klorolle-Sabine-Seyffert.de-4.jpg\"><img loading=\"lazy\" decoding=\"async\" class=\"alignnone size-full wp-image-18850\" src=\"https:\/\/www.sabine-seyffert.de\/blog\/wp-content\/uploads\/2021\/02\/Geburtstag-Einladung-Klorolle-Sabine-Seyffert.de-4.jpg\" alt=\"\" width=\"800\" height=\"600\" srcset=\"https:\/\/www.sabine-seyffert.de\/blog\/wp-content\/uploads\/2021\/02\/Geburtstag-Einladung-Klorolle-Sabine-Seyffert.de-4.jpg 800w, https:\/\/www.sabine-seyffert.de\/blog\/wp-content\/uploads\/2021\/02\/Geburtstag-Einladung-Klorolle-Sabine-Seyffert.de-4-300x225.jpg 300w, https:\/\/www.sabine-seyffert.de\/blog\/wp-content\/uploads\/2021\/02\/Geburtstag-Einladung-Klorolle-Sabine-Seyffert.de-4-768x576.jpg 768w\" sizes=\"auto, (max-width: 800px) 100vw, 800px\" \/><\/a><\/p>\n<p style=\"text-align: justify;\"><strong>Ein kleiner Tipp:<\/strong><br \/>\nVielleicht reicht es im Moment ja auch aus nur den besten Freund oder die beste Freund einzuladen, um \u00fcberhaupt eine Einladung basteln zu k\u00f6nnen. Und falls nicht, kann man diese farbenfrohe Upcycling Idee auch einfach als Geburtstagsgru\u00df \u00fcberreichen oder notfalls auch per Post verschicken!<\/p>\n<p style=\"text-align: center;\"><a href=\"https:\/\/www.sabine-seyffert.de\/blog\/wp-content\/uploads\/2021\/02\/Geburtstag-Einladung-Klorolle-Sabine-Seyffert.de-2.jpg\"><img loading=\"lazy\" decoding=\"async\" class=\"alignnone size-full wp-image-18841\" src=\"https:\/\/www.sabine-seyffert.de\/blog\/wp-content\/uploads\/2021\/02\/Geburtstag-Einladung-Klorolle-Sabine-Seyffert.de-2.jpg\" alt=\"\" width=\"800\" height=\"600\" srcset=\"https:\/\/www.sabine-seyffert.de\/blog\/wp-content\/uploads\/2021\/02\/Geburtstag-Einladung-Klorolle-Sabine-Seyffert.de-2.jpg 800w, https:\/\/www.sabine-seyffert.de\/blog\/wp-content\/uploads\/2021\/02\/Geburtstag-Einladung-Klorolle-Sabine-Seyffert.de-2-300x225.jpg 300w, https:\/\/www.sabine-seyffert.de\/blog\/wp-content\/uploads\/2021\/02\/Geburtstag-Einladung-Klorolle-Sabine-Seyffert.de-2-768x576.jpg 768w\" sizes=\"auto, (max-width: 800px) 100vw, 800px\" \/><\/a><\/p>\n<p style=\"text-align: justify;\">Weitere Ideen zum Thema Kindergeburtstag findet ihr \u00fcbrigens in <a href=\"https:\/\/www.sabine-seyffert.de\/blog\/?cat=21\" target=\"_blank\" rel=\"noopener noreferrer\">dieser Blog Kategorie<\/a>, alles zum Thema Upcycling mit detaillierter Bastelanleitung gibt es in <a href=\"https:\/\/www.sabine-seyffert.de\/blog\/?cat=47\" target=\"_blank\" rel=\"noopener noreferrer\">dieser Rubrik<\/a>, kreative Bastelideen f\u00fcr Kinder mit Bastelanleitung sind in <a href=\"https:\/\/www.sabine-seyffert.de\/blog\/?cat=32\" target=\"_blank\" rel=\"noopener noreferrer\">diesem Blog Ordner<\/a> oder auch an <a href=\"https:\/\/www.pinterest.de\/diysabineseyffert\/\" target=\"_blank\" rel=\"noopener noreferrer\">meinen Pinnw\u00e4nden<\/a> und andere kreative Sachen da.<\/p>\n<p style=\"text-align: center;\"><a href=\"https:\/\/www.sabine-seyffert.de\/blog\/wp-content\/uploads\/2021\/02\/Geburtstag-Einladung-Klorolle-Sabine-Seyffert.de-1.jpg\"><img loading=\"lazy\" decoding=\"async\" class=\"alignnone size-full wp-image-18840\" src=\"https:\/\/www.sabine-seyffert.de\/blog\/wp-content\/uploads\/2021\/02\/Geburtstag-Einladung-Klorolle-Sabine-Seyffert.de-1.jpg\" alt=\"\" width=\"600\" height=\"800\" srcset=\"https:\/\/www.sabine-seyffert.de\/blog\/wp-content\/uploads\/2021\/02\/Geburtstag-Einladung-Klorolle-Sabine-Seyffert.de-1.jpg 600w, https:\/\/www.sabine-seyffert.de\/blog\/wp-content\/uploads\/2021\/02\/Geburtstag-Einladung-Klorolle-Sabine-Seyffert.de-1-225x300.jpg 225w\" sizes=\"auto, (max-width: 600px) 100vw, 600px\" \/><\/a><\/p>\n<p style=\"text-align: justify;\"><a href=\"https:\/\/www.sabine-seyffert.de\/blog\/?page_id=32#urheberrecht\">urheberrechtlich gesch\u00fctzt<\/a>, \u00a9 Sabine Seyffert<\/p>\n","protected":false},"excerpt":{"rendered":"<p>Wir starten in die n\u00e4chste Runde der DIY Challenge der Woche und nat\u00fcrlich gibt es hierbei auch wieder ein neues Thema. Dieses lautet Kindergeburtstag. Schlie\u00dflich haben Kinder auch w\u00e4hrend des Lockdowns Geburtstag. Auch wenn man ihn aufgrund der Kontaktbeschr\u00e4nkungen derzeit nicht so feiern kann wie sonst, sorgen wir daf\u00fcr, dass dieser Tag etwas ganz besonders&#8230; <a href=\"https:\/\/www.sabine-seyffert.de\/blog\/bastelidee-fuer-kinder-selbst-gemachte-einladungskarte-luftballon-fuer-den-kindergeburtstag\/\" class=\"more-link\">Read more: Bastelidee f\u00fcr Kinder: Selbst gemachte Einladungskarte \u201eLuftballon\u201c f\u00fcr den Kindergeburtstag<\/a><\/p>\n","protected":false},"author":2,"featured_media":0,"comment_status":"open","ping_status":"open","sticky":false,"template":"","format":"standard","meta":{"_metis_text_type":"","_metis_text_length":3069,"_post_count":0,"footnotes":""},"categories":[32,26,21,47],"tags":[],"class_list":["post-18838","post","type-post","status-publish","format-standard","hentry","category-kreatives-fur-kleine-kinderhande","category-karneval","category-kinderfeste-partys","category-upcyceltes"],"_links":{"self":[{"href":"https:\/\/www.sabine-seyffert.de\/blog\/wp-json\/wp\/v2\/posts\/18838","targetHints":{"allow":["GET"]}}],"collection":[{"href":"https:\/\/www.sabine-seyffert.de\/blog\/wp-json\/wp\/v2\/posts"}],"about":[{"href":"https:\/\/www.sabine-seyffert.de\/blog\/wp-json\/wp\/v2\/types\/post"}],"author":[{"embeddable":true,"href":"https:\/\/www.sabine-seyffert.de\/blog\/wp-json\/wp\/v2\/users\/2"}],"replies":[{"embeddable":true,"href":"https:\/\/www.sabine-seyffert.de\/blog\/wp-json\/wp\/v2\/comments?post=18838"}],"version-history":[{"count":3,"href":"https:\/\/www.sabine-seyffert.de\/blog\/wp-json\/wp\/v2\/posts\/18838\/revisions"}],"predecessor-version":[{"id":18853,"href":"https:\/\/www.sabine-seyffert.de\/blog\/wp-json\/wp\/v2\/posts\/18838\/revisions\/18853"}],"wp:attachment":[{"href":"https:\/\/www.sabine-seyffert.de\/blog\/wp-json\/wp\/v2\/media?parent=18838"}],"wp:term":[{"taxonomy":"category","embeddable":true,"href":"https:\/\/www.sabine-seyffert.de\/blog\/wp-json\/wp\/v2\/categories?post=18838"},{"taxonomy":"post_tag","embeddable":true,"href":"https:\/\/www.sabine-seyffert.de\/blog\/wp-json\/wp\/v2\/tags?post=18838"}],"curies":[{"name":"wp","href":"https:\/\/api.w.org\/{rel}","templated":true}]}}