{"id":18789,"date":"2021-02-26T06:00:56","date_gmt":"2021-02-26T04:00:56","guid":{"rendered":"https:\/\/www.sabine-seyffert.de\/blog\/?p=18789"},"modified":"2022-09-02T11:16:10","modified_gmt":"2022-09-02T09:16:10","slug":"kreative-bastelidee-fuer-kinder-pferd-aus-deckel-erdnuss-basteln","status":"publish","type":"post","link":"https:\/\/www.sabine-seyffert.de\/blog\/kreative-bastelidee-fuer-kinder-pferd-aus-deckel-erdnuss-basteln\/","title":{"rendered":"Kreative Bastelidee f\u00fcr Kinder: Pferd aus Deckel &#038; Erdnuss basteln"},"content":{"rendered":"<p style=\"text-align: justify;\"><img loading=\"lazy\" decoding=\"async\" src=\"https:\/\/vg07.met.vgwort.de\/na\/5f48b4561b3447678c7797263053515a\" alt=\"\" width=\"1\" height=\"1\" \/>Heute habe ich passend zum Thema \u201ePferde\u201c der <a href=\"https:\/\/www.instagram.com\/diy_sabine_seyffert\/\" target=\"_blank\" rel=\"noopener noreferrer\">DIY Challenge der Woche<\/a> eine ganz ausgefallene, pfiffige Bastelanleitung mit dabei. Vielleicht habt ihr von Weihnachten noch eine handvoll N\u00fcsse \u00fcbrig? Wir basteln n\u00e4mlich kleine Pferde aus frischen Erdn\u00fcssen (mit Schale!). Das passt von der Form her super gut zu dem Pferdekopf. Das restliche Bastelmaterial habt ihr mit Sicherheit Zuhause. Denn wir auch bei all den zahlreichen Besch\u00e4ftigungsideen <a href=\"https:\/\/www.sabine-seyffert.de\/blog\/?p=18128\" target=\"_blank\" rel=\"noopener noreferrer\">im Lockdown<\/a> kommen dabei haupts\u00e4chlich die Sachen zum Einsatz, die man nicht kaufen muss und die alle bei sich Zuhause haben.<\/p>\n<p style=\"text-align: center;\"><a href=\"https:\/\/www.sabine-seyffert.de\/blog\/wp-content\/uploads\/2021\/02\/Erdnuss-Pferd-Sabine-Seyffert.de-3.jpg\"><img loading=\"lazy\" decoding=\"async\" class=\"alignnone size-full wp-image-18790\" src=\"https:\/\/www.sabine-seyffert.de\/blog\/wp-content\/uploads\/2021\/02\/Erdnuss-Pferd-Sabine-Seyffert.de-3.jpg\" alt=\"\" width=\"800\" height=\"600\" srcset=\"https:\/\/www.sabine-seyffert.de\/blog\/wp-content\/uploads\/2021\/02\/Erdnuss-Pferd-Sabine-Seyffert.de-3.jpg 800w, https:\/\/www.sabine-seyffert.de\/blog\/wp-content\/uploads\/2021\/02\/Erdnuss-Pferd-Sabine-Seyffert.de-3-300x225.jpg 300w, https:\/\/www.sabine-seyffert.de\/blog\/wp-content\/uploads\/2021\/02\/Erdnuss-Pferd-Sabine-Seyffert.de-3-768x576.jpg 768w\" sizes=\"auto, (max-width: 800px) 100vw, 800px\" \/><\/a><\/p>\n<p style=\"text-align: justify;\"><strong>Das wird gebraucht:<\/strong><br \/>\nEinen Deckel, eine alte Tageszeitung, Pinsel, einen Wasserfarbkasten inclusiv Deckwei\u00df, Bastelkleber, eine leere Klorolle oder d\u00fcnne Pappe (bsp. ein leerer Nudelkarton oder eine M\u00fcsliverpackung), Wollreste, eine Bastelunterlage und einen <a href=\"https:\/\/www.sabine-seyffert.de\/blog\/?p=12310\" target=\"_blank\" rel=\"noopener noreferrer\">Malkittel<\/a> sowie optional eine Hei\u00dfklebepistole samt Klebepatrone<\/p>\n<p style=\"text-align: center;\"><a href=\"https:\/\/www.sabine-seyffert.de\/blog\/wp-content\/uploads\/2021\/02\/Erdnuss-Pferd-Sabine-Seyffert.de-0.jpg\"><img loading=\"lazy\" decoding=\"async\" class=\"alignnone size-full wp-image-18795\" src=\"https:\/\/www.sabine-seyffert.de\/blog\/wp-content\/uploads\/2021\/02\/Erdnuss-Pferd-Sabine-Seyffert.de-0.jpg\" alt=\"\" width=\"800\" height=\"600\" srcset=\"https:\/\/www.sabine-seyffert.de\/blog\/wp-content\/uploads\/2021\/02\/Erdnuss-Pferd-Sabine-Seyffert.de-0.jpg 800w, https:\/\/www.sabine-seyffert.de\/blog\/wp-content\/uploads\/2021\/02\/Erdnuss-Pferd-Sabine-Seyffert.de-0-300x225.jpg 300w, https:\/\/www.sabine-seyffert.de\/blog\/wp-content\/uploads\/2021\/02\/Erdnuss-Pferd-Sabine-Seyffert.de-0-768x576.jpg 768w\" sizes=\"auto, (max-width: 800px) 100vw, 800px\" \/><\/a><\/p>\n<p style=\"text-align: justify;\"><strong>So wird\u2019s gemacht:<\/strong><br \/>\nAls erstes stellt ihr euch aus Zeitungspapier und Wasserfarben <a href=\"https:\/\/www.sabine-seyffert.de\/blog\/?p=13917\" target=\"_blank\" rel=\"noopener noreferrer\">kostenloses Bastelpapier<\/a> in den Farben eurer Wahl her. Denkt aber daran, zuvor den Tisch gut abzudecken und einen Malkittel \u00fcberzuziehen.<\/p>\n<p style=\"text-align: center;\"><a href=\"https:\/\/www.sabine-seyffert.de\/blog\/wp-content\/uploads\/2021\/02\/Erdnuss-Pferd-Sabine-Seyffert.de-10.jpg\"><img loading=\"lazy\" decoding=\"async\" class=\"alignnone size-full wp-image-18796\" src=\"https:\/\/www.sabine-seyffert.de\/blog\/wp-content\/uploads\/2021\/02\/Erdnuss-Pferd-Sabine-Seyffert.de-10.jpg\" alt=\"\" width=\"800\" height=\"600\" srcset=\"https:\/\/www.sabine-seyffert.de\/blog\/wp-content\/uploads\/2021\/02\/Erdnuss-Pferd-Sabine-Seyffert.de-10.jpg 800w, https:\/\/www.sabine-seyffert.de\/blog\/wp-content\/uploads\/2021\/02\/Erdnuss-Pferd-Sabine-Seyffert.de-10-300x225.jpg 300w, https:\/\/www.sabine-seyffert.de\/blog\/wp-content\/uploads\/2021\/02\/Erdnuss-Pferd-Sabine-Seyffert.de-10-768x576.jpg 768w\" sizes=\"auto, (max-width: 800px) 100vw, 800px\" \/><\/a><\/p>\n<p style=\"text-align: justify;\">W\u00e4hrend die bemalte Zeitung am besten in Heizungsn\u00e4he trocknet, k\u00f6nnt ihr euch das Pferd, besser gesagt die Erdnuss, vornehmen.<\/p>\n<p style=\"text-align: center;\"><a href=\"https:\/\/www.sabine-seyffert.de\/blog\/wp-content\/uploads\/2021\/02\/Erdnuss-Pferd-Sabine-Seyffert.de-9.jpg\"><img loading=\"lazy\" decoding=\"async\" class=\"alignnone size-full wp-image-18797\" src=\"https:\/\/www.sabine-seyffert.de\/blog\/wp-content\/uploads\/2021\/02\/Erdnuss-Pferd-Sabine-Seyffert.de-9.jpg\" alt=\"\" width=\"800\" height=\"600\" srcset=\"https:\/\/www.sabine-seyffert.de\/blog\/wp-content\/uploads\/2021\/02\/Erdnuss-Pferd-Sabine-Seyffert.de-9.jpg 800w, https:\/\/www.sabine-seyffert.de\/blog\/wp-content\/uploads\/2021\/02\/Erdnuss-Pferd-Sabine-Seyffert.de-9-300x225.jpg 300w, https:\/\/www.sabine-seyffert.de\/blog\/wp-content\/uploads\/2021\/02\/Erdnuss-Pferd-Sabine-Seyffert.de-9-768x576.jpg 768w\" sizes=\"auto, (max-width: 800px) 100vw, 800px\" \/><\/a><\/p>\n<p style=\"text-align: justify;\">Schneidet f\u00fcr die M\u00e4hne Wolle in k\u00fcrzere St\u00fccke. Wenn die Wolle zu dick ist, kann man die F\u00e4den prima auseinanderziehen.<\/p>\n<p style=\"text-align: center;\"><a href=\"https:\/\/www.sabine-seyffert.de\/blog\/wp-content\/uploads\/2021\/02\/Erdnuss-Pferd-Sabine-Seyffert.de_.jpg\"><img loading=\"lazy\" decoding=\"async\" class=\"alignnone size-full wp-image-18798\" src=\"https:\/\/www.sabine-seyffert.de\/blog\/wp-content\/uploads\/2021\/02\/Erdnuss-Pferd-Sabine-Seyffert.de_.jpg\" alt=\"\" width=\"800\" height=\"600\" srcset=\"https:\/\/www.sabine-seyffert.de\/blog\/wp-content\/uploads\/2021\/02\/Erdnuss-Pferd-Sabine-Seyffert.de_.jpg 800w, https:\/\/www.sabine-seyffert.de\/blog\/wp-content\/uploads\/2021\/02\/Erdnuss-Pferd-Sabine-Seyffert.de_-300x225.jpg 300w, https:\/\/www.sabine-seyffert.de\/blog\/wp-content\/uploads\/2021\/02\/Erdnuss-Pferd-Sabine-Seyffert.de_-768x576.jpg 768w\" sizes=\"auto, (max-width: 800px) 100vw, 800px\" \/><\/a><\/p>\n<p style=\"text-align: justify;\">Das hat den Vorteil, dass sich das Pferdehaar auf diese Weise sch\u00f6n lockt und etwas kringelt. Aus einer Klopapierrolle oder d\u00fcnner Pappe schneidet ihr zwei Ohren. Meine sind Innen noch mit dem selbst gemachten Bastelpapier beklebt.<\/p>\n<p style=\"text-align: center;\"><a href=\"https:\/\/www.sabine-seyffert.de\/blog\/wp-content\/uploads\/2021\/02\/Erdnuss-Pferd-Sabine-Seyffert.de-8.jpg\"><img loading=\"lazy\" decoding=\"async\" class=\"alignnone size-full wp-image-18799\" src=\"https:\/\/www.sabine-seyffert.de\/blog\/wp-content\/uploads\/2021\/02\/Erdnuss-Pferd-Sabine-Seyffert.de-8.jpg\" alt=\"\" width=\"800\" height=\"600\" srcset=\"https:\/\/www.sabine-seyffert.de\/blog\/wp-content\/uploads\/2021\/02\/Erdnuss-Pferd-Sabine-Seyffert.de-8.jpg 800w, https:\/\/www.sabine-seyffert.de\/blog\/wp-content\/uploads\/2021\/02\/Erdnuss-Pferd-Sabine-Seyffert.de-8-300x225.jpg 300w, https:\/\/www.sabine-seyffert.de\/blog\/wp-content\/uploads\/2021\/02\/Erdnuss-Pferd-Sabine-Seyffert.de-8-768x576.jpg 768w\" sizes=\"auto, (max-width: 800px) 100vw, 800px\" \/><\/a><\/p>\n<p style=\"text-align: justify;\">F\u00fcr das Zaumzeug kann man ebenfalls das DIY Bastelpapier verwenden, in dem man es mit der Schere in schmale Streifen schneidet. Wer mag, kann dazu auch eine Zickzackschere nehmen und \/ oder die Streifen noch mit Mustern versehen. Die Augen sind aufgemalt, ebenso wie die N\u00fcstern. Diese lassen sich aber ebenso gut auf dem Bastelpapier oder der Pappe zuschneiden und aufkleben.<\/p>\n<p style=\"text-align: center;\"><a href=\"https:\/\/www.sabine-seyffert.de\/blog\/wp-content\/uploads\/2021\/02\/Erdnuss-Pferd-Sabine-Seyffert.de-7.jpg\"><img loading=\"lazy\" decoding=\"async\" class=\"alignnone size-full wp-image-18800\" src=\"https:\/\/www.sabine-seyffert.de\/blog\/wp-content\/uploads\/2021\/02\/Erdnuss-Pferd-Sabine-Seyffert.de-7.jpg\" alt=\"\" width=\"800\" height=\"600\" srcset=\"https:\/\/www.sabine-seyffert.de\/blog\/wp-content\/uploads\/2021\/02\/Erdnuss-Pferd-Sabine-Seyffert.de-7.jpg 800w, https:\/\/www.sabine-seyffert.de\/blog\/wp-content\/uploads\/2021\/02\/Erdnuss-Pferd-Sabine-Seyffert.de-7-300x225.jpg 300w, https:\/\/www.sabine-seyffert.de\/blog\/wp-content\/uploads\/2021\/02\/Erdnuss-Pferd-Sabine-Seyffert.de-7-768x576.jpg 768w\" sizes=\"auto, (max-width: 800px) 100vw, 800px\" \/><\/a><\/p>\n<p style=\"text-align: justify;\">Die Pferdehaare klebt ihr am besten mit fl\u00fcssigem Kleber fest. Das h\u00e4lt besser als mit einem Klebestift, den ich sonst immer lieber zum Basteln nutze. Um einen sch\u00f6nen Hintergrund zu bekommen, legt ihr den sauberen Deckel auf das Bastelpapier, umfahrt diesen mit einem Bleistift und schneidet den Kreis aus. Anschlie\u00dfend klebt ihr diesen mittig in die Innenseite des Deckels. Wer mag, kann diese noch mit einem Muster verzieren. Ich habe mit Hilfe eines Streichholzs kleine G\u00e4nsebl\u00fcmchen mit Bastelfarbe hinein gestempelt.<\/p>\n<p style=\"text-align: center;\"><a href=\"https:\/\/www.sabine-seyffert.de\/blog\/wp-content\/uploads\/2021\/02\/Erdnuss-Pferd-Sabine-Seyffert.de-6.jpg\"><img loading=\"lazy\" decoding=\"async\" class=\"alignnone size-full wp-image-18801\" src=\"https:\/\/www.sabine-seyffert.de\/blog\/wp-content\/uploads\/2021\/02\/Erdnuss-Pferd-Sabine-Seyffert.de-6.jpg\" alt=\"\" width=\"800\" height=\"600\" srcset=\"https:\/\/www.sabine-seyffert.de\/blog\/wp-content\/uploads\/2021\/02\/Erdnuss-Pferd-Sabine-Seyffert.de-6.jpg 800w, https:\/\/www.sabine-seyffert.de\/blog\/wp-content\/uploads\/2021\/02\/Erdnuss-Pferd-Sabine-Seyffert.de-6-300x225.jpg 300w, https:\/\/www.sabine-seyffert.de\/blog\/wp-content\/uploads\/2021\/02\/Erdnuss-Pferd-Sabine-Seyffert.de-6-768x576.jpg 768w\" sizes=\"auto, (max-width: 800px) 100vw, 800px\" \/><\/a><\/p>\n<p style=\"text-align: justify;\">Zum Schlu\u00df klebt ihr dann das Pferd mit (fl\u00fcssigem) Kleber oder der Hei\u00dfklebepistole mittig den Deckel. So habt ihr eine s\u00fc\u00dfe Deko zum Aufh\u00e4ngen im Kinderzimmer!<\/p>\n<p style=\"text-align: center;\"><a href=\"https:\/\/www.sabine-seyffert.de\/blog\/wp-content\/uploads\/2021\/02\/Erdnuss-Pferd-Sabine-Seyffert.de-4.jpg\"><img loading=\"lazy\" decoding=\"async\" class=\"alignnone size-full wp-image-18793\" src=\"https:\/\/www.sabine-seyffert.de\/blog\/wp-content\/uploads\/2021\/02\/Erdnuss-Pferd-Sabine-Seyffert.de-4.jpg\" alt=\"\" width=\"800\" height=\"600\" srcset=\"https:\/\/www.sabine-seyffert.de\/blog\/wp-content\/uploads\/2021\/02\/Erdnuss-Pferd-Sabine-Seyffert.de-4.jpg 800w, https:\/\/www.sabine-seyffert.de\/blog\/wp-content\/uploads\/2021\/02\/Erdnuss-Pferd-Sabine-Seyffert.de-4-300x225.jpg 300w, https:\/\/www.sabine-seyffert.de\/blog\/wp-content\/uploads\/2021\/02\/Erdnuss-Pferd-Sabine-Seyffert.de-4-768x576.jpg 768w\" sizes=\"auto, (max-width: 800px) 100vw, 800px\" \/><\/a><\/p>\n<p style=\"text-align: justify;\"><strong>Ein kleiner Tipp:<\/strong><br \/>\nDies ist auch eine tolle Besch\u00e4ftigungsidee f\u00fcr einen <a href=\"https:\/\/www.sabine-seyffert.de\/blog\/?cat=21\" target=\"_blank\" rel=\"noopener noreferrer\">Kindergeburtstag<\/a> bzw. einer Mottoparty zum Thema. Dabei kann sich jedes Kind sein eigenes Erdnuss Pony gestalten und als Erinnerung mit nach Hause nehmen!<\/p>\n<p style=\"text-align: center;\"><a href=\"https:\/\/www.sabine-seyffert.de\/blog\/wp-content\/uploads\/2021\/02\/Erdnuss-Pferd-Sabine-Seyffert.de-1.jpg\"><img loading=\"lazy\" decoding=\"async\" class=\"alignnone size-full wp-image-18792\" src=\"https:\/\/www.sabine-seyffert.de\/blog\/wp-content\/uploads\/2021\/02\/Erdnuss-Pferd-Sabine-Seyffert.de-1.jpg\" alt=\"\" width=\"600\" height=\"800\" srcset=\"https:\/\/www.sabine-seyffert.de\/blog\/wp-content\/uploads\/2021\/02\/Erdnuss-Pferd-Sabine-Seyffert.de-1.jpg 600w, https:\/\/www.sabine-seyffert.de\/blog\/wp-content\/uploads\/2021\/02\/Erdnuss-Pferd-Sabine-Seyffert.de-1-225x300.jpg 225w\" sizes=\"auto, (max-width: 600px) 100vw, 600px\" \/><\/a><\/p>\n<p style=\"text-align: justify;\">Weitere DIY Bastelideen f\u00fcr Kinder findet ihr \u00fcbrigens in <a href=\"https:\/\/www.sabine-seyffert.de\/blog\/?cat=32\" target=\"_blank\" rel=\"noopener noreferrer\">dieser Blog Kategorie<\/a>, alles zum Thema Upcycling mit detaillierter Bastelanleitung gibt es in <a href=\"https:\/\/www.sabine-seyffert.de\/blog\/?cat=47\" target=\"_blank\" rel=\"noopener noreferrer\">dieser Rubrik<\/a>, pfiffige Ideen zum Thema Kindergeburtstag sind in <a href=\"https:\/\/www.sabine-seyffert.de\/blog\/?cat=21\" target=\"_blank\" rel=\"noopener noreferrer\">diesem Blog Ordner<\/a> oder auch an <a href=\"https:\/\/www.pinterest.de\/diysabineseyffert\" target=\"_blank\" rel=\"noopener noreferrer\">meinen Pinnw\u00e4nden<\/a> und andere kreative Sachen da.<\/p>\n<p style=\"text-align: center;\"><a href=\"https:\/\/www.sabine-seyffert.de\/blog\/wp-content\/uploads\/2021\/02\/Erdnuss-Pferd-Sabine-Seyffert.de-2.jpg\"><img loading=\"lazy\" decoding=\"async\" class=\"alignnone size-full wp-image-18791\" src=\"https:\/\/www.sabine-seyffert.de\/blog\/wp-content\/uploads\/2021\/02\/Erdnuss-Pferd-Sabine-Seyffert.de-2.jpg\" alt=\"\" width=\"600\" height=\"800\" srcset=\"https:\/\/www.sabine-seyffert.de\/blog\/wp-content\/uploads\/2021\/02\/Erdnuss-Pferd-Sabine-Seyffert.de-2.jpg 600w, https:\/\/www.sabine-seyffert.de\/blog\/wp-content\/uploads\/2021\/02\/Erdnuss-Pferd-Sabine-Seyffert.de-2-225x300.jpg 225w\" sizes=\"auto, (max-width: 600px) 100vw, 600px\" \/><\/a><\/p>\n<p style=\"text-align: justify;\"><a href=\"https:\/\/www.sabine-seyffert.de\/blog\/?page_id=32#urheberrecht\">urheberrechtlich gesch\u00fctzt<\/a>, \u00a9 Sabine Seyffert<\/p>\n","protected":false},"excerpt":{"rendered":"<p>Heute habe ich passend zum Thema \u201ePferde\u201c der DIY Challenge der Woche eine ganz ausgefallene, pfiffige Bastelanleitung mit dabei. Vielleicht habt ihr von Weihnachten noch eine handvoll N\u00fcsse \u00fcbrig? Wir basteln n\u00e4mlich kleine Pferde aus frischen Erdn\u00fcssen (mit Schale!). Das passt von der Form her super gut zu dem Pferdekopf. Das restliche Bastelmaterial habt ihr&#8230; <a href=\"https:\/\/www.sabine-seyffert.de\/blog\/kreative-bastelidee-fuer-kinder-pferd-aus-deckel-erdnuss-basteln\/\" class=\"more-link\">Read more: Kreative Bastelidee f\u00fcr Kinder: Pferd aus Deckel &#038; Erdnuss basteln<\/a><\/p>\n","protected":false},"author":2,"featured_media":0,"comment_status":"open","ping_status":"open","sticky":false,"template":"","format":"standard","meta":{"_metis_text_type":"","_metis_text_length":3228,"_post_count":0,"footnotes":""},"categories":[32,23,47],"tags":[],"class_list":["post-18789","post","type-post","status-publish","format-standard","hentry","category-kreatives-fur-kleine-kinderhande","category-fruhling","category-upcyceltes"],"_links":{"self":[{"href":"https:\/\/www.sabine-seyffert.de\/blog\/wp-json\/wp\/v2\/posts\/18789","targetHints":{"allow":["GET"]}}],"collection":[{"href":"https:\/\/www.sabine-seyffert.de\/blog\/wp-json\/wp\/v2\/posts"}],"about":[{"href":"https:\/\/www.sabine-seyffert.de\/blog\/wp-json\/wp\/v2\/types\/post"}],"author":[{"embeddable":true,"href":"https:\/\/www.sabine-seyffert.de\/blog\/wp-json\/wp\/v2\/users\/2"}],"replies":[{"embeddable":true,"href":"https:\/\/www.sabine-seyffert.de\/blog\/wp-json\/wp\/v2\/comments?post=18789"}],"version-history":[{"count":3,"href":"https:\/\/www.sabine-seyffert.de\/blog\/wp-json\/wp\/v2\/posts\/18789\/revisions"}],"predecessor-version":[{"id":23881,"href":"https:\/\/www.sabine-seyffert.de\/blog\/wp-json\/wp\/v2\/posts\/18789\/revisions\/23881"}],"wp:attachment":[{"href":"https:\/\/www.sabine-seyffert.de\/blog\/wp-json\/wp\/v2\/media?parent=18789"}],"wp:term":[{"taxonomy":"category","embeddable":true,"href":"https:\/\/www.sabine-seyffert.de\/blog\/wp-json\/wp\/v2\/categories?post=18789"},{"taxonomy":"post_tag","embeddable":true,"href":"https:\/\/www.sabine-seyffert.de\/blog\/wp-json\/wp\/v2\/tags?post=18789"}],"curies":[{"name":"wp","href":"https:\/\/api.w.org\/{rel}","templated":true}]}}