{"id":18655,"date":"2021-02-17T20:40:18","date_gmt":"2021-02-17T18:40:18","guid":{"rendered":"https:\/\/www.sabine-seyffert.de\/blog\/?p=18655"},"modified":"2022-12-06T10:51:55","modified_gmt":"2022-12-06T08:51:55","slug":"bastelspass-fuer-kinder-im-winter-schneemann-mit-kartoffeldruck-basteln","status":"publish","type":"post","link":"https:\/\/www.sabine-seyffert.de\/blog\/bastelspass-fuer-kinder-im-winter-schneemann-mit-kartoffeldruck-basteln\/","title":{"rendered":"Bastelspa\u00df f\u00fcr Kinder im Winter: Schneemann mit Kartoffeldruck basteln"},"content":{"rendered":"<p style=\"text-align: justify;\"><img loading=\"lazy\" decoding=\"async\" src=\"https:\/\/vg07.met.vgwort.de\/na\/f92b60d537c04ec09c61d13f4c6630f9\" alt=\"\" width=\"1\" height=\"1\" \/>Ausnahmsweise gibt es heute noch eine zweite Bastelidee, bevor sich der Winter hier ganz aus dem Staub macht. Eine liebe Blog Kollegin sammelt gerade Ideen zum Thema Kartoffel und daher habe ich gestern kurzerhand kleine Schneem\u00e4nner gestempelt, die ich euch nicht vorenthalten m\u00f6chte. Die Idee \u201eKartoffeldruck\u201c ist nicht neu, sondern ein richtiger Klassiker. Das Sch\u00f6ne daran, es braucht nicht viel Zeit, ist denkbar einfach und es macht richtig Spa\u00df. Sicher habt ihr auch schon das ein oder andere Mal mit Kartoffen gestempelt, oder?<br \/>\nF\u00fcr alle, die den Winter und auch Schneem\u00e4nner so sehr lieben wie ich, gibt es nun die detaillierte Bastelanleitung zum Mitmachen!<\/p>\n<p style=\"text-align: center;\"><a href=\"https:\/\/www.sabine-seyffert.de\/blog\/wp-content\/uploads\/2021\/02\/Kartoffel-Schneemann-Tag-Sabine-Seyffert.de-1.jpg\"><img loading=\"lazy\" decoding=\"async\" class=\"alignnone size-full wp-image-18656\" src=\"https:\/\/www.sabine-seyffert.de\/blog\/wp-content\/uploads\/2021\/02\/Kartoffel-Schneemann-Tag-Sabine-Seyffert.de-1.jpg\" alt=\"\" width=\"800\" height=\"600\" srcset=\"https:\/\/www.sabine-seyffert.de\/blog\/wp-content\/uploads\/2021\/02\/Kartoffel-Schneemann-Tag-Sabine-Seyffert.de-1.jpg 800w, https:\/\/www.sabine-seyffert.de\/blog\/wp-content\/uploads\/2021\/02\/Kartoffel-Schneemann-Tag-Sabine-Seyffert.de-1-300x225.jpg 300w, https:\/\/www.sabine-seyffert.de\/blog\/wp-content\/uploads\/2021\/02\/Kartoffel-Schneemann-Tag-Sabine-Seyffert.de-1-768x576.jpg 768w\" sizes=\"auto, (max-width: 800px) 100vw, 800px\" \/><\/a><\/p>\n<p style=\"text-align: justify;\"><strong>Das wird gebraucht:<\/strong><br \/>\nPappe \/ Karton, (evtl. ein scharfes Bastelmesser \/ Cutter \u2013 aber nur wenn ein Erwachsener dabei ist!) eine Bastelschere, Bastelkleber \/ Klebestift, einen schwarzen Filzstift \/ Fineliner, wei\u00dfe Bastelfarbe oder Deckwei\u00df, Pinsel, eine Kartoffel, ein K\u00fcchenmesser, eine alte Tageszeitung, einen Wasserfarbkasten, Malunterlage und nat\u00fcrlich f\u00fcr jedes Kind einen Malkittel (den kann man ganz leicht selbermachen \u2013 schaut mal <a href=\"https:\/\/www.sabine-seyffert.de\/blog\/?p=12310\" target=\"_blank\" rel=\"noopener noreferrer\">hier<\/a>)<\/p>\n<p style=\"text-align: center;\"><a href=\"https:\/\/www.sabine-seyffert.de\/blog\/wp-content\/uploads\/2021\/02\/Kartoffel-Schneemann-Tag-Sabine-Seyffert.de-11.jpg\"><img loading=\"lazy\" decoding=\"async\" class=\"alignnone size-full wp-image-18662\" src=\"https:\/\/www.sabine-seyffert.de\/blog\/wp-content\/uploads\/2021\/02\/Kartoffel-Schneemann-Tag-Sabine-Seyffert.de-11.jpg\" alt=\"\" width=\"800\" height=\"600\" srcset=\"https:\/\/www.sabine-seyffert.de\/blog\/wp-content\/uploads\/2021\/02\/Kartoffel-Schneemann-Tag-Sabine-Seyffert.de-11.jpg 800w, https:\/\/www.sabine-seyffert.de\/blog\/wp-content\/uploads\/2021\/02\/Kartoffel-Schneemann-Tag-Sabine-Seyffert.de-11-300x225.jpg 300w, https:\/\/www.sabine-seyffert.de\/blog\/wp-content\/uploads\/2021\/02\/Kartoffel-Schneemann-Tag-Sabine-Seyffert.de-11-768x576.jpg 768w\" sizes=\"auto, (max-width: 800px) 100vw, 800px\" \/><\/a><\/p>\n<p style=\"text-align: justify;\"><strong>So wird\u2019s gemacht:<\/strong><br \/>\nAls erstes deckt wie gewohnt den Tisch ab. Lasst euch von einem Erwachsenen einen leeren Karton in kleinere St\u00fccke schneiden, die sich bestempeln lassen<\/p>\n<p style=\"text-align: center;\"><a href=\"https:\/\/www.sabine-seyffert.de\/blog\/wp-content\/uploads\/2021\/02\/Kartoffel-Schneemann-Tag-Sabine-Seyffert.de-10.jpg\"><img loading=\"lazy\" decoding=\"async\" class=\"alignnone size-full wp-image-18663\" src=\"https:\/\/www.sabine-seyffert.de\/blog\/wp-content\/uploads\/2021\/02\/Kartoffel-Schneemann-Tag-Sabine-Seyffert.de-10.jpg\" alt=\"\" width=\"800\" height=\"600\" srcset=\"https:\/\/www.sabine-seyffert.de\/blog\/wp-content\/uploads\/2021\/02\/Kartoffel-Schneemann-Tag-Sabine-Seyffert.de-10.jpg 800w, https:\/\/www.sabine-seyffert.de\/blog\/wp-content\/uploads\/2021\/02\/Kartoffel-Schneemann-Tag-Sabine-Seyffert.de-10-300x225.jpg 300w, https:\/\/www.sabine-seyffert.de\/blog\/wp-content\/uploads\/2021\/02\/Kartoffel-Schneemann-Tag-Sabine-Seyffert.de-10-768x576.jpg 768w\" sizes=\"auto, (max-width: 800px) 100vw, 800px\" \/><\/a><\/p>\n<p style=\"text-align: justify;\">(<strong>Tipp:<\/strong> oder stempelt auf Packpapier, dass k\u00f6nnt ihr sp\u00e4ter als selbst gemachtes Geschenkpapier nutzen!) und denkt an die Malkittel.<\/p>\n<p style=\"text-align: center;\"><a href=\"https:\/\/www.sabine-seyffert.de\/blog\/wp-content\/uploads\/2021\/02\/Kartoffel-Schneemann-Tag-Sabine-Seyffert.de-9.jpg\"><img loading=\"lazy\" decoding=\"async\" class=\"alignnone size-full wp-image-18664\" src=\"https:\/\/www.sabine-seyffert.de\/blog\/wp-content\/uploads\/2021\/02\/Kartoffel-Schneemann-Tag-Sabine-Seyffert.de-9.jpg\" alt=\"\" width=\"800\" height=\"600\" srcset=\"https:\/\/www.sabine-seyffert.de\/blog\/wp-content\/uploads\/2021\/02\/Kartoffel-Schneemann-Tag-Sabine-Seyffert.de-9.jpg 800w, https:\/\/www.sabine-seyffert.de\/blog\/wp-content\/uploads\/2021\/02\/Kartoffel-Schneemann-Tag-Sabine-Seyffert.de-9-300x225.jpg 300w, https:\/\/www.sabine-seyffert.de\/blog\/wp-content\/uploads\/2021\/02\/Kartoffel-Schneemann-Tag-Sabine-Seyffert.de-9-768x576.jpg 768w\" sizes=\"auto, (max-width: 800px) 100vw, 800px\" \/><\/a><\/p>\n<p style=\"text-align: justify;\">Wir haben die Pappe noch mit <a href=\"https:\/\/www.sabine-seyffert.de\/blog\/?p=13917\" target=\"_blank\" rel=\"noopener noreferrer\">selbst gemachtem Bastelpapier<\/a> beklebt, damit die gestempelten Schneem\u00e4nner besser zur Geltung kommen, es klappt aber auch ohne.<\/p>\n<p style=\"text-align: center;\"><a href=\"https:\/\/www.sabine-seyffert.de\/blog\/wp-content\/uploads\/2021\/02\/Kartoffel-Schneemann-Tag-Sabine-Seyffert.de-8.jpg\"><img loading=\"lazy\" decoding=\"async\" class=\"alignnone size-full wp-image-18665\" src=\"https:\/\/www.sabine-seyffert.de\/blog\/wp-content\/uploads\/2021\/02\/Kartoffel-Schneemann-Tag-Sabine-Seyffert.de-8.jpg\" alt=\"\" width=\"800\" height=\"600\" srcset=\"https:\/\/www.sabine-seyffert.de\/blog\/wp-content\/uploads\/2021\/02\/Kartoffel-Schneemann-Tag-Sabine-Seyffert.de-8.jpg 800w, https:\/\/www.sabine-seyffert.de\/blog\/wp-content\/uploads\/2021\/02\/Kartoffel-Schneemann-Tag-Sabine-Seyffert.de-8-300x225.jpg 300w, https:\/\/www.sabine-seyffert.de\/blog\/wp-content\/uploads\/2021\/02\/Kartoffel-Schneemann-Tag-Sabine-Seyffert.de-8-768x576.jpg 768w\" sizes=\"auto, (max-width: 800px) 100vw, 800px\" \/><\/a><\/p>\n<p style=\"text-align: justify;\">Die Kartoffel wird mit dem K\u00fcchenmesser mittig geteilt und die flache H\u00e4lfte mit wei\u00dfer Farbe bestrichen.<\/p>\n<p style=\"text-align: center;\"><a href=\"https:\/\/www.sabine-seyffert.de\/blog\/wp-content\/uploads\/2021\/02\/Kartoffel-Schneemann-Tag-Sabine-Seyffert.de-7.jpg\"><img loading=\"lazy\" decoding=\"async\" class=\"alignnone size-full wp-image-18668\" src=\"https:\/\/www.sabine-seyffert.de\/blog\/wp-content\/uploads\/2021\/02\/Kartoffel-Schneemann-Tag-Sabine-Seyffert.de-7.jpg\" alt=\"\" width=\"800\" height=\"600\" srcset=\"https:\/\/www.sabine-seyffert.de\/blog\/wp-content\/uploads\/2021\/02\/Kartoffel-Schneemann-Tag-Sabine-Seyffert.de-7.jpg 800w, https:\/\/www.sabine-seyffert.de\/blog\/wp-content\/uploads\/2021\/02\/Kartoffel-Schneemann-Tag-Sabine-Seyffert.de-7-300x225.jpg 300w, https:\/\/www.sabine-seyffert.de\/blog\/wp-content\/uploads\/2021\/02\/Kartoffel-Schneemann-Tag-Sabine-Seyffert.de-7-768x576.jpg 768w\" sizes=\"auto, (max-width: 800px) 100vw, 800px\" \/><\/a><\/p>\n<p style=\"text-align: justify;\">Damit druckt ihr dann wei\u00dfe Abdr\u00fccke auf den Karton.<\/p>\n<p style=\"text-align: justify;\"><a href=\"https:\/\/www.sabine-seyffert.de\/blog\/wp-content\/uploads\/2021\/02\/Kartoffel-Schneemann-Tag-Sabine-Seyffert.de-6.jpg\"><img loading=\"lazy\" decoding=\"async\" class=\"alignnone size-full wp-image-18666\" src=\"https:\/\/www.sabine-seyffert.de\/blog\/wp-content\/uploads\/2021\/02\/Kartoffel-Schneemann-Tag-Sabine-Seyffert.de-6.jpg\" alt=\"\" width=\"800\" height=\"600\" srcset=\"https:\/\/www.sabine-seyffert.de\/blog\/wp-content\/uploads\/2021\/02\/Kartoffel-Schneemann-Tag-Sabine-Seyffert.de-6.jpg 800w, https:\/\/www.sabine-seyffert.de\/blog\/wp-content\/uploads\/2021\/02\/Kartoffel-Schneemann-Tag-Sabine-Seyffert.de-6-300x225.jpg 300w, https:\/\/www.sabine-seyffert.de\/blog\/wp-content\/uploads\/2021\/02\/Kartoffel-Schneemann-Tag-Sabine-Seyffert.de-6-768x576.jpg 768w\" sizes=\"auto, (max-width: 800px) 100vw, 800px\" \/><\/a><br \/>\nSobald die Farbe getrocknet ist, kann man den Schneem\u00e4nnern mit dem Stift Augen, Mund und Arme malen.<\/p>\n<p><a href=\"https:\/\/www.sabine-seyffert.de\/blog\/wp-content\/uploads\/2021\/02\/Kartoffel-Schneemann-Tag-Sabine-Seyffert.de-5.jpg\"><img loading=\"lazy\" decoding=\"async\" class=\"alignnone size-full wp-image-18667\" src=\"https:\/\/www.sabine-seyffert.de\/blog\/wp-content\/uploads\/2021\/02\/Kartoffel-Schneemann-Tag-Sabine-Seyffert.de-5.jpg\" alt=\"\" width=\"800\" height=\"600\" srcset=\"https:\/\/www.sabine-seyffert.de\/blog\/wp-content\/uploads\/2021\/02\/Kartoffel-Schneemann-Tag-Sabine-Seyffert.de-5.jpg 800w, https:\/\/www.sabine-seyffert.de\/blog\/wp-content\/uploads\/2021\/02\/Kartoffel-Schneemann-Tag-Sabine-Seyffert.de-5-300x225.jpg 300w, https:\/\/www.sabine-seyffert.de\/blog\/wp-content\/uploads\/2021\/02\/Kartoffel-Schneemann-Tag-Sabine-Seyffert.de-5-768x576.jpg 768w\" sizes=\"auto, (max-width: 800px) 100vw, 800px\" \/><\/a><\/p>\n<p style=\"text-align: justify;\">Aus selbst gemachtem Bastelpapier noch jeweils eine M\u00f6hrennase ausschneiden und aufkleben.<\/p>\n<p style=\"text-align: center;\"><a href=\"https:\/\/www.sabine-seyffert.de\/blog\/wp-content\/uploads\/2021\/02\/Kartoffel-Schneemann-Tag-Sabine-Seyffert.de-2.jpg\"><img loading=\"lazy\" decoding=\"async\" class=\"alignnone size-full wp-image-18661\" src=\"https:\/\/www.sabine-seyffert.de\/blog\/wp-content\/uploads\/2021\/02\/Kartoffel-Schneemann-Tag-Sabine-Seyffert.de-2.jpg\" alt=\"\" width=\"800\" height=\"600\" srcset=\"https:\/\/www.sabine-seyffert.de\/blog\/wp-content\/uploads\/2021\/02\/Kartoffel-Schneemann-Tag-Sabine-Seyffert.de-2.jpg 800w, https:\/\/www.sabine-seyffert.de\/blog\/wp-content\/uploads\/2021\/02\/Kartoffel-Schneemann-Tag-Sabine-Seyffert.de-2-300x225.jpg 300w, https:\/\/www.sabine-seyffert.de\/blog\/wp-content\/uploads\/2021\/02\/Kartoffel-Schneemann-Tag-Sabine-Seyffert.de-2-768x576.jpg 768w\" sizes=\"auto, (max-width: 800px) 100vw, 800px\" \/><\/a><\/p>\n<p style=\"text-align: justify;\">Wer mag, darf noch mit einem d\u00fcnnen Pinsel (oder Streichholz) Schneeflocken daneben tupfen oder die Schneem\u00e4nner mit kleinen Details ausstatten.<\/p>\n<p style=\"text-align: center;\"><a href=\"https:\/\/www.sabine-seyffert.de\/blog\/wp-content\/uploads\/2021\/02\/Kartoffel-Schneemann-Tag-Sabine-Seyffert.de-1-1.jpg\"><img loading=\"lazy\" decoding=\"async\" class=\"alignnone size-full wp-image-18660\" src=\"https:\/\/www.sabine-seyffert.de\/blog\/wp-content\/uploads\/2021\/02\/Kartoffel-Schneemann-Tag-Sabine-Seyffert.de-1-1.jpg\" alt=\"\" width=\"800\" height=\"600\" srcset=\"https:\/\/www.sabine-seyffert.de\/blog\/wp-content\/uploads\/2021\/02\/Kartoffel-Schneemann-Tag-Sabine-Seyffert.de-1-1.jpg 800w, https:\/\/www.sabine-seyffert.de\/blog\/wp-content\/uploads\/2021\/02\/Kartoffel-Schneemann-Tag-Sabine-Seyffert.de-1-1-300x225.jpg 300w, https:\/\/www.sabine-seyffert.de\/blog\/wp-content\/uploads\/2021\/02\/Kartoffel-Schneemann-Tag-Sabine-Seyffert.de-1-1-768x576.jpg 768w\" sizes=\"auto, (max-width: 800px) 100vw, 800px\" \/><\/a><\/p>\n<p style=\"text-align: justify;\">M\u00f6gliche Inspirationen daf\u00fcr findet ihr beispielsweise in <a href=\"https:\/\/www.sabine-seyffert.de\/blog\/?p=18174\" target=\"_blank\" rel=\"noopener noreferrer\">dieser Bastelanleitung<\/a> oder dem selbst gemachten <a href=\"https:\/\/www.sabine-seyffert.de\/blog\/?p=18228\" target=\"_blank\" rel=\"noopener noreferrer\">Schneemannpuzzle<\/a>.<\/p>\n<p style=\"text-align: center;\"><a href=\"https:\/\/www.sabine-seyffert.de\/blog\/wp-content\/uploads\/2021\/02\/Kartoffel-Schneemann-Tag-Sabine-Seyffert.de-13.jpg\"><img loading=\"lazy\" decoding=\"async\" class=\"alignnone size-full wp-image-18659\" src=\"https:\/\/www.sabine-seyffert.de\/blog\/wp-content\/uploads\/2021\/02\/Kartoffel-Schneemann-Tag-Sabine-Seyffert.de-13.jpg\" alt=\"\" width=\"600\" height=\"800\" srcset=\"https:\/\/www.sabine-seyffert.de\/blog\/wp-content\/uploads\/2021\/02\/Kartoffel-Schneemann-Tag-Sabine-Seyffert.de-13.jpg 600w, https:\/\/www.sabine-seyffert.de\/blog\/wp-content\/uploads\/2021\/02\/Kartoffel-Schneemann-Tag-Sabine-Seyffert.de-13-225x300.jpg 225w\" sizes=\"auto, (max-width: 600px) 100vw, 600px\" \/><\/a><\/p>\n<p style=\"text-align: justify;\"><strong>Ein kleiner Tipp:<\/strong><br \/>\nWenn ihr die gestempelten Schneem\u00e4nner nicht als Bild nutzen m\u00f6chtet, sondern kleine Geschenkanh\u00e4nger daraus machen wollt, schneidet die Pappe in kleinere Rechtecke (max. Postkartengr\u00f6\u00dfe) und knipst einfach mit der Lochzange oben mittig ein Loch hinein. Dadurch kann man etwas Kordel, Geschenkband oder Wolle ziehen und schon lassen sich damit Geschenke schm\u00fccken!<\/p>\n<p style=\"text-align: center;\"><a href=\"https:\/\/www.sabine-seyffert.de\/blog\/wp-content\/uploads\/2021\/02\/Kartoffel-Schneemann-Tag-Sabine-Seyffert.de-15.jpg\"><img loading=\"lazy\" decoding=\"async\" class=\"alignnone size-full wp-image-18658\" src=\"https:\/\/www.sabine-seyffert.de\/blog\/wp-content\/uploads\/2021\/02\/Kartoffel-Schneemann-Tag-Sabine-Seyffert.de-15.jpg\" alt=\"\" width=\"600\" height=\"800\" srcset=\"https:\/\/www.sabine-seyffert.de\/blog\/wp-content\/uploads\/2021\/02\/Kartoffel-Schneemann-Tag-Sabine-Seyffert.de-15.jpg 600w, https:\/\/www.sabine-seyffert.de\/blog\/wp-content\/uploads\/2021\/02\/Kartoffel-Schneemann-Tag-Sabine-Seyffert.de-15-225x300.jpg 225w\" sizes=\"auto, (max-width: 600px) 100vw, 600px\" \/><\/a><\/p>\n<p style=\"text-align: justify;\">Weitere DIY Bastelideen f\u00fcr Kinder findet ihr \u00fcbrigens in <a href=\"https:\/\/www.sabine-seyffert.de\/blog\/?cat=32\" target=\"_blank\" rel=\"noopener noreferrer\">dieser Blog Kategorie<\/a>, alles zum Thema Upcycling mit detaillierter Bastelanleitung gibt es in <a href=\"https:\/\/www.sabine-seyffert.de\/blog\/?cat=47\" target=\"_blank\" rel=\"noopener noreferrer\">dieser Rubrik<\/a>, alles rund um die Winterzeit sind in <a href=\"https:\/\/www.sabine-seyffert.de\/blog\/?cat=22\" target=\"_blank\" rel=\"noopener noreferrer\">diesem Blog Ordner<\/a> oder <a href=\"https:\/\/www.pinterest.de\/diysabineseyffert\/\" target=\"_blank\" rel=\"noopener noreferrer\">meinen Pinnw\u00e4nden<\/a> und andere kreative Sachen auch <a href=\"http:\/\/www.lunaju.de\/2021\/02\/kiddikram-februar-marz.html\" target=\"_blank\" rel=\"noopener noreferrer\">da<\/a>.<\/p>\n<p style=\"text-align: center;\"><a href=\"https:\/\/www.sabine-seyffert.de\/blog\/wp-content\/uploads\/2021\/02\/Kartoffel-Schneemann-Tag-Sabine-Seyffert.de-14.jpg\"><img loading=\"lazy\" decoding=\"async\" class=\"alignnone size-full wp-image-18657\" src=\"https:\/\/www.sabine-seyffert.de\/blog\/wp-content\/uploads\/2021\/02\/Kartoffel-Schneemann-Tag-Sabine-Seyffert.de-14.jpg\" alt=\"\" width=\"600\" height=\"800\" srcset=\"https:\/\/www.sabine-seyffert.de\/blog\/wp-content\/uploads\/2021\/02\/Kartoffel-Schneemann-Tag-Sabine-Seyffert.de-14.jpg 600w, https:\/\/www.sabine-seyffert.de\/blog\/wp-content\/uploads\/2021\/02\/Kartoffel-Schneemann-Tag-Sabine-Seyffert.de-14-225x300.jpg 225w\" sizes=\"auto, (max-width: 600px) 100vw, 600px\" \/><\/a><\/p>\n<p style=\"text-align: justify;\"><a href=\"https:\/\/www.sabine-seyffert.de\/blog\/?page_id=32#urheberrecht\">urheberrechtlich gesch\u00fctzt<\/a>, \u00a9 Sabine Seyffert<\/p>\n","protected":false},"excerpt":{"rendered":"<p>Ausnahmsweise gibt es heute noch eine zweite Bastelidee, bevor sich der Winter hier ganz aus dem Staub macht. Eine liebe Blog Kollegin sammelt gerade Ideen zum Thema Kartoffel und daher habe ich gestern kurzerhand kleine Schneem\u00e4nner gestempelt, die ich euch nicht vorenthalten m\u00f6chte. Die Idee \u201eKartoffeldruck\u201c ist nicht neu, sondern ein richtiger Klassiker. Das Sch\u00f6ne&#8230; <a href=\"https:\/\/www.sabine-seyffert.de\/blog\/bastelspass-fuer-kinder-im-winter-schneemann-mit-kartoffeldruck-basteln\/\" class=\"more-link\">Read more: Bastelspa\u00df f\u00fcr Kinder im Winter: Schneemann mit Kartoffeldruck basteln<\/a><\/p>\n","protected":false},"author":2,"featured_media":0,"comment_status":"open","ping_status":"open","sticky":false,"template":"","format":"standard","meta":{"_metis_text_type":"","_metis_text_length":2906,"_post_count":0,"footnotes":""},"categories":[41,32,47,22],"tags":[],"class_list":["post-18655","post","type-post","status-publish","format-standard","hentry","category-weihnachten","category-kreatives-fur-kleine-kinderhande","category-upcyceltes","category-winter"],"_links":{"self":[{"href":"https:\/\/www.sabine-seyffert.de\/blog\/wp-json\/wp\/v2\/posts\/18655","targetHints":{"allow":["GET"]}}],"collection":[{"href":"https:\/\/www.sabine-seyffert.de\/blog\/wp-json\/wp\/v2\/posts"}],"about":[{"href":"https:\/\/www.sabine-seyffert.de\/blog\/wp-json\/wp\/v2\/types\/post"}],"author":[{"embeddable":true,"href":"https:\/\/www.sabine-seyffert.de\/blog\/wp-json\/wp\/v2\/users\/2"}],"replies":[{"embeddable":true,"href":"https:\/\/www.sabine-seyffert.de\/blog\/wp-json\/wp\/v2\/comments?post=18655"}],"version-history":[{"count":3,"href":"https:\/\/www.sabine-seyffert.de\/blog\/wp-json\/wp\/v2\/posts\/18655\/revisions"}],"predecessor-version":[{"id":24674,"href":"https:\/\/www.sabine-seyffert.de\/blog\/wp-json\/wp\/v2\/posts\/18655\/revisions\/24674"}],"wp:attachment":[{"href":"https:\/\/www.sabine-seyffert.de\/blog\/wp-json\/wp\/v2\/media?parent=18655"}],"wp:term":[{"taxonomy":"category","embeddable":true,"href":"https:\/\/www.sabine-seyffert.de\/blog\/wp-json\/wp\/v2\/categories?post=18655"},{"taxonomy":"post_tag","embeddable":true,"href":"https:\/\/www.sabine-seyffert.de\/blog\/wp-json\/wp\/v2\/tags?post=18655"}],"curies":[{"name":"wp","href":"https:\/\/api.w.org\/{rel}","templated":true}]}}