{"id":18520,"date":"2021-02-07T12:10:07","date_gmt":"2021-02-07T10:10:07","guid":{"rendered":"https:\/\/www.sabine-seyffert.de\/blog\/?p=18520"},"modified":"2021-02-07T12:10:07","modified_gmt":"2021-02-07T10:10:07","slug":"bastelideen-upcycling-kreative-ideen-fuer-kinder-als-diychallengederwoche","status":"publish","type":"post","link":"https:\/\/www.sabine-seyffert.de\/blog\/bastelideen-upcycling-kreative-ideen-fuer-kinder-als-diychallengederwoche\/","title":{"rendered":"Bastelideen, Upcycling &#038; kreative Ideen f\u00fcr Kinder als #DIYchallengederWoche"},"content":{"rendered":"<p style=\"text-align: justify;\"><img loading=\"lazy\" decoding=\"async\" src=\"https:\/\/vg07.met.vgwort.de\/na\/ed6d81add04247d38ae7bacff8bf4de0\" alt=\"\" width=\"1\" height=\"1\" \/>Nachdem meine <span style=\"color: #000000;\"><a style=\"color: #000000;\" href=\"https:\/\/www.sabine-seyffert.de\/blog\/?p=18128\" target=\"_blank\" rel=\"noopener noreferrer\">#DIYWinterchallenge<\/a><\/span> so gro\u00dfen Anklang gefunden hat und dabei zum Thema <a href=\"https:\/\/www.sabine-seyffert.de\/blog\/?s=schneeman\" target=\"_blank\" rel=\"noopener noreferrer\">Schneemann<\/a>, <a href=\"https:\/\/www.sabine-seyffert.de\/blog\/?s=eisb%C3%A4r\" target=\"_blank\" rel=\"noopener noreferrer\">Eisb\u00e4r<\/a> und dem <a href=\"https:\/\/www.sabine-seyffert.de\/blog\/?s=pinguin\" target=\"_blank\" rel=\"noopener noreferrer\">Pinguin<\/a> weit \u00fcber 400 tolle Ideen zusammengekommen sind, habe ich mich nun kurzerhand dazu entschlossen auch weiterhin eine bunte Ideensammlung f\u00fcr kreative K\u00f6pfe ins Leben zu rufen. Denn die R\u00fcckmeldungen der letzten Wochen waren durchweg positiv und haben viele andere zum Kreativsein motiviert.<\/p>\n<p style=\"text-align: justify;\">Auch im letzten Jahr gab es bereits einige spannende Themenwochen, zu denen jeweils eine Woche lang Ideen gesammelt wurden. Vielleicht erinnern sich einige von euch noch an das <a href=\"https:\/\/www.sabine-seyffert.de\/blog\/?s=apfel\" target=\"_blank\" rel=\"noopener noreferrer\">Thema Apfel<\/a>, bei dem es leuchtende Windlichter, <a href=\"https:\/\/www.sabine-seyffert.de\/blog\/?p=17327\" target=\"_blank\" rel=\"noopener noreferrer\">leckere Apfelkekse<\/a>, <a href=\"https:\/\/www.sabine-seyffert.de\/blog\/?p=17231\" target=\"_blank\" rel=\"noopener noreferrer\">gestempelte \u00c4pfel<\/a>, selbst gemachte <a href=\"https:\/\/www.sabine-seyffert.de\/blog\/?p=17355\" target=\"_blank\" rel=\"noopener noreferrer\">Geschenkverpackungen<\/a>, ausgefallene <a href=\"https:\/\/www.sabine-seyffert.de\/blog\/?p=17313\" target=\"_blank\" rel=\"noopener noreferrer\">\u00c4pfel aus Waln\u00fcssen<\/a> und Upcycling \u00c4pfel gegeben hat?<\/p>\n<p style=\"text-align: justify;\">Kurz darauf folgende dann eine <a href=\"https:\/\/www.sabine-seyffert.de\/blog\/?s=fuchs+challenge\" target=\"_blank\" rel=\"noopener noreferrer\">Fuchs Challenge<\/a> mit etlichen Ideen, wie beispielsweise dem <a href=\"https:\/\/www.sabine-seyffert.de\/blog\/?p=17483\" target=\"_blank\" rel=\"noopener noreferrer\">Fuchs aus einer K\u00e4severpackung<\/a>, den zuckers\u00fc\u00dfen <a href=\"https:\/\/www.sabine-seyffert.de\/blog\/?p=17498\" target=\"_blank\" rel=\"noopener noreferrer\">F\u00fcchsen aus Hefeteig<\/a>, dem <a href=\"https:\/\/www.sabine-seyffert.de\/blog\/?p=17469\" target=\"_blank\" rel=\"noopener noreferrer\">leuchtenden Fuchs<\/a>, mit leeren Klorollen <a href=\"https:\/\/www.sabine-seyffert.de\/blog\/?p=17457\" target=\"_blank\" rel=\"noopener noreferrer\">gestempelten F\u00fcchsen<\/a> oder den Mini <a href=\"https:\/\/www.sabine-seyffert.de\/blog\/?p=17441\" target=\"_blank\" rel=\"noopener noreferrer\">F\u00fcchsen aus Fingerabdr\u00fccken<\/a>?<\/p>\n<p style=\"text-align: center;\"><a href=\"https:\/\/www.sabine-seyffert.de\/blog\/wp-content\/uploads\/2021\/02\/Challenge-der-Woche-Vorlage-1-quer.jpg\"><img loading=\"lazy\" decoding=\"async\" class=\"alignnone size-full wp-image-18521\" src=\"https:\/\/www.sabine-seyffert.de\/blog\/wp-content\/uploads\/2021\/02\/Challenge-der-Woche-Vorlage-1-quer.jpg\" alt=\"\" width=\"800\" height=\"600\" srcset=\"https:\/\/www.sabine-seyffert.de\/blog\/wp-content\/uploads\/2021\/02\/Challenge-der-Woche-Vorlage-1-quer.jpg 800w, https:\/\/www.sabine-seyffert.de\/blog\/wp-content\/uploads\/2021\/02\/Challenge-der-Woche-Vorlage-1-quer-300x225.jpg 300w, https:\/\/www.sabine-seyffert.de\/blog\/wp-content\/uploads\/2021\/02\/Challenge-der-Woche-Vorlage-1-quer-768x576.jpg 768w\" sizes=\"auto, (max-width: 800px) 100vw, 800px\" \/><\/a><\/p>\n<p style=\"text-align: justify;\">Und zu diesem Zweck werde ich nun ab sofort <a href=\"https:\/\/www.instagram.com\/diy_sabine_seyffert\/\" target=\"_blank\" rel=\"noopener noreferrer\">hier<\/a> jedes Wochenende ein neues Thema bekannt geben, was dann f\u00fcr die ganze kommende Woche gilt. Jeder der mag und Lust hat, kann zu diesem Themenbereich seine Ideen posten, den Hashtag <span style=\"color: #99ccff;\"><strong>#DIYchallengederwoche<\/strong><\/span> nutzen und mich verlinken, damit ich die Beitr\u00e4ge auch sehe. Auf diese Weise kann ich die sch\u00f6nsten Ideen im Anschluss in den Stories teilen. Auch hier wird es dann passend dazu die eine oder andere Idee geben. Allerdings nach Endes des Lockdowns nicht mehr t\u00e4glich wie bisher, da dies einfach meine Zeit nicht zul\u00e4sst.<\/p>\n<p style=\"text-align: justify;\">Es w\u00e4re doch toll, wenn auch dabei ganz viele Do-it-Yourself Ideen zusammenkommen, die Farbe in den Alltag bringen, f\u00fcr willkommene Abwechslung sorgen, inspirieren und Lust darauf machen selbst kreativ zu werden. Ob gebasteltes, selbst gemachte Deko, leckere Rezeptidee f\u00fcr Kinder, Spielideen, Besch\u00e4ftigungsideen oder auch Buchvorstellungen, die sich f\u00fcr Kinder eignen, alles ist erlaubt, was zum betreffenden Thema passt.<\/p>\n<p style=\"text-align: justify;\">Vielleicht habt auch ihr Lust aktiv mitzumachen, Themen W\u00fcnsche oder Vorschl\u00e4ge f\u00fcr ein Wochenthema? Dann d\u00fcrft ihr mir diese gerne verraten &#x1f642; Wir starten vom 08. bis 14. Februar mit dem Thema <strong><span style=\"color: #ff0000;\">K<\/span><span style=\"color: #ff9900;\">a<\/span><span style=\"color: #ffff00;\">r<\/span><span style=\"color: #99cc00;\">n<\/span><span style=\"color: #00ccff;\">e<\/span><span style=\"color: #3366ff;\">v<\/span><span style=\"color: #cc99ff;\">a<\/span><span style=\"color: #800080;\">l<\/span><\/strong>.<\/p>\n<p style=\"text-align: justify;\">Weitere tolle DIY Bastelideen f\u00fcr Kinder findet ihr \u00fcbrigens in <a href=\"https:\/\/www.sabine-seyffert.de\/blog\/?cat=32\" target=\"_blank\" rel=\"noopener noreferrer\">dieser Blog Kategorie<\/a>, alles zum Thema Upcycling mit detaillierter Bastelanleitung gibt es in <a href=\"https:\/\/www.sabine-seyffert.de\/blog\/?cat=47\" target=\"_blank\" rel=\"noopener noreferrer\">dieser Rubrik<\/a>, mehr Spiel &amp; Spa\u00df an <a href=\"https:\/\/www.sabine-seyffert.de\/blog\/?cat=10\" target=\"_blank\" rel=\"noopener noreferrer\">dieser Stelle<\/a>, alles rund um die Winterzeit sind in <a href=\"https:\/\/www.sabine-seyffert.de\/blog\/?cat=22\" target=\"_blank\" rel=\"noopener noreferrer\">diesem Blog Ordner<\/a> oder auch auf <a href=\"https:\/\/www.pinterest.de\/diysabineseyffert\" target=\"_blank\" rel=\"noopener noreferrer\">meinen Pinnw\u00e4nden<\/a>.<\/p>\n<p style=\"text-align: center;\"><a href=\"https:\/\/www.sabine-seyffert.de\/blog\/wp-content\/uploads\/2021\/02\/Challenge-der-Woche-Vorlage-1-hoch.jpg\"><img loading=\"lazy\" decoding=\"async\" class=\"alignnone size-full wp-image-18522\" src=\"https:\/\/www.sabine-seyffert.de\/blog\/wp-content\/uploads\/2021\/02\/Challenge-der-Woche-Vorlage-1-hoch.jpg\" alt=\"\" width=\"600\" height=\"800\" srcset=\"https:\/\/www.sabine-seyffert.de\/blog\/wp-content\/uploads\/2021\/02\/Challenge-der-Woche-Vorlage-1-hoch.jpg 600w, https:\/\/www.sabine-seyffert.de\/blog\/wp-content\/uploads\/2021\/02\/Challenge-der-Woche-Vorlage-1-hoch-225x300.jpg 225w\" sizes=\"auto, (max-width: 600px) 100vw, 600px\" \/><\/a><\/p>\n<p style=\"text-align: justify;\"><a href=\"https:\/\/www.sabine-seyffert.de\/blog\/?page_id=32#urheberrecht\">urheberrechtlich gesch\u00fctzt<\/a>, \u00a9 Sabine Seyffert<\/p>\n","protected":false},"excerpt":{"rendered":"<p>Nachdem meine #DIYWinterchallenge so gro\u00dfen Anklang gefunden hat und dabei zum Thema Schneemann, Eisb\u00e4r und dem Pinguin weit \u00fcber 400 tolle Ideen zusammengekommen sind, habe ich mich nun kurzerhand dazu entschlossen auch weiterhin eine bunte Ideensammlung f\u00fcr kreative K\u00f6pfe ins Leben zu rufen. Denn die R\u00fcckmeldungen der letzten Wochen waren durchweg positiv und haben viele&#8230; <a href=\"https:\/\/www.sabine-seyffert.de\/blog\/bastelideen-upcycling-kreative-ideen-fuer-kinder-als-diychallengederwoche\/\" class=\"more-link\">Read more: Bastelideen, Upcycling &#038; kreative Ideen f\u00fcr Kinder als #DIYchallengederWoche<\/a><\/p>\n","protected":false},"author":2,"featured_media":0,"comment_status":"open","ping_status":"open","sticky":false,"template":"","format":"standard","meta":{"_metis_text_type":"","_metis_text_length":2600,"_post_count":0,"footnotes":""},"categories":[32,26,21,10,47],"tags":[],"class_list":["post-18520","post","type-post","status-publish","format-standard","hentry","category-kreatives-fur-kleine-kinderhande","category-karneval","category-kinderfeste-partys","category-spiel-spas","category-upcyceltes"],"_links":{"self":[{"href":"https:\/\/www.sabine-seyffert.de\/blog\/wp-json\/wp\/v2\/posts\/18520","targetHints":{"allow":["GET"]}}],"collection":[{"href":"https:\/\/www.sabine-seyffert.de\/blog\/wp-json\/wp\/v2\/posts"}],"about":[{"href":"https:\/\/www.sabine-seyffert.de\/blog\/wp-json\/wp\/v2\/types\/post"}],"author":[{"embeddable":true,"href":"https:\/\/www.sabine-seyffert.de\/blog\/wp-json\/wp\/v2\/users\/2"}],"replies":[{"embeddable":true,"href":"https:\/\/www.sabine-seyffert.de\/blog\/wp-json\/wp\/v2\/comments?post=18520"}],"version-history":[{"count":2,"href":"https:\/\/www.sabine-seyffert.de\/blog\/wp-json\/wp\/v2\/posts\/18520\/revisions"}],"predecessor-version":[{"id":18524,"href":"https:\/\/www.sabine-seyffert.de\/blog\/wp-json\/wp\/v2\/posts\/18520\/revisions\/18524"}],"wp:attachment":[{"href":"https:\/\/www.sabine-seyffert.de\/blog\/wp-json\/wp\/v2\/media?parent=18520"}],"wp:term":[{"taxonomy":"category","embeddable":true,"href":"https:\/\/www.sabine-seyffert.de\/blog\/wp-json\/wp\/v2\/categories?post=18520"},{"taxonomy":"post_tag","embeddable":true,"href":"https:\/\/www.sabine-seyffert.de\/blog\/wp-json\/wp\/v2\/tags?post=18520"}],"curies":[{"name":"wp","href":"https:\/\/api.w.org\/{rel}","templated":true}]}}