{"id":18489,"date":"2021-02-05T06:00:30","date_gmt":"2021-02-05T04:00:30","guid":{"rendered":"https:\/\/www.sabine-seyffert.de\/blog\/?p=18489"},"modified":"2024-01-19T17:38:30","modified_gmt":"2024-01-19T15:38:30","slug":"diy-upcycling-idee-fuer-kinder-die-schoensten-bastelideen-mit-klorollen","status":"publish","type":"post","link":"https:\/\/www.sabine-seyffert.de\/blog\/diy-upcycling-idee-fuer-kinder-die-schoensten-bastelideen-mit-klorollen\/","title":{"rendered":"DIY Upcycling Idee f\u00fcr Kinder: Die sch\u00f6nsten Bastelideen mit Klorollen"},"content":{"rendered":"<p style=\"text-align: justify;\"><img loading=\"lazy\" decoding=\"async\" src=\"https:\/\/vg07.met.vgwort.de\/na\/2ef005cc37db4251b56f3f56d8a5638f\" alt=\"\" width=\"1\" height=\"1\" \/>Wie die meisten von euch ganz sicher bemerkt haben, bastele ich f\u00fcr mein Leben gerne mit leeren Klopapierrollen. Gerade in der aktuellen Pandemie Zeiten und dem nun bereits zweiten <a href=\"https:\/\/www.sabine-seyffert.de\/blog\/?p=18128\" target=\"_blank\" rel=\"noopener noreferrer\">Lockdown<\/a> achte ich, mehr noch als sonst, haupts\u00e4chlich solches Material zum Basteln zu verwenden, was man zu Hause hat. Oder was leicht zu beschaffen ist und nichts kosten, so dass kein Einkauf im Bastelladen notwendig ist.<\/p>\n<p style=\"text-align: justify;\">So habe ich dazu allein in den letzten 4 Wochen ganz viel kreative Upcyclingideen zum Selbermachen gezeigt. (Erst gestern gab es <a href=\"https:\/\/www.sabine-seyffert.de\/blog\/?p=18456\" target=\"_blank\" rel=\"noopener noreferrer\">die Zauberer)<\/a>. Da ich im Moment leider keinerlei Kunst AGs f\u00fcr Kinder anbieten kann, da die Schulen weiterhin geschlossen sind, haben sich eine ganze Menge leeren Toilettenpapierrollen hier angesammelt. Das ist ein Material, dass es ganz sicher auch bei euch in gr\u00f6\u00dferer St\u00fcckzahl gibt. Daher habe ich einfach mal die sch\u00f6nsten Bastelideen f\u00fcr euch zusammengesucht. So wird euch garantiert nicht langweilig und ihr k\u00f6nnt allerhand sch\u00f6ne Dinge mit den Papprollen ausprobieren.<\/p>\n<p style=\"text-align: center;\"><a href=\"https:\/\/www.sabine-seyffert.de\/blog\/wp-content\/uploads\/2021\/02\/Klorollen-Ideen-klein.jpg\"><img loading=\"lazy\" decoding=\"async\" class=\"alignnone size-full wp-image-18490\" src=\"https:\/\/www.sabine-seyffert.de\/blog\/wp-content\/uploads\/2021\/02\/Klorollen-Ideen-klein.jpg\" alt=\"\" width=\"800\" height=\"800\" srcset=\"https:\/\/www.sabine-seyffert.de\/blog\/wp-content\/uploads\/2021\/02\/Klorollen-Ideen-klein.jpg 800w, https:\/\/www.sabine-seyffert.de\/blog\/wp-content\/uploads\/2021\/02\/Klorollen-Ideen-klein-150x150.jpg 150w, https:\/\/www.sabine-seyffert.de\/blog\/wp-content\/uploads\/2021\/02\/Klorollen-Ideen-klein-300x300.jpg 300w, https:\/\/www.sabine-seyffert.de\/blog\/wp-content\/uploads\/2021\/02\/Klorollen-Ideen-klein-768x768.jpg 768w\" sizes=\"auto, (max-width: 800px) 100vw, 800px\" \/><\/a><\/p>\n<p style=\"text-align: justify;\">F\u00fcr die Kinder der Schildkr\u00f6tenklasse habe ich mit eine <a href=\"https:\/\/www.sabine-seyffert.de\/blog\/?p=17523\" target=\"_blank\" rel=\"noopener noreferrer\">tolle Schildkr\u00f6te<\/a> ausgedacht, f\u00fcr die man gleich mehrere Klorollen ben\u00f6tigt. Vielleicht habt ihr von Weihnachten noch ein paar Waln\u00fcsse \u00fcbrig und Pappe habt ihr garantiert auch im Haus. Falls nicht, lassen sich f\u00fcr F\u00fc\u00dfe ebenfalls aus einer Klopapierrolle ausschneiden!<\/p>\n<p style=\"text-align: center;\"><a href=\"https:\/\/www.sabine-seyffert.de\/blog\/wp-content\/uploads\/2021\/02\/Schildkr\u00f6te-Sabine-Seyffert.de-1.jpg\"><img loading=\"lazy\" decoding=\"async\" class=\"alignnone size-full wp-image-18491\" src=\"https:\/\/www.sabine-seyffert.de\/blog\/wp-content\/uploads\/2021\/02\/Schildkr\u00f6te-Sabine-Seyffert.de-1.jpg\" alt=\"\" width=\"800\" height=\"600\" srcset=\"https:\/\/www.sabine-seyffert.de\/blog\/wp-content\/uploads\/2021\/02\/Schildkr\u00f6te-Sabine-Seyffert.de-1.jpg 800w, https:\/\/www.sabine-seyffert.de\/blog\/wp-content\/uploads\/2021\/02\/Schildkr\u00f6te-Sabine-Seyffert.de-1-300x225.jpg 300w, https:\/\/www.sabine-seyffert.de\/blog\/wp-content\/uploads\/2021\/02\/Schildkr\u00f6te-Sabine-Seyffert.de-1-768x576.jpg 768w\" sizes=\"auto, (max-width: 800px) 100vw, 800px\" \/><\/a><\/p>\n<p style=\"text-align: justify;\">Auch wenn gerade Winter ist, so freue ich mich auf frische Erdbeeren. Ihr auch? Habt ihr schon mal rote <a href=\"https:\/\/www.sabine-seyffert.de\/blog\/?p=12788\" target=\"_blank\" rel=\"noopener noreferrer\">Beeren aus Papprollen<\/a> gebastelt? Das solltet ihr unbedingt ausprobieren, denn daraus kann man eine prima Geschenkverpackung basteln.<\/p>\n<p style=\"text-align: center;\"><a href=\"https:\/\/www.sabine-seyffert.de\/blog\/wp-content\/uploads\/2021\/02\/Erdbeere-als-Verpackung-3.jpg\"><img loading=\"lazy\" decoding=\"async\" class=\"alignnone size-full wp-image-18492\" src=\"https:\/\/www.sabine-seyffert.de\/blog\/wp-content\/uploads\/2021\/02\/Erdbeere-als-Verpackung-3.jpg\" alt=\"\" width=\"800\" height=\"600\" srcset=\"https:\/\/www.sabine-seyffert.de\/blog\/wp-content\/uploads\/2021\/02\/Erdbeere-als-Verpackung-3.jpg 800w, https:\/\/www.sabine-seyffert.de\/blog\/wp-content\/uploads\/2021\/02\/Erdbeere-als-Verpackung-3-300x225.jpg 300w, https:\/\/www.sabine-seyffert.de\/blog\/wp-content\/uploads\/2021\/02\/Erdbeere-als-Verpackung-3-768x576.jpg 768w\" sizes=\"auto, (max-width: 800px) 100vw, 800px\" \/><\/a><\/p>\n<p style=\"text-align: justify;\">Und wem die Erdbeere als Obst nicht ausreicht, f\u00fcr den habe ich dann gleich noch <a href=\"https:\/\/www.sabine-seyffert.de\/blog\/?p=17017\" target=\"_blank\" rel=\"noopener noreferrer\">eine sommerliche Ananas<\/a> dabei.<\/p>\n<p style=\"text-align: center;\"><a href=\"https:\/\/www.sabine-seyffert.de\/blog\/wp-content\/uploads\/2021\/02\/Ananas-Klorolle-Verpackung-1.jpg\"><img loading=\"lazy\" decoding=\"async\" class=\"alignnone size-full wp-image-18493\" src=\"https:\/\/www.sabine-seyffert.de\/blog\/wp-content\/uploads\/2021\/02\/Ananas-Klorolle-Verpackung-1.jpg\" alt=\"\" width=\"600\" height=\"800\" srcset=\"https:\/\/www.sabine-seyffert.de\/blog\/wp-content\/uploads\/2021\/02\/Ananas-Klorolle-Verpackung-1.jpg 600w, https:\/\/www.sabine-seyffert.de\/blog\/wp-content\/uploads\/2021\/02\/Ananas-Klorolle-Verpackung-1-225x300.jpg 225w\" sizes=\"auto, (max-width: 600px) 100vw, 600px\" \/><\/a><\/p>\n<p style=\"text-align: justify;\">Vielleicht wollt ihr aber auch verschiedene Obstsorten basteln.<\/p>\n<p>\u00a0<a href=\"https:\/\/www.sabine-seyffert.de\/blog\/wp-content\/uploads\/2021\/02\/Girlande-Klorolle-Obst-3.jpg\"><img loading=\"lazy\" decoding=\"async\" class=\"alignnone size-full wp-image-18497\" src=\"https:\/\/www.sabine-seyffert.de\/blog\/wp-content\/uploads\/2021\/02\/Girlande-Klorolle-Obst-3.jpg\" alt=\"\" width=\"800\" height=\"600\" srcset=\"https:\/\/www.sabine-seyffert.de\/blog\/wp-content\/uploads\/2021\/02\/Girlande-Klorolle-Obst-3.jpg 800w, https:\/\/www.sabine-seyffert.de\/blog\/wp-content\/uploads\/2021\/02\/Girlande-Klorolle-Obst-3-300x225.jpg 300w, https:\/\/www.sabine-seyffert.de\/blog\/wp-content\/uploads\/2021\/02\/Girlande-Klorolle-Obst-3-768x576.jpg 768w\" sizes=\"auto, (max-width: 800px) 100vw, 800px\" \/><\/a><\/p>\n<p style=\"text-align: justify;\">Dann k\u00f6nnte ich euch noch eine <a href=\"https:\/\/www.sabine-seyffert.de\/blog\/?p=14708\" target=\"_blank\" rel=\"noopener noreferrer\">selbst gemachte Obstgirlande<\/a> aus Papprollen vorschlagen oder eine Variante mit <a href=\"https:\/\/www.sabine-seyffert.de\/blog\/?p=13077\" target=\"_blank\" rel=\"noopener noreferrer\">Wassermelone<\/a>, die sich ebenfalls gut als Dekoration eignet.<\/p>\n<p style=\"text-align: center;\"><a href=\"https:\/\/www.sabine-seyffert.de\/blog\/wp-content\/uploads\/2021\/02\/Melonen-Girlande-Klorolle-4.jpg\"><img loading=\"lazy\" decoding=\"async\" class=\"alignnone size-full wp-image-18495\" src=\"https:\/\/www.sabine-seyffert.de\/blog\/wp-content\/uploads\/2021\/02\/Melonen-Girlande-Klorolle-4.jpg\" alt=\"\" width=\"800\" height=\"600\" srcset=\"https:\/\/www.sabine-seyffert.de\/blog\/wp-content\/uploads\/2021\/02\/Melonen-Girlande-Klorolle-4.jpg 800w, https:\/\/www.sabine-seyffert.de\/blog\/wp-content\/uploads\/2021\/02\/Melonen-Girlande-Klorolle-4-300x225.jpg 300w, https:\/\/www.sabine-seyffert.de\/blog\/wp-content\/uploads\/2021\/02\/Melonen-Girlande-Klorolle-4-768x576.jpg 768w\" sizes=\"auto, (max-width: 800px) 100vw, 800px\" \/><\/a><\/p>\n<p style=\"text-align: justify;\">Oder m\u00f6gt ihr lieber kleine \u00c4pfel? <a href=\"https:\/\/www.sabine-seyffert.de\/blog\/?p=14985\" target=\"_blank\" rel=\"noopener noreferrer\">Diese gebastelten \u00c4pfel<\/a> lassen sich prima aufh\u00e4ngen.<\/p>\n<p style=\"text-align: center;\"><a href=\"https:\/\/www.sabine-seyffert.de\/blog\/wp-content\/uploads\/2021\/02\/\u00c4pfel-Bastelidee-f\u00fcr-Kinder-Sabine-seyffert.de-1.jpg\"><img loading=\"lazy\" decoding=\"async\" class=\"alignnone size-full wp-image-18494\" src=\"https:\/\/www.sabine-seyffert.de\/blog\/wp-content\/uploads\/2021\/02\/\u00c4pfel-Bastelidee-f\u00fcr-Kinder-Sabine-seyffert.de-1.jpg\" alt=\"\" width=\"800\" height=\"600\" srcset=\"https:\/\/www.sabine-seyffert.de\/blog\/wp-content\/uploads\/2021\/02\/\u00c4pfel-Bastelidee-f\u00fcr-Kinder-Sabine-seyffert.de-1.jpg 800w, https:\/\/www.sabine-seyffert.de\/blog\/wp-content\/uploads\/2021\/02\/\u00c4pfel-Bastelidee-f\u00fcr-Kinder-Sabine-seyffert.de-1-300x225.jpg 300w, https:\/\/www.sabine-seyffert.de\/blog\/wp-content\/uploads\/2021\/02\/\u00c4pfel-Bastelidee-f\u00fcr-Kinder-Sabine-seyffert.de-1-768x576.jpg 768w\" sizes=\"auto, (max-width: 800px) 100vw, 800px\" \/><\/a><\/p>\n<p style=\"text-align: justify;\">Zu einer der beliebtesten Bastelidee geh\u00f6rt die <a href=\"https:\/\/www.sabine-seyffert.de\/blog\/?p=3807\" target=\"_blank\" rel=\"noopener noreferrer\">fr\u00f6hliche Affenbande<\/a>, die noch aus unserem <a href=\"https:\/\/www.sabine-seyffert.de\/blog\/?cat=46\" target=\"_blank\" rel=\"noopener noreferrer\">Dschungelfest<\/a> stammt. Geburtstage zu feiern ist aufgrund der Kontaktbeschr\u00e4nkungen zwar schwierig, aber m\u00f6glicherweise geht ihr ja in die Affenklasse oder habt Lust auf ein paar an der Zimmerdecke turnende \u00c4ffchen?<\/p>\n<p><a href=\"https:\/\/www.sabine-seyffert.de\/blog\/wp-content\/uploads\/2021\/02\/Affenbande-Sabine-Seyffert.de_.jpg\"><img loading=\"lazy\" decoding=\"async\" class=\"alignnone size-full wp-image-18498\" src=\"https:\/\/www.sabine-seyffert.de\/blog\/wp-content\/uploads\/2021\/02\/Affenbande-Sabine-Seyffert.de_.jpg\" alt=\"\" width=\"800\" height=\"600\" srcset=\"https:\/\/www.sabine-seyffert.de\/blog\/wp-content\/uploads\/2021\/02\/Affenbande-Sabine-Seyffert.de_.jpg 800w, https:\/\/www.sabine-seyffert.de\/blog\/wp-content\/uploads\/2021\/02\/Affenbande-Sabine-Seyffert.de_-300x225.jpg 300w, https:\/\/www.sabine-seyffert.de\/blog\/wp-content\/uploads\/2021\/02\/Affenbande-Sabine-Seyffert.de_-768x576.jpg 768w\" sizes=\"auto, (max-width: 800px) 100vw, 800px\" \/><\/a><\/p>\n<p style=\"text-align: justify;\">F\u00fcr alle, die urlaubsreif sind, k\u00f6nnte ich noch <a href=\"https:\/\/www.sabine-seyffert.de\/blog\/?p=5968\" target=\"_blank\" rel=\"noopener noreferrer\">bunte Fische<\/a> anbieten, die wirklich leicht zu basteln sind.<\/p>\n<p><a href=\"https:\/\/www.sabine-seyffert.de\/blog\/wp-content\/uploads\/2021\/02\/B-5.jpg\"><img loading=\"lazy\" decoding=\"async\" class=\"alignnone size-full wp-image-18499\" src=\"https:\/\/www.sabine-seyffert.de\/blog\/wp-content\/uploads\/2021\/02\/B-5.jpg\" alt=\"\" width=\"800\" height=\"600\" srcset=\"https:\/\/www.sabine-seyffert.de\/blog\/wp-content\/uploads\/2021\/02\/B-5.jpg 800w, https:\/\/www.sabine-seyffert.de\/blog\/wp-content\/uploads\/2021\/02\/B-5-300x225.jpg 300w, https:\/\/www.sabine-seyffert.de\/blog\/wp-content\/uploads\/2021\/02\/B-5-768x576.jpg 768w\" sizes=\"auto, (max-width: 800px) 100vw, 800px\" \/><\/a><\/p>\n<p style=\"text-align: justify;\">Oder m\u00f6gt ihr <a href=\"https:\/\/www.sabine-seyffert.de\/blog\/?p=6324\" target=\"_blank\" rel=\"noopener noreferrer\">Eulen<\/a> lieber? Die k\u00f6nnt ihr nach euren Vorstellungen gestalten und etwas Farbe in die Winterzeit bringen.<\/p>\n<p style=\"text-align: center;\"><a href=\"https:\/\/www.sabine-seyffert.de\/blog\/wp-content\/uploads\/2021\/02\/Eule-Klorolle.jpg\"><img loading=\"lazy\" decoding=\"async\" class=\"alignnone size-full wp-image-18500\" src=\"https:\/\/www.sabine-seyffert.de\/blog\/wp-content\/uploads\/2021\/02\/Eule-Klorolle.jpg\" alt=\"\" width=\"600\" height=\"800\" srcset=\"https:\/\/www.sabine-seyffert.de\/blog\/wp-content\/uploads\/2021\/02\/Eule-Klorolle.jpg 600w, https:\/\/www.sabine-seyffert.de\/blog\/wp-content\/uploads\/2021\/02\/Eule-Klorolle-225x300.jpg 225w\" sizes=\"auto, (max-width: 600px) 100vw, 600px\" \/><\/a><\/p>\n<p style=\"text-align: justify;\">Au\u00dferdem habe ich noch einen <a href=\"https:\/\/www.sabine-seyffert.de\/blog\/?p=17428\" target=\"_blank\" rel=\"noopener noreferrer\">Fuchs<\/a> im Angebot. Den hatten sich Kinder, der Fuchsklasse gew\u00fcnscht. Und eine etwas andere Variante gab es auch schon einmal auf dem Fuchsgeburtstag, wo die <a href=\"https:\/\/www.sabine-seyffert.de\/blog\/?p=5275\" target=\"_blank\" rel=\"noopener noreferrer\">F\u00fcchse als Tischdeko<\/a> dienten.<\/p>\n<p style=\"text-align: center;\"><a href=\"https:\/\/www.sabine-seyffert.de\/blog\/wp-content\/uploads\/2021\/02\/Fuchs-Klorolle-Sabine-Seyffert.de-10.jpg\"><img loading=\"lazy\" decoding=\"async\" class=\"alignnone size-full wp-image-18501\" src=\"https:\/\/www.sabine-seyffert.de\/blog\/wp-content\/uploads\/2021\/02\/Fuchs-Klorolle-Sabine-Seyffert.de-10.jpg\" alt=\"\" width=\"600\" height=\"800\" srcset=\"https:\/\/www.sabine-seyffert.de\/blog\/wp-content\/uploads\/2021\/02\/Fuchs-Klorolle-Sabine-Seyffert.de-10.jpg 600w, https:\/\/www.sabine-seyffert.de\/blog\/wp-content\/uploads\/2021\/02\/Fuchs-Klorolle-Sabine-Seyffert.de-10-225x300.jpg 225w\" sizes=\"auto, (max-width: 600px) 100vw, 600px\" \/><\/a><\/p>\n<p style=\"text-align: justify;\">Nicht zu vergessen die <a href=\"https:\/\/www.sabine-seyffert.de\/blog\/?p=17198\" target=\"_blank\" rel=\"noopener noreferrer\">kunterbunten Monster<\/a>, die sich prima f\u00fcr Karneval eignen und f\u00fcr gute Laune sorgen!<\/p>\n<p style=\"text-align: center;\"><a href=\"https:\/\/www.sabine-seyffert.de\/blog\/wp-content\/uploads\/2021\/02\/Monster-Klorolle-Sabine-Seyffert.de-1.jpg\"><img loading=\"lazy\" decoding=\"async\" class=\"alignnone size-full wp-image-18502\" src=\"https:\/\/www.sabine-seyffert.de\/blog\/wp-content\/uploads\/2021\/02\/Monster-Klorolle-Sabine-Seyffert.de-1.jpg\" alt=\"\" width=\"800\" height=\"600\" srcset=\"https:\/\/www.sabine-seyffert.de\/blog\/wp-content\/uploads\/2021\/02\/Monster-Klorolle-Sabine-Seyffert.de-1.jpg 800w, https:\/\/www.sabine-seyffert.de\/blog\/wp-content\/uploads\/2021\/02\/Monster-Klorolle-Sabine-Seyffert.de-1-300x225.jpg 300w, https:\/\/www.sabine-seyffert.de\/blog\/wp-content\/uploads\/2021\/02\/Monster-Klorolle-Sabine-Seyffert.de-1-768x576.jpg 768w\" sizes=\"auto, (max-width: 800px) 100vw, 800px\" \/><\/a><\/p>\n<p style=\"text-align: justify;\">Zu guter Letzt verteile ich noch etwas Gl\u00fcck. Schlie\u00dflich k\u00f6nnen wir davon sicher alle mehr als genug brauchen. Die Bastelanleitung f\u00fcr diesen Gl\u00fcckspilz findet ihr <a href=\"https:\/\/www.sabine-seyffert.de\/blog\/?p=15046\" target=\"_blank\" rel=\"noopener noreferrer\">hier<\/a>. Der eignet sich \u00fcbrigens toll als Geschenk f\u00fcr jemanden, den ihr etwas aufheitern wollt.<\/p>\n<p><a href=\"https:\/\/www.sabine-seyffert.de\/blog\/wp-content\/uploads\/2021\/02\/Fliegenpilz-Klorolle-Sabine-Seyffert.de-3.jpg\"><img loading=\"lazy\" decoding=\"async\" class=\"alignnone size-full wp-image-18496\" src=\"https:\/\/www.sabine-seyffert.de\/blog\/wp-content\/uploads\/2021\/02\/Fliegenpilz-Klorolle-Sabine-Seyffert.de-3.jpg\" alt=\"\" width=\"800\" height=\"600\" srcset=\"https:\/\/www.sabine-seyffert.de\/blog\/wp-content\/uploads\/2021\/02\/Fliegenpilz-Klorolle-Sabine-Seyffert.de-3.jpg 800w, https:\/\/www.sabine-seyffert.de\/blog\/wp-content\/uploads\/2021\/02\/Fliegenpilz-Klorolle-Sabine-Seyffert.de-3-300x225.jpg 300w, https:\/\/www.sabine-seyffert.de\/blog\/wp-content\/uploads\/2021\/02\/Fliegenpilz-Klorolle-Sabine-Seyffert.de-3-768x576.jpg 768w\" sizes=\"auto, (max-width: 800px) 100vw, 800px\" \/><\/a><\/p>\n<p style=\"text-align: justify;\">Weitere DIY Bastelideen f\u00fcr Kinder findet ihr \u00fcbrigens in <a href=\"https:\/\/www.sabine-seyffert.de\/blog\/?cat=32\" target=\"_blank\" rel=\"noopener noreferrer\">dieser Blog Kategorie<\/a>, alles zum Thema Upcycling mit detaillierter Bastelanleitung gibt es in <a href=\"https:\/\/www.sabine-seyffert.de\/blog\/?cat=47\" target=\"_blank\" rel=\"noopener noreferrer\">dieser Rubrik<\/a>, alles rund um die Winterzeit sind in <a href=\"https:\/\/www.sabine-seyffert.de\/blog\/?cat=22\" target=\"_blank\" rel=\"noopener noreferrer\">diesem Blog Ordner<\/a>. Schaut doch mal auf <a href=\"https:\/\/www.pinterest.de\/diysabineseyffert\/\" target=\"_blank\" rel=\"noopener noreferrer\">meine Pinnw\u00e4nde<\/a>, da gibt es extra eine auf der nur Ideen zum <a href=\"https:\/\/www.pinterest.de\/diysabineseyffert\/basteln-mit-klorollen\/\" target=\"_blank\" rel=\"noopener noreferrer\">Thema Klorolle<\/a> gesammelt werden.<\/p>\n<p style=\"text-align: justify;\"><a href=\"https:\/\/www.sabine-seyffert.de\/blog\/?page_id=32#urheberrecht\">urheberrechtlich gesch\u00fctzt<\/a>, \u00a9 Sabine Seyffert<\/p>\n","protected":false},"excerpt":{"rendered":"<p>Wie die meisten von euch ganz sicher bemerkt haben, bastele ich f\u00fcr mein Leben gerne mit leeren Klopapierrollen. Gerade in der aktuellen Pandemie Zeiten und dem nun bereits zweiten Lockdown achte ich, mehr noch als sonst, haupts\u00e4chlich solches Material zum Basteln zu verwenden, was man zu Hause hat. Oder was leicht zu beschaffen ist und&#8230; <a href=\"https:\/\/www.sabine-seyffert.de\/blog\/diy-upcycling-idee-fuer-kinder-die-schoensten-bastelideen-mit-klorollen\/\" class=\"more-link\">Read more: DIY Upcycling Idee f\u00fcr Kinder: Die sch\u00f6nsten Bastelideen mit Klorollen<\/a><\/p>\n","protected":false},"author":2,"featured_media":0,"comment_status":"open","ping_status":"open","sticky":false,"template":"","format":"standard","meta":{"_metis_text_type":"standard","_metis_text_length":3509,"_post_count":0,"footnotes":""},"categories":[32,47],"tags":[],"class_list":["post-18489","post","type-post","status-publish","format-standard","hentry","category-kreatives-fur-kleine-kinderhande","category-upcyceltes"],"_links":{"self":[{"href":"https:\/\/www.sabine-seyffert.de\/blog\/wp-json\/wp\/v2\/posts\/18489","targetHints":{"allow":["GET"]}}],"collection":[{"href":"https:\/\/www.sabine-seyffert.de\/blog\/wp-json\/wp\/v2\/posts"}],"about":[{"href":"https:\/\/www.sabine-seyffert.de\/blog\/wp-json\/wp\/v2\/types\/post"}],"author":[{"embeddable":true,"href":"https:\/\/www.sabine-seyffert.de\/blog\/wp-json\/wp\/v2\/users\/2"}],"replies":[{"embeddable":true,"href":"https:\/\/www.sabine-seyffert.de\/blog\/wp-json\/wp\/v2\/comments?post=18489"}],"version-history":[{"count":3,"href":"https:\/\/www.sabine-seyffert.de\/blog\/wp-json\/wp\/v2\/posts\/18489\/revisions"}],"predecessor-version":[{"id":27279,"href":"https:\/\/www.sabine-seyffert.de\/blog\/wp-json\/wp\/v2\/posts\/18489\/revisions\/27279"}],"wp:attachment":[{"href":"https:\/\/www.sabine-seyffert.de\/blog\/wp-json\/wp\/v2\/media?parent=18489"}],"wp:term":[{"taxonomy":"category","embeddable":true,"href":"https:\/\/www.sabine-seyffert.de\/blog\/wp-json\/wp\/v2\/categories?post=18489"},{"taxonomy":"post_tag","embeddable":true,"href":"https:\/\/www.sabine-seyffert.de\/blog\/wp-json\/wp\/v2\/tags?post=18489"}],"curies":[{"name":"wp","href":"https:\/\/api.w.org\/{rel}","templated":true}]}}