{"id":1830,"date":"2013-05-25T18:57:19","date_gmt":"2013-05-25T16:57:19","guid":{"rendered":"http:\/\/www.sabine-seyffert.de\/blog\/?p=1830"},"modified":"2018-06-26T08:11:02","modified_gmt":"2018-06-26T06:11:02","slug":"elefantastisches-am-wochenende","status":"publish","type":"post","link":"https:\/\/www.sabine-seyffert.de\/blog\/elefantastisches-am-wochenende\/","title":{"rendered":"Elefantastisches am Wochenende"},"content":{"rendered":"<p style=\"text-align: center;\"><img loading=\"lazy\" decoding=\"async\" src=\"https:\/\/ssl-vg03.met.vgwort.de\/na\/da1cccdb7a58489fb1b8a2a31b942104\" alt=\"\" width=\"1\" height=\"1\" \/><br \/>\n<a href=\"http:\/\/www.sabine-seyffert.de\/blog\/wp-content\/uploads\/2013\/05\/Zoo-1.jpg\"><img loading=\"lazy\" decoding=\"async\" class=\"alignnone size-full wp-image-1831\" src=\"http:\/\/www.sabine-seyffert.de\/blog\/wp-content\/uploads\/2013\/05\/Zoo-1.jpg\" alt=\"Zoo 1\" width=\"600\" height=\"800\" srcset=\"https:\/\/www.sabine-seyffert.de\/blog\/wp-content\/uploads\/2013\/05\/Zoo-1.jpg 600w, https:\/\/www.sabine-seyffert.de\/blog\/wp-content\/uploads\/2013\/05\/Zoo-1-225x300.jpg 225w\" sizes=\"auto, (max-width: 600px) 100vw, 600px\" \/><\/a><\/p>\n<p style=\"text-align: justify;\">Seit ein paar Tagen gibt es im <a href=\"https:\/\/de.wikipedia.org\/wiki\/Zoo_Wuppertal\" target=\"_blank\" rel=\"noopener\">Wuppertaler Zoo<\/a> Elefantennachwuchs. Daher haben wir uns am Wochenende gleich morgens auf den Weg gemacht dem kleinen Moyo einen Besuch abzustatten. Ausger\u00fcstet mit Gummistiefeln und Regenjacke ging es in Richtung Zoo.<\/p>\n<p style=\"text-align: center;\"><a href=\"http:\/\/www.sabine-seyffert.de\/blog\/wp-content\/uploads\/2013\/05\/Zoo-13.jpg\"><img loading=\"lazy\" decoding=\"async\" class=\"alignnone size-full wp-image-1832\" src=\"http:\/\/www.sabine-seyffert.de\/blog\/wp-content\/uploads\/2013\/05\/Zoo-13.jpg\" alt=\"Zoo 13\" width=\"800\" height=\"600\" srcset=\"https:\/\/www.sabine-seyffert.de\/blog\/wp-content\/uploads\/2013\/05\/Zoo-13.jpg 800w, https:\/\/www.sabine-seyffert.de\/blog\/wp-content\/uploads\/2013\/05\/Zoo-13-300x225.jpg 300w\" sizes=\"auto, (max-width: 800px) 100vw, 800px\" \/><\/a><\/p>\n<p style=\"text-align: justify;\">Der war fast menschenleer \u2013 aber wen wundert das bei dem Regen?<\/p>\n<p style=\"text-align: center;\"><a href=\"http:\/\/www.sabine-seyffert.de\/blog\/wp-content\/uploads\/2013\/05\/Zoo-2.jpg\"><img loading=\"lazy\" decoding=\"async\" class=\"alignnone size-full wp-image-1833\" src=\"http:\/\/www.sabine-seyffert.de\/blog\/wp-content\/uploads\/2013\/05\/Zoo-2.jpg\" alt=\"Zoo 2\" width=\"600\" height=\"800\" srcset=\"https:\/\/www.sabine-seyffert.de\/blog\/wp-content\/uploads\/2013\/05\/Zoo-2.jpg 600w, https:\/\/www.sabine-seyffert.de\/blog\/wp-content\/uploads\/2013\/05\/Zoo-2-225x300.jpg 225w\" sizes=\"auto, (max-width: 600px) 100vw, 600px\" \/><\/a><\/p>\n<p style=\"text-align: justify;\">So spazierten wir einsam und verlassen durch den Zoo, der so im Regen irgendwie ein ganz anderes Bild abgab als sonst.<\/p>\n<p style=\"text-align: center;\"><a href=\"http:\/\/www.sabine-seyffert.de\/blog\/wp-content\/uploads\/2013\/05\/Zoo-7.jpg\"><img loading=\"lazy\" decoding=\"async\" class=\"alignnone size-full wp-image-1843\" src=\"http:\/\/www.sabine-seyffert.de\/blog\/wp-content\/uploads\/2013\/05\/Zoo-7.jpg\" alt=\"Zoo 7\" width=\"600\" height=\"800\" srcset=\"https:\/\/www.sabine-seyffert.de\/blog\/wp-content\/uploads\/2013\/05\/Zoo-7.jpg 600w, https:\/\/www.sabine-seyffert.de\/blog\/wp-content\/uploads\/2013\/05\/Zoo-7-225x300.jpg 225w\" sizes=\"auto, (max-width: 600px) 100vw, 600px\" \/><\/a><\/p>\n<p style=\"text-align: justify;\">Vielleicht kommt das viele Gr\u00fcn und die Landschaft im Zoo durch das schlechte Wetter bedingt, besser zum Ausdruck?<\/p>\n<p style=\"text-align: center;\"><a href=\"http:\/\/www.sabine-seyffert.de\/blog\/wp-content\/uploads\/2013\/05\/Zoo-3.jpg\"><img loading=\"lazy\" decoding=\"async\" class=\"alignnone size-full wp-image-1834\" src=\"http:\/\/www.sabine-seyffert.de\/blog\/wp-content\/uploads\/2013\/05\/Zoo-3.jpg\" alt=\"Zoo 3\" width=\"600\" height=\"800\" srcset=\"https:\/\/www.sabine-seyffert.de\/blog\/wp-content\/uploads\/2013\/05\/Zoo-3.jpg 600w, https:\/\/www.sabine-seyffert.de\/blog\/wp-content\/uploads\/2013\/05\/Zoo-3-225x300.jpg 225w\" sizes=\"auto, (max-width: 600px) 100vw, 600px\" \/><\/a><\/p>\n<p style=\"text-align: justify;\">Die gro\u00dfen Fu\u00dfspuren der Elefanten, die sonst gut sichtbar den Weg ins Elefantenhaus markieren, sind durch den Regen so \u00fcberflutet, dass man sie nicht mehr recht erkennt\u2026<\/p>\n<p style=\"text-align: center;\"><a href=\"http:\/\/www.sabine-seyffert.de\/blog\/wp-content\/uploads\/2013\/05\/Zoo-4.jpg\"><img loading=\"lazy\" decoding=\"async\" class=\"alignnone size-full wp-image-1835\" src=\"http:\/\/www.sabine-seyffert.de\/blog\/wp-content\/uploads\/2013\/05\/Zoo-4.jpg\" alt=\"Zoo 4\" width=\"800\" height=\"600\" srcset=\"https:\/\/www.sabine-seyffert.de\/blog\/wp-content\/uploads\/2013\/05\/Zoo-4.jpg 800w, https:\/\/www.sabine-seyffert.de\/blog\/wp-content\/uploads\/2013\/05\/Zoo-4-300x225.jpg 300w\" sizes=\"auto, (max-width: 800px) 100vw, 800px\" \/><\/a><\/p>\n<p style=\"text-align: justify;\">Ein paar Elefanten k\u00f6nnen wir Drau\u00dfen ersp\u00e4hen, aber der kleine Elefant ist leider nicht dabei.<\/p>\n<p style=\"text-align: center;\"><a href=\"http:\/\/www.sabine-seyffert.de\/blog\/wp-content\/uploads\/2013\/05\/Zoo-gro\u00df.jpg\"><img loading=\"lazy\" decoding=\"async\" class=\"alignnone size-full wp-image-1836\" src=\"http:\/\/www.sabine-seyffert.de\/blog\/wp-content\/uploads\/2013\/05\/Zoo-gro\u00df.jpg\" alt=\"Zoo gro\u00df\" width=\"1600\" height=\"1200\" srcset=\"https:\/\/www.sabine-seyffert.de\/blog\/wp-content\/uploads\/2013\/05\/Zoo-gro\u00df.jpg 1600w, https:\/\/www.sabine-seyffert.de\/blog\/wp-content\/uploads\/2013\/05\/Zoo-gro\u00df-300x225.jpg 300w, https:\/\/www.sabine-seyffert.de\/blog\/wp-content\/uploads\/2013\/05\/Zoo-gro\u00df-1024x768.jpg 1024w\" sizes=\"auto, (max-width: 1600px) 100vw, 1600px\" \/><\/a><\/p>\n<p style=\"text-align: justify;\">Den finden wir im Elefantenhaus, jedoch in gr\u00f6\u00dferer Entfernung. Und man erhascht nur hier und dort einen kurzen Blick auf das kleine Elefantenkind, das noch ein wenig wackelig auf seinen Beinen steht.<\/p>\n<p style=\"text-align: center;\"><a href=\"http:\/\/www.sabine-seyffert.de\/blog\/wp-content\/uploads\/2013\/05\/Zoo-6.jpg\"><img loading=\"lazy\" decoding=\"async\" class=\"alignnone size-full wp-image-1837\" src=\"http:\/\/www.sabine-seyffert.de\/blog\/wp-content\/uploads\/2013\/05\/Zoo-6.jpg\" alt=\"Zoo 6\" width=\"800\" height=\"600\" srcset=\"https:\/\/www.sabine-seyffert.de\/blog\/wp-content\/uploads\/2013\/05\/Zoo-6.jpg 800w, https:\/\/www.sabine-seyffert.de\/blog\/wp-content\/uploads\/2013\/05\/Zoo-6-300x225.jpg 300w\" sizes=\"auto, (max-width: 800px) 100vw, 800px\" \/><\/a><\/p>\n<p style=\"text-align: justify;\">Auch dem Elefantenvater Tusker statten wir einen Besuch ab. Ihn scheint der Regen nicht weiter zu st\u00f6ren.<\/p>\n<p style=\"text-align: center;\"><a href=\"http:\/\/www.sabine-seyffert.de\/blog\/wp-content\/uploads\/2013\/05\/Zoo-9.jpg\"><img loading=\"lazy\" decoding=\"async\" class=\"alignnone size-full wp-image-1838\" src=\"http:\/\/www.sabine-seyffert.de\/blog\/wp-content\/uploads\/2013\/05\/Zoo-9.jpg\" alt=\"Zoo 9\" width=\"600\" height=\"800\" srcset=\"https:\/\/www.sabine-seyffert.de\/blog\/wp-content\/uploads\/2013\/05\/Zoo-9.jpg 600w, https:\/\/www.sabine-seyffert.de\/blog\/wp-content\/uploads\/2013\/05\/Zoo-9-225x300.jpg 225w\" sizes=\"auto, (max-width: 600px) 100vw, 600px\" \/><\/a><\/p>\n<p style=\"text-align: justify;\">Uns inzwischen schon, denn trotz Regenkleidung sind wir bei den eher herbstlichen Temperaturen, die deutlich unter 10 Grad liegen, recht durchgefroren.<\/p>\n<p style=\"text-align: center;\"><a href=\"http:\/\/www.sabine-seyffert.de\/blog\/wp-content\/uploads\/2013\/05\/Zoo-8.jpg\"><img loading=\"lazy\" decoding=\"async\" class=\"alignnone size-full wp-image-1839\" src=\"http:\/\/www.sabine-seyffert.de\/blog\/wp-content\/uploads\/2013\/05\/Zoo-8.jpg\" alt=\"Zoo 8\" width=\"800\" height=\"600\" srcset=\"https:\/\/www.sabine-seyffert.de\/blog\/wp-content\/uploads\/2013\/05\/Zoo-8.jpg 800w, https:\/\/www.sabine-seyffert.de\/blog\/wp-content\/uploads\/2013\/05\/Zoo-8-300x225.jpg 300w\" sizes=\"auto, (max-width: 800px) 100vw, 800px\" \/><\/a><\/p>\n<p style=\"text-align: justify;\">Dem kleinen Pinguin scheint das Wetter ebenso wenig zu gefallen. Der kleine Kerl hat sich unter einem dichten Busch versteckt, unter dem man ihn kaum entdecken kann\u2026<\/p>\n<p style=\"text-align: center;\"><a href=\"http:\/\/www.sabine-seyffert.de\/blog\/wp-content\/uploads\/2013\/05\/Pinguin.jpg\"><img loading=\"lazy\" decoding=\"async\" class=\"alignnone size-full wp-image-1840\" src=\"http:\/\/www.sabine-seyffert.de\/blog\/wp-content\/uploads\/2013\/05\/Pinguin.jpg\" alt=\"Pinguin\" width=\"1000\" height=\"444\" srcset=\"https:\/\/www.sabine-seyffert.de\/blog\/wp-content\/uploads\/2013\/05\/Pinguin.jpg 1000w, https:\/\/www.sabine-seyffert.de\/blog\/wp-content\/uploads\/2013\/05\/Pinguin-300x133.jpg 300w\" sizes=\"auto, (max-width: 1000px) 100vw, 1000px\" \/><\/a><\/p>\n<p style=\"text-align: justify;\">Nach fast zwei Stunden im Regen ist es Zeit nach Hause, ins Warme, zur\u00fcckzukehren. Doch auf dem Weg zum Ausgang macht meine J\u00fcngste eine geradezu m\u00e4rchenhafte Entdeckung, die ich ihrer Meinung nach unbedingt f\u00fcr meinen Blog festhalten soll. Und zwar sichtet meine Tochter den m\u00e4rchenhaften \u201eRapunzelbaum\u201c (O-Ton meiner Tochter und wie ich finde, sehr passender Name &#8211; zu sehen auf dem letzten Bild ganz unten!), dem wir am Schluss unserer Regenwettertour begegnen.<\/p>\n<p style=\"text-align: center;\"><a href=\"http:\/\/www.sabine-seyffert.de\/blog\/wp-content\/uploads\/2013\/05\/Zoo10.jpg\"><img loading=\"lazy\" decoding=\"async\" class=\"alignnone size-full wp-image-1841\" src=\"http:\/\/www.sabine-seyffert.de\/blog\/wp-content\/uploads\/2013\/05\/Zoo10.jpg\" alt=\"Zoo10\" width=\"600\" height=\"800\" srcset=\"https:\/\/www.sabine-seyffert.de\/blog\/wp-content\/uploads\/2013\/05\/Zoo10.jpg 600w, https:\/\/www.sabine-seyffert.de\/blog\/wp-content\/uploads\/2013\/05\/Zoo10-225x300.jpg 225w\" sizes=\"auto, (max-width: 600px) 100vw, 600px\" \/><\/a><\/p>\n<p style=\"text-align: justify;\">Und das ist auch der einzige Blick gen Himmel, den ich diese Woche get\u00e4tigt habe, da es an diesem bedauerlicherweise keinen einzigen Lichtblick in dieser Woche gab. Somit wandert das Bild vom Rapunzelbaum (Bild ganz unten, der Baum in der Mitte) mit dem kleinen St\u00fcck grauen Regenhimmel dahinter in <a href=\"http:\/\/dieraumfee.blogspot.de\/2013\/05\/in-heaven-no-67-horizontsuche.html\" target=\"_blank\" rel=\"noopener\">Katjas Sammlung<\/a>.<\/p>\n<p style=\"text-align: center;\"><a href=\"http:\/\/www.sabine-seyffert.de\/blog\/wp-content\/uploads\/2013\/05\/Zoo-12.jpg\"><img loading=\"lazy\" decoding=\"async\" class=\"alignnone size-full wp-image-1842\" src=\"http:\/\/www.sabine-seyffert.de\/blog\/wp-content\/uploads\/2013\/05\/Zoo-12.jpg\" alt=\"Zoo 12\" width=\"600\" height=\"800\" srcset=\"https:\/\/www.sabine-seyffert.de\/blog\/wp-content\/uploads\/2013\/05\/Zoo-12.jpg 600w, https:\/\/www.sabine-seyffert.de\/blog\/wp-content\/uploads\/2013\/05\/Zoo-12-225x300.jpg 225w\" sizes=\"auto, (max-width: 600px) 100vw, 600px\" \/><\/a><\/p>\n<p><a href=\"http:\/\/www.sabine-seyffert.de\/blog\/?page_id=32#urheberrecht\">urherrechtlich gesch\u00fctzt<\/a>, \u00a9 Sabine Seyffert<\/p>\n","protected":false},"excerpt":{"rendered":"<p>Seit ein paar Tagen gibt es im Wuppertaler Zoo Elefantennachwuchs. Daher haben wir uns am Wochenende gleich morgens auf den Weg gemacht dem kleinen Moyo einen Besuch abzustatten. Ausger\u00fcstet mit Gummistiefeln und Regenjacke ging es in Richtung Zoo. Der war fast menschenleer \u2013 aber wen wundert das bei dem Regen? So spazierten wir einsam und&#8230; <a href=\"https:\/\/www.sabine-seyffert.de\/blog\/elefantastisches-am-wochenende\/\" class=\"more-link\">Read more: Elefantastisches am Wochenende<\/a><\/p>\n","protected":false},"author":2,"featured_media":0,"comment_status":"open","ping_status":"open","sticky":false,"template":"","format":"standard","meta":{"_metis_text_type":"","_metis_text_length":2269,"_post_count":0,"footnotes":""},"categories":[39],"tags":[],"class_list":["post-1830","post","type-post","status-publish","format-standard","hentry","category-ausfluge-co"],"_links":{"self":[{"href":"https:\/\/www.sabine-seyffert.de\/blog\/wp-json\/wp\/v2\/posts\/1830","targetHints":{"allow":["GET"]}}],"collection":[{"href":"https:\/\/www.sabine-seyffert.de\/blog\/wp-json\/wp\/v2\/posts"}],"about":[{"href":"https:\/\/www.sabine-seyffert.de\/blog\/wp-json\/wp\/v2\/types\/post"}],"author":[{"embeddable":true,"href":"https:\/\/www.sabine-seyffert.de\/blog\/wp-json\/wp\/v2\/users\/2"}],"replies":[{"embeddable":true,"href":"https:\/\/www.sabine-seyffert.de\/blog\/wp-json\/wp\/v2\/comments?post=1830"}],"version-history":[{"count":24,"href":"https:\/\/www.sabine-seyffert.de\/blog\/wp-json\/wp\/v2\/posts\/1830\/revisions"}],"predecessor-version":[{"id":12804,"href":"https:\/\/www.sabine-seyffert.de\/blog\/wp-json\/wp\/v2\/posts\/1830\/revisions\/12804"}],"wp:attachment":[{"href":"https:\/\/www.sabine-seyffert.de\/blog\/wp-json\/wp\/v2\/media?parent=1830"}],"wp:term":[{"taxonomy":"category","embeddable":true,"href":"https:\/\/www.sabine-seyffert.de\/blog\/wp-json\/wp\/v2\/categories?post=1830"},{"taxonomy":"post_tag","embeddable":true,"href":"https:\/\/www.sabine-seyffert.de\/blog\/wp-json\/wp\/v2\/tags?post=1830"}],"curies":[{"name":"wp","href":"https:\/\/api.w.org\/{rel}","templated":true}]}}