{"id":18265,"date":"2021-01-20T06:00:30","date_gmt":"2021-01-20T04:00:30","guid":{"rendered":"https:\/\/www.sabine-seyffert.de\/blog\/?p=18265"},"modified":"2021-01-19T20:47:35","modified_gmt":"2021-01-19T18:47:35","slug":"diy-bastelidee-fuer-kinder-eisbaer-kerze-selbermachen-lichterglanz-im-winter","status":"publish","type":"post","link":"https:\/\/www.sabine-seyffert.de\/blog\/diy-bastelidee-fuer-kinder-eisbaer-kerze-selbermachen-lichterglanz-im-winter\/","title":{"rendered":"DIY Bastelidee f\u00fcr Kinder: Eisb\u00e4r Kerze selbermachen \u2013 Lichterglanz im Winter"},"content":{"rendered":"<p style=\"text-align: justify;\"><img loading=\"lazy\" decoding=\"async\" src=\"https:\/\/vg09.met.vgwort.de\/na\/c934d71956014b749004f2cca4bed895\" alt=\"\" width=\"1\" height=\"1\" \/>Der Winter hat gerade erst begonnen. Gerade hier ist das Wetter oftmals grau und ungem\u00fctlich. Da <a href=\"https:\/\/www.sabine-seyffert.de\/blog\/?p=18128\" target=\"_blank\" rel=\"noopener noreferrer\">der Lockdown<\/a> und die damit verbundenen Kontaktbeschr\u00e4nkungen den Alltag nicht gerade einfach machen, gibt es heute mal eine klitzekleine Do-it-Yourself Idee, die etwas Licht in dunkle Tage bringen soll. Als kleines Pendant zu <a href=\"https:\/\/www.sabine-seyffert.de\/blog\/?p=13470\" target=\"_blank\" rel=\"noopener noreferrer\">dieser Idee<\/a>, die sich eher an gro\u00dfe Leute eignet. Aber w\u00e4hrend der <a href=\"https:\/\/www.instagram.com\/diy_sabine_seyffert\/\" target=\"_blank\" rel=\"noopener noreferrer\">#DIYWinterchallenge<\/a> geht es schlie\u00dflich darum, den Kindern ein wenig Abwechslung und kreative Besch\u00e4ftigung zu bieten. Also gestalten wir doch einfach ein paar Kerzen in coolem Eisb\u00e4ren Look.<\/p>\n<p style=\"text-align: center;\"><a href=\"https:\/\/www.sabine-seyffert.de\/blog\/wp-content\/uploads\/2021\/01\/Eisb\u00e4r-Kerze-Sabine-Seyffert.de-3.jpg\"><img loading=\"lazy\" decoding=\"async\" class=\"alignnone size-full wp-image-18266\" src=\"https:\/\/www.sabine-seyffert.de\/blog\/wp-content\/uploads\/2021\/01\/Eisb\u00e4r-Kerze-Sabine-Seyffert.de-3.jpg\" alt=\"\" width=\"800\" height=\"600\" srcset=\"https:\/\/www.sabine-seyffert.de\/blog\/wp-content\/uploads\/2021\/01\/Eisb\u00e4r-Kerze-Sabine-Seyffert.de-3.jpg 800w, https:\/\/www.sabine-seyffert.de\/blog\/wp-content\/uploads\/2021\/01\/Eisb\u00e4r-Kerze-Sabine-Seyffert.de-3-300x225.jpg 300w, https:\/\/www.sabine-seyffert.de\/blog\/wp-content\/uploads\/2021\/01\/Eisb\u00e4r-Kerze-Sabine-Seyffert.de-3-768x576.jpg 768w\" sizes=\"auto, (max-width: 800px) 100vw, 800px\" \/><\/a><\/p>\n<p style=\"text-align: justify;\"><strong>Das wird gebraucht:<\/strong><br \/>\nWei\u00dfe Kerzen (Stabkerzen \/ klappt alternativ ebenso gut mit einem Teelicht), einen schwarzen Kerzenpen, etwas wei\u00dfen Kerzenwachs (den gibt es als fertige Wachsplatten zu kaufen) sowie optional ein scharfes Messer zum Schneiden \u2013 das bitte aber nur unter Aufsicht eines Erwachsenen! Anstatt des Messers kann man sonst auch eine Bastelschere verwenden und die im Anschluss mit hei\u00dfem Wasser und Sp\u00fclmittel reinigen!<\/p>\n<p style=\"text-align: center;\"><a href=\"https:\/\/www.sabine-seyffert.de\/blog\/wp-content\/uploads\/2021\/01\/Eisb\u00e4r-Kerze-Sabine-Seyffert.de-0.jpg\"><img loading=\"lazy\" decoding=\"async\" class=\"alignnone size-full wp-image-18267\" src=\"https:\/\/www.sabine-seyffert.de\/blog\/wp-content\/uploads\/2021\/01\/Eisb\u00e4r-Kerze-Sabine-Seyffert.de-0.jpg\" alt=\"\" width=\"800\" height=\"600\" srcset=\"https:\/\/www.sabine-seyffert.de\/blog\/wp-content\/uploads\/2021\/01\/Eisb\u00e4r-Kerze-Sabine-Seyffert.de-0.jpg 800w, https:\/\/www.sabine-seyffert.de\/blog\/wp-content\/uploads\/2021\/01\/Eisb\u00e4r-Kerze-Sabine-Seyffert.de-0-300x225.jpg 300w, https:\/\/www.sabine-seyffert.de\/blog\/wp-content\/uploads\/2021\/01\/Eisb\u00e4r-Kerze-Sabine-Seyffert.de-0-768x576.jpg 768w\" sizes=\"auto, (max-width: 800px) 100vw, 800px\" \/><\/a><\/p>\n<p style=\"text-align: justify;\"><strong>So wird\u2019s gemacht:<\/strong><br \/>\nDiese Eisb\u00e4ren sind denkbar einfach zu basteln. Einfach mit dem Kerzenpen Auge, B\u00e4rennase und Mund aufmalen \u2013 <strong>aufgepasst<\/strong>, solang die Farbe noch feucht ist, verschmiert sie schnell!<\/p>\n<p style=\"text-align: center;\"><a href=\"https:\/\/www.sabine-seyffert.de\/blog\/wp-content\/uploads\/2021\/01\/Eisb\u00e4r-Kerze-Sabine-Seyffert.de-2.jpg\"><img loading=\"lazy\" decoding=\"async\" class=\"alignnone size-full wp-image-18271\" src=\"https:\/\/www.sabine-seyffert.de\/blog\/wp-content\/uploads\/2021\/01\/Eisb\u00e4r-Kerze-Sabine-Seyffert.de-2.jpg\" alt=\"\" width=\"800\" height=\"600\" srcset=\"https:\/\/www.sabine-seyffert.de\/blog\/wp-content\/uploads\/2021\/01\/Eisb\u00e4r-Kerze-Sabine-Seyffert.de-2.jpg 800w, https:\/\/www.sabine-seyffert.de\/blog\/wp-content\/uploads\/2021\/01\/Eisb\u00e4r-Kerze-Sabine-Seyffert.de-2-300x225.jpg 300w, https:\/\/www.sabine-seyffert.de\/blog\/wp-content\/uploads\/2021\/01\/Eisb\u00e4r-Kerze-Sabine-Seyffert.de-2-768x576.jpg 768w\" sizes=\"auto, (max-width: 800px) 100vw, 800px\" \/><\/a><\/p>\n<p style=\"text-align: justify;\">Und dann mit dem Messer zwei kleine Ohren aus der wei\u00dfen Wachsplatte schneiden und dem B\u00e4ren rechts und links fest \u00fcber das Gesicht dr\u00fccken. Wenn der Wachs handwarm ist klebt er besser und l\u00e4sst sich gut verarbeiten. Solltet ihr keine Wachsplatten zur Hand haben, kann man sicherlich auch wei\u00dfe Wachsreste von Weihnachtskerzen bzw. deren Resten verwenden.<\/p>\n<p style=\"text-align: center;\"><a href=\"https:\/\/www.sabine-seyffert.de\/blog\/wp-content\/uploads\/2021\/01\/Eisb\u00e4r-Kerze-Sabine-Seyffert.de-4.jpg\"><img loading=\"lazy\" decoding=\"async\" class=\"alignnone size-full wp-image-18270\" src=\"https:\/\/www.sabine-seyffert.de\/blog\/wp-content\/uploads\/2021\/01\/Eisb\u00e4r-Kerze-Sabine-Seyffert.de-4.jpg\" alt=\"\" width=\"600\" height=\"800\" srcset=\"https:\/\/www.sabine-seyffert.de\/blog\/wp-content\/uploads\/2021\/01\/Eisb\u00e4r-Kerze-Sabine-Seyffert.de-4.jpg 600w, https:\/\/www.sabine-seyffert.de\/blog\/wp-content\/uploads\/2021\/01\/Eisb\u00e4r-Kerze-Sabine-Seyffert.de-4-225x300.jpg 225w\" sizes=\"auto, (max-width: 600px) 100vw, 600px\" \/><\/a><\/p>\n<p style=\"text-align: justify;\"><strong>Ein kleiner Tipp:<\/strong><br \/>\nVielleicht m\u00f6chtet ihr euren Freunden, die ihr aus Kindergarten oder der Schule sehr vermisst, eine kleine Freude machen? Dann kannst du die Kerze, nachdem alles getrocknet ist, in etwas Backpapier wickeln, die Enden mit Geschenkband zusammenbinden und deiner Freundin oder dem Freund vor die Haust\u00fcr legen und ihm so zeigen, dass du an ihn denkst<\/p>\n<p style=\"text-align: center;\"><a href=\"https:\/\/www.sabine-seyffert.de\/blog\/wp-content\/uploads\/2021\/01\/Eisb\u00e4r-Kerze-Sabine-Seyffert.de-5.jpg\"><img loading=\"lazy\" decoding=\"async\" class=\"alignnone size-full wp-image-18269\" src=\"https:\/\/www.sabine-seyffert.de\/blog\/wp-content\/uploads\/2021\/01\/Eisb\u00e4r-Kerze-Sabine-Seyffert.de-5.jpg\" alt=\"\" width=\"600\" height=\"800\" srcset=\"https:\/\/www.sabine-seyffert.de\/blog\/wp-content\/uploads\/2021\/01\/Eisb\u00e4r-Kerze-Sabine-Seyffert.de-5.jpg 600w, https:\/\/www.sabine-seyffert.de\/blog\/wp-content\/uploads\/2021\/01\/Eisb\u00e4r-Kerze-Sabine-Seyffert.de-5-225x300.jpg 225w\" sizes=\"auto, (max-width: 600px) 100vw, 600px\" \/><\/a><\/p>\n<p style=\"text-align: justify;\">Weitere DIY Bastelideen f\u00fcr Kinder findet ihr \u00fcbrigens in <a href=\"https:\/\/www.sabine-seyffert.de\/blog\/?cat=32\" target=\"_blank\" rel=\"noopener noreferrer\">dieser Blog Kategorie<\/a>, alles zum Thema Upcycling mit detaillierter Bastelanleitung gibt es in <a href=\"https:\/\/www.sabine-seyffert.de\/blog\/?cat=47\" target=\"_blank\" rel=\"noopener noreferrer\">dieser Rubrik<\/a>, alles rund um die Winterzeit sind in <a href=\"https:\/\/www.sabine-seyffert.de\/blog\/?cat=22\" target=\"_blank\" rel=\"noopener noreferrer\">diesem Blog Ordner<\/a> oder <a href=\"https:\/\/www.pinterest.de\/diysabineseyffert\" target=\"_blank\" rel=\"noopener noreferrer\">meiner Pinnwand<\/a> und klitzekleine Geschenke zum Selbermachen findet ihr an <a href=\"https:\/\/www.sabine-seyffert.de\/blog\/?cat=36\" target=\"_blank\" rel=\"noopener noreferrer\">dieser Stelle<\/a>.<\/p>\n<p style=\"text-align: center;\"><a href=\"https:\/\/www.sabine-seyffert.de\/blog\/wp-content\/uploads\/2021\/01\/Eisb\u00e4r-Kerze-Sabine-Seyffert.de-6.jpg\"><img loading=\"lazy\" decoding=\"async\" class=\"alignnone size-full wp-image-18268\" src=\"https:\/\/www.sabine-seyffert.de\/blog\/wp-content\/uploads\/2021\/01\/Eisb\u00e4r-Kerze-Sabine-Seyffert.de-6.jpg\" alt=\"\" width=\"600\" height=\"800\" srcset=\"https:\/\/www.sabine-seyffert.de\/blog\/wp-content\/uploads\/2021\/01\/Eisb\u00e4r-Kerze-Sabine-Seyffert.de-6.jpg 600w, https:\/\/www.sabine-seyffert.de\/blog\/wp-content\/uploads\/2021\/01\/Eisb\u00e4r-Kerze-Sabine-Seyffert.de-6-225x300.jpg 225w\" sizes=\"auto, (max-width: 600px) 100vw, 600px\" \/><\/a><\/p>\n<p style=\"text-align: justify;\"><a href=\"https:\/\/www.sabine-seyffert.de\/blog\/?page_id=32#urheberrecht\">urheberrechtlich gesch\u00fctzt<\/a>, \u00a9 Sabine Seyffert<\/p>\n","protected":false},"excerpt":{"rendered":"<p>Der Winter hat gerade erst begonnen. Gerade hier ist das Wetter oftmals grau und ungem\u00fctlich. Da der Lockdown und die damit verbundenen Kontaktbeschr\u00e4nkungen den Alltag nicht gerade einfach machen, gibt es heute mal eine klitzekleine Do-it-Yourself Idee, die etwas Licht in dunkle Tage bringen soll. Als kleines Pendant zu dieser Idee, die sich eher an&#8230; <a href=\"https:\/\/www.sabine-seyffert.de\/blog\/diy-bastelidee-fuer-kinder-eisbaer-kerze-selbermachen-lichterglanz-im-winter\/\" class=\"more-link\">Read more: DIY Bastelidee f\u00fcr Kinder: Eisb\u00e4r Kerze selbermachen \u2013 Lichterglanz im Winter<\/a><\/p>\n","protected":false},"author":2,"featured_media":0,"comment_status":"open","ping_status":"open","sticky":false,"template":"","format":"standard","meta":{"_metis_text_type":"","_metis_text_length":2300,"_post_count":0,"footnotes":""},"categories":[32,12,36,22],"tags":[],"class_list":["post-18265","post","type-post","status-publish","format-standard","hentry","category-kreatives-fur-kleine-kinderhande","category-deko-ideen","category-klitzekleine-geschenkideen","category-winter"],"_links":{"self":[{"href":"https:\/\/www.sabine-seyffert.de\/blog\/wp-json\/wp\/v2\/posts\/18265","targetHints":{"allow":["GET"]}}],"collection":[{"href":"https:\/\/www.sabine-seyffert.de\/blog\/wp-json\/wp\/v2\/posts"}],"about":[{"href":"https:\/\/www.sabine-seyffert.de\/blog\/wp-json\/wp\/v2\/types\/post"}],"author":[{"embeddable":true,"href":"https:\/\/www.sabine-seyffert.de\/blog\/wp-json\/wp\/v2\/users\/2"}],"replies":[{"embeddable":true,"href":"https:\/\/www.sabine-seyffert.de\/blog\/wp-json\/wp\/v2\/comments?post=18265"}],"version-history":[{"count":3,"href":"https:\/\/www.sabine-seyffert.de\/blog\/wp-json\/wp\/v2\/posts\/18265\/revisions"}],"predecessor-version":[{"id":18274,"href":"https:\/\/www.sabine-seyffert.de\/blog\/wp-json\/wp\/v2\/posts\/18265\/revisions\/18274"}],"wp:attachment":[{"href":"https:\/\/www.sabine-seyffert.de\/blog\/wp-json\/wp\/v2\/media?parent=18265"}],"wp:term":[{"taxonomy":"category","embeddable":true,"href":"https:\/\/www.sabine-seyffert.de\/blog\/wp-json\/wp\/v2\/categories?post=18265"},{"taxonomy":"post_tag","embeddable":true,"href":"https:\/\/www.sabine-seyffert.de\/blog\/wp-json\/wp\/v2\/tags?post=18265"}],"curies":[{"name":"wp","href":"https:\/\/api.w.org\/{rel}","templated":true}]}}