{"id":18217,"date":"2021-01-16T09:02:24","date_gmt":"2021-01-16T07:02:24","guid":{"rendered":"https:\/\/www.sabine-seyffert.de\/blog\/?p=18217"},"modified":"2021-01-16T09:02:24","modified_gmt":"2021-01-16T07:02:24","slug":"diy-upcycling-idee-fuer-kinder-wir-bauen-einen-schneemann-bastelidee-mit-plastikdeckeln","status":"publish","type":"post","link":"https:\/\/www.sabine-seyffert.de\/blog\/diy-upcycling-idee-fuer-kinder-wir-bauen-einen-schneemann-bastelidee-mit-plastikdeckeln\/","title":{"rendered":"DIY Upcycling Idee f\u00fcr Kinder: Wir bauen einen Schneemann \u2013 Bastelidee mit Plastikdeckeln"},"content":{"rendered":"<p style=\"text-align: justify;\"><img loading=\"lazy\" decoding=\"async\" src=\"https:\/\/vg09.met.vgwort.de\/na\/3606b95480454a45a9771b8c6e043c29\" alt=\"\" width=\"1\" height=\"1\" \/>Kaum zu glauben, aber heute ist bereits Tag Nr. 6 zu meiner <a href=\"https:\/\/www.instagram.com\/diy_sabine_seyffert\/\" target=\"_blank\" rel=\"noopener noreferrer\">#DIYWinterchallenge<\/a>, die ein wenig kreative Abwechslung &amp; Fr\u00f6hlichkeit in <a href=\"https:\/\/www.sabine-seyffert.de\/blog\/?p=18128\" target=\"_blank\" rel=\"noopener noreferrer\">den Lockdown<\/a> bringen soll.<\/p>\n<p style=\"text-align: justify;\">Im Gegensatz zu den meisten Leuten mag ich den Winter als Jahreszeit mehr. Daher gibt es auch in dieser Winterzeit allerhand kreative Bastelideen, um den Winter zu genie\u00dfen. Dieses Mal bauen wir einfach einen tollen Schneemann. Das Beste daran, die H\u00e4nde werden beim Basteln nicht kalt und Handschuhe braucht man auch nicht. Seid ihr bereit? Dann los!<\/p>\n<p style=\"text-align: center;\"><a href=\"https:\/\/www.sabine-seyffert.de\/blog\/wp-content\/uploads\/2021\/01\/Deckel-Schneemann-Sabine-Seyffert.de-2.jpg\"><img loading=\"lazy\" decoding=\"async\" class=\"alignnone size-full wp-image-18218\" src=\"https:\/\/www.sabine-seyffert.de\/blog\/wp-content\/uploads\/2021\/01\/Deckel-Schneemann-Sabine-Seyffert.de-2.jpg\" alt=\"\" width=\"800\" height=\"600\" srcset=\"https:\/\/www.sabine-seyffert.de\/blog\/wp-content\/uploads\/2021\/01\/Deckel-Schneemann-Sabine-Seyffert.de-2.jpg 800w, https:\/\/www.sabine-seyffert.de\/blog\/wp-content\/uploads\/2021\/01\/Deckel-Schneemann-Sabine-Seyffert.de-2-300x225.jpg 300w, https:\/\/www.sabine-seyffert.de\/blog\/wp-content\/uploads\/2021\/01\/Deckel-Schneemann-Sabine-Seyffert.de-2-768x576.jpg 768w\" sizes=\"auto, (max-width: 800px) 100vw, 800px\" \/><\/a><\/p>\n<p style=\"text-align: justify;\"><strong>Das wird gebraucht:<\/strong><br \/>\nPro Schneemann zwei saubere Deckel (durchsichtig, wie beispielsweise von Joghurt, Quark oder Schmierk\u00e4se), wei\u00dfes &amp; orangefarbenes Seidenpapier, Kn\u00f6pfe, Bastelfilz oder Stoffreste, ein Restst\u00fcck Zackenlitze (ersatzweise Wollreste oder Kordel), eine Bastelschere, eine Hei\u00dfklebepistole samt Klebepatrone, Tapetenkleister, einen Tacker, einen kleinen Streifen Tonpapier, kleine \u00c4ste \/ Zweige, Malkittel, eine abwaschbare Tischdecke oder Malunterlage<\/p>\n<p style=\"text-align: center;\"><a href=\"https:\/\/www.sabine-seyffert.de\/blog\/wp-content\/uploads\/2021\/01\/Deckel-Schneemann-Sabine-Seyffert.de-8.jpg\"><img loading=\"lazy\" decoding=\"async\" class=\"alignnone size-full wp-image-18219\" src=\"https:\/\/www.sabine-seyffert.de\/blog\/wp-content\/uploads\/2021\/01\/Deckel-Schneemann-Sabine-Seyffert.de-8.jpg\" alt=\"\" width=\"800\" height=\"600\" srcset=\"https:\/\/www.sabine-seyffert.de\/blog\/wp-content\/uploads\/2021\/01\/Deckel-Schneemann-Sabine-Seyffert.de-8.jpg 800w, https:\/\/www.sabine-seyffert.de\/blog\/wp-content\/uploads\/2021\/01\/Deckel-Schneemann-Sabine-Seyffert.de-8-300x225.jpg 300w, https:\/\/www.sabine-seyffert.de\/blog\/wp-content\/uploads\/2021\/01\/Deckel-Schneemann-Sabine-Seyffert.de-8-768x576.jpg 768w\" sizes=\"auto, (max-width: 800px) 100vw, 800px\" \/><\/a><\/p>\n<p style=\"text-align: justify;\"><strong>So wird\u2019s gemacht:<\/strong><br \/>\nAls erstes r\u00fchrt ihr euch in einer Glassch\u00fcssel etwas Tapetenkleister mit ganz warmem Wasser an. W\u00e4hrend der Kleister einen Moment braucht um nachzudicken, schl\u00fcpft jeder in <a href=\"https:\/\/www.sabine-seyffert.de\/blog\/?p=12310\" target=\"_blank\" rel=\"noopener noreferrer\">seinen Malkittel<\/a>, deckt den Tisch ab und bekommt zwei Plastikdeckel. Diese werden zun\u00e4chst fest aneinander getackert.<\/p>\n<p style=\"text-align: center;\"><a href=\"https:\/\/www.sabine-seyffert.de\/blog\/wp-content\/uploads\/2021\/01\/Deckel-Schneemann-Sabine-Seyffert.de-7.jpg\"><img loading=\"lazy\" decoding=\"async\" class=\"alignnone size-full wp-image-18220\" src=\"https:\/\/www.sabine-seyffert.de\/blog\/wp-content\/uploads\/2021\/01\/Deckel-Schneemann-Sabine-Seyffert.de-7.jpg\" alt=\"\" width=\"800\" height=\"600\" srcset=\"https:\/\/www.sabine-seyffert.de\/blog\/wp-content\/uploads\/2021\/01\/Deckel-Schneemann-Sabine-Seyffert.de-7.jpg 800w, https:\/\/www.sabine-seyffert.de\/blog\/wp-content\/uploads\/2021\/01\/Deckel-Schneemann-Sabine-Seyffert.de-7-300x225.jpg 300w, https:\/\/www.sabine-seyffert.de\/blog\/wp-content\/uploads\/2021\/01\/Deckel-Schneemann-Sabine-Seyffert.de-7-768x576.jpg 768w\" sizes=\"auto, (max-width: 800px) 100vw, 800px\" \/><\/a><\/p>\n<p style=\"text-align: justify;\">Dann schneidet man das Seidenpapier in kleinere St\u00fccke und klebt dieses in 2 bis drei Schichten mit dem fl\u00fcssigen Kleisterbrei um die Deckel herum. Anschlie\u00dfend muss der Schneemann erst einmal durchtrocknen.<\/p>\n<p style=\"text-align: center;\"><a href=\"https:\/\/www.sabine-seyffert.de\/blog\/wp-content\/uploads\/2021\/01\/Deckel-Schneemann-Sabine-Seyffert.de-6.jpg\"><img loading=\"lazy\" decoding=\"async\" class=\"alignnone size-full wp-image-18221\" src=\"https:\/\/www.sabine-seyffert.de\/blog\/wp-content\/uploads\/2021\/01\/Deckel-Schneemann-Sabine-Seyffert.de-6.jpg\" alt=\"\" width=\"800\" height=\"600\" srcset=\"https:\/\/www.sabine-seyffert.de\/blog\/wp-content\/uploads\/2021\/01\/Deckel-Schneemann-Sabine-Seyffert.de-6.jpg 800w, https:\/\/www.sabine-seyffert.de\/blog\/wp-content\/uploads\/2021\/01\/Deckel-Schneemann-Sabine-Seyffert.de-6-300x225.jpg 300w, https:\/\/www.sabine-seyffert.de\/blog\/wp-content\/uploads\/2021\/01\/Deckel-Schneemann-Sabine-Seyffert.de-6-768x576.jpg 768w\" sizes=\"auto, (max-width: 800px) 100vw, 800px\" \/><\/a><\/p>\n<p style=\"text-align: justify;\">Das Gesicht ist schnell gestaltet. F\u00fcr den lachenden Mund klebt man etwas Zackenlitze auf. Aus dem orangefarbenen Seidenpapier dreht man sich eine Mini M\u00f6hre als Schneemann-Nase und die Augen sind aus bemalten Holzkn\u00f6pfen, die mit je einem Tropfen Hei\u00dfkleber aufgeklebt werden.<\/p>\n<p style=\"text-align: center;\"><a href=\"https:\/\/www.sabine-seyffert.de\/blog\/wp-content\/uploads\/2021\/01\/Deckel-Schneemann-Sabine-Seyffert.de-5.jpg\"><img loading=\"lazy\" decoding=\"async\" class=\"alignnone size-full wp-image-18225\" src=\"https:\/\/www.sabine-seyffert.de\/blog\/wp-content\/uploads\/2021\/01\/Deckel-Schneemann-Sabine-Seyffert.de-5.jpg\" alt=\"\" width=\"800\" height=\"600\" srcset=\"https:\/\/www.sabine-seyffert.de\/blog\/wp-content\/uploads\/2021\/01\/Deckel-Schneemann-Sabine-Seyffert.de-5.jpg 800w, https:\/\/www.sabine-seyffert.de\/blog\/wp-content\/uploads\/2021\/01\/Deckel-Schneemann-Sabine-Seyffert.de-5-300x225.jpg 300w, https:\/\/www.sabine-seyffert.de\/blog\/wp-content\/uploads\/2021\/01\/Deckel-Schneemann-Sabine-Seyffert.de-5-768x576.jpg 768w\" sizes=\"auto, (max-width: 800px) 100vw, 800px\" \/><\/a><\/p>\n<p style=\"text-align: justify;\">Damit der Schneemann nicht friert, schneidet man von dem Bastelfilz einen langen Streifen ab und bindet ihn um den Hals. Noch zwei kleine Kn\u00f6pfe f\u00fcr den Bauch und aus dem Tonpapier einen Streifen f\u00fcr den Arm schneiden. Als \u201eBesen\u201c dienen ein paar trockene, d\u00fcnne Zweige, die man mit Hei\u00dfkleber auf dem Tonpapier fixiert und festklebt.<\/p>\n<p style=\"text-align: center;\"><a href=\"https:\/\/www.sabine-seyffert.de\/blog\/wp-content\/uploads\/2021\/01\/Deckel-Schneemann-Sabine-Seyffert.de-4.jpg\"><img loading=\"lazy\" decoding=\"async\" class=\"alignnone size-full wp-image-18224\" src=\"https:\/\/www.sabine-seyffert.de\/blog\/wp-content\/uploads\/2021\/01\/Deckel-Schneemann-Sabine-Seyffert.de-4.jpg\" alt=\"\" width=\"800\" height=\"600\" srcset=\"https:\/\/www.sabine-seyffert.de\/blog\/wp-content\/uploads\/2021\/01\/Deckel-Schneemann-Sabine-Seyffert.de-4.jpg 800w, https:\/\/www.sabine-seyffert.de\/blog\/wp-content\/uploads\/2021\/01\/Deckel-Schneemann-Sabine-Seyffert.de-4-300x225.jpg 300w, https:\/\/www.sabine-seyffert.de\/blog\/wp-content\/uploads\/2021\/01\/Deckel-Schneemann-Sabine-Seyffert.de-4-768x576.jpg 768w\" sizes=\"auto, (max-width: 800px) 100vw, 800px\" \/><\/a><\/p>\n<p style=\"text-align: justify;\"><strong>Ein kleiner Tipp:<\/strong><br \/>\nWenn ihr die niedlichen Schneem\u00e4nner als Fensterbild oder Winterdeko f\u00fcr Wand und T\u00fcr nutzen m\u00f6chtet, knipst einfach mit der Lochzange eine kleine \u00d6ffnung in den oberen Deckel. Dort hindurch kann man etwas Geschenkband, Nylongarn oder Kordel ziehen und zu einer Schlaufe als Aufh\u00e4ngung binden.<\/p>\n<p style=\"text-align: center;\"><a href=\"https:\/\/www.sabine-seyffert.de\/blog\/wp-content\/uploads\/2021\/01\/Deckel-Schneemann-Sabine-Seyffert.de-3.jpg\"><img loading=\"lazy\" decoding=\"async\" class=\"alignnone size-full wp-image-18223\" src=\"https:\/\/www.sabine-seyffert.de\/blog\/wp-content\/uploads\/2021\/01\/Deckel-Schneemann-Sabine-Seyffert.de-3.jpg\" alt=\"\" width=\"800\" height=\"600\" srcset=\"https:\/\/www.sabine-seyffert.de\/blog\/wp-content\/uploads\/2021\/01\/Deckel-Schneemann-Sabine-Seyffert.de-3.jpg 800w, https:\/\/www.sabine-seyffert.de\/blog\/wp-content\/uploads\/2021\/01\/Deckel-Schneemann-Sabine-Seyffert.de-3-300x225.jpg 300w, https:\/\/www.sabine-seyffert.de\/blog\/wp-content\/uploads\/2021\/01\/Deckel-Schneemann-Sabine-Seyffert.de-3-768x576.jpg 768w\" sizes=\"auto, (max-width: 800px) 100vw, 800px\" \/><\/a><\/p>\n<p style=\"text-align: justify;\">Weitere Bastelideen f\u00fcr Kinder findet ihr \u00fcbrigens in <a href=\"https:\/\/www.sabine-seyffert.de\/blog\/?cat=32\" target=\"_blank\" rel=\"noopener noreferrer\">dieser Blog Kategorie<\/a>, alle Ideen rund um den Winter gibt es in <a href=\"https:\/\/www.sabine-seyffert.de\/blog\/?cat=22\" target=\"_blank\" rel=\"noopener noreferrer\">dieser Rubrik<\/a>, Upcycling zum Selbermachen sind in <a href=\"https:\/\/www.sabine-seyffert.de\/blog\/?cat=47\" target=\"_blank\" rel=\"noopener noreferrer\">diesem Blog Ordner<\/a> und weitere kreative Sachen auch an <a href=\"https:\/\/www.pinterest.de\/diysabineseyffert\/\" target=\"_blank\" rel=\"noopener noreferrer\">meinen Pinnw\u00e4nden<\/a>. Dort findet ihr auch ein Gruppenboard mit tollen Winterideen zum Lockdown!<\/p>\n<p style=\"text-align: center;\"><a href=\"https:\/\/www.sabine-seyffert.de\/blog\/wp-content\/uploads\/2021\/01\/Deckel-Schneemann-Sabine-Seyffert.de-1.jpg\"><img loading=\"lazy\" decoding=\"async\" class=\"alignnone size-full wp-image-18222\" src=\"https:\/\/www.sabine-seyffert.de\/blog\/wp-content\/uploads\/2021\/01\/Deckel-Schneemann-Sabine-Seyffert.de-1.jpg\" alt=\"\" width=\"600\" height=\"800\" srcset=\"https:\/\/www.sabine-seyffert.de\/blog\/wp-content\/uploads\/2021\/01\/Deckel-Schneemann-Sabine-Seyffert.de-1.jpg 600w, https:\/\/www.sabine-seyffert.de\/blog\/wp-content\/uploads\/2021\/01\/Deckel-Schneemann-Sabine-Seyffert.de-1-225x300.jpg 225w\" sizes=\"auto, (max-width: 600px) 100vw, 600px\" \/><\/a><\/p>\n<p style=\"text-align: justify;\"><a href=\"https:\/\/www.sabine-seyffert.de\/blog\/?page_id=32#urheberrecht\">urheberrechtlich gesch\u00fctzt<\/a>, \u00a9 Sabine Seyffert<\/p>\n","protected":false},"excerpt":{"rendered":"<p>Kaum zu glauben, aber heute ist bereits Tag Nr. 6 zu meiner #DIYWinterchallenge, die ein wenig kreative Abwechslung &amp; Fr\u00f6hlichkeit in den Lockdown bringen soll. Im Gegensatz zu den meisten Leuten mag ich den Winter als Jahreszeit mehr. Daher gibt es auch in dieser Winterzeit allerhand kreative Bastelideen, um den Winter zu genie\u00dfen. Dieses Mal&#8230; <a href=\"https:\/\/www.sabine-seyffert.de\/blog\/diy-upcycling-idee-fuer-kinder-wir-bauen-einen-schneemann-bastelidee-mit-plastikdeckeln\/\" class=\"more-link\">Read more: DIY Upcycling Idee f\u00fcr Kinder: Wir bauen einen Schneemann \u2013 Bastelidee mit Plastikdeckeln<\/a><\/p>\n","protected":false},"author":2,"featured_media":0,"comment_status":"open","ping_status":"open","sticky":false,"template":"","format":"standard","meta":{"_metis_text_type":"","_metis_text_length":2795,"_post_count":0,"footnotes":""},"categories":[32,47,22],"tags":[],"class_list":["post-18217","post","type-post","status-publish","format-standard","hentry","category-kreatives-fur-kleine-kinderhande","category-upcyceltes","category-winter"],"_links":{"self":[{"href":"https:\/\/www.sabine-seyffert.de\/blog\/wp-json\/wp\/v2\/posts\/18217","targetHints":{"allow":["GET"]}}],"collection":[{"href":"https:\/\/www.sabine-seyffert.de\/blog\/wp-json\/wp\/v2\/posts"}],"about":[{"href":"https:\/\/www.sabine-seyffert.de\/blog\/wp-json\/wp\/v2\/types\/post"}],"author":[{"embeddable":true,"href":"https:\/\/www.sabine-seyffert.de\/blog\/wp-json\/wp\/v2\/users\/2"}],"replies":[{"embeddable":true,"href":"https:\/\/www.sabine-seyffert.de\/blog\/wp-json\/wp\/v2\/comments?post=18217"}],"version-history":[{"count":2,"href":"https:\/\/www.sabine-seyffert.de\/blog\/wp-json\/wp\/v2\/posts\/18217\/revisions"}],"predecessor-version":[{"id":18227,"href":"https:\/\/www.sabine-seyffert.de\/blog\/wp-json\/wp\/v2\/posts\/18217\/revisions\/18227"}],"wp:attachment":[{"href":"https:\/\/www.sabine-seyffert.de\/blog\/wp-json\/wp\/v2\/media?parent=18217"}],"wp:term":[{"taxonomy":"category","embeddable":true,"href":"https:\/\/www.sabine-seyffert.de\/blog\/wp-json\/wp\/v2\/categories?post=18217"},{"taxonomy":"post_tag","embeddable":true,"href":"https:\/\/www.sabine-seyffert.de\/blog\/wp-json\/wp\/v2\/tags?post=18217"}],"curies":[{"name":"wp","href":"https:\/\/api.w.org\/{rel}","templated":true}]}}